{"id":10147,"date":"2018-01-30T21:46:03","date_gmt":"2018-01-30T21:46:03","guid":{"rendered":"http:\/\/www.fabriceeulry-laboutique.com\/blog\/?p=10147"},"modified":"2018-12-12T00:35:33","modified_gmt":"2018-12-12T00:35:33","slug":"vingt-ans-au-petit-journal-saint-michel","status":"publish","type":"post","link":"http:\/\/www.fabriceeulry-laboutique.com\/blog\/?p=10147","title":{"rendered":"VINGT ANS AU PETIT-JOURNAL SAINT-MICHEL"},"content":{"rendered":"<p style=\"text-align: center;\"><span style=\"color: #000000;\"><strong>\u00ab\u00a0Merci aux fid\u00e8les qui ont f\u00eat\u00e9 cet anniversaire avec moi !\u00a0\u00bb Fabrice Eulry<\/strong><\/span><\/p>\n<p style=\"text-align: center;\"><span style=\"color: #000000;\"><strong>Parmi les surprises que les m\u00e9lomanes ont r\u00e9serv\u00e9es \u00e0 Fabrice Eulry pour ce 240 \u00e8me concert au Petit-journal depuis 1997 :<\/strong><\/span><\/p>\n<p style=\"text-align: center;\"><span style=\"color: #000000;\"><strong>Un g\u00e2teau et une bougie \u00ab\u00a020\u00a0\u00bb que lui fait souffler Danielle la g\u00e9rante du Petit-Journal Saint-Michel<\/strong><\/span><\/p>\n<p style=\"text-align: center;\"><img data-recalc-dims=\"1\" loading=\"lazy\" decoding=\"async\" class=\"size-full wp-image-10154 aligncenter\" src=\"https:\/\/i0.wp.com\/www.fabriceeulry-laboutique.com\/blog\/wp-content\/uploads\/2018\/01\/Pj202.png?resize=539%2C406\" alt=\"Pj202\" width=\"539\" height=\"406\" srcset=\"https:\/\/i0.wp.com\/www.fabriceeulry-laboutique.com\/blog\/wp-content\/uploads\/2018\/01\/Pj202.png?w=539 539w, https:\/\/i0.wp.com\/www.fabriceeulry-laboutique.com\/blog\/wp-content\/uploads\/2018\/01\/Pj202.png?resize=300%2C226 300w\" sizes=\"auto, (max-width: 539px) 100vw, 539px\" \/><\/p>\n<p style=\"text-align: center;\"><span style=\"color: #000000;\"><strong>Un duo piano-voix tr\u00e8s r\u00e9ussi (Adela\u00efde-Alice)<\/strong><\/span><\/p>\n<p style=\"text-align: center;\"><a href=\"https:\/\/i0.wp.com\/www.fabriceeulry-laboutique.com\/blog\/wp-content\/uploads\/2018\/01\/PJ20.png\"><img data-recalc-dims=\"1\" loading=\"lazy\" decoding=\"async\" class=\"size-full wp-image-10153 aligncenter\" src=\"https:\/\/i0.wp.com\/www.fabriceeulry-laboutique.com\/blog\/wp-content\/uploads\/2018\/01\/PJ20.png?resize=401%2C403\" alt=\"PJ20\" width=\"401\" height=\"403\" srcset=\"https:\/\/i0.wp.com\/www.fabriceeulry-laboutique.com\/blog\/wp-content\/uploads\/2018\/01\/PJ20.png?w=401 401w, https:\/\/i0.wp.com\/www.fabriceeulry-laboutique.com\/blog\/wp-content\/uploads\/2018\/01\/PJ20.png?resize=150%2C150 150w, https:\/\/i0.wp.com\/www.fabriceeulry-laboutique.com\/blog\/wp-content\/uploads\/2018\/01\/PJ20.png?resize=300%2C301 300w\" sizes=\"auto, (max-width: 401px) 100vw, 401px\" \/><\/a><\/p>\n<p style=\"text-align: center;\"><span style=\"color: #000000;\"><strong>Un quatre mains avec Pierre-Yves Plat (ci-dessus)<\/strong><\/span><\/p>\n<p style=\"text-align: center;\"><strong><span style=\"color: #000000;\">Un livre d&rsquo;or offert par la pianiste Nicky Gentil que le Canard du pianiste remercie pour les photos&#8230;<\/span><\/strong><\/p>\n<h3 style=\"text-align: center;\"><span style=\"color: #000000;\">N&rsquo;oubliez pas que le Petit-journal Saint-Michel est menac\u00e9 par la sp\u00e9culation immobili\u00e8re. Avant qu&rsquo;il soit transform\u00e9 en parking comme dans la chanson de Dutronc, profitez de ce petit jardin ! Vous retrouverez encore Fabrice Eulry tous les derniers lundi du mois au moins jusque mars inclus.<\/span><\/h3>\n<h2 style=\"text-align: center;\"><a href=\"https:\/\/i0.wp.com\/www.fabriceeulry-laboutique.com\/blog\/wp-content\/uploads\/2017\/01\/pj-carole.png\"><img data-recalc-dims=\"1\" loading=\"lazy\" decoding=\"async\" class=\"size-full wp-image-9172 aligncenter\" src=\"https:\/\/i0.wp.com\/www.fabriceeulry-laboutique.com\/blog\/wp-content\/uploads\/2017\/01\/pj-carole.png?resize=338%2C445\" alt=\"pj carole\" width=\"338\" height=\"445\" srcset=\"https:\/\/i0.wp.com\/www.fabriceeulry-laboutique.com\/blog\/wp-content\/uploads\/2017\/01\/pj-carole.png?w=338 338w, https:\/\/i0.wp.com\/www.fabriceeulry-laboutique.com\/blog\/wp-content\/uploads\/2017\/01\/pj-carole.png?resize=228%2C300 228w, https:\/\/i0.wp.com\/www.fabriceeulry-laboutique.com\/blog\/wp-content\/uploads\/2017\/01\/pj-carole.png?resize=300%2C395 300w\" sizes=\"auto, (max-width: 338px) 100vw, 338px\" \/><\/a><\/h2>\n<h3 style=\"text-align: center;\"><em>Merci \u00e0 Carole Demolliens pour la photo<\/em><\/h3>\n<h2 style=\"text-align: center;\"><\/h2>\n<h2 style=\"text-align: center;\"><span style=\"color: #000000;\">avec comme toujours des improvisations folles et des invit\u00e9s surprises.\u00a0<\/span><\/h2>\n<h2 style=\"text-align: center;\"><span style=\"color: #000000;\">Le pianiste en trio, le cd enregistr\u00e9 au Petit-journal Saint-Michel<\/span><\/h2>\n<p style=\"text-align: center;\"><span style=\"color: #000000;\"><em>(cliquez sur le l&rsquo;image pour \u00e9couter des extraits et le commander)<\/em><\/span><\/p>\n<p style=\"text-align: center;\"><a href=\"http:\/\/www.fabriceeulry.com\/discographie.html\"><img data-recalc-dims=\"1\" loading=\"lazy\" decoding=\"async\" class=\"size-full wp-image-9974 aligncenter\" src=\"https:\/\/i0.wp.com\/www.fabriceeulry-laboutique.com\/blog\/wp-content\/uploads\/2017\/12\/entrio.png?resize=281%2C278\" alt=\"entrio\" width=\"281\" height=\"278\" \/><\/a><\/p>\n","protected":false},"excerpt":{"rendered":"<p>\u00ab\u00a0Merci aux fid\u00e8les qui ont f\u00eat\u00e9 cet anniversaire avec moi !\u00a0\u00bb Fabrice Eulry Parmi les surprises que les m\u00e9lomanes ont r\u00e9serv\u00e9es \u00e0 Fabrice Eulry pour ce 240 \u00e8me concert au Petit-journal depuis 1997 : Un g\u00e2teau et une bougie \u00ab\u00a020\u00a0\u00bb &hellip; <a href=\"http:\/\/www.fabriceeulry-laboutique.com\/blog\/?p=10147\">Continuer la lecture <span class=\"meta-nav\">&rarr;<\/span><\/a><\/p>\n","protected":false},"author":2,"featured_media":0,"comment_status":"open","ping_status":"open","sticky":false,"template":"","format":"standard","meta":{"jetpack_post_was_ever_published":false,"_jetpack_newsletter_access":"","_jetpack_dont_email_post_to_subs":true,"_jetpack_newsletter_tier_id":0,"_jetpack_memberships_contains_paywalled_content":false,"_jetpack_memberships_contains_paid_content":false,"footnotes":"","jetpack_publicize_message":"","jetpack_publicize_feature_enabled":true,"jetpack_social_post_already_shared":true,"jetpack_social_options":{"image_generator_settings":{"template":"highway","default_image_id":0,"font":"","enabled":false},"version":2}},"categories":[1],"tags":[7],"class_list":["post-10147","post","type-post","status-publish","format-standard","hentry","category-non-classe","tag-petit-journal"],"jetpack_publicize_connections":[],"jetpack_featured_media_url":"","jetpack_sharing_enabled":true,"jetpack_shortlink":"https:\/\/wp.me\/p2D6dI-2DF","jetpack_likes_enabled":true,"jetpack-related-posts":[{"id":10013,"url":"http:\/\/www.fabriceeulry-laboutique.com\/blog\/?p=10013","url_meta":{"origin":10147,"position":0},"title":"FABRICE EULRY F\u00caTE SES VINGT ANS AU PETIT-JOURNAL SAINT-MICHEL","author":"Le Canard du pianiste","date":"7 janvier 2018","format":false,"excerpt":"\u00a0Vingt ans d\u00e9j\u00e0 ! ... Que Fabrice Eulry se produit tous les derniers lundi du mois au : N'oubliez pas que le Petit-journal Saint-Michel est menac\u00e9 par la sp\u00e9culation immobili\u00e8re. Avant qu'il soit transform\u00e9 en parking comme dans la chanson de Dutronc, profitez de ce petit jardin ! Vous retrouverez\u2026","rel":"","context":"Dans &quot;Non class\u00e9&quot;","block_context":{"text":"Non class\u00e9","link":"http:\/\/www.fabriceeulry-laboutique.com\/blog\/?cat=1"},"img":{"alt_text":"PJ COORDONNEES","src":"https:\/\/i0.wp.com\/www.fabriceeulry-laboutique.com\/blog\/wp-content\/uploads\/2017\/01\/PJ-COORDONNEES.png?resize=350%2C200","width":350,"height":200},"classes":[]},{"id":11600,"url":"http:\/\/www.fabriceeulry-laboutique.com\/blog\/?p=11600","url_meta":{"origin":10147,"position":1},"title":"FABRICE EULRY AU PETIT-JOURNAL CE LUNDI 25 F\u00c9VRIER!","author":"Le Canard du pianiste","date":"24 f\u00e9vrier 2019","format":false,"excerpt":"... a enfin \u00e9t\u00e9 rachet\u00e9 par un acqu\u00e9reur plein de bonne volont\u00e9 pour sa vocation de lieu artistique ! C'est tout d'abord par votre\u00a0pr\u00e9sence que le Petit-journal Saint-Michel pourra justifier sa vocation musicale ! notamment gr\u00e2ce \u00e0 la demande de la mairie du V\u00e8me (gr\u00e2ce lui en soit rendue) de\u2026","rel":"","context":"Dans &quot;Non class\u00e9&quot;","block_context":{"text":"Non class\u00e9","link":"http:\/\/www.fabriceeulry-laboutique.com\/blog\/?cat=1"},"img":{"alt_text":"fabrice au PJ","src":"https:\/\/i0.wp.com\/www.fabriceeulry-laboutique.com\/blog\/wp-content\/uploads\/2012\/09\/fabrice-au-PJ-764x1024.jpg?resize=350%2C200","width":350,"height":200,"srcset":"https:\/\/i0.wp.com\/www.fabriceeulry-laboutique.com\/blog\/wp-content\/uploads\/2012\/09\/fabrice-au-PJ-764x1024.jpg?resize=350%2C200 1x, https:\/\/i0.wp.com\/www.fabriceeulry-laboutique.com\/blog\/wp-content\/uploads\/2012\/09\/fabrice-au-PJ-764x1024.jpg?resize=525%2C300 1.5x, https:\/\/i0.wp.com\/www.fabriceeulry-laboutique.com\/blog\/wp-content\/uploads\/2012\/09\/fabrice-au-PJ-764x1024.jpg?resize=700%2C400 2x"},"classes":[]},{"id":10757,"url":"http:\/\/www.fabriceeulry-laboutique.com\/blog\/?p=10757","url_meta":{"origin":10147,"position":2},"title":"DERNIERS (?) CONCERTS AU PETIT-JOURNAL SAINT-MICHEL ?","author":"Le Canard du pianiste","date":"23 mai 2018","format":false,"excerpt":"Derniers concerts avant la fermeture estivale ou derniers concerts avant la disparition d\u00e9finitive du Petit-journal Saint Michel ? C'est ce que La Canard du pianiste vous r\u00e9v\u00e8lera d\u00e8s que possible. Les renseignements de premi\u00e8re main que nous poss\u00e9dons ne sont cela dit pas tr\u00e8s rassurants. En attendant r\u00e9jouissez-vous de retrouver\u2026","rel":"","context":"Dans &quot;Non class\u00e9&quot;","block_context":{"text":"Non class\u00e9","link":"http:\/\/www.fabriceeulry-laboutique.com\/blog\/?cat=1"},"img":{"alt_text":"PJ COORDONNEES","src":"https:\/\/i0.wp.com\/www.fabriceeulry-laboutique.com\/blog\/wp-content\/uploads\/2017\/01\/PJ-COORDONNEES.png?resize=350%2C200","width":350,"height":200},"classes":[]},{"id":8876,"url":"http:\/\/www.fabriceeulry-laboutique.com\/blog\/?p=8876","url_meta":{"origin":10147,"position":3},"title":"FABRICE EULRY LUNDI 31 OCTOBRE AU PETIT-JOURNAL","author":"Le Canard du pianiste","date":"11 octobre 2016","format":false,"excerpt":"Prochain concert de Fabrice Eulry au Petit-journal Saint-Michel : \u00a0Lundi 31 octobre... Comme tous les derniers lundi du mois. Avec, comme toujours un programme improvis\u00e9 et des invit\u00e9s inattendus ... \u00a0Photo : Carole Demolliens \u00a0 Boogie Folies \u00a0\u00a0 Boogie Folies Volume 2","rel":"","context":"Dans &quot;Non class\u00e9&quot;","block_context":{"text":"Non class\u00e9","link":"http:\/\/www.fabriceeulry-laboutique.com\/blog\/?cat=1"},"img":{"alt_text":"","src":"https:\/\/i0.wp.com\/fabriceeulryunblogfr.unblog.fr\/files\/2010\/12\/pjs.jpg?resize=350%2C200","width":350,"height":200},"classes":[]},{"id":12188,"url":"http:\/\/www.fabriceeulry-laboutique.com\/blog\/?p=12188","url_meta":{"origin":10147,"position":4},"title":"FABRICE EULRY REVIENT AU PETIT-JOURNAL !!! (SUITE)","author":"Le Canard du pianiste","date":"2 novembre 2019","format":false,"excerpt":"Le public du Petit-journal est tomb\u00e9 amoureux de la voix de Lady Jane qui ne s'\u00e9tait pas produite dans le club mythique depuis plus de dix ans. Le public parisien esp\u00e8re la revoir plus souvent. Native de Pennsylvanie elle s'est en effet d'avantage produite en Angleterre qu'en France o\u00f9 elle\u2026","rel":"","context":"Dans &quot;Non class\u00e9&quot;","block_context":{"text":"Non class\u00e9","link":"http:\/\/www.fabriceeulry-laboutique.com\/blog\/?cat=1"},"img":{"alt_text":"","src":"https:\/\/i0.wp.com\/www.fabriceeulry-laboutique.com\/blog\/wp-content\/uploads\/2019\/11\/Capture-d%E2%80%99%C3%A9cran-2019-11-02-%C3%A0-12.44.06.png?resize=350%2C200","width":350,"height":200},"classes":[]},{"id":7099,"url":"http:\/\/www.fabriceeulry-laboutique.com\/blog\/?p=7099","url_meta":{"origin":10147,"position":5},"title":"FABRICE EULRY AU PETIT-JOURNAL SAINT-MICHEL","author":"Le Canard du pianiste","date":"14 juin 2015","format":false,"excerpt":"Prochain concert de Fabrice Eulry au Petit-journal Saint-Michel : \u00a0Lundi 7 septembre... Avant de reprendre les derniers lundi du mois \u00e0 partir d'octobre. Avec, comme toujours un programme improvis\u00e9 et des invit\u00e9s inattendus (et lundi 20 juillet il y aura une surprise de taille)... \u00a0Photo : Carole Demolliens \u00a0 Boogie\u2026","rel":"","context":"Dans &quot;Non class\u00e9&quot;","block_context":{"text":"Non class\u00e9","link":"http:\/\/www.fabriceeulry-laboutique.com\/blog\/?cat=1"},"img":{"alt_text":"","src":"https:\/\/i0.wp.com\/fabriceeulryunblogfr.unblog.fr\/files\/2010\/12\/pjs.jpg?resize=350%2C200","width":350,"height":200},"classes":[]}],"_links":{"self":[{"href":"http:\/\/www.fabriceeulry-laboutique.com\/blog\/index.php?rest_route=\/wp\/v2\/posts\/10147","targetHints":{"allow":["GET"]}}],"collection":[{"href":"http:\/\/www.fabriceeulry-laboutique.com\/blog\/index.php?rest_route=\/wp\/v2\/posts"}],"about":[{"href":"http:\/\/www.fabriceeulry-laboutique.com\/blog\/index.php?rest_route=\/wp\/v2\/types\/post"}],"author":[{"embeddable":true,"href":"http:\/\/www.fabriceeulry-laboutique.com\/blog\/index.php?rest_route=\/wp\/v2\/users\/2"}],"replies":[{"embeddable":true,"href":"http:\/\/www.fabriceeulry-laboutique.com\/blog\/index.php?rest_route=%2Fwp%2Fv2%2Fcomments&post=10147"}],"version-history":[{"count":4,"href":"http:\/\/www.fabriceeulry-laboutique.com\/blog\/index.php?rest_route=\/wp\/v2\/posts\/10147\/revisions"}],"predecessor-version":[{"id":10311,"href":"http:\/\/www.fabriceeulry-laboutique.com\/blog\/index.php?rest_route=\/wp\/v2\/posts\/10147\/revisions\/10311"}],"wp:attachment":[{"href":"http:\/\/www.fabriceeulry-laboutique.com\/blog\/index.php?rest_route=%2Fwp%2Fv2%2Fmedia&parent=10147"}],"wp:term":[{"taxonomy":"category","embeddable":true,"href":"http:\/\/www.fabriceeulry-laboutique.com\/blog\/index.php?rest_route=%2Fwp%2Fv2%2Fcategories&post=10147"},{"taxonomy":"post_tag","embeddable":true,"href":"http:\/\/www.fabriceeulry-laboutique.com\/blog\/index.php?rest_route=%2Fwp%2Fv2%2Ftags&post=10147"}],"curies":[{"name":"wp","href":"https:\/\/api.w.org\/{rel}","templated":true}]}}