{"id":10172,"date":"2018-02-03T22:57:42","date_gmt":"2018-02-03T22:57:42","guid":{"rendered":"http:\/\/www.fabriceeulry-laboutique.com\/blog\/?p=10172"},"modified":"2018-12-12T00:35:49","modified_gmt":"2018-12-12T00:35:49","slug":"rhapsody-in-blue-chez-rouget-de-lisle","status":"publish","type":"post","link":"http:\/\/www.fabriceeulry-laboutique.com\/blog\/?p=10172","title":{"rendered":"RHAPSODY IN BLUE CHEZ ROUGET DE LISLE !"},"content":{"rendered":"<h2 style=\"text-align: center;\"><span style=\"color: #000000;\"><strong>Rouget de Lisle a grandi \u00e0 Lons le Saunier. Cette agr\u00e9able ville d&rsquo;eau, au pied du Jura, accueillera Fabrice Eulry et l&rsquo;orchestre philharmonique de Kharkiv sous la direction de Yuri Yanko, le mardi 13 mars prochain mars \u00e0 20h.<\/strong><\/span><br \/>\n<a href=\"http:\/\/www.fabriceeulry-laboutique.com\/blog\/wp-content\/uploads\/2018\/01\/lons1.png\"><br \/>\n<\/a><a href=\"https:\/\/i0.wp.com\/www.fabriceeulry-laboutique.com\/blog\/wp-content\/uploads\/2018\/01\/lons2.png\"><img data-recalc-dims=\"1\" loading=\"lazy\" decoding=\"async\" class=\"size-full wp-image-10098 aligncenter\" src=\"https:\/\/i0.wp.com\/www.fabriceeulry-laboutique.com\/blog\/wp-content\/uploads\/2018\/01\/lons2.png?resize=468%2C304\" alt=\"lons2\" width=\"468\" height=\"304\" srcset=\"https:\/\/i0.wp.com\/www.fabriceeulry-laboutique.com\/blog\/wp-content\/uploads\/2018\/01\/lons2.png?w=468 468w, https:\/\/i0.wp.com\/www.fabriceeulry-laboutique.com\/blog\/wp-content\/uploads\/2018\/01\/lons2.png?resize=300%2C195 300w\" sizes=\"auto, (max-width: 468px) 100vw, 468px\" \/><\/a><\/h2>\n<div id=\"yiv6975056021m_-2286016817017641380yui_3_16_0_1_1517683899961_32082\" dir=\"ltr\" style=\"text-align: center;\"><strong><span id=\"yiv6975056021m_-2286016817017641380yui_3_16_0_1_1517683899961_32083\"><span style=\"color: #000000;\">Au programme : le Concerto N\u00b02 (boogie-expiatoire en philharmonique) de Fabrice Eulry&#8230; et Rhapsody in blue de\u00a0George Gershwin dont voici un extrait :<\/span><\/span><\/strong><\/div>\n<div id=\"yiv6975056021m_-2286016817017641380yui_3_16_0_1_1517683899961_32084\" dir=\"ltr\" style=\"text-align: center;\"><\/div>\n<p><span class=\"embed-youtube\" style=\"text-align:center; display: block;\"><iframe loading=\"lazy\" class=\"youtube-player\" width=\"640\" height=\"360\" src=\"https:\/\/www.youtube.com\/embed\/osAKJj2Suh4?version=3&#038;rel=1&#038;showsearch=0&#038;showinfo=1&#038;iv_load_policy=1&#038;fs=1&#038;hl=fr-FR&#038;autohide=2&#038;wmode=transparent\" allowfullscreen=\"true\" style=\"border:0;\" sandbox=\"allow-scripts allow-same-origin allow-popups allow-presentation allow-popups-to-escape-sandbox\"><\/iframe><\/span><\/p>\n<h2 style=\"text-align: center;\"><\/h2>\n<div id=\"yiv6975056021m_-2286016817017641380yui_3_16_0_1_1517683899961_32200\" style=\"text-align: center;\"><strong><span style=\"color: #000000;\"><span id=\"yiv6975056021m_-2286016817017641380yui_3_16_0_1_1517683899961_32201\">R\u00e9servations par courriel :\u00a0<\/span><a id=\"yiv6975056021m_-2286016817017641380yui_3_16_0_1_1517683899961_32202\" style=\"color: #000000;\" href=\"http:\/\/milana.v75@gmail.com\/\" target=\"_blank\" rel=\"nofollow\" shape=\"rect\">milana.v75@gmail.com<\/a><\/span><\/strong><\/div>\n<div id=\"yiv6975056021m_-2286016817017641380yui_3_16_0_1_1517683899961_32203\" style=\"text-align: center;\"><\/div>\n<div id=\"yiv6975056021m_-2286016817017641380yui_3_16_0_1_1517683899961_32205\" dir=\"ltr\" style=\"text-align: center;\"><strong><span style=\"color: #000000;\">Point de vente : Conservatoire de Lons le Saunier (\u00e0 partir du 26 f\u00e9vrier)<\/span><\/strong><\/div>\n<div dir=\"ltr\" style=\"text-align: center;\"><\/div>\n<div dir=\"ltr\" style=\"text-align: center;\"><\/div>\n<div dir=\"ltr\" style=\"text-align: center;\">&#8212;&#8212;&#8212;&#8212;&#8212;&#8212;&#8212;&#8212;&#8212;&#8212;&#8212;&#8212;&#8212;&#8212;&#8212;&#8212;&#8212;&#8212;&#8212;&#8212;&#8212;&#8212;&#8212;&#8212;&#8212;&#8212;&#8212;&#8212;&#8212;&#8212;&#8212;&#8212;&#8212;&#8212;&#8212;&#8212;&#8212;&#8212;&#8212;&#8212;&#8212;&#8212;&#8212;&#8212;&#8212;&#8212;&#8212;&#8212;&#8212;&#8212;-<\/div>\n<h2 style=\"text-align: center;\"><strong><span style=\"color: #000000;\">&#8230; ce concert se donne dans le cadre de la tourn\u00e9e exceptionnelle que voici :<\/span><\/strong><\/h2>\n<div id=\"yiv1289698246\" style=\"text-align: center;\">\n<div id=\"yiv1289698246yui_3_16_0_1_1517852851254_32675\">\n<div id=\"yiv1289698246yui_3_16_0_1_1517852851254_32674\">\n<div id=\"yiv1289698246\">\n<div id=\"yiv1289698246yui_3_16_0_1_1517753393063_17244\">\n<div id=\"yiv1289698246yui_3_16_0_1_1517753393063_17243\">\n<div id=\"yiv1289698246yui_3_16_0_1_1517683899961_20012\" class=\"yiv1289698246signature\">\n<div id=\"yiv1289698246yui_3_16_0_1_1411233096791_2560\" dir=\"ltr\">\n<h3 id=\"yiv1289698246yui_3_16_0_1_1517683899961_20233\"><strong><span style=\"color: #000000;\"><a id=\"yiv1289698246yui_3_16_0_1_1517864779306_383324\" style=\"color: #000000;\" href=\"https:\/\/i0.wp.com\/www.fabriceeulry-laboutique.com\/blog\/wp-content\/uploads\/2017\/11\/George-Gershwin-Rhapsody-In-Blue_Moment-e1517885758587.jpg\" target=\"_blank\" rel=\"nofollow\" shape=\"rect\"><img data-recalc-dims=\"1\" loading=\"lazy\" decoding=\"async\" id=\"yiv1289698246yui_3_16_0_1_1517864779306_383325\" class=\"yiv1289698246 yiv1289698246img-overlay-selected\" src=\"https:\/\/i0.wp.com\/www.fabriceeulry-laboutique.com\/blog\/wp-content\/uploads\/2017\/11\/George-Gershwin-Rhapsody-In-Blue_Moment-e1517885758587.jpg?resize=640%2C360\" alt=\"George Gershwin - Rhapsody In Blue_Moment\" width=\"640\" height=\"360\" data-id=\"db18b8fb-65e7-f1b7-26f2-f9575deaf332\" \/><\/a><\/span><\/strong><\/h3>\n<h3 id=\"yiv1289698246yui_3_16_0_1_1517683899961_20233\"><strong><span id=\"yiv1289698246yui_3_16_0_1_1517683899961_20455\" style=\"color: #000000;\">Bonjour \u00e0 tous,<\/span><\/strong><\/h3>\n<div id=\"yiv1289698246yui_3_16_0_1_1517683899961_20561\"><strong><span id=\"yiv1289698246yui_3_16_0_1_1517683899961_20560\" style=\"color: #000000;\">Voici le calendrier de ma tourn\u00e9e avec l&rsquo;orchestre philharmonique de Kharkov (43 musiciens) :<\/span><\/strong><\/div>\n<div id=\"yiv1289698246yui_3_16_0_1_1517683899961_20561\"><\/div>\n<div id=\"yiv1289698246yui_3_16_0_1_1517683899961_20561\" dir=\"ltr\"><strong><span id=\"yiv1289698246yui_3_16_0_1_1517683899961_20607\" style=\"color: #000000;\">au programme Rhapsody in blue, et mon Concerto N\u00b02 (boogie-expiatoire en philharmonique) rappels : Summertime, Fabrispecial, Georgia on my mind&#8230;<\/span><\/strong><\/div>\n<div id=\"yiv1289698246yui_3_16_0_1_1517683899961_20561\" dir=\"ltr\"><strong><span style=\"color: #000000;\">\u00a0<\/span><\/strong><\/div>\n<div id=\"yiv1289698246yui_3_16_0_1_1517683899961_20561\" dir=\"ltr\"><strong><span style=\"color: #000000;\">Les villes : Puits (B), Marcq en Baroeul, Senlis, Paris, Roanne, Lons le Saunier, Lyon, Saint-Geniez, Espalion, Rodez, Carmaux.<\/span><\/strong><\/div>\n<div id=\"yiv1289698246yui_3_16_0_1_1517683899961_20561\" dir=\"ltr\"><strong><span style=\"color: #000000;\">\u00a0<\/span><\/strong><\/div>\n<div id=\"yiv1289698246yui_3_16_0_1_1517683899961_20561\" dir=\"ltr\"><strong><span style=\"color: #000000;\">&#8212;&#8212;&#8212;&#8212;&#8212;&#8212;&#8212;&#8212;&#8212;&#8212;&#8212;&#8212;&#8212;&#8212;&#8212;&#8212;&#8212;&#8212;&#8212;&#8212;&#8212;-<\/span><\/strong><\/div>\n<div id=\"yiv1289698246yui_3_16_0_1_1517683899961_20561\" dir=\"ltr\"><\/div>\n<div id=\"yiv1289698246yui_3_16_0_1_1517683899961_20561\" dir=\"ltr\"><strong><span id=\"yiv1289698246yui_3_16_0_1_1517852851254_38624\" style=\"color: #000000;\">mercredi 7 mars<\/span><\/strong><\/div>\n<div id=\"yiv1289698246yui_3_16_0_1_1517683899961_20561\" dir=\"ltr\"><\/div>\n<div id=\"yiv1289698246yui_3_16_0_1_1517683899961_20234\"><strong><span id=\"yiv1289698246yui_3_16_0_1_1517683899961_20235\" style=\"color: #000000;\">Salle Charcot de Marcq en Baroeul 20h30<\/span><\/strong><\/div>\n<div id=\"yiv1289698246yui_3_16_0_1_1517683899961_20234\" dir=\"ltr\"><strong><span style=\"color: #000000;\"><a href=\"https:\/\/i0.wp.com\/www.fabriceeulry-laboutique.com\/blog\/wp-content\/uploads\/2018\/01\/AFFICHE-MARCQ-BAROEUL-1.png\"><img data-recalc-dims=\"1\" loading=\"lazy\" decoding=\"async\" class=\"aligncenter size-full wp-image-10393\" src=\"https:\/\/i0.wp.com\/www.fabriceeulry-laboutique.com\/blog\/wp-content\/uploads\/2018\/01\/AFFICHE-MARCQ-BAROEUL-1.png?resize=511%2C729\" alt=\"AFFICHE MARCQ BAROEUL\" width=\"511\" height=\"729\" srcset=\"https:\/\/i0.wp.com\/www.fabriceeulry-laboutique.com\/blog\/wp-content\/uploads\/2018\/01\/AFFICHE-MARCQ-BAROEUL-1.png?w=511 511w, https:\/\/i0.wp.com\/www.fabriceeulry-laboutique.com\/blog\/wp-content\/uploads\/2018\/01\/AFFICHE-MARCQ-BAROEUL-1.png?resize=210%2C300 210w, https:\/\/i0.wp.com\/www.fabriceeulry-laboutique.com\/blog\/wp-content\/uploads\/2018\/01\/AFFICHE-MARCQ-BAROEUL-1.png?resize=300%2C428 300w\" sizes=\"auto, (max-width: 511px) 100vw, 511px\" \/><\/a>\u00a0<\/span><\/strong><\/div>\n<\/div>\n<\/div>\n<\/div>\n<\/div>\n<\/div>\n<\/div>\n<\/div>\n<\/div>\n<div id=\"yiv1289698246yui_3_16_0_1_1517852851254_37918\">\n<div id=\"yiv1289698246yui_3_16_0_1_1517852851254_37917\">\n<div id=\"yiv1289698246yui_3_16_0_1_1517852851254_37916\">\n<div id=\"yiv1289698246yui_3_16_0_1_1517852851254_37915\" class=\"yiv1289698246signature\">\n<div id=\"yiv1289698246yui_3_16_0_1_1517852851254_37913\" dir=\"ltr\">\n<div id=\"yiv1289698246yui_3_16_0_1_1517683899961_20994\" style=\"text-align: center;\"><strong><span style=\"color: #000000;\"><span id=\"yiv1289698246yui_3_16_0_1_1517683899961_20996\">R\u00e9servations par courriel :\u00a0<\/span><a id=\"yiv1289698246yui_3_16_0_1_1517683899961_21774\" class=\"yiv1289698246edited-link-editor\" style=\"color: #000000;\" href=\"http:\/\/milana.v75@gmail.com\/\" target=\"_blank\" rel=\"nofollow\" shape=\"rect\">milana.v75@gmail.com<\/a><\/span><\/strong><\/div>\n<div id=\"yiv1289698246yui_3_16_0_1_1517683899961_20997\" style=\"text-align: center;\"><\/div>\n<div id=\"yiv1289698246yui_3_16_0_1_1517683899961_20783\" style=\"text-align: center;\"><strong><span style=\"color: #000000;\">Point de vente : La maison du piano : 83 Rue Colbert 59 000 LILLE : du mar au sam 9h-12h &amp; 14h-19h<\/span><\/strong><\/div>\n<div id=\"yiv1289698246yui_3_16_0_1_1517683899961_20783\" style=\"text-align: center;\"><\/div>\n<div id=\"yiv1289698246yui_3_16_0_1_1517683899961_20783\" style=\"text-align: center;\"><strong><span style=\"color: #000000;\">&#8212;&#8212;&#8212;&#8212;&#8212;&#8212;&#8212;&#8212;&#8212;&#8212;&#8212;&#8212;&#8212;&#8212;&#8212;<\/span><\/strong><\/div>\n<div id=\"yiv1289698246yui_3_16_0_1_1517683899961_20783\" style=\"text-align: center;\"><\/div>\n<h3 id=\"yiv1289698246yui_3_16_0_1_1517683899961_20238\" style=\"text-align: center;\"><strong><span style=\"color: #000000;\">jeudi 8 mars<\/span><\/strong><\/h3>\n<h3 id=\"yiv1289698246yui_3_16_0_1_1517683899961_20239\" style=\"text-align: center;\"><strong><span style=\"color: #000000;\">\u00c9glise de Saint Nicolas \u00e0 PUITS (PUTTE) Flandres Belgique<\/span><\/strong><\/h3>\n<p><strong><span style=\"color: #000000;\"><a id=\"yiv1289698246yui_3_16_0_1_1517935151922_105387\" style=\"color: #000000;\" href=\"https:\/\/i0.wp.com\/www.fabriceeulry-laboutique.com\/blog\/wp-content\/uploads\/2018\/02\/affiche-Putte-philharmonique.png\" target=\"_blank\" rel=\"nofollow\" shape=\"rect\"><img data-recalc-dims=\"1\" loading=\"lazy\" decoding=\"async\" id=\"yiv1289698246yui_3_16_0_1_1517935151922_105388\" class=\"yiv1289698246 aligncenter\" src=\"https:\/\/i0.wp.com\/www.fabriceeulry-laboutique.com\/blog\/wp-content\/uploads\/2018\/02\/affiche-Putte-philharmonique.png?resize=433%2C584\" alt=\"affiche Putte philharmonique\" width=\"433\" height=\"584\" data-id=\"49cb66df-8851-85d7-27a7-0ded18ab61d0\" \/><\/a><\/span><\/strong><\/p>\n<div id=\"yiv1289698246yui_3_16_0_1_1517935151922_105373\" dir=\"ltr\" style=\"text-align: center;\"><strong><span style=\"color: #000000;\"><span id=\"yiv1289698246yui_3_16_0_1_1517935151922_105389\"><span id=\"yiv1289698246yui_3_16_0_1_1517935151922_105390\" style=\"font-size: small;\">R\u00e9servations en ligne :<\/span><span id=\"yiv1289698246yui_3_16_0_1_1517935151922_105391\" style=\"font-family: Georgia, 'Times New Roman', 'Bitstream Charter', Times, serif;\">\u00a0<\/span><\/span><span id=\"yiv1289698246yui_3_16_0_1_1517935151922_105392\"><span id=\"yiv1289698246yui_3_16_0_1_1517935151922_105393\" style=\"font-size: small;\"><a id=\"yiv1289698246yui_3_16_0_1_1517935151922_105394\" style=\"color: #000000;\" href=\"https:\/\/concert-kharkiv.eventsquare.co\/nl\/ft8xfguergxw\" target=\"_blank\" rel=\"nofollow\" shape=\"rect\">Concert Kharkiv | Online tickets<\/a><\/span><\/span><\/span><\/strong><\/div>\n<h3 id=\"yiv1289698246yui_3_16_0_1_1517683899961_21635\" style=\"text-align: center;\"><strong><span style=\"color: #000000;\"><span id=\"yiv1289698246yui_3_16_0_1_1517683899961_24115\">R\u00e9servations par courriel :\u00a0<\/span><span id=\"yiv1289698246yui_3_16_0_1_1517683899961_24742\" style=\"font-size: small;\"><a id=\"yiv1289698246yui_3_16_0_1_1517683899961_24603\" class=\"yiv1289698246edited-link-editor\" style=\"color: #000000;\" href=\"http:\/\/resonnance.belgie@gmail.com\/\" target=\"_blank\" rel=\"nofollow\" shape=\"rect\">resonnance.belgie@gmail.com<\/a><\/span><\/span><\/strong><\/h3>\n<div id=\"yiv1289698246yui_3_16_0_1_1517683899961_20961\" dir=\"ltr\" style=\"text-align: center;\"><\/div>\n<div id=\"yiv1289698246yui_3_16_0_1_1517852851254_40323\" dir=\"ltr\" style=\"text-align: center;\" data-setdir=\"false\">\n<div id=\"yiv1289698246yui_3_16_0_1_1517852851254_40343\" dir=\"ltr\"><strong><span id=\"yiv1289698246yui_3_16_0_1_1517852851254_40344\" style=\"color: #000000;\">&#8212;&#8212;&#8212;&#8212;&#8212;&#8212;&#8212;&#8212;&#8212;&#8212;&#8212;&#8212;&#8212;&#8212;&#8212;-<\/span><\/strong><\/div>\n<h3 id=\"yiv1289698246yui_3_16_0_1_1517852851254_40345\"><strong><span id=\"yiv1289698246yui_3_16_0_1_1517852851254_40346\" style=\"color: #000000;\">samedi 10 mars<\/span><\/strong><\/h3>\n<div id=\"yiv1289698246yui_3_16_0_1_1517935151922_111677\"><strong><span style=\"color: #000000;\">PARIS<\/span><\/strong><\/div>\n<h3 id=\"yiv1289698246yui_3_16_0_1_1517852851254_40348\"><strong><span id=\"yiv1289698246yui_3_16_0_1_1517852851254_40349\" style=\"color: #000000;\">20h. auditorium du conservatoire du V\u00e8me arrondissement rue de Pontoise (Paris 5\u00e8me)<\/span><\/strong><\/h3>\n<h2 id=\"yiv1289698246yui_3_16_0_1_1517852851254_40351\"><strong><span id=\"yiv1289698246yui_3_16_0_1_1517852851254_40352\" style=\"color: #000000;\"><span id=\"yiv1289698246yui_3_16_0_1_1517852851254_40354\">(COMPLET)<\/span><\/span><\/strong><\/h2>\n<h3 id=\"yiv1289698246yui_3_16_0_1_1517852851254_40355\"><strong><span id=\"yiv1289698246yui_3_16_0_1_1517852851254_40356\" style=\"color: #000000;\">&#8212;&#8212;&#8212;&#8212;&#8212;&#8212;&#8212;&#8212;&#8212;&#8212;&#8212;&#8212;&#8212;&#8212;&#8212;&#8212;&#8212;\u00a0<\/span><\/strong><\/h3>\n<h3 id=\"yiv1289698246yui_3_16_0_1_1517852851254_40357\"><strong><span id=\"yiv1289698246yui_3_16_0_1_1517852851254_40358\" style=\"color: #000000;\">dimanche 11 mars<\/span><\/strong><\/h3>\n<h3 id=\"yiv1289698246yui_3_16_0_1_1517852851254_40360\"><strong><span id=\"yiv1289698246yui_3_16_0_1_1517852851254_40361\" style=\"color: #000000;\">15h sdf Saint-Germain Lespinasse (Loire)<\/span><\/strong><\/h3>\n<h3 id=\"yiv1289698246yui_3_16_0_1_1517852851254_40363\"><strong><span id=\"yiv1289698246yui_3_16_0_1_1517852851254_40364\" style=\"color: #000000;\"><a id=\"yiv1289698246yui_3_16_0_1_1517852851254_40365\" style=\"color: #000000;\" href=\"https:\/\/i0.wp.com\/www.fabriceeulry-laboutique.com\/blog\/wp-content\/uploads\/2018\/01\/lespinasse.png\" target=\"_blank\" rel=\"nofollow\" shape=\"rect\"><img data-recalc-dims=\"1\" loading=\"lazy\" decoding=\"async\" id=\"yiv1289698246yui_3_16_0_1_1517852851254_40366\" class=\"yiv1289698246\" src=\"https:\/\/i0.wp.com\/www.fabriceeulry-laboutique.com\/blog\/wp-content\/uploads\/2018\/01\/lespinasse.png?resize=449%2C227\" alt=\"lespinasse\" width=\"449\" height=\"227\" data-id=\"39258129-0a9a-1000-2f7d-63aa67fec1cc\" \/><\/a><\/span><\/strong><\/h3>\n<h3 id=\"yiv1289698246yui_3_16_0_1_1517852851254_40367\"><strong><span id=\"yiv1289698246yui_3_16_0_1_1517852851254_40368\" style=\"color: #000000;\"><span id=\"yiv1289698246yui_3_16_0_1_1517852851254_40369\">R\u00e9servations en ligne :<\/span><span id=\"yiv1289698246yui_3_16_0_1_1517852851254_40370\">\u00a0<a id=\"yiv1289698246yui_3_16_0_1_1517852851254_40371\" style=\"color: #000000;\" href=\"https:\/\/www.weezevent.com\/fabrice-eurlry-et-l-orchestre-philarmonique-de-kharkov-hommage-a-guillaume-per\" target=\"_blank\" rel=\"nofollow\" shape=\"rect\">weezevent<\/a><\/span><\/span><\/strong><\/h3>\n<div id=\"yiv1289698246yui_3_16_0_1_1517852851254_40376\"><strong><span style=\"color: #000000;\">\u00a0<\/span><\/strong><strong><span style=\"color: #000000;\">\u00a0<\/span><\/strong><\/div>\n<div id=\"yiv1289698246yui_3_16_0_1_1517852851254_40380\" dir=\"ltr\"><strong><span id=\"yiv1289698246yui_3_16_0_1_1517852851254_40381\" style=\"color: #000000;\">&#8212;&#8212;&#8212;&#8212;&#8212;&#8212;&#8212;&#8212;&#8212;&#8212;&#8212;&#8212;&#8212;&#8212;&#8212;&#8212;&#8212;&#8212;&#8212;&#8212;&#8212;&#8212;&#8212;-<\/span><\/strong><\/div>\n<h3 id=\"yiv1289698246yui_3_16_0_1_1517852851254_40382\"><strong><span id=\"yiv1289698246yui_3_16_0_1_1517852851254_40383\" style=\"color: #000000;\">mardi 13 mars au th\u00e9\u00e2tre de Lons Le Saunier (Jura) 20h<\/span><\/strong><\/h3>\n<h3 id=\"yiv1289698246yui_3_16_0_1_1517852851254_40385\"><strong><span id=\"yiv1289698246yui_3_16_0_1_1517852851254_40386\" style=\"color: #000000;\"><a id=\"yiv1289698246yui_3_16_0_1_1517852851254_40387\" style=\"color: #000000;\" href=\"https:\/\/i0.wp.com\/www.fabriceeulry-laboutique.com\/blog\/wp-content\/uploads\/2018\/01\/lons2.png\" target=\"_blank\" rel=\"nofollow\" shape=\"rect\"><img data-recalc-dims=\"1\" loading=\"lazy\" decoding=\"async\" id=\"yiv1289698246yui_3_16_0_1_1517852851254_40388\" class=\"yiv1289698246\" src=\"https:\/\/i0.wp.com\/www.fabriceeulry-laboutique.com\/blog\/wp-content\/uploads\/2018\/01\/lons2.png?resize=468%2C304\" alt=\"lons2\" width=\"468\" height=\"304\" data-id=\"ab07c3a4-a20a-7686-b968-41c402992431\" \/><\/a><\/span><\/strong><\/h3>\n<h3 id=\"yiv1289698246yui_3_16_0_1_1517852851254_40389\"><strong><span id=\"yiv1289698246yui_3_16_0_1_1517852851254_40390\" style=\"color: #000000;\"><a id=\"yiv1289698246yui_3_16_0_1_1517852851254_40391\" style=\"color: #000000;\" href=\"https:\/\/i0.wp.com\/www.fabriceeulry-laboutique.com\/blog\/wp-content\/uploads\/2018\/01\/lons1.png\" target=\"_blank\" rel=\"nofollow\" shape=\"rect\"><img data-recalc-dims=\"1\" loading=\"lazy\" decoding=\"async\" id=\"yiv1289698246yui_3_16_0_1_1517852851254_40392\" class=\"yiv1289698246\" src=\"https:\/\/i0.wp.com\/www.fabriceeulry-laboutique.com\/blog\/wp-content\/uploads\/2018\/01\/lons1.png?resize=440%2C318\" alt=\"lons1\" width=\"440\" height=\"318\" data-id=\"d042e173-df30-a3fb-c139-5339881c4774\" \/><\/a><\/span><\/strong><\/h3>\n<div id=\"yiv1289698246yui_3_16_0_1_1517852851254_40393\"><strong><span id=\"yiv1289698246yui_3_16_0_1_1517852851254_40394\" style=\"color: #000000;\"><span id=\"yiv1289698246yui_3_16_0_1_1517852851254_40395\">R\u00e9servations par courriel :\u00a0<\/span><a id=\"yiv1289698246yui_3_16_0_1_1517852851254_40396\" style=\"color: #000000;\" href=\"http:\/\/milana.v75@gmail.com\/\" target=\"_blank\" rel=\"nofollow\" shape=\"rect\">milana.v75@gmail.com<\/a><\/span><\/strong><\/div>\n<div id=\"yiv1289698246yui_3_16_0_1_1517852851254_40397\"><strong><span style=\"color: #000000;\">\u00a0<br id=\"yiv1289698246yui_3_16_0_1_1517852851254_40398\" clear=\"none\" \/><\/span><\/strong><\/div>\n<div id=\"yiv1289698246yui_3_16_0_1_1517852851254_40399\" dir=\"ltr\" data-setdir=\"false\"><strong><span id=\"yiv1289698246yui_3_16_0_1_1517852851254_40400\" style=\"color: #000000;\">Point de vente : \u00e0 partir du 26 f\u00e9vrier : E.C.L.A. conservatoire de Lons le Saunier :<\/span><\/strong><\/div>\n<div id=\"yiv1289698246yui_3_16_0_1_1517852851254_40399\" dir=\"ltr\" data-setdir=\"false\"><strong><span id=\"yui_3_16_0_1_1518124087492_46352\" style=\"color: #000000;\">\u00a04 place Pernaud 39 000 Lons le Saunier<\/span><\/strong><\/div>\n<div id=\"yiv1289698246yui_3_16_0_1_1517852851254_40399\" dir=\"ltr\"><\/div>\n<div id=\"yiv1289698246yui_3_16_0_1_1517852851254_40399\" dir=\"ltr\"><\/div>\n<div id=\"yiv1289698246yui_3_16_0_1_1517852851254_40401\" dir=\"ltr\"><strong><span id=\"yiv1289698246yui_3_16_0_1_1517852851254_40402\" style=\"color: #000000;\">&#8212;&#8212;&#8212;&#8212;&#8212;&#8212;&#8212;&#8212;&#8212;&#8212;&#8212;&#8212;&#8212;&#8212;&#8212;&#8212;&#8212;&#8212;&#8212;&#8212;&#8212;&#8211;<\/span><\/strong><\/div>\n<h3 id=\"yiv1289698246yui_3_16_0_1_1517852851254_40403\"><strong><span id=\"yiv1289698246yui_3_16_0_1_1517852851254_40404\" style=\"color: #000000;\">jeudi 15 mars \u00e0 l&rsquo;\u00e9glise de Saint-Genis Laval 20h<\/span><\/strong><\/h3>\n<div id=\"yiv1289698246yui_3_16_0_1_1517852851254_40406\"><strong><span style=\"color: #000000;\"><a href=\"https:\/\/i0.wp.com\/www.fabriceeulry-laboutique.com\/blog\/wp-content\/uploads\/2018\/02\/SAINT-GENIS-AFFICHE.png\"><img data-recalc-dims=\"1\" loading=\"lazy\" decoding=\"async\" class=\"aligncenter size-full wp-image-10353\" src=\"https:\/\/i0.wp.com\/www.fabriceeulry-laboutique.com\/blog\/wp-content\/uploads\/2018\/02\/SAINT-GENIS-AFFICHE.png?resize=451%2C635\" alt=\"SAINT GENIS AFFICHE\" width=\"451\" height=\"635\" srcset=\"https:\/\/i0.wp.com\/www.fabriceeulry-laboutique.com\/blog\/wp-content\/uploads\/2018\/02\/SAINT-GENIS-AFFICHE.png?w=451 451w, https:\/\/i0.wp.com\/www.fabriceeulry-laboutique.com\/blog\/wp-content\/uploads\/2018\/02\/SAINT-GENIS-AFFICHE.png?resize=213%2C300 213w, https:\/\/i0.wp.com\/www.fabriceeulry-laboutique.com\/blog\/wp-content\/uploads\/2018\/02\/SAINT-GENIS-AFFICHE.png?resize=300%2C422 300w\" sizes=\"auto, (max-width: 451px) 100vw, 451px\" \/><\/a>\u00a0<\/span><\/strong><\/div>\n<div id=\"yiv1289698246yui_3_16_0_1_1517852851254_40410\"><strong><span style=\"color: #000000;\">\u00a0<\/span><\/strong><\/div>\n<div id=\"yiv1289698246yui_3_16_0_1_1517852851254_40410\"><strong><span style=\"color: #000000;\">\u00a0<\/span><\/strong><\/div>\n<div id=\"yiv1289698246yui_3_16_0_1_1517852851254_40410\"><\/div>\n<div id=\"yiv1289698246yui_3_16_0_1_1517852851254_40412\" dir=\"ltr\">\n<h3 id=\"yiv1289698246yui_3_16_0_1_1517852851254_40413\"><strong><span id=\"yiv1289698246yui_3_16_0_1_1517852851254_40414\" style=\"color: #000000;\"><br \/>\n<span id=\"yiv1289698246yui_3_16_0_1_1517852851254_40416\"><\/span><\/span><\/strong><\/h3>\n<div id=\"yiv1289698246yui_3_16_0_1_1517852851254_40418\"><strong><span id=\"yiv1289698246yui_3_16_0_1_1517852851254_40419\" style=\"color: #000000;\"><span id=\"yiv1289698246yui_3_16_0_1_1517852851254_40420\">R\u00e9servations par courriel :\u00a0<\/span><a id=\"yiv1289698246yui_3_16_0_1_1517852851254_40421\" style=\"color: #000000;\" href=\"http:\/\/milana.v75@gmail.com\/\" target=\"_blank\" rel=\"nofollow\" shape=\"rect\">milana.v75@gmail.com<\/a><\/span><\/strong><\/div>\n<div id=\"yiv1289698246yui_3_16_0_1_1517852851254_40418\"><\/div>\n<\/div>\n<div id=\"yiv1289698246yui_3_16_0_1_1517852851254_40422\" dir=\"ltr\"><strong><span id=\"yiv1289698246yui_3_16_0_1_1517852851254_40423\" style=\"color: #000000;\"><span id=\"yiv1289698246yui_3_16_0_1_1517852851254_40425\">&#8212;&#8212;&#8212;&#8212;&#8212;&#8212;&#8212;&#8212;&#8212;&#8212;&#8212;&#8212;&#8212;&#8212;&#8212;&#8212;&#8212;&#8212;&#8212;&#8212;&#8212;&#8212;&#8212;&#8212;&#8212;&#8212;&#8212;&#8212;&#8212;&#8212;&#8212;&#8212;-<\/span><\/span><\/strong><\/div>\n<div id=\"yiv1289698246yui_3_16_0_1_1517852851254_40426\" dir=\"ltr\"><strong><span id=\"yiv1289698246yui_3_16_0_1_1517852851254_40427\" style=\"color: #000000;\">\u00a0<\/span><\/strong><\/div>\n<div id=\"yiv1289698246yui_3_16_0_1_1517852851254_40429\" dir=\"ltr\"><strong><span id=\"yiv1289698246yui_3_16_0_1_1517852851254_40430\" style=\"color: #000000;\">vendredi 16 mars \u00e0 Saint-Geniez d&rsquo;Olt (Aveyron)<\/span><\/strong><\/div>\n<div id=\"yiv1289698246yui_3_16_0_1_1517852851254_40429\" dir=\"ltr\"><\/div>\n<h3 id=\"yiv1289698246yui_3_16_0_1_1517852851254_40432\"><strong><span id=\"yiv1289698246yui_3_16_0_1_1517852851254_40433\" style=\"color: #000000;\"><a id=\"yiv1289698246yui_3_16_0_1_1517852851254_40434\" style=\"color: #000000;\" href=\"https:\/\/i0.wp.com\/www.fabriceeulry-laboutique.com\/blog\/wp-content\/uploads\/2018\/01\/dolt.png\" target=\"_blank\" rel=\"nofollow\" shape=\"rect\"><img data-recalc-dims=\"1\" loading=\"lazy\" decoding=\"async\" id=\"yiv1289698246yui_3_16_0_1_1517852851254_40435\" class=\"yiv1289698246\" src=\"https:\/\/i0.wp.com\/www.fabriceeulry-laboutique.com\/blog\/wp-content\/uploads\/2018\/01\/dolt.png?resize=558%2C255\" alt=\"dolt\" width=\"558\" height=\"255\" data-id=\"873535fd-d336-bc89-103e-ae83b89f05fe\" \/><\/a><\/span><\/strong><\/h3>\n<div id=\"yiv1289698246yui_3_16_0_1_1517935151922_110451\"><strong><span style=\"color: #000000;\"><a href=\"https:\/\/i0.wp.com\/www.fabriceeulry-laboutique.com\/blog\/wp-content\/uploads\/2018\/02\/AFFICHE-ST-GENIEZ.png\"><img data-recalc-dims=\"1\" loading=\"lazy\" decoding=\"async\" class=\"aligncenter size-large wp-image-10413\" src=\"https:\/\/i0.wp.com\/www.fabriceeulry-laboutique.com\/blog\/wp-content\/uploads\/2018\/02\/AFFICHE-ST-GENIEZ.png?resize=640%2C360\" alt=\"AFFICHE ST GENIEZ\" width=\"640\" height=\"360\" srcset=\"https:\/\/i0.wp.com\/www.fabriceeulry-laboutique.com\/blog\/wp-content\/uploads\/2018\/02\/AFFICHE-ST-GENIEZ.png?resize=1024%2C577 1024w, https:\/\/i0.wp.com\/www.fabriceeulry-laboutique.com\/blog\/wp-content\/uploads\/2018\/02\/AFFICHE-ST-GENIEZ.png?resize=300%2C169 300w, https:\/\/i0.wp.com\/www.fabriceeulry-laboutique.com\/blog\/wp-content\/uploads\/2018\/02\/AFFICHE-ST-GENIEZ.png?resize=768%2C432 768w, https:\/\/i0.wp.com\/www.fabriceeulry-laboutique.com\/blog\/wp-content\/uploads\/2018\/02\/AFFICHE-ST-GENIEZ.png?w=1275 1275w\" sizes=\"auto, (max-width: 640px) 100vw, 640px\" \/><\/a><\/span><\/strong><\/div>\n<div id=\"yiv1289698246yui_3_16_0_1_1517935151922_110570\"><\/div>\n<div id=\"yiv1289698246yui_3_16_0_1_1517935151922_110520\"><\/div>\n<div id=\"yiv1289698246yui_3_16_0_1_1517852851254_40436\" dir=\"ltr\" data-setdir=\"false\"><strong><span id=\"yiv1289698246yui_3_16_0_1_1517852851254_40437\" style=\"color: #000000;\"><span id=\"yiv1289698246yui_3_16_0_1_1517852851254_40438\">R\u00e9servations par courriel :\u00a0<\/span><a id=\"yiv1289698246yui_3_16_0_1_1517852851254_40439\" style=\"color: #000000;\" href=\"http:\/\/milana.v75@gmail.com\/\" target=\"_blank\" rel=\"nofollow\" shape=\"rect\">milana.v75@gmail.com<\/a>\u00a0<\/span><\/strong><\/div>\n<div id=\"yiv1289698246yui_3_16_0_1_1517852851254_40436\" dir=\"ltr\" data-setdir=\"false\"><strong><span style=\"color: #000000;\">\u00a0<\/span><\/strong><\/div>\n<div id=\"yiv1289698246yui_3_16_0_1_1517852851254_40436\" dir=\"ltr\" data-setdir=\"false\"><strong><span id=\"yui_3_16_0_1_1518124087492_45305\" style=\"color: #000000;\">Points de vente :\u00a0<\/span><\/strong><\/div>\n<div id=\"yiv1289698246yui_3_16_0_1_1517852851254_40436\" dir=\"ltr\" data-setdir=\"false\"><\/div>\n<div id=\"yiv1289698246yui_3_16_0_1_1517852851254_40436\" dir=\"ltr\" data-setdir=\"false\"><strong><span id=\"yui_3_16_0_1_1518124087492_45343\" style=\"color: #000000;\">librairie Pont-virgule \u00e0 Espalion, \u00a0<\/span><\/strong><\/div>\n<div id=\"yiv1289698246yui_3_16_0_1_1517852851254_40436\" dir=\"ltr\" data-setdir=\"false\"><strong><span style=\"color: #000000;\">\u00a0<\/span><\/strong><\/div>\n<div id=\"yiv1289698246yui_3_16_0_1_1517852851254_40436\" dir=\"ltr\" data-setdir=\"false\"><strong><span style=\"color: #000000;\"><span id=\"yui_3_16_0_1_1518124087492_45809\" style=\"font-family: garamond, 'new york', times, serif;\">du mardi au samedi de 9h30 \u00e0 12h30 et de 14h \u00e0 19h<\/span><\/span><\/strong><\/div>\n<div id=\"yiv1289698246yui_3_16_0_1_1517852851254_40436\" dir=\"ltr\" data-setdir=\"false\"><strong><span style=\"color: #000000;\">\u00a0<\/span><\/strong><\/div>\n<div id=\"yiv1289698246yui_3_16_0_1_1517852851254_40436\" dir=\"ltr\" data-setdir=\"false\"><strong><span style=\"color: #000000;\">\u00a0<\/span><\/strong><\/div>\n<div id=\"yiv1289698246yui_3_16_0_1_1517852851254_40436\" dir=\"ltr\" data-setdir=\"false\"><strong><span style=\"color: #000000;\">\u00a0<\/span><\/strong><\/div>\n<div id=\"yiv1289698246yui_3_16_0_1_1517852851254_40436\" dir=\"ltr\" data-setdir=\"false\"><strong><span style=\"color: #000000;\"><span id=\"yui_3_16_0_1_1518124087492_45452\">Office de tourisme de Saint-Geniez d&rsquo;Olt<\/span><span id=\"yui_3_16_0_1_1518124087492_45584\" style=\"font-family: Georgia, 'Times New Roman', 'Bitstream Charter', Times, serif; font-size: medium;\">\u00a0<\/span><\/span><\/strong><\/div>\n<div id=\"yiv1289698246yui_3_16_0_1_1517852851254_40436\" dir=\"ltr\" data-setdir=\"false\"><strong><span id=\"yui_3_16_0_1_1518124087492_45680\" style=\"font-family: garamond, 'new york', times, serif; font-size: medium; color: #000000;\">Le clo\u00eetre 12 130 Saint-Geniez d&rsquo;Olt<\/span><\/strong><\/div>\n<div id=\"yiv1289698246yui_3_16_0_1_1517852851254_40436\" dir=\"ltr\" data-setdir=\"false\"><strong><span style=\"color: #000000;\"><span id=\"yui_3_16_0_1_1518124087492_46080\">\u00a0 \u00a0 du 8 janvier au d\u00e9but des vacances de f\u00e9vrier : \u00a0<\/span><\/span><\/strong><\/div>\n<div id=\"yui_3_16_0_1_1518124087492_46198\"><strong><span style=\"color: #000000;\">du lundi au vendredi : 9h &#8211; 12h et de 14h \u00e0 17h<\/span><\/strong><\/div>\n<div id=\"yui_3_16_0_1_1518124087492_46580\"><strong><span style=\"color: #000000;\">samedi : 9h &#8211; 12h et 14h30 &#8211; 17h30<\/span><\/strong><\/div>\n<div id=\"yui_3_16_0_1_1518124087492_46236\"><strong><span style=\"color: #000000;\"><span id=\"yui_3_16_0_1_1518124087492_46085\">\u00e0 partir des vacances de f\u00e9vrier jusqu&rsquo;au 30 avril : \u00a0<\/span><\/span><\/strong><\/div>\n<div id=\"yui_3_16_0_1_1518124087492_46235\"><strong><span style=\"color: #000000;\">du lundi au vendredi : 9h &#8211; 12h \/ 14h &#8211; 17h30<\/span><\/strong><\/div>\n<p id=\"yui_3_16_0_1_1518124087492_46087\"><strong><span style=\"color: #000000;\">samedi : 9h &#8211; 12h et 14h30 &#8211; 17h30<\/span><\/strong><\/p>\n<div id=\"yiv1289698246yui_3_16_0_1_1517852851254_40436\" dir=\"ltr\" data-setdir=\"false\"><strong><span style=\"color: #000000;\">&#8212;&#8212;&#8212;&#8212;&#8212;&#8212;&#8212;&#8212;&#8212;&#8212;&#8212;&#8212;&#8212;&#8212;&#8212;&#8212;&#8212;&#8212;&#8212;&#8212;&#8212;&#8212;&#8212;<\/span><\/strong><\/div>\n<\/div>\n<h3 id=\"yiv1289698246yui_3_16_0_1_1517683899961_20293\" style=\"text-align: center;\"><strong><span style=\"color: #000000;\">samedi 17 mars \u00e0 l&rsquo;\u00e9glise d&rsquo;Espalion (Aveyron)<\/span><\/strong><\/h3>\n<h3 id=\"yiv1289698246yui_3_16_0_1_1517683899961_20295\" style=\"text-align: center;\"><strong><span style=\"color: #000000;\"><a id=\"yiv1289698246yui_3_16_0_1_1517683899961_20296\" style=\"color: #000000;\" href=\"https:\/\/i0.wp.com\/www.fabriceeulry-laboutique.com\/blog\/wp-content\/uploads\/2018\/01\/eglise-espalion.png\" target=\"_blank\" rel=\"nofollow\" shape=\"rect\"><img data-recalc-dims=\"1\" loading=\"lazy\" decoding=\"async\" id=\"yiv1289698246yui_3_16_0_1_1517683899961_20297\" class=\"yiv1289698246\" src=\"https:\/\/i0.wp.com\/www.fabriceeulry-laboutique.com\/blog\/wp-content\/uploads\/2018\/01\/eglise-espalion.png?resize=258%2C382\" alt=\"eglise espalion\" width=\"258\" height=\"382\" data-id=\"04c446a1-3560-0bfd-307e-1cfcec576645\" \/><\/a><\/span><\/strong><\/h3>\n<h3 id=\"yiv1289698246yui_3_16_0_1_1517683899961_20298\" style=\"text-align: center;\"><strong><span style=\"color: #000000;\">\u00a0<\/span><\/strong><\/h3>\n<div id=\"yiv1289698246yui_3_16_0_1_1517683899961_22321\" style=\"text-align: center;\"><strong><span style=\"color: #000000;\"><span id=\"yiv1289698246yui_3_16_0_1_1517683899961_22322\">R\u00e9servations par courriel :\u00a0<\/span><a id=\"yiv1289698246yui_3_16_0_1_1517683899961_22323\" style=\"color: #000000;\" href=\"http:\/\/milana.v75@gmail.com\/\" target=\"_blank\" rel=\"nofollow\" shape=\"rect\">milana.v75@gmail.com<\/a><\/span><\/strong><\/div>\n<div id=\"yiv1289698246yui_3_16_0_1_1517683899961_22324\" style=\"text-align: center;\"><\/div>\n<div id=\"yiv1289698246yui_3_16_0_1_1517683899961_22326\" dir=\"ltr\" style=\"text-align: center;\"><strong><span style=\"color: #000000;\">Point de vente : librairie Pont-virgule \u00e0 Espalion\u00a0<\/span><\/strong><\/div>\n<div id=\"yiv1289698246yui_3_16_0_1_1517683899961_22326\" dir=\"ltr\" style=\"text-align: center;\" data-setdir=\"false\"><strong><span id=\"yui_3_16_0_1_1518124087492_44896\" style=\"color: #000000;\">\u00a0du mardi au samedi de 9h30 \u00e0 12h30 et de 14h \u00e0 19h<\/span><\/strong><\/div>\n<div id=\"yiv1289698246yui_3_16_0_1_1517683899961_22326\" dir=\"ltr\" style=\"text-align: center;\"><strong><span style=\"color: #000000;\">&#8212;&#8212;&#8212;&#8212;&#8212;&#8212;&#8212;&#8212;&#8212;&#8212;&#8212;&#8212;&#8212;&#8212;&#8212;&#8212;&#8212;&#8212;-<\/span><\/strong><\/div>\n<h3 id=\"yiv1289698246yui_3_16_0_1_1517683899961_20302\" style=\"text-align: center;\"><strong><span style=\"color: #000000;\">dimanche 18 mars \u00e0 Rodez\u00a0<\/span><\/strong><\/h3>\n<h3 id=\"yiv1289698246yui_3_16_0_1_1517683899961_20304\" style=\"text-align: center;\"><strong><span style=\"color: #000000;\">(Aveyron : salle La Baleine Onet le Ch\u00e2teau : 15 heures attention \u00e0\u00a0l&rsquo;horaire !)<\/span><\/strong><strong><span style=\"color: #000000;\">\u00a0<\/span><\/strong><\/h3>\n<div id=\"yiv1289698246yui_3_16_0_1_1517683899961_22470\" dir=\"ltr\" style=\"text-align: center;\"><strong><span style=\"color: #000000;\">&#8212;&#8212;&#8212;&#8212;&#8212;&#8212;&#8212;&#8212;&#8212;&#8212;&#8212;&#8212;&#8212;&#8212;&#8212;&#8212;&#8212;&#8212;&#8212;&#8212;<\/span><\/strong><\/div>\n<h3 id=\"yiv1289698246yui_3_16_0_1_1517683899961_20308\" style=\"text-align: center;\"><strong><span style=\"color: #000000;\">Lundi 19 mars<\/span><\/strong><\/h3>\n<h3 id=\"yiv1289698246yui_3_16_0_1_1517683899961_20309\" style=\"text-align: center;\"><strong><span style=\"color: #000000;\">Salle Fran\u00e7ois Mitterand CARMAUX (Tarn)<\/span><\/strong><\/h3>\n<div id=\"yiv1289698246yui_3_16_0_1_1517683899961_22515\" style=\"text-align: center;\"><strong><span style=\"color: #000000;\"><span id=\"yiv1289698246yui_3_16_0_1_1517683899961_22516\">R\u00e9servations par courriel :\u00a0<\/span><a id=\"yiv1289698246yui_3_16_0_1_1517683899961_22517\" style=\"color: #000000;\" href=\"http:\/\/milana.v75@gmail.com\/\" target=\"_blank\" rel=\"nofollow\" shape=\"rect\">milana.v75@gmail.com<\/a><\/span><\/strong><\/div>\n<div id=\"yiv1289698246yui_3_16_0_1_1517683899961_22518\" style=\"text-align: center;\"><\/div>\n<div id=\"yiv1289698246yui_3_16_0_1_1517683899961_20310\" dir=\"ltr\" style=\"text-align: center;\"><strong><span id=\"yiv1289698246yui_3_16_0_1_1517683899961_22520\" style=\"color: #000000;\">Point de vente : Office de tourisme de Carmaux, Place Gambetta.<\/span><\/strong><\/div>\n<\/div>\n<\/div>\n<\/div>\n<\/div>\n<\/div>\n<div id=\"yiv6975056021m_-2286016817017641380yui_3_16_0_1_1517683899961_32313\" dir=\"ltr\" style=\"text-align: center;\"><strong><span id=\"yiv6975056021m_-2286016817017641380yui_3_16_0_1_1517683899961_32314\" style=\"color: #000000;\">&#8212;&#8212;&#8212;&#8212;&#8212;&#8212;&#8212;&#8212;&#8212;&#8212;&#8212;&#8212;&#8212;&#8212;&#8212;&#8212;&#8212;&#8212;&#8212;&#8212;&#8212;&#8212;&#8212;&#8212;&#8212;&#8212;-<\/span><\/strong><\/div>\n<div id=\"yiv6975056021m_-2286016817017641380yui_3_16_0_1_1517683899961_32315\" dir=\"ltr\" style=\"text-align: center;\"><strong><span id=\"yiv6975056021m_-2286016817017641380yui_3_16_0_1_1517683899961_32316\" style=\"color: #000000;\">Mardi 20 mars<\/span><\/strong><\/div>\n<h3 id=\"yiv6975056021m_-2286016817017641380yui_3_16_0_1_1517683899961_32318\" style=\"text-align: center;\"><strong><span style=\"color: #000000;\">Paris : Auditorium de la mairie du V\u00e8me<\/span><\/strong><\/h3>\n<h3 id=\"yiv6975056021m_-2286016817017641380yui_3_16_0_1_1517683899961_32319\" style=\"text-align: center;\"><strong><span id=\"yiv6975056021m_-2286016817017641380yui_3_16_0_1_1517683899961_32320\" style=\"color: #000000;\">&#8211; \u00c0 CONFIRMER-<\/span><\/strong><\/h3>\n<p>&nbsp;<\/p>\n<h2 style=\"text-align: center;\"><\/h2>\n<h2 style=\"text-align: center;\"><span style=\"color: #000000;\"><strong>Concerto N\u00b0 1 en DO# mineur &#8211; Fabrice Eulry<\/strong><\/span><\/h2>\n<div>\n<p style=\"text-align: center;\"><span style=\"color: #000000;\"><a style=\"color: #000000;\" href=\"http:\/\/www.fabriceeulry.com\/discographie.html\"><img data-recalc-dims=\"1\" decoding=\"async\" src=\"https:\/\/i0.wp.com\/www.fabriceeulry.com\/images\/cd\/pochette-concerto.png?w=640\" alt=\"Concerto en DO di\u00e8se mineur\" \/><\/a>\u00a0<em>cliquez sur l&rsquo;image pour \u00e9couter des extraits et le commander<\/em><\/span><\/p>\n<\/div>\n<p>&nbsp;<\/p>\n","protected":false},"excerpt":{"rendered":"<p>Rouget de Lisle a grandi \u00e0 Lons le Saunier. Cette agr\u00e9able ville d&rsquo;eau, au pied du Jura, accueillera Fabrice Eulry et l&rsquo;orchestre philharmonique de Kharkiv sous la direction de Yuri Yanko, le mardi 13 mars prochain mars \u00e0 20h. Au &hellip; <a href=\"http:\/\/www.fabriceeulry-laboutique.com\/blog\/?p=10172\">Continuer la lecture <span class=\"meta-nav\">&rarr;<\/span><\/a><\/p>\n","protected":false},"author":2,"featured_media":0,"comment_status":"open","ping_status":"open","sticky":false,"template":"","format":"standard","meta":{"jetpack_post_was_ever_published":false,"_jetpack_newsletter_access":"","_jetpack_dont_email_post_to_subs":true,"_jetpack_newsletter_tier_id":0,"_jetpack_memberships_contains_paywalled_content":false,"_jetpack_memberships_contains_paid_content":false,"footnotes":"","jetpack_publicize_message":"","jetpack_publicize_feature_enabled":true,"jetpack_social_post_already_shared":true,"jetpack_social_options":{"image_generator_settings":{"template":"highway","default_image_id":0,"font":"","enabled":false},"version":2}},"categories":[1],"tags":[11],"class_list":["post-10172","post","type-post","status-publish","format-standard","hentry","category-non-classe","tag-musique-philharmonique"],"jetpack_publicize_connections":[],"jetpack_featured_media_url":"","jetpack_sharing_enabled":true,"jetpack_shortlink":"https:\/\/wp.me\/p2D6dI-2E4","jetpack_likes_enabled":true,"jetpack-related-posts":[{"id":10149,"url":"http:\/\/www.fabriceeulry-laboutique.com\/blog\/?p=10149","url_meta":{"origin":10172,"position":0},"title":"FABRICE EULRY \u00c0 LYON LE 15 MARS","author":"Le Canard du pianiste","date":"30 janvier 2018","format":false,"excerpt":"Plus exactement \u00e0 \u00e9glise de Saint-Genis Laval \u00e0 20h : \u00a0 \u00a0 \u00a0 Tarifs : \u00a025\u20ac R\u00e9servations en ligne : http:\/\/www.weezevent.com\/fabrice-eulry-philharmonique R\u00e9servations par courriel :\u00a0milana.v75@gmail.com Dans cette \u00e9glise \u00e0 l'acoustique exceptionnelle, Fabrice Eulry vous propose le programme suivant : \u00a0son Concerto pour piano n\u00b0 2 en sol majeur \"Expiatoire\" et\u2026","rel":"","context":"Dans &quot;Non class\u00e9&quot;","block_context":{"text":"Non class\u00e9","link":"http:\/\/www.fabriceeulry-laboutique.com\/blog\/?cat=1"},"img":{"alt_text":"","src":"https:\/\/i0.wp.com\/www.fabriceeulry-laboutique.com\/blog\/wp-content\/uploads\/2018\/01\/AFFICHE-MARCQ-BAROEUL-1.png?resize=350%2C200","width":350,"height":200},"classes":[]},{"id":10322,"url":"http:\/\/www.fabriceeulry-laboutique.com\/blog\/?p=10322","url_meta":{"origin":10172,"position":1},"title":"FABRICE EULRY EN PHILHARMONIQUE \u00c0 CARMAUX !","author":"Le Canard du pianiste","date":"14 f\u00e9vrier 2018","format":false,"excerpt":"La ville de Jean Jaur\u00e8s re\u00e7oit un de ses enfants ! \u00a0 Fabrice Eulry sera en concert le lundi 19 mars 2018 \u00e0 Carmaux Salle Fran\u00e7ois Mitterand CARMAUX (Tarn) 20h30 R\u00e9servations par courriel :\u00a0milana.v75@gmail.com \u00a0 Point de vente : Office d'animation du Carmausin, Place Gambetta.\u00a0 sa ville natale du Tarn.\u00a0\u2026","rel":"","context":"Dans &quot;Non class\u00e9&quot;","block_context":{"text":"Non class\u00e9","link":"http:\/\/www.fabriceeulry-laboutique.com\/blog\/?cat=1"},"img":{"alt_text":"jaures3","src":"https:\/\/i0.wp.com\/www.fabriceeulry-laboutique.com\/blog\/wp-content\/uploads\/2017\/04\/jaures3.jpg?resize=350%2C200","width":350,"height":200,"srcset":"https:\/\/i0.wp.com\/www.fabriceeulry-laboutique.com\/blog\/wp-content\/uploads\/2017\/04\/jaures3.jpg?resize=350%2C200 1x, https:\/\/i0.wp.com\/www.fabriceeulry-laboutique.com\/blog\/wp-content\/uploads\/2017\/04\/jaures3.jpg?resize=525%2C300 1.5x, https:\/\/i0.wp.com\/www.fabriceeulry-laboutique.com\/blog\/wp-content\/uploads\/2017\/04\/jaures3.jpg?resize=700%2C400 2x, https:\/\/i0.wp.com\/www.fabriceeulry-laboutique.com\/blog\/wp-content\/uploads\/2017\/04\/jaures3.jpg?resize=1050%2C600 3x, https:\/\/i0.wp.com\/www.fabriceeulry-laboutique.com\/blog\/wp-content\/uploads\/2017\/04\/jaures3.jpg?resize=1400%2C800 4x"},"classes":[]},{"id":10138,"url":"http:\/\/www.fabriceeulry-laboutique.com\/blog\/?p=10138","url_meta":{"origin":10172,"position":2},"title":"FABRICE EULRY EN PHILHARMONIQUE \u00c0 MARCQ EN BAROEUL LE 7 MARS !","author":"Le Canard du pianiste","date":"27 janvier 2018","format":false,"excerpt":"\u00a0... 42 musiciens sur sc\u00e8ne que vous pourrez voir et entendre dans la Rhapsody in blue de\u00a0George Gershwin, dont voici un extrait : https:\/\/www.youtube.com\/watch?v=osAKJj2Suh4&feature=youtu.be Au programme du concert : le Concerto pour piano n\u00b0 2 en sol majeur \"Expiatoire\" compos\u00e9 par Fabrice Eulry, Rhapsodie in blue, ainsi que Summertime et\u2026","rel":"","context":"Dans &quot;Non class\u00e9&quot;","block_context":{"text":"Non class\u00e9","link":"http:\/\/www.fabriceeulry-laboutique.com\/blog\/?cat=1"},"img":{"alt_text":"","src":"https:\/\/i0.wp.com\/www.fabriceeulry-laboutique.com\/blog\/wp-content\/uploads\/2018\/01\/AFFICHE-MARCQ-BAROEUL.png?resize=350%2C200","width":350,"height":200},"classes":[]},{"id":9976,"url":"http:\/\/www.fabriceeulry-laboutique.com\/blog\/?p=9976","url_meta":{"origin":10172,"position":3},"title":"LE PHILHARMONIQUE DE KHARKOV ET FABRICE EULRY EN TOURN\u00c9E","author":"Le Canard du pianiste","date":"22 d\u00e9cembre 2017","format":false,"excerpt":"Fabrice Eulry et l'orchestre philharmonique de Kharkov seront en France et en Belgique pour une tourn\u00e9e exceptionnelle au mois de mars 2018 : 7 mars Salle Charcot de Marcq en Baroeul 20h R\u00e9servations en ligne :\u00a0 R\u00e9servations par courriel :\u00a0milana.v75@gmail.com Point de vente : La maison du piano : Rue\u2026","rel":"","context":"Dans &quot;Non class\u00e9&quot;","block_context":{"text":"Non class\u00e9","link":"http:\/\/www.fabriceeulry-laboutique.com\/blog\/?cat=1"},"img":{"alt_text":"","src":"https:\/\/i0.wp.com\/www.fabriceeulry-laboutique.com\/blog\/wp-content\/uploads\/2017\/12\/kh.png?resize=350%2C200","width":350,"height":200,"srcset":"https:\/\/i0.wp.com\/www.fabriceeulry-laboutique.com\/blog\/wp-content\/uploads\/2017\/12\/kh.png?resize=350%2C200 1x, https:\/\/i0.wp.com\/www.fabriceeulry-laboutique.com\/blog\/wp-content\/uploads\/2017\/12\/kh.png?resize=525%2C300 1.5x"},"classes":[]},{"id":10461,"url":"http:\/\/www.fabriceeulry-laboutique.com\/blog\/?p=10461","url_meta":{"origin":10172,"position":4},"title":"VEILL\u00c9E D&rsquo;ARMES POUR UNE TOURN\u00c9E PHILHARMONIQUE","author":"Le Canard du pianiste","date":"6 mars 2018","format":false,"excerpt":"Ce mercredi 7 mars 2008 \u00e0 Marcq en Baroeul (Nord) d\u00e9marre une tourn\u00e9e exceptionnelle de l'orchestre philharmonique Kharkiv sous la direction de Yuri Yanko, avec Fabrice Eulry au piano, tourn\u00e9e que Le Canard du pianiste a abondamment relay\u00e9e. Consultez le calendrier et trouvez votre bonheur ! Si certains concerts sont\u2026","rel":"","context":"Dans &quot;Non class\u00e9&quot;","block_context":{"text":"Non class\u00e9","link":"http:\/\/www.fabriceeulry-laboutique.com\/blog\/?cat=1"},"img":{"alt_text":"yuri1","src":"https:\/\/i0.wp.com\/www.fabriceeulry-laboutique.com\/blog\/wp-content\/uploads\/2018\/02\/yuri1.png?resize=350%2C200","width":350,"height":200,"srcset":"https:\/\/i0.wp.com\/www.fabriceeulry-laboutique.com\/blog\/wp-content\/uploads\/2018\/02\/yuri1.png?resize=350%2C200 1x, https:\/\/i0.wp.com\/www.fabriceeulry-laboutique.com\/blog\/wp-content\/uploads\/2018\/02\/yuri1.png?resize=525%2C300 1.5x, https:\/\/i0.wp.com\/www.fabriceeulry-laboutique.com\/blog\/wp-content\/uploads\/2018\/02\/yuri1.png?resize=700%2C400 2x"},"classes":[]},{"id":9896,"url":"http:\/\/www.fabriceeulry-laboutique.com\/blog\/?p=9896","url_meta":{"origin":10172,"position":5},"title":"PHILHARMONIQUE DE KHARKOV AVEC FABRICE EULRY : LA TOURN\u00c9E S&rsquo;ALLONGE ENCORE !","author":"Le Canard du pianiste","date":"27 novembre 2017","format":false,"excerpt":"Fabrice Eulry et l'orchestre philharmonique de Kharkov seront en France pour une tourn\u00e9e exceptionnelle au mois de mars 2018 : 7 mars Salle Charcot de Marcq en Baroeul 20h R\u00e9servations en ligne :\u00a0 R\u00e9servations par courriel :\u00a0milana.v75@gmail.com Point de vente : La maison du piano : Rue Colbert 59 000\u2026","rel":"","context":"Dans &quot;Non class\u00e9&quot;","block_context":{"text":"Non class\u00e9","link":"http:\/\/www.fabriceeulry-laboutique.com\/blog\/?cat=1"},"img":{"alt_text":"EGLISE PUTTE","src":"https:\/\/i0.wp.com\/www.fabriceeulry-laboutique.com\/blog\/wp-content\/uploads\/2018\/01\/EGLISE-PUTTE.png?resize=350%2C200","width":350,"height":200},"classes":[]}],"_links":{"self":[{"href":"http:\/\/www.fabriceeulry-laboutique.com\/blog\/index.php?rest_route=\/wp\/v2\/posts\/10172","targetHints":{"allow":["GET"]}}],"collection":[{"href":"http:\/\/www.fabriceeulry-laboutique.com\/blog\/index.php?rest_route=\/wp\/v2\/posts"}],"about":[{"href":"http:\/\/www.fabriceeulry-laboutique.com\/blog\/index.php?rest_route=\/wp\/v2\/types\/post"}],"author":[{"embeddable":true,"href":"http:\/\/www.fabriceeulry-laboutique.com\/blog\/index.php?rest_route=\/wp\/v2\/users\/2"}],"replies":[{"embeddable":true,"href":"http:\/\/www.fabriceeulry-laboutique.com\/blog\/index.php?rest_route=%2Fwp%2Fv2%2Fcomments&post=10172"}],"version-history":[{"count":16,"href":"http:\/\/www.fabriceeulry-laboutique.com\/blog\/index.php?rest_route=\/wp\/v2\/posts\/10172\/revisions"}],"predecessor-version":[{"id":10446,"href":"http:\/\/www.fabriceeulry-laboutique.com\/blog\/index.php?rest_route=\/wp\/v2\/posts\/10172\/revisions\/10446"}],"wp:attachment":[{"href":"http:\/\/www.fabriceeulry-laboutique.com\/blog\/index.php?rest_route=%2Fwp%2Fv2%2Fmedia&parent=10172"}],"wp:term":[{"taxonomy":"category","embeddable":true,"href":"http:\/\/www.fabriceeulry-laboutique.com\/blog\/index.php?rest_route=%2Fwp%2Fv2%2Fcategories&post=10172"},{"taxonomy":"post_tag","embeddable":true,"href":"http:\/\/www.fabriceeulry-laboutique.com\/blog\/index.php?rest_route=%2Fwp%2Fv2%2Ftags&post=10172"}],"curies":[{"name":"wp","href":"https:\/\/api.w.org\/{rel}","templated":true}]}}