{"id":10226,"date":"2018-02-04T21:51:54","date_gmt":"2018-02-04T21:51:54","guid":{"rendered":"http:\/\/www.fabriceeulry-laboutique.com\/blog\/?p=10226"},"modified":"2018-12-12T00:36:12","modified_gmt":"2018-12-12T00:36:12","slug":"fabrice-eulry-sur-perles-de-culture-2","status":"publish","type":"post","link":"http:\/\/www.fabriceeulry-laboutique.com\/blog\/?p=10226","title":{"rendered":"FABRICE EULRY SUR PERLES DE CULTURE"},"content":{"rendered":"<p style=\"text-align: center;\"><span style=\"color: #000000;\"><strong>Cliquez sur l&rsquo;image pour visionner : l&rsquo;entrevue avec Anne Brassi\u00e9 d\u00e9marre \u00e0 44&rsquo;16 :<\/strong><\/span><\/p>\n<p style=\"text-align: center;\"><a href=\"https:\/\/www.tvlibertes.com\/2018\/01\/24\/21424\/perles-de-culture-n151\"><img data-recalc-dims=\"1\" loading=\"lazy\" decoding=\"async\" class=\"size-full wp-image-10227 aligncenter\" src=\"https:\/\/i0.wp.com\/www.fabriceeulry-laboutique.com\/blog\/wp-content\/uploads\/2018\/02\/perles.png?resize=640%2C323\" alt=\"perles\" width=\"640\" height=\"323\" srcset=\"https:\/\/i0.wp.com\/www.fabriceeulry-laboutique.com\/blog\/wp-content\/uploads\/2018\/02\/perles.png?w=815 815w, https:\/\/i0.wp.com\/www.fabriceeulry-laboutique.com\/blog\/wp-content\/uploads\/2018\/02\/perles.png?resize=300%2C151 300w, https:\/\/i0.wp.com\/www.fabriceeulry-laboutique.com\/blog\/wp-content\/uploads\/2018\/02\/perles.png?resize=768%2C387 768w\" sizes=\"auto, (max-width: 640px) 100vw, 640px\" \/><\/a><\/p>\n<p style=\"text-align: center;\"><span style=\"color: #000000;\"><strong>On y parle de la tourn\u00e9e philharmonique du mois de mars, et l&rsquo;on constatera que depuis l&rsquo;\u00e9mission, le calendrier a sensiblement \u00e9volu\u00e9 :<\/strong><\/span><\/p>\n<h3 id=\"yiv6975056021m_-2286016817017641380yui_3_16_0_1_1517683899961_32086\" style=\"text-align: center;\"><\/h3>\n<div dir=\"ltr\" style=\"text-align: center;\">\n<div id=\"yiv1289698246\">\n<div id=\"yiv1289698246yui_3_16_0_1_1517852851254_32675\">\n<div id=\"yiv1289698246yui_3_16_0_1_1517852851254_32674\">\n<div id=\"yiv1289698246\">\n<div id=\"yiv1289698246yui_3_16_0_1_1517753393063_17244\">\n<div id=\"yiv1289698246yui_3_16_0_1_1517753393063_17243\">\n<div id=\"yiv1289698246yui_3_16_0_1_1517683899961_20012\" class=\"yiv1289698246signature\">\n<div id=\"yiv1289698246yui_3_16_0_1_1411233096791_2560\" dir=\"ltr\">\n<h3 id=\"yiv1289698246yui_3_16_0_1_1517683899961_20233\"><a id=\"yiv1289698246yui_3_16_0_1_1517864779306_383324\" href=\"https:\/\/i0.wp.com\/www.fabriceeulry-laboutique.com\/blog\/wp-content\/uploads\/2017\/11\/George-Gershwin-Rhapsody-In-Blue_Moment-e1517885758587.jpg\" target=\"_blank\" rel=\"nofollow\" shape=\"rect\"><img data-recalc-dims=\"1\" loading=\"lazy\" decoding=\"async\" id=\"yiv1289698246yui_3_16_0_1_1517864779306_383325\" class=\"yiv1289698246 yiv1289698246img-overlay-selected\" src=\"https:\/\/i0.wp.com\/www.fabriceeulry-laboutique.com\/blog\/wp-content\/uploads\/2017\/11\/George-Gershwin-Rhapsody-In-Blue_Moment-e1517885758587.jpg?resize=640%2C360\" alt=\"George Gershwin - Rhapsody In Blue_Moment\" width=\"640\" height=\"360\" data-id=\"db18b8fb-65e7-f1b7-26f2-f9575deaf332\" \/><\/a><\/h3>\n<h3 id=\"yiv1289698246yui_3_16_0_1_1517683899961_20233\"><\/h3>\n<div id=\"yiv1289698246yui_3_16_0_1_1517683899961_20561\" dir=\"ltr\"><span style=\"color: #000000;\"><strong><span id=\"yiv1289698246yui_3_16_0_1_1517852851254_38624\">mercredi 7 mars<\/span><\/strong><\/span><\/div>\n<div id=\"yiv1289698246yui_3_16_0_1_1517683899961_20561\" dir=\"ltr\"><\/div>\n<div id=\"yiv1289698246yui_3_16_0_1_1517683899961_20234\"><span style=\"color: #000000;\"><strong><span id=\"yiv1289698246yui_3_16_0_1_1517683899961_20235\">Salle Charcot de Marcq en Baroeul 20h30<\/span><\/strong><\/span><\/div>\n<div id=\"yiv1289698246yui_3_16_0_1_1517683899961_20234\" dir=\"ltr\"><span style=\"color: #000000;\"><strong>\u00a0<\/strong><\/span><\/div>\n<p><a href=\"https:\/\/i0.wp.com\/www.fabriceeulry-laboutique.com\/blog\/wp-content\/uploads\/2018\/01\/AFFICHE-MARCQ-BAROEUL-1.png\"><img data-recalc-dims=\"1\" loading=\"lazy\" decoding=\"async\" class=\"aligncenter size-full wp-image-10393\" src=\"https:\/\/i0.wp.com\/www.fabriceeulry-laboutique.com\/blog\/wp-content\/uploads\/2018\/01\/AFFICHE-MARCQ-BAROEUL-1.png?resize=511%2C729\" alt=\"AFFICHE MARCQ BAROEUL\" width=\"511\" height=\"729\" srcset=\"https:\/\/i0.wp.com\/www.fabriceeulry-laboutique.com\/blog\/wp-content\/uploads\/2018\/01\/AFFICHE-MARCQ-BAROEUL-1.png?w=511 511w, https:\/\/i0.wp.com\/www.fabriceeulry-laboutique.com\/blog\/wp-content\/uploads\/2018\/01\/AFFICHE-MARCQ-BAROEUL-1.png?resize=210%2C300 210w, https:\/\/i0.wp.com\/www.fabriceeulry-laboutique.com\/blog\/wp-content\/uploads\/2018\/01\/AFFICHE-MARCQ-BAROEUL-1.png?resize=300%2C428 300w\" sizes=\"auto, (max-width: 511px) 100vw, 511px\" \/><\/a><\/p>\n<div id=\"yiv1289698246yui_3_16_0_1_1517683899961_20234\"><\/div>\n<\/div>\n<\/div>\n<\/div>\n<\/div>\n<\/div>\n<\/div>\n<\/div>\n<\/div>\n<div id=\"yiv1289698246yui_3_16_0_1_1517852851254_37918\">\n<div id=\"yiv1289698246yui_3_16_0_1_1517852851254_37917\">\n<div id=\"yiv1289698246yui_3_16_0_1_1517852851254_37916\">\n<div id=\"yiv1289698246yui_3_16_0_1_1517852851254_37915\" class=\"yiv1289698246signature\">\n<p>&nbsp;<\/p>\n<div id=\"yiv1289698246yui_3_16_0_1_1517852851254_37913\" dir=\"ltr\">\n<p>&nbsp;<\/p>\n<div id=\"yiv1289698246yui_3_16_0_1_1517683899961_20994\"><span style=\"color: #000000;\"><strong><span id=\"yiv1289698246yui_3_16_0_1_1517683899961_20996\">R\u00e9servations par courriel :\u00a0<\/span><a id=\"yiv1289698246yui_3_16_0_1_1517683899961_21774\" class=\"yiv1289698246edited-link-editor\" style=\"color: #000000;\" href=\"http:\/\/milana.v75@gmail.com\/\" target=\"_blank\" rel=\"nofollow\" shape=\"rect\">milana.v75@gmail.com<\/a><\/strong><\/span><\/div>\n<div id=\"yiv1289698246yui_3_16_0_1_1517683899961_20997\"><\/div>\n<div id=\"yiv1289698246yui_3_16_0_1_1517683899961_20783\"><span style=\"color: #000000;\"><strong>Point de vente : La maison du piano : 83 Rue Colbert 59 000 LILLE : du mar au sam 9h-12h &amp; 14h-19h<\/strong><\/span><\/div>\n<div id=\"yiv1289698246yui_3_16_0_1_1517683899961_20783\"><\/div>\n<div id=\"yiv1289698246yui_3_16_0_1_1517683899961_20783\">&#8212;&#8212;&#8212;&#8212;&#8212;&#8212;&#8212;&#8212;&#8212;&#8212;&#8212;&#8212;&#8212;&#8212;&#8212;<\/div>\n<div id=\"yiv1289698246yui_3_16_0_1_1517683899961_20783\"><\/div>\n<h3 id=\"yiv1289698246yui_3_16_0_1_1517683899961_20238\">jeudi 8 mars<\/h3>\n<h3 id=\"yiv1289698246yui_3_16_0_1_1517683899961_20239\">\u00c9glise de Saint Nicolas \u00e0 PUITS (PUTTE) Flandres Belgique<\/h3>\n<p><a id=\"yiv1289698246yui_3_16_0_1_1517935151922_105387\" href=\"https:\/\/i0.wp.com\/www.fabriceeulry-laboutique.com\/blog\/wp-content\/uploads\/2018\/02\/affiche-Putte-philharmonique.png\" target=\"_blank\" rel=\"nofollow\" shape=\"rect\"><img data-recalc-dims=\"1\" loading=\"lazy\" decoding=\"async\" id=\"yiv1289698246yui_3_16_0_1_1517935151922_105388\" class=\"yiv1289698246\" src=\"https:\/\/i0.wp.com\/www.fabriceeulry-laboutique.com\/blog\/wp-content\/uploads\/2018\/02\/affiche-Putte-philharmonique.png?resize=433%2C584\" alt=\"affiche Putte philharmonique\" width=\"433\" height=\"584\" data-id=\"49cb66df-8851-85d7-27a7-0ded18ab61d0\" \/><\/a><\/p>\n<div id=\"yiv1289698246yui_3_16_0_1_1517935151922_105373\" dir=\"ltr\"><span id=\"yiv1289698246yui_3_16_0_1_1517935151922_105389\"><span id=\"yiv1289698246yui_3_16_0_1_1517935151922_105390\" style=\"font-size: small;\">R\u00e9servations en ligne :<\/span><span id=\"yiv1289698246yui_3_16_0_1_1517935151922_105391\" style=\"font-family: Georgia, 'Times New Roman', 'Bitstream Charter', Times, serif;\">\u00a0<\/span><\/span><span id=\"yiv1289698246yui_3_16_0_1_1517935151922_105392\"><span id=\"yiv1289698246yui_3_16_0_1_1517935151922_105393\" style=\"font-size: small;\"><a id=\"yiv1289698246yui_3_16_0_1_1517935151922_105394\" href=\"https:\/\/concert-kharkiv.eventsquare.co\/nl\/ft8xfguergxw\" target=\"_blank\" rel=\"nofollow\" shape=\"rect\">Concert Kharkiv | Online tickets<\/a><\/span><\/span><\/div>\n<h3 id=\"yiv1289698246yui_3_16_0_1_1517683899961_21635\"><span id=\"yiv1289698246yui_3_16_0_1_1517683899961_24115\">R\u00e9servations par courriel :\u00a0<\/span><span id=\"yiv1289698246yui_3_16_0_1_1517683899961_24742\" style=\"font-size: small;\"><a id=\"yiv1289698246yui_3_16_0_1_1517683899961_24603\" class=\"yiv1289698246edited-link-editor\" href=\"http:\/\/resonnance.belgie@gmail.com\/\" target=\"_blank\" rel=\"nofollow\" shape=\"rect\">resonnance.belgie@gmail.com<\/a><\/span><\/h3>\n<div id=\"yiv1289698246yui_3_16_0_1_1517852851254_40323\" dir=\"ltr\" data-setdir=\"false\">\n<div id=\"yiv1289698246yui_3_16_0_1_1517852851254_40341\" dir=\"ltr\"><\/div>\n<div id=\"yiv1289698246yui_3_16_0_1_1517852851254_40343\" dir=\"ltr\"><span id=\"yiv1289698246yui_3_16_0_1_1517852851254_40344\">&#8212;&#8212;&#8212;&#8212;&#8212;&#8212;&#8212;&#8212;&#8212;&#8212;&#8212;&#8212;&#8212;&#8212;&#8212;-<\/span><\/div>\n<h3 id=\"yiv1289698246yui_3_16_0_1_1517852851254_40345\"><span id=\"yiv1289698246yui_3_16_0_1_1517852851254_40346\"><strong id=\"yiv1289698246yui_3_16_0_1_1517852851254_40347\">samedi 10 mars<\/strong><\/span><\/h3>\n<div id=\"yiv1289698246yui_3_16_0_1_1517935151922_111677\"><strong>PARIS<\/strong><\/div>\n<h3 id=\"yiv1289698246yui_3_16_0_1_1517852851254_40348\"><span id=\"yiv1289698246yui_3_16_0_1_1517852851254_40349\"><strong id=\"yiv1289698246yui_3_16_0_1_1517852851254_40350\">20h. auditorium du conservatoire du V\u00e8me arrondissement rue de Pontoise (Paris 5\u00e8me)<\/strong><\/span><\/h3>\n<h2 id=\"yiv1289698246yui_3_16_0_1_1517852851254_40351\"><span id=\"yiv1289698246yui_3_16_0_1_1517852851254_40352\"><strong id=\"yiv1289698246yui_3_16_0_1_1517852851254_40353\"><span id=\"yiv1289698246yui_3_16_0_1_1517852851254_40354\"><span style=\"color: #9d1811;\">(COMPLET)<\/span><\/span><\/strong><\/span><\/h2>\n<h3 id=\"yiv1289698246yui_3_16_0_1_1517852851254_40355\"><span id=\"yiv1289698246yui_3_16_0_1_1517852851254_40356\">&#8212;&#8212;&#8212;&#8212;&#8212;&#8212;&#8212;&#8212;&#8212;&#8212;&#8212;&#8212;&#8212;&#8212;&#8212;&#8212;&#8212;\u00a0<\/span><\/h3>\n<h3 id=\"yiv1289698246yui_3_16_0_1_1517852851254_40357\"><span id=\"yiv1289698246yui_3_16_0_1_1517852851254_40358\"><strong id=\"yiv1289698246yui_3_16_0_1_1517852851254_40359\">dimanche 11 mars<\/strong><\/span><\/h3>\n<h3 id=\"yiv1289698246yui_3_16_0_1_1517852851254_40360\"><span id=\"yiv1289698246yui_3_16_0_1_1517852851254_40361\"><strong id=\"yiv1289698246yui_3_16_0_1_1517852851254_40362\">15h sdf Saint-Germain Lespinasse (Loire)<\/strong><\/span><\/h3>\n<h3 id=\"yiv1289698246yui_3_16_0_1_1517852851254_40363\"><span id=\"yiv1289698246yui_3_16_0_1_1517852851254_40364\"><a id=\"yiv1289698246yui_3_16_0_1_1517852851254_40365\" href=\"https:\/\/i0.wp.com\/www.fabriceeulry-laboutique.com\/blog\/wp-content\/uploads\/2018\/01\/lespinasse.png\" target=\"_blank\" rel=\"nofollow\" shape=\"rect\"><img data-recalc-dims=\"1\" loading=\"lazy\" decoding=\"async\" id=\"yiv1289698246yui_3_16_0_1_1517852851254_40366\" class=\"yiv1289698246\" src=\"https:\/\/i0.wp.com\/www.fabriceeulry-laboutique.com\/blog\/wp-content\/uploads\/2018\/01\/lespinasse.png?resize=449%2C227\" alt=\"lespinasse\" width=\"449\" height=\"227\" data-id=\"39258129-0a9a-1000-2f7d-63aa67fec1cc\" \/><\/a><\/span><\/h3>\n<h3 id=\"yiv1289698246yui_3_16_0_1_1517852851254_40367\"><span id=\"yiv1289698246yui_3_16_0_1_1517852851254_40368\"><span id=\"yiv1289698246yui_3_16_0_1_1517852851254_40369\">R\u00e9servations en ligne :<\/span><span id=\"yiv1289698246yui_3_16_0_1_1517852851254_40370\">\u00a0<a id=\"yiv1289698246yui_3_16_0_1_1517852851254_40371\" href=\"https:\/\/www.weezevent.com\/fabrice-eurlry-et-l-orchestre-philarmonique-de-kharkov-hommage-a-guillaume-per\" target=\"_blank\" rel=\"nofollow\" shape=\"rect\">weezevent<\/a><\/span><\/span><\/h3>\n<div id=\"yiv1289698246yui_3_16_0_1_1517852851254_40376\"><\/div>\n<div id=\"yiv1289698246yui_3_16_0_1_1517852851254_40378\" dir=\"ltr\"><\/div>\n<div id=\"yiv1289698246yui_3_16_0_1_1517852851254_40380\" dir=\"ltr\"><span id=\"yiv1289698246yui_3_16_0_1_1517852851254_40381\">&#8212;&#8212;&#8212;&#8212;&#8212;&#8212;&#8212;&#8212;&#8212;&#8212;&#8212;&#8212;&#8212;&#8212;&#8212;&#8212;&#8212;&#8212;&#8212;&#8212;&#8212;&#8212;&#8212;-<\/span><\/div>\n<h3 id=\"yiv1289698246yui_3_16_0_1_1517852851254_40382\"><span id=\"yiv1289698246yui_3_16_0_1_1517852851254_40383\"><strong id=\"yiv1289698246yui_3_16_0_1_1517852851254_40384\">mardi 13 mars au th\u00e9\u00e2tre de Lons Le Saunier (Jura) 20h<\/strong><\/span><\/h3>\n<h3 id=\"yiv1289698246yui_3_16_0_1_1517852851254_40385\"><span id=\"yiv1289698246yui_3_16_0_1_1517852851254_40386\"><a id=\"yiv1289698246yui_3_16_0_1_1517852851254_40387\" href=\"https:\/\/i0.wp.com\/www.fabriceeulry-laboutique.com\/blog\/wp-content\/uploads\/2018\/01\/lons2.png\" target=\"_blank\" rel=\"nofollow\" shape=\"rect\"><img data-recalc-dims=\"1\" loading=\"lazy\" decoding=\"async\" id=\"yiv1289698246yui_3_16_0_1_1517852851254_40388\" class=\"yiv1289698246\" src=\"https:\/\/i0.wp.com\/www.fabriceeulry-laboutique.com\/blog\/wp-content\/uploads\/2018\/01\/lons2.png?resize=468%2C304\" alt=\"lons2\" width=\"468\" height=\"304\" data-id=\"ab07c3a4-a20a-7686-b968-41c402992431\" \/><\/a><\/span><\/h3>\n<h3 id=\"yiv1289698246yui_3_16_0_1_1517852851254_40389\"><span id=\"yiv1289698246yui_3_16_0_1_1517852851254_40390\"><a id=\"yiv1289698246yui_3_16_0_1_1517852851254_40391\" href=\"https:\/\/i0.wp.com\/www.fabriceeulry-laboutique.com\/blog\/wp-content\/uploads\/2018\/01\/lons1.png\" target=\"_blank\" rel=\"nofollow\" shape=\"rect\"><img data-recalc-dims=\"1\" loading=\"lazy\" decoding=\"async\" id=\"yiv1289698246yui_3_16_0_1_1517852851254_40392\" class=\"yiv1289698246\" src=\"https:\/\/i0.wp.com\/www.fabriceeulry-laboutique.com\/blog\/wp-content\/uploads\/2018\/01\/lons1.png?resize=440%2C318\" alt=\"lons1\" width=\"440\" height=\"318\" data-id=\"d042e173-df30-a3fb-c139-5339881c4774\" \/><\/a><\/span><\/h3>\n<div id=\"yiv1289698246yui_3_16_0_1_1517852851254_40393\"><span id=\"yiv1289698246yui_3_16_0_1_1517852851254_40394\"><b id=\"yui_3_16_0_1_1518124087492_46345\"><span id=\"yiv1289698246yui_3_16_0_1_1517852851254_40395\">R\u00e9servations par courriel :\u00a0<\/span><a id=\"yiv1289698246yui_3_16_0_1_1517852851254_40396\" href=\"http:\/\/milana.v75@gmail.com\/\" target=\"_blank\" rel=\"nofollow\" shape=\"rect\">milana.v75@gmail.com<\/a><\/b><\/span><\/div>\n<div id=\"yiv1289698246yui_3_16_0_1_1517852851254_40397\"><b>\u00a0<br id=\"yiv1289698246yui_3_16_0_1_1517852851254_40398\" clear=\"none\" \/><\/b><\/div>\n<div id=\"yiv1289698246yui_3_16_0_1_1517852851254_40399\" dir=\"ltr\" data-setdir=\"false\"><span id=\"yiv1289698246yui_3_16_0_1_1517852851254_40400\"><b id=\"yui_3_16_0_1_1518124087492_46313\">Point de vente : \u00e0 partir du 26 f\u00e9vrier : E.C.L.A. conservatoire de Lons le Saunier :<\/b><\/span><\/div>\n<div id=\"yiv1289698246yui_3_16_0_1_1517852851254_40399\" dir=\"ltr\" data-setdir=\"false\"><span id=\"yui_3_16_0_1_1518124087492_46352\"><b id=\"yui_3_16_0_1_1518124087492_46351\">\u00a04 place Pernaud 39 000 Lons le Saunier<\/b><\/span><\/div>\n<div id=\"yiv1289698246yui_3_16_0_1_1517852851254_40399\" dir=\"ltr\"><\/div>\n<div id=\"yiv1289698246yui_3_16_0_1_1517852851254_40399\" dir=\"ltr\"><\/div>\n<div id=\"yiv1289698246yui_3_16_0_1_1517852851254_40401\" dir=\"ltr\"><span id=\"yiv1289698246yui_3_16_0_1_1517852851254_40402\">&#8212;&#8212;&#8212;&#8212;&#8212;&#8212;&#8212;&#8212;&#8212;&#8212;&#8212;&#8212;&#8212;&#8212;&#8212;&#8212;&#8212;&#8212;&#8212;&#8212;&#8212;&#8211;<\/span><\/div>\n<h3 id=\"yiv1289698246yui_3_16_0_1_1517852851254_40403\"><span id=\"yiv1289698246yui_3_16_0_1_1517852851254_40404\"><strong id=\"yiv1289698246yui_3_16_0_1_1517852851254_40405\">jeudi 15 mars \u00e0 l&rsquo;\u00e9glise de Saint-Genis Laval 20h<\/strong><\/span><\/h3>\n<div id=\"yiv1289698246yui_3_16_0_1_1517852851254_40410\"><\/div>\n<div id=\"yiv1289698246yui_3_16_0_1_1517852851254_40410\"><a href=\"https:\/\/i0.wp.com\/www.fabriceeulry-laboutique.com\/blog\/wp-content\/uploads\/2018\/02\/SAINT-GENIS-AFFICHE.png\"><img data-recalc-dims=\"1\" loading=\"lazy\" decoding=\"async\" class=\"aligncenter size-full wp-image-10353\" src=\"https:\/\/i0.wp.com\/www.fabriceeulry-laboutique.com\/blog\/wp-content\/uploads\/2018\/02\/SAINT-GENIS-AFFICHE.png?resize=451%2C635\" alt=\"SAINT GENIS AFFICHE\" width=\"451\" height=\"635\" srcset=\"https:\/\/i0.wp.com\/www.fabriceeulry-laboutique.com\/blog\/wp-content\/uploads\/2018\/02\/SAINT-GENIS-AFFICHE.png?w=451 451w, https:\/\/i0.wp.com\/www.fabriceeulry-laboutique.com\/blog\/wp-content\/uploads\/2018\/02\/SAINT-GENIS-AFFICHE.png?resize=213%2C300 213w, https:\/\/i0.wp.com\/www.fabriceeulry-laboutique.com\/blog\/wp-content\/uploads\/2018\/02\/SAINT-GENIS-AFFICHE.png?resize=300%2C422 300w\" sizes=\"auto, (max-width: 451px) 100vw, 451px\" \/><\/a><\/div>\n<div id=\"yiv1289698246yui_3_16_0_1_1517852851254_40410\"><\/div>\n<div id=\"yiv1289698246yui_3_16_0_1_1517852851254_40412\" dir=\"ltr\">\n<h3 id=\"yiv1289698246yui_3_16_0_1_1517852851254_40413\"><span id=\"yiv1289698246yui_3_16_0_1_1517852851254_40414\"><span id=\"yiv1289698246yui_3_16_0_1_1517852851254_40415\">R\u00e9servations en ligne :<\/span><span id=\"yiv1289698246yui_3_16_0_1_1517852851254_40416\">\u00a0<a id=\"yiv1289698246yui_3_16_0_1_1517852851254_40417\" href=\"http:\/\/www.weeevent.com\/fabrice-eulry-philharmonique\" target=\"_blank\" rel=\"nofollow\" shape=\"rect\">http:\/\/www.weeevent.com\/fabrice-eulry-philharmonique<\/a><\/span><\/span><\/h3>\n<div id=\"yiv1289698246yui_3_16_0_1_1517852851254_40418\"><span id=\"yiv1289698246yui_3_16_0_1_1517852851254_40419\"><b><span id=\"yiv1289698246yui_3_16_0_1_1517852851254_40420\">R\u00e9servations par courriel :\u00a0<\/span><a id=\"yiv1289698246yui_3_16_0_1_1517852851254_40421\" href=\"http:\/\/milana.v75@gmail.com\/\" target=\"_blank\" rel=\"nofollow\" shape=\"rect\">milana.v75@gmail.com<\/a><\/b><\/span><\/div>\n<div id=\"yiv1289698246yui_3_16_0_1_1517852851254_40418\"><\/div>\n<\/div>\n<div id=\"yiv1289698246yui_3_16_0_1_1517852851254_40422\" dir=\"ltr\"><span id=\"yiv1289698246yui_3_16_0_1_1517852851254_40423\"><strong id=\"yiv1289698246yui_3_16_0_1_1517852851254_40424\"><span id=\"yiv1289698246yui_3_16_0_1_1517852851254_40425\">&#8212;&#8212;&#8212;&#8212;&#8212;&#8212;&#8212;&#8212;&#8212;&#8212;&#8212;&#8212;&#8212;&#8212;&#8212;&#8212;&#8212;&#8212;&#8212;&#8212;&#8212;&#8212;&#8212;&#8212;&#8212;&#8212;&#8212;&#8212;&#8212;&#8212;&#8212;&#8212;-<\/span><\/strong><\/span><\/div>\n<div id=\"yiv1289698246yui_3_16_0_1_1517852851254_40426\" dir=\"ltr\"><span id=\"yiv1289698246yui_3_16_0_1_1517852851254_40427\"><strong id=\"yiv1289698246yui_3_16_0_1_1517852851254_40428\">\u00a0<\/strong><\/span><\/div>\n<div id=\"yiv1289698246yui_3_16_0_1_1517852851254_40429\" dir=\"ltr\"><span id=\"yiv1289698246yui_3_16_0_1_1517852851254_40430\"><strong id=\"yiv1289698246yui_3_16_0_1_1517852851254_40431\">vendredi 16 mars \u00e0 Saint-Geniez d&rsquo;Olt (Aveyron)<\/strong><\/span><\/div>\n<div id=\"yiv1289698246yui_3_16_0_1_1517852851254_40429\" dir=\"ltr\"><\/div>\n<h3 id=\"yiv1289698246yui_3_16_0_1_1517852851254_40432\"><span id=\"yiv1289698246yui_3_16_0_1_1517852851254_40433\"><a id=\"yiv1289698246yui_3_16_0_1_1517852851254_40434\" href=\"https:\/\/i0.wp.com\/www.fabriceeulry-laboutique.com\/blog\/wp-content\/uploads\/2018\/01\/dolt.png\" target=\"_blank\" rel=\"nofollow\" shape=\"rect\"><img data-recalc-dims=\"1\" loading=\"lazy\" decoding=\"async\" id=\"yiv1289698246yui_3_16_0_1_1517852851254_40435\" class=\"yiv1289698246\" src=\"https:\/\/i0.wp.com\/www.fabriceeulry-laboutique.com\/blog\/wp-content\/uploads\/2018\/01\/dolt.png?resize=558%2C255\" alt=\"dolt\" width=\"558\" height=\"255\" data-id=\"873535fd-d336-bc89-103e-ae83b89f05fe\" \/><\/a><\/span><\/h3>\n<div id=\"yiv1289698246yui_3_16_0_1_1517935151922_110451\"><a href=\"https:\/\/i0.wp.com\/www.fabriceeulry-laboutique.com\/blog\/wp-content\/uploads\/2018\/02\/AFFICHE-ST-GENIEZ.png\"><img data-recalc-dims=\"1\" loading=\"lazy\" decoding=\"async\" class=\"aligncenter size-large wp-image-10413\" src=\"https:\/\/i0.wp.com\/www.fabriceeulry-laboutique.com\/blog\/wp-content\/uploads\/2018\/02\/AFFICHE-ST-GENIEZ.png?resize=640%2C360\" alt=\"AFFICHE ST GENIEZ\" width=\"640\" height=\"360\" srcset=\"https:\/\/i0.wp.com\/www.fabriceeulry-laboutique.com\/blog\/wp-content\/uploads\/2018\/02\/AFFICHE-ST-GENIEZ.png?resize=1024%2C577 1024w, https:\/\/i0.wp.com\/www.fabriceeulry-laboutique.com\/blog\/wp-content\/uploads\/2018\/02\/AFFICHE-ST-GENIEZ.png?resize=300%2C169 300w, https:\/\/i0.wp.com\/www.fabriceeulry-laboutique.com\/blog\/wp-content\/uploads\/2018\/02\/AFFICHE-ST-GENIEZ.png?resize=768%2C432 768w, https:\/\/i0.wp.com\/www.fabriceeulry-laboutique.com\/blog\/wp-content\/uploads\/2018\/02\/AFFICHE-ST-GENIEZ.png?w=1275 1275w\" sizes=\"auto, (max-width: 640px) 100vw, 640px\" \/><\/a><\/div>\n<div id=\"yiv1289698246yui_3_16_0_1_1517935151922_110570\"><\/div>\n<div id=\"yiv1289698246yui_3_16_0_1_1517935151922_110520\"><\/div>\n<div id=\"yiv1289698246yui_3_16_0_1_1517852851254_40436\" dir=\"ltr\" data-setdir=\"false\"><span id=\"yiv1289698246yui_3_16_0_1_1517852851254_40437\"><b id=\"yui_3_16_0_1_1518124087492_44767\"><span id=\"yiv1289698246yui_3_16_0_1_1517852851254_40438\">R\u00e9servations par courriel :\u00a0<\/span><a id=\"yiv1289698246yui_3_16_0_1_1517852851254_40439\" href=\"http:\/\/milana.v75@gmail.com\/\" target=\"_blank\" rel=\"nofollow\" shape=\"rect\">milana.v75@gmail.com<\/a>\u00a0<\/b><\/span><\/div>\n<div id=\"yiv1289698246yui_3_16_0_1_1517852851254_40436\" dir=\"ltr\" data-setdir=\"false\"><b>\u00a0<\/b><\/div>\n<div id=\"yiv1289698246yui_3_16_0_1_1517852851254_40436\" dir=\"ltr\" data-setdir=\"false\"><span id=\"yui_3_16_0_1_1518124087492_45305\">Points de vente :\u00a0<\/span><\/div>\n<div id=\"yiv1289698246yui_3_16_0_1_1517852851254_40436\" dir=\"ltr\" data-setdir=\"false\"><\/div>\n<div id=\"yiv1289698246yui_3_16_0_1_1517852851254_40436\" dir=\"ltr\" data-setdir=\"false\"><span id=\"yui_3_16_0_1_1518124087492_45343\">librairie Pont-virgule \u00e0 Espalion, \u00a0<\/span><\/div>\n<div id=\"yiv1289698246yui_3_16_0_1_1517852851254_40436\" dir=\"ltr\" data-setdir=\"false\"><b>\u00a0<\/b><\/div>\n<div id=\"yiv1289698246yui_3_16_0_1_1517852851254_40436\" dir=\"ltr\" data-setdir=\"false\"><b id=\"yui_3_16_0_1_1518124087492_45205\"><span id=\"yui_3_16_0_1_1518124087492_45809\" style=\"font-family: garamond, 'new york', times, serif;\">du mardi au samedi de 9h30 \u00e0 12h30 et de 14h \u00e0 19h<\/span><\/b><\/div>\n<div id=\"yiv1289698246yui_3_16_0_1_1517852851254_40436\" dir=\"ltr\" data-setdir=\"false\"><b>\u00a0<\/b><\/div>\n<div id=\"yiv1289698246yui_3_16_0_1_1517852851254_40436\" dir=\"ltr\" data-setdir=\"false\"><b>\u00a0<\/b><\/div>\n<div id=\"yiv1289698246yui_3_16_0_1_1517852851254_40436\" dir=\"ltr\" data-setdir=\"false\"><b>\u00a0<\/b><\/div>\n<div id=\"yiv1289698246yui_3_16_0_1_1517852851254_40436\" dir=\"ltr\" data-setdir=\"false\"><span id=\"yui_3_16_0_1_1518124087492_45452\">Office de tourisme de Saint-Geniez d&rsquo;Olt<\/span><span id=\"yui_3_16_0_1_1518124087492_45584\" style=\"color: #333333; font-family: Georgia, 'Times New Roman', 'Bitstream Charter', Times, serif; font-size: medium;\">\u00a0<\/span><\/div>\n<div id=\"yiv1289698246yui_3_16_0_1_1517852851254_40436\" dir=\"ltr\" data-setdir=\"false\"><span id=\"yui_3_16_0_1_1518124087492_45680\" style=\"font-family: garamond, 'new york', times, serif; font-size: medium;\"><b id=\"yui_3_16_0_1_1518124087492_45679\">Le clo\u00eetre 12 130 Saint-Geniez d&rsquo;Olt<\/b><\/span><\/div>\n<div id=\"yiv1289698246yui_3_16_0_1_1517852851254_40436\" dir=\"ltr\" data-setdir=\"false\"><b id=\"yui_3_16_0_1_1518124087492_46175\"><span id=\"yui_3_16_0_1_1518124087492_46080\">\u00a0 \u00a0 du 8 janvier au d\u00e9but des vacances de f\u00e9vrier : \u00a0<\/span><\/b><\/div>\n<div id=\"yui_3_16_0_1_1518124087492_46198\"><b id=\"yui_3_16_0_1_1518124087492_46175\">du lundi au vendredi : 9h &#8211; 12h et de 14h \u00e0 17h<\/b><\/div>\n<div id=\"yui_3_16_0_1_1518124087492_46580\"><b id=\"yui_3_16_0_1_1518124087492_46175\">samedi : 9h &#8211; 12h et 14h30 &#8211; 17h30<\/b><\/div>\n<div id=\"yui_3_16_0_1_1518124087492_46236\"><b id=\"yui_3_16_0_1_1518124087492_46181\"><span id=\"yui_3_16_0_1_1518124087492_46085\">\u00e0 partir des vacances de f\u00e9vrier jusqu&rsquo;au 30 avril : \u00a0<\/span><\/b><\/div>\n<div id=\"yui_3_16_0_1_1518124087492_46235\"><b id=\"yui_3_16_0_1_1518124087492_46181\">du lundi au vendredi : 9h &#8211; 12h \/ 14h &#8211; 17h30<\/b><\/div>\n<p id=\"yui_3_16_0_1_1518124087492_46087\"><b id=\"yui_3_16_0_1_1518124087492_46180\">samedi : 9h &#8211; 12h et 14h30 &#8211; 17h30<\/b><\/p>\n<div id=\"yiv1289698246yui_3_16_0_1_1517852851254_40436\" dir=\"ltr\" data-setdir=\"false\">&#8212;&#8212;&#8212;&#8212;&#8212;&#8212;&#8212;&#8212;&#8212;&#8212;&#8212;&#8212;&#8212;&#8212;&#8212;&#8212;&#8212;&#8212;&#8212;&#8212;&#8212;&#8212;&#8212;<\/div>\n<\/div>\n<h3 id=\"yiv1289698246yui_3_16_0_1_1517683899961_20293\"><strong id=\"yiv1289698246yui_3_16_0_1_1517683899961_20294\">samedi 17 mars \u00e0 l&rsquo;\u00e9glise d&rsquo;Espalion (Aveyron)<\/strong><\/h3>\n<h3 id=\"yiv1289698246yui_3_16_0_1_1517683899961_20295\"><a id=\"yiv1289698246yui_3_16_0_1_1517683899961_20296\" href=\"https:\/\/i0.wp.com\/www.fabriceeulry-laboutique.com\/blog\/wp-content\/uploads\/2018\/01\/eglise-espalion.png\" target=\"_blank\" rel=\"nofollow\" shape=\"rect\"><img data-recalc-dims=\"1\" loading=\"lazy\" decoding=\"async\" id=\"yiv1289698246yui_3_16_0_1_1517683899961_20297\" class=\"yiv1289698246\" src=\"https:\/\/i0.wp.com\/www.fabriceeulry-laboutique.com\/blog\/wp-content\/uploads\/2018\/01\/eglise-espalion.png?resize=258%2C382\" alt=\"eglise espalion\" width=\"258\" height=\"382\" data-id=\"04c446a1-3560-0bfd-307e-1cfcec576645\" \/><\/a><\/h3>\n<h3 id=\"yiv1289698246yui_3_16_0_1_1517683899961_20298\"><\/h3>\n<h3 id=\"yiv1289698246yui_3_16_0_1_1517683899961_20300\"><\/h3>\n<div id=\"yiv1289698246yui_3_16_0_1_1517683899961_22321\"><span id=\"yiv1289698246yui_3_16_0_1_1517683899961_22322\">R\u00e9servations par courriel :\u00a0<\/span><a id=\"yiv1289698246yui_3_16_0_1_1517683899961_22323\" href=\"http:\/\/milana.v75@gmail.com\/\" target=\"_blank\" rel=\"nofollow\" shape=\"rect\">milana.v75@gmail.com<\/a><\/div>\n<div id=\"yiv1289698246yui_3_16_0_1_1517683899961_22324\"><\/div>\n<div id=\"yiv1289698246yui_3_16_0_1_1517683899961_22326\" dir=\"ltr\">Point de vente : librairie Pont-virgule \u00e0 Espalion<\/div>\n<div id=\"yiv1289698246yui_3_16_0_1_1517683899961_22326\" dir=\"ltr\" data-setdir=\"false\"><span id=\"yui_3_16_0_1_1518124087492_44896\"><b id=\"yui_3_16_0_1_1518124087492_45024\">\u00a0du mardi au samedi de 9h30 \u00e0 12h30 et de 14h \u00e0 19h<\/b><\/span><\/div>\n<div id=\"yiv1289698246yui_3_16_0_1_1517683899961_22326\" dir=\"ltr\">&#8212;&#8212;&#8212;&#8212;&#8212;&#8212;&#8212;&#8212;&#8212;&#8212;&#8212;&#8212;&#8212;&#8212;&#8212;&#8212;&#8212;&#8212;-<\/div>\n<h3 id=\"yiv1289698246yui_3_16_0_1_1517683899961_20302\"><strong id=\"yiv1289698246yui_3_16_0_1_1517683899961_20303\">dimanche 18 mars \u00e0 Rodez\u00a0<\/strong><\/h3>\n<h3 id=\"yiv1289698246yui_3_16_0_1_1517683899961_20304\"><strong id=\"yiv1289698246yui_3_16_0_1_1517683899961_20305\">(Aveyron : salle La Baleine Onet le Ch\u00e2teau : 15 heures attention \u00e0\u00a0l&rsquo;horaire !)<\/strong><\/h3>\n<div id=\"yiv1289698246yui_3_16_0_1_1517683899961_22470\" dir=\"ltr\">&#8212;&#8212;&#8212;&#8212;&#8212;&#8212;&#8212;&#8212;&#8212;&#8212;&#8212;&#8212;&#8212;&#8212;&#8212;&#8212;&#8212;&#8212;&#8212;&#8212;<\/div>\n<h3 id=\"yiv1289698246yui_3_16_0_1_1517683899961_20308\">Lundi 19 mars<\/h3>\n<h3 id=\"yiv1289698246yui_3_16_0_1_1517683899961_20309\">Salle Fran\u00e7ois Mitterand CARMAUX (Tarn)<\/h3>\n<div id=\"yiv1289698246yui_3_16_0_1_1517683899961_22515\"><span id=\"yiv1289698246yui_3_16_0_1_1517683899961_22516\">R\u00e9servations par courriel :\u00a0<\/span><a id=\"yiv1289698246yui_3_16_0_1_1517683899961_22517\" href=\"http:\/\/milana.v75@gmail.com\/\" target=\"_blank\" rel=\"nofollow\" shape=\"rect\">milana.v75@gmail.com<\/a><\/div>\n<div id=\"yiv1289698246yui_3_16_0_1_1517683899961_22518\"><\/div>\n<div id=\"yiv1289698246yui_3_16_0_1_1517683899961_20310\" dir=\"ltr\"><span id=\"yiv1289698246yui_3_16_0_1_1517683899961_22520\">Point de vente : Office de tourisme de Carmaux, Place Gambetta.<\/span><\/div>\n<\/div>\n<\/div>\n<\/div>\n<\/div>\n<\/div>\n<\/div>\n<div dir=\"ltr\" style=\"text-align: center;\"><\/div>\n<div dir=\"ltr\" style=\"text-align: center;\"><\/div>\n<div id=\"yiv6975056021m_-2286016817017641380yui_3_16_0_1_1517683899961_32313\" dir=\"ltr\" style=\"text-align: center;\"><strong><span id=\"yiv6975056021m_-2286016817017641380yui_3_16_0_1_1517683899961_32314\" style=\"color: #000000;\">&#8212;&#8212;&#8212;&#8212;&#8212;&#8212;&#8212;&#8212;&#8212;&#8212;&#8212;&#8212;&#8212;&#8212;&#8212;&#8212;&#8212;&#8212;&#8212;&#8212;&#8212;&#8212;&#8212;&#8212;&#8212;&#8212;-<\/span><\/strong><\/div>\n<div id=\"yiv6975056021m_-2286016817017641380yui_3_16_0_1_1517683899961_32315\" dir=\"ltr\" style=\"text-align: center;\"><strong><span id=\"yiv6975056021m_-2286016817017641380yui_3_16_0_1_1517683899961_32316\" style=\"color: #000000;\">Mardi 20 mars<\/span><\/strong><\/div>\n<h3 id=\"yiv6975056021m_-2286016817017641380yui_3_16_0_1_1517683899961_32318\" style=\"text-align: center;\"><strong><span style=\"color: #000000;\">Paris : Auditorium de la mairie du V\u00e8me<\/span><\/strong><\/h3>\n<h3 id=\"yiv6975056021m_-2286016817017641380yui_3_16_0_1_1517683899961_32319\" style=\"text-align: center;\"><strong><span id=\"yiv6975056021m_-2286016817017641380yui_3_16_0_1_1517683899961_32320\" style=\"color: #000000;\">&#8211; \u00c0 CONFIRMER-<\/span><\/strong><\/h3>\n<h2 style=\"text-align: center;\"><\/h2>\n<h2 style=\"text-align: center;\"><span style=\"color: #000000;\"><strong>Concerto N\u00b0 1 en DO# mineur &#8211; Fabrice Eulry<\/strong><\/span><\/h2>\n<div>\n<p style=\"text-align: center;\"><span style=\"color: #000000;\"><a style=\"color: #000000;\" href=\"http:\/\/www.fabriceeulry.com\/discographie.html\"><img data-recalc-dims=\"1\" decoding=\"async\" src=\"https:\/\/i0.wp.com\/www.fabriceeulry.com\/images\/cd\/pochette-concerto.png?w=640\" alt=\"Concerto en DO di\u00e8se mineur\" \/><\/a>\u00a0<em>cliquez sur l&rsquo;image pour \u00e9couter des extraits et le commander<\/em><\/span><\/p>\n<\/div>\n","protected":false},"excerpt":{"rendered":"<p>Cliquez sur l&rsquo;image pour visionner : l&rsquo;entrevue avec Anne Brassi\u00e9 d\u00e9marre \u00e0 44&rsquo;16 : On y parle de la tourn\u00e9e philharmonique du mois de mars, et l&rsquo;on constatera que depuis l&rsquo;\u00e9mission, le calendrier a sensiblement \u00e9volu\u00e9 : mercredi 7 mars &hellip; <a href=\"http:\/\/www.fabriceeulry-laboutique.com\/blog\/?p=10226\">Continuer la lecture <span class=\"meta-nav\">&rarr;<\/span><\/a><\/p>\n","protected":false},"author":2,"featured_media":0,"comment_status":"open","ping_status":"open","sticky":false,"template":"","format":"standard","meta":{"jetpack_post_was_ever_published":false,"_jetpack_newsletter_access":"","_jetpack_dont_email_post_to_subs":true,"_jetpack_newsletter_tier_id":0,"_jetpack_memberships_contains_paywalled_content":false,"_jetpack_memberships_contains_paid_content":false,"footnotes":"","jetpack_publicize_message":"","jetpack_publicize_feature_enabled":true,"jetpack_social_post_already_shared":true,"jetpack_social_options":{"image_generator_settings":{"template":"highway","default_image_id":0,"font":"","enabled":false},"version":2}},"categories":[1],"tags":[26],"class_list":["post-10226","post","type-post","status-publish","format-standard","hentry","category-non-classe","tag-televisions"],"jetpack_publicize_connections":[],"jetpack_featured_media_url":"","jetpack_sharing_enabled":true,"jetpack_shortlink":"https:\/\/wp.me\/p2D6dI-2EW","jetpack_likes_enabled":true,"jetpack-related-posts":[{"id":5500,"url":"http:\/\/www.fabriceeulry-laboutique.com\/blog\/?p=5500","url_meta":{"origin":10226,"position":0},"title":"LES MELODIES PUBLICITAIRES ET LEUR IMPACT","author":"Le Canard du pianiste","date":"21 ao\u00fbt 2014","format":false,"excerpt":"Les m\u00e9lodies publicitaires & leur impact sur notre cerveau Les m\u00e9lodies publicitaires & leur impact sur notre cerveau Les\u00a0m\u00e9lodies publicitaires & leur impact sur notre cerveau Les\u00a0m\u00e9lodies publicitaires & leur impact sur notre cerveau Les\u00a0m\u00e9lodies publicitaires & leur impact sur notre cerveau Les\u00a0m\u00e9lodies publicitaires & leur impact sur notre cerveau\u2026","rel":"","context":"Dans &quot;Non class\u00e9&quot;","block_context":{"text":"Non class\u00e9","link":"http:\/\/www.fabriceeulry-laboutique.com\/blog\/?cat=1"},"img":{"alt_text":"","src":"https:\/\/i0.wp.com\/www.fabriceeulry-laboutique.com\/blog\/wp-content\/uploads\/2014\/08\/Pub-1.jpg?resize=350%2C200","width":350,"height":200,"srcset":"https:\/\/i0.wp.com\/www.fabriceeulry-laboutique.com\/blog\/wp-content\/uploads\/2014\/08\/Pub-1.jpg?resize=350%2C200 1x, https:\/\/i0.wp.com\/www.fabriceeulry-laboutique.com\/blog\/wp-content\/uploads\/2014\/08\/Pub-1.jpg?resize=525%2C300 1.5x, https:\/\/i0.wp.com\/www.fabriceeulry-laboutique.com\/blog\/wp-content\/uploads\/2014\/08\/Pub-1.jpg?resize=700%2C400 2x"},"classes":[]},{"id":6796,"url":"http:\/\/www.fabriceeulry-laboutique.com\/blog\/?p=6796","url_meta":{"origin":10226,"position":1},"title":"FABRICE EULRY ET JACKY MILLIET SUR LA RADIO SUISSE ROMANDE","author":"Le Canard du pianiste","date":"26 avril 2015","format":false,"excerpt":"Cliquez sur l'image du duo pour \u00e9couter l'\u00e9mission \u00a0CONNAITRE ET ECOUTER TOUTE LA DISCOGRAPHIE DE FABRICE EULRY ET JACKY MILLIET \u00a0\u00a0 \u00a0 \u00a0\u00a0\u00a0 \u00a0\u00a0\u00a0cliquez sur les pochettes de disque Sur le dernier disque les versions longues et compl\u00e8tes des deux morceaux jou\u00e9s sur la radio suisse : Si vous partez\u2026","rel":"","context":"Dans &quot;Non class\u00e9&quot;","block_context":{"text":"Non class\u00e9","link":"http:\/\/www.fabriceeulry-laboutique.com\/blog\/?cat=1"},"img":{"alt_text":"corbeil-1","src":"https:\/\/i0.wp.com\/www.on-mag.fr\/images\/stories\/2011\/07\/corbeil-1.jpg?resize=350%2C200","width":350,"height":200,"srcset":"https:\/\/i0.wp.com\/www.on-mag.fr\/images\/stories\/2011\/07\/corbeil-1.jpg?resize=350%2C200 1x, https:\/\/i0.wp.com\/www.on-mag.fr\/images\/stories\/2011\/07\/corbeil-1.jpg?resize=525%2C300 1.5x"},"classes":[]},{"id":6719,"url":"http:\/\/www.fabriceeulry-laboutique.com\/blog\/?p=6719","url_meta":{"origin":10226,"position":2},"title":"1\u00e8re Partie \u00e0 L&rsquo;OLYMPIA : LA  REPONSE :","author":"Le Canard du pianiste","date":"13 avril 2015","format":false,"excerpt":"ELIZABETH SOMBART (cliquez sur son portrait pour acc\u00e9der \u00e0 son site) L'heureux\u00a0gagnant du concours est : Alain C... (Templeuve) ! Et dans quelques heures en exclusivit\u00e9 sur Le Canard du pianiste, des pr\u00e9cisions sur la prestation d'Elizabeth Sombart \u00e0 L'Olympia... \u00a0LE 10 SEPTEMBRE 2015 D\u00e9p\u00eachez-vous \u00a0! La souscription est termin\u00e9e\u2026","rel":"","context":"Dans &quot;Non class\u00e9&quot;","block_context":{"text":"Non class\u00e9","link":"http:\/\/www.fabriceeulry-laboutique.com\/blog\/?cat=1"},"img":{"alt_text":"","src":"https:\/\/i0.wp.com\/www.fabriceeulry-laboutique.com\/blog\/wp-content\/uploads\/2015\/04\/elizabeth-portrait-.jpg?resize=350%2C200","width":350,"height":200,"srcset":"https:\/\/i0.wp.com\/www.fabriceeulry-laboutique.com\/blog\/wp-content\/uploads\/2015\/04\/elizabeth-portrait-.jpg?resize=350%2C200 1x, https:\/\/i0.wp.com\/www.fabriceeulry-laboutique.com\/blog\/wp-content\/uploads\/2015\/04\/elizabeth-portrait-.jpg?resize=525%2C300 1.5x"},"classes":[]},{"id":2906,"url":"http:\/\/www.fabriceeulry-laboutique.com\/blog\/?p=2906","url_meta":{"origin":10226,"position":3},"title":"RUFUS THOMAS 1917-2001","author":"Le Canard du pianiste","date":"17 juin 2013","format":false,"excerpt":"Vous \u00eates en 1972. Les Afro-am\u00e9ricains n'ont encore ni ob\u00e9sit\u00e9 sur le ventre ni cr\u00e9dit sur le dos, ils sont libres dans leur t\u00eate. Admirez-les en train de danser sur la musique de Rufus Thomas. Cliquez sur l'image pour visionner L'album le plus soul de Fabrice Eulry\u00a0\u00a0\u00a0\u00a0Paris Jook","rel":"","context":"Dans &quot;Non class\u00e9&quot;","block_context":{"text":"Non class\u00e9","link":"http:\/\/www.fabriceeulry-laboutique.com\/blog\/?cat=1"},"img":{"alt_text":"","src":"https:\/\/i0.wp.com\/www.fabriceeulry-laboutique.com\/blog\/wp-content\/uploads\/2013\/06\/rufus.png?resize=350%2C200","width":350,"height":200},"classes":[]},{"id":12857,"url":"http:\/\/www.fabriceeulry-laboutique.com\/blog\/?p=12857","url_meta":{"origin":10226,"position":4},"title":"BOOGIE SUR DEUX PIANOS DE CONCERT","author":"Le Canard du pianiste","date":"5 f\u00e9vrier 2024","format":false,"excerpt":"Si le boogie-woogie permet d'improviser sur des bastringues, sur deux pianos en m\u00eame temps, ou \u00e0 deux pianistes sur un seul piano, il permet aussi plus simplement d'improviser sur deux bons pianos de concert... ? Si si ! Cela sonne tr\u00e8s bien aussi ! Ici des extraits de deux concerts\u2026","rel":"","context":"Dans &quot;Non class\u00e9&quot;","block_context":{"text":"Non class\u00e9","link":"http:\/\/www.fabriceeulry-laboutique.com\/blog\/?cat=1"},"img":{"alt_text":"","src":"https:\/\/i0.wp.com\/img.youtube.com\/vi\/Fu4CX8l-BxI\/0.jpg?resize=350%2C200","width":350,"height":200},"classes":[]},{"id":7771,"url":"http:\/\/www.fabriceeulry-laboutique.com\/blog\/?p=7771","url_meta":{"origin":10226,"position":5},"title":"FABRICE EULRY SUR RTS","author":"Le Canard du pianiste","date":"28 octobre 2015","format":false,"excerpt":"Fabrice Eulry sur\u00a0 On y entend avant une entrevue d'une dizaine de minutes, une version d'Isabelle madison enregistr\u00e9e en direct. Cette photo fut prise pendant l'enregistrement de l'\u00e9mission :\u00a9 Photo Julie Traou\u00ebn Cette \u00e9mission annon\u00e7ait le concert en piano solo : La version orchestrale d'Isabelle madison et 12 autres titres\u2026","rel":"","context":"Dans &quot;Non class\u00e9&quot;","block_context":{"text":"Non class\u00e9","link":"http:\/\/www.fabriceeulry-laboutique.com\/blog\/?cat=1"},"img":{"alt_text":"rts","src":"https:\/\/i0.wp.com\/www.fabriceeulry-laboutique.com\/blog\/wp-content\/uploads\/2015\/10\/rts-.jpg?resize=350%2C200","width":350,"height":200},"classes":[]}],"_links":{"self":[{"href":"http:\/\/www.fabriceeulry-laboutique.com\/blog\/index.php?rest_route=\/wp\/v2\/posts\/10226","targetHints":{"allow":["GET"]}}],"collection":[{"href":"http:\/\/www.fabriceeulry-laboutique.com\/blog\/index.php?rest_route=\/wp\/v2\/posts"}],"about":[{"href":"http:\/\/www.fabriceeulry-laboutique.com\/blog\/index.php?rest_route=\/wp\/v2\/types\/post"}],"author":[{"embeddable":true,"href":"http:\/\/www.fabriceeulry-laboutique.com\/blog\/index.php?rest_route=\/wp\/v2\/users\/2"}],"replies":[{"embeddable":true,"href":"http:\/\/www.fabriceeulry-laboutique.com\/blog\/index.php?rest_route=%2Fwp%2Fv2%2Fcomments&post=10226"}],"version-history":[{"count":12,"href":"http:\/\/www.fabriceeulry-laboutique.com\/blog\/index.php?rest_route=\/wp\/v2\/posts\/10226\/revisions"}],"predecessor-version":[{"id":10444,"href":"http:\/\/www.fabriceeulry-laboutique.com\/blog\/index.php?rest_route=\/wp\/v2\/posts\/10226\/revisions\/10444"}],"wp:attachment":[{"href":"http:\/\/www.fabriceeulry-laboutique.com\/blog\/index.php?rest_route=%2Fwp%2Fv2%2Fmedia&parent=10226"}],"wp:term":[{"taxonomy":"category","embeddable":true,"href":"http:\/\/www.fabriceeulry-laboutique.com\/blog\/index.php?rest_route=%2Fwp%2Fv2%2Fcategories&post=10226"},{"taxonomy":"post_tag","embeddable":true,"href":"http:\/\/www.fabriceeulry-laboutique.com\/blog\/index.php?rest_route=%2Fwp%2Fv2%2Ftags&post=10226"}],"curies":[{"name":"wp","href":"https:\/\/api.w.org\/{rel}","templated":true}]}}