{"id":10285,"date":"2018-02-08T03:44:41","date_gmt":"2018-02-08T03:44:41","guid":{"rendered":"http:\/\/www.fabriceeulry-laboutique.com\/blog\/?p=10285"},"modified":"2018-12-12T00:31:20","modified_gmt":"2018-12-12T00:31:20","slug":"hommage-a-guillaume-perrot-en-orchestre-philharmonique","status":"publish","type":"post","link":"http:\/\/www.fabriceeulry-laboutique.com\/blog\/?p=10285","title":{"rendered":"HOMMAGE \u00c0 GUILLAUME PERROT EN ORCHESTRE PHILHARMONIQUE"},"content":{"rendered":"<h2 style=\"text-align: center;\"><strong><span style=\"color: #000000;\">Un nouveau concert en m\u00e9moire du pianiste<\/span> <a href=\"http:\/\/www.fabriceeulry-laboutique.com\/blog\/?p=3416\">Guillaume Perrot<\/a> :<\/strong><\/h2>\n<h2><span style=\"color: #000000;\"><a style=\"color: #000000;\" href=\"https:\/\/i0.wp.com\/www.fabriceeulry-laboutique.com\/blog\/wp-content\/uploads\/2013\/10\/Guillaume-B.jpg\"><img data-recalc-dims=\"1\" loading=\"lazy\" decoding=\"async\" class=\"size-medium wp-image-3583 aligncenter\" title=\"Guillaume B\" src=\"https:\/\/i0.wp.com\/www.fabriceeulry-laboutique.com\/blog\/wp-content\/uploads\/2013\/10\/Guillaume-B.jpg?resize=300%2C212\" alt=\"\" width=\"300\" height=\"212\" srcset=\"https:\/\/i0.wp.com\/www.fabriceeulry-laboutique.com\/blog\/wp-content\/uploads\/2013\/10\/Guillaume-B.jpg?resize=300%2C212 300w, https:\/\/i0.wp.com\/www.fabriceeulry-laboutique.com\/blog\/wp-content\/uploads\/2013\/10\/Guillaume-B.jpg?w=564 564w\" sizes=\"auto, (max-width: 300px) 100vw, 300px\" \/><\/a><\/span><\/h2>\n<p>&nbsp;<\/p>\n<p><a href=\"https:\/\/i0.wp.com\/www.fabriceeulry-laboutique.com\/blog\/wp-content\/uploads\/2018\/02\/lespinasse-1.png\"><img data-recalc-dims=\"1\" loading=\"lazy\" decoding=\"async\" class=\"aligncenter size-full wp-image-10288\" src=\"https:\/\/i0.wp.com\/www.fabriceeulry-laboutique.com\/blog\/wp-content\/uploads\/2018\/02\/lespinasse-1.png?resize=640%2C319\" alt=\"lespinasse\" width=\"640\" height=\"319\" srcset=\"https:\/\/i0.wp.com\/www.fabriceeulry-laboutique.com\/blog\/wp-content\/uploads\/2018\/02\/lespinasse-1.png?w=969 969w, https:\/\/i0.wp.com\/www.fabriceeulry-laboutique.com\/blog\/wp-content\/uploads\/2018\/02\/lespinasse-1.png?resize=300%2C150 300w, https:\/\/i0.wp.com\/www.fabriceeulry-laboutique.com\/blog\/wp-content\/uploads\/2018\/02\/lespinasse-1.png?resize=768%2C383 768w\" sizes=\"auto, (max-width: 640px) 100vw, 640px\" \/><\/a><\/p>\n<p>&nbsp;<\/p>\n<p style=\"text-align: center;\"><em>Cliquez sur l&rsquo;affiche pour avoir plus de pr\u00e9cisions sur<\/em> <a href=\"http:\/\/www.loire.fr\/jcms\/9422_DBEvenement\/concert-fabrice-eulry-et-l-orchestre-philharmonique-de-kharkov\">Loire.fr<\/a><\/p>\n<h2 style=\"text-align: center;\"><span style=\"color: #000000;\"><strong>L&rsquo;accueil du prestigieux orchestre ukrainien pour cet \u00e9v\u00e8nement est rendu possible par l&rsquo;association boogiewooguillaume et la charmante petite commune de Saint-Germain Lespinasse<\/strong><\/span><\/h2>\n<p><span style=\"color: #000000;\"><a style=\"color: #000000;\" href=\"https:\/\/i0.wp.com\/www.fabriceeulry-laboutique.com\/blog\/wp-content\/uploads\/2018\/01\/lespinasse.png\"><img data-recalc-dims=\"1\" loading=\"lazy\" decoding=\"async\" class=\"aligncenter size-full wp-image-10097\" src=\"https:\/\/i0.wp.com\/www.fabriceeulry-laboutique.com\/blog\/wp-content\/uploads\/2018\/01\/lespinasse.png?resize=449%2C227\" alt=\"lespinasse\" width=\"449\" height=\"227\" srcset=\"https:\/\/i0.wp.com\/www.fabriceeulry-laboutique.com\/blog\/wp-content\/uploads\/2018\/01\/lespinasse.png?w=449 449w, https:\/\/i0.wp.com\/www.fabriceeulry-laboutique.com\/blog\/wp-content\/uploads\/2018\/01\/lespinasse.png?resize=300%2C152 300w\" sizes=\"auto, (max-width: 449px) 100vw, 449px\" \/><\/a><\/span><\/p>\n<h3 style=\"text-align: center;\"><span style=\"color: #000000;\"><strong>&#8230; dans laquelle habitait Guillaume Perrot <\/strong><\/span><\/h3>\n<h3 style=\"text-align: center;\"><span style=\"color: #000000;\"><em>(cliquez sur le blason qui rappelle \u00e9trangement les couleurs nationales de l&rsquo;Ukraine pour acc\u00e9der au site de Saint-Germain Lespinasse)<\/em>.<\/span><\/h3>\n<p>&nbsp;<\/p>\n<p><a href=\"https:\/\/i0.wp.com\/www.fabriceeulry-laboutique.com\/blog\/wp-content\/uploads\/2018\/02\/lesp.png\"><img data-recalc-dims=\"1\" loading=\"lazy\" decoding=\"async\" class=\"aligncenter size-full wp-image-10289\" src=\"https:\/\/i0.wp.com\/www.fabriceeulry-laboutique.com\/blog\/wp-content\/uploads\/2018\/02\/lesp.png?resize=640%2C179\" alt=\"lesp\" width=\"640\" height=\"179\" srcset=\"https:\/\/i0.wp.com\/www.fabriceeulry-laboutique.com\/blog\/wp-content\/uploads\/2018\/02\/lesp.png?w=1009 1009w, https:\/\/i0.wp.com\/www.fabriceeulry-laboutique.com\/blog\/wp-content\/uploads\/2018\/02\/lesp.png?resize=300%2C84 300w, https:\/\/i0.wp.com\/www.fabriceeulry-laboutique.com\/blog\/wp-content\/uploads\/2018\/02\/lesp.png?resize=768%2C215 768w\" sizes=\"auto, (max-width: 640px) 100vw, 640px\" \/><\/a><\/p>\n<p>&nbsp;<\/p>\n<h3 style=\"text-align: center;\"><span style=\"color: #000000;\">Tout le calendrier de la tourn\u00e9e :<\/span><\/h3>\n<h3 style=\"text-align: center;\"><strong><span style=\"color: #000000;\">Fabrice Eulry et l&rsquo;orchestre philharmonique de Kharkov (Kharkiv en\u00a0ukrainien) seront en effet en France et en Belgique pour une tourn\u00e9e exceptionnelle au mois de mars 2018 :<\/span><\/strong><\/h3>\n<h3 id=\"yiv6975056021m_-2286016817017641380yui_3_16_0_1_1517683899961_32086\" style=\"text-align: center;\"><\/h3>\n<div dir=\"ltr\" style=\"text-align: center;\">\n<div id=\"yiv1289698246\">\n<div id=\"yiv1289698246yui_3_16_0_1_1517852851254_32675\">\n<div id=\"yiv1289698246yui_3_16_0_1_1517852851254_32674\">\n<div id=\"yiv1289698246\">\n<div id=\"yiv1289698246yui_3_16_0_1_1517753393063_17244\">\n<div id=\"yiv1289698246yui_3_16_0_1_1517753393063_17243\">\n<div id=\"yiv1289698246yui_3_16_0_1_1517683899961_20012\" class=\"yiv1289698246signature\">\n<div id=\"yiv1289698246yui_3_16_0_1_1411233096791_2560\" dir=\"ltr\">\n<h3 id=\"yiv1289698246yui_3_16_0_1_1517683899961_20233\"><a id=\"yiv1289698246yui_3_16_0_1_1517864779306_383324\" href=\"https:\/\/i0.wp.com\/www.fabriceeulry-laboutique.com\/blog\/wp-content\/uploads\/2017\/11\/George-Gershwin-Rhapsody-In-Blue_Moment-e1517885758587.jpg\" target=\"_blank\" rel=\"nofollow\" shape=\"rect\"><img data-recalc-dims=\"1\" loading=\"lazy\" decoding=\"async\" id=\"yiv1289698246yui_3_16_0_1_1517864779306_383325\" class=\"yiv1289698246 yiv1289698246img-overlay-selected\" src=\"https:\/\/i0.wp.com\/www.fabriceeulry-laboutique.com\/blog\/wp-content\/uploads\/2017\/11\/George-Gershwin-Rhapsody-In-Blue_Moment-e1517885758587.jpg?resize=640%2C360\" alt=\"George Gershwin - Rhapsody In Blue_Moment\" width=\"640\" height=\"360\" data-id=\"db18b8fb-65e7-f1b7-26f2-f9575deaf332\" \/><\/a><\/h3>\n<h3 id=\"yiv1289698246yui_3_16_0_1_1517683899961_20233\"><span id=\"yiv1289698246yui_3_16_0_1_1517683899961_20455\">Bonjour \u00e0 tous,<\/span><\/h3>\n<div id=\"yiv1289698246yui_3_16_0_1_1517683899961_20561\"><span id=\"yiv1289698246yui_3_16_0_1_1517683899961_20560\">Voici le calendrier de ma tourn\u00e9e avec l&rsquo;orchestre philharmonique de Kharkov (43 musiciens) :<\/span><\/div>\n<div id=\"yiv1289698246yui_3_16_0_1_1517683899961_20561\"><\/div>\n<div id=\"yiv1289698246yui_3_16_0_1_1517683899961_20561\" dir=\"ltr\"><span id=\"yiv1289698246yui_3_16_0_1_1517683899961_20607\">au programme Rhapsody in blue, et mon Concerto N\u00b02 (boogie-expiatoire en philharmonique) rappels : Summertime, Fabrispecial, Georgia on my mind&#8230;<\/span><\/div>\n<div id=\"yiv1289698246yui_3_16_0_1_1517683899961_20561\" dir=\"ltr\"><\/div>\n<div id=\"yiv1289698246yui_3_16_0_1_1517683899961_20561\" dir=\"ltr\"><b id=\"yiv1289698246yui_3_16_0_1_1517935151922_111308\">Les villes : Puits (B), Marcq en Baroeul, Senlis, Paris, Roanne, Lons le Saunier, Lyon, Saint-Geniez, Espalion, Rodez, Carmaux.<\/b><\/div>\n<div id=\"yiv1289698246yui_3_16_0_1_1517683899961_20561\" dir=\"ltr\"><b>\u00a0<\/b><\/div>\n<div id=\"yiv1289698246yui_3_16_0_1_1517683899961_20561\" dir=\"ltr\"><b id=\"yiv1289698246yui_3_16_0_1_1517935151922_111357\">&#8212;&#8212;&#8212;&#8212;&#8212;&#8212;&#8212;&#8212;&#8212;&#8212;&#8212;&#8212;&#8212;&#8212;&#8212;&#8212;&#8212;&#8212;&#8212;&#8212;&#8212;-<\/b><\/div>\n<div id=\"yiv1289698246yui_3_16_0_1_1517683899961_20561\" dir=\"ltr\"><\/div>\n<div id=\"yiv1289698246yui_3_16_0_1_1517683899961_20561\" dir=\"ltr\"><span id=\"yiv1289698246yui_3_16_0_1_1517852851254_38624\">mercredi 7 mars<\/span><\/div>\n<div id=\"yiv1289698246yui_3_16_0_1_1517683899961_20561\" dir=\"ltr\"><\/div>\n<div id=\"yiv1289698246yui_3_16_0_1_1517683899961_20234\"><span id=\"yiv1289698246yui_3_16_0_1_1517683899961_20235\">Salle Charcot de Marcq en Baroeul 20h30<\/span><\/div>\n<div id=\"yiv1289698246yui_3_16_0_1_1517683899961_20234\" dir=\"ltr\"><strong>\u00a0<\/strong><\/div>\n<p>&nbsp;<\/p>\n<div id=\"yiv1289698246yui_3_16_0_1_1517683899961_20234\"><\/div>\n<\/div>\n<\/div>\n<\/div>\n<\/div>\n<\/div>\n<\/div>\n<\/div>\n<\/div>\n<div id=\"yiv1289698246yui_3_16_0_1_1517852851254_37918\">\n<div id=\"yiv1289698246yui_3_16_0_1_1517852851254_37917\">\n<div id=\"yiv1289698246yui_3_16_0_1_1517852851254_37916\">\n<div id=\"yiv1289698246yui_3_16_0_1_1517852851254_37915\" class=\"yiv1289698246signature\">\n<p>&nbsp;<\/p>\n<div id=\"yiv1289698246yui_3_16_0_1_1517852851254_37913\" dir=\"ltr\">\n<p>&nbsp;<\/p>\n<div id=\"yiv1289698246yui_3_16_0_1_1517683899961_20994\"><span id=\"yiv1289698246yui_3_16_0_1_1517683899961_20996\">R\u00e9servations par courriel :\u00a0<\/span><a id=\"yiv1289698246yui_3_16_0_1_1517683899961_21774\" class=\"yiv1289698246edited-link-editor\" href=\"http:\/\/milana.v75@gmail.com\/\" target=\"_blank\" rel=\"nofollow\" shape=\"rect\">milana.v75@gmail.com<\/a><\/div>\n<div id=\"yiv1289698246yui_3_16_0_1_1517683899961_20997\"><\/div>\n<div id=\"yiv1289698246yui_3_16_0_1_1517683899961_20783\">Point de vente : La maison du piano : 83 Rue Colbert 59 000 LILLE : du mar au sam 9h-12h &amp; 14h-19h<\/div>\n<div id=\"yiv1289698246yui_3_16_0_1_1517683899961_20783\"><\/div>\n<div id=\"yiv1289698246yui_3_16_0_1_1517683899961_20783\">&#8212;&#8212;&#8212;&#8212;&#8212;&#8212;&#8212;&#8212;&#8212;&#8212;&#8212;&#8212;&#8212;&#8212;&#8212;<\/div>\n<div id=\"yiv1289698246yui_3_16_0_1_1517683899961_20783\"><\/div>\n<h3 id=\"yiv1289698246yui_3_16_0_1_1517683899961_20238\">jeudi 8 mars<\/h3>\n<h3 id=\"yiv1289698246yui_3_16_0_1_1517683899961_20239\">\u00c9glise de Saint Nicolas \u00e0 PUITS (PUTTE) Flandres Belgique<\/h3>\n<p><a id=\"yiv1289698246yui_3_16_0_1_1517935151922_105387\" href=\"https:\/\/i0.wp.com\/www.fabriceeulry-laboutique.com\/blog\/wp-content\/uploads\/2018\/02\/affiche-Putte-philharmonique.png\" target=\"_blank\" rel=\"nofollow\" shape=\"rect\"><img data-recalc-dims=\"1\" loading=\"lazy\" decoding=\"async\" id=\"yiv1289698246yui_3_16_0_1_1517935151922_105388\" class=\"yiv1289698246\" src=\"https:\/\/i0.wp.com\/www.fabriceeulry-laboutique.com\/blog\/wp-content\/uploads\/2018\/02\/affiche-Putte-philharmonique.png?resize=433%2C584\" alt=\"affiche Putte philharmonique\" width=\"433\" height=\"584\" data-id=\"49cb66df-8851-85d7-27a7-0ded18ab61d0\" \/><\/a><\/p>\n<div id=\"yiv1289698246yui_3_16_0_1_1517935151922_105373\" dir=\"ltr\"><span id=\"yiv1289698246yui_3_16_0_1_1517935151922_105389\"><span id=\"yiv1289698246yui_3_16_0_1_1517935151922_105390\" style=\"font-size: small;\">R\u00e9servations en ligne :<\/span><span id=\"yiv1289698246yui_3_16_0_1_1517935151922_105391\" style=\"font-family: Georgia, 'Times New Roman', 'Bitstream Charter', Times, serif;\">\u00a0<\/span><\/span><span id=\"yiv1289698246yui_3_16_0_1_1517935151922_105392\"><span id=\"yiv1289698246yui_3_16_0_1_1517935151922_105393\" style=\"font-size: small;\"><a id=\"yiv1289698246yui_3_16_0_1_1517935151922_105394\" href=\"https:\/\/concert-kharkiv.eventsquare.co\/nl\/ft8xfguergxw\" target=\"_blank\" rel=\"nofollow\" shape=\"rect\">Concert Kharkiv | Online tickets<\/a><\/span><\/span><\/div>\n<h3 id=\"yiv1289698246yui_3_16_0_1_1517683899961_21635\"><span id=\"yiv1289698246yui_3_16_0_1_1517683899961_24115\">R\u00e9servations par courriel :\u00a0<\/span><span id=\"yiv1289698246yui_3_16_0_1_1517683899961_24742\" style=\"font-size: small;\"><a id=\"yiv1289698246yui_3_16_0_1_1517683899961_24603\" class=\"yiv1289698246edited-link-editor\" href=\"http:\/\/resonnance.belgie@gmail.com\/\" target=\"_blank\" rel=\"nofollow\" shape=\"rect\">resonnance.belgie@gmail.com<\/a><\/span><\/h3>\n<div id=\"yiv1289698246yui_3_16_0_1_1517683899961_20961\" dir=\"ltr\">&#8212;&#8212;&#8212;&#8212;&#8212;&#8212;&#8212;&#8212;&#8212;&#8212;&#8212;&#8212;&#8212;&#8212;&#8212;&#8212;&#8212;&#8212;<\/div>\n<div id=\"yiv1289698246yui_3_16_0_1_1517852851254_40323\" dir=\"ltr\" data-setdir=\"false\">\n<h3 id=\"yiv1289698246yui_3_16_0_1_1517852851254_40324\"><\/h3>\n<h3 id=\"yiv1289698246yui_3_16_0_1_1517852851254_40345\"><span id=\"yiv1289698246yui_3_16_0_1_1517852851254_40346\"><strong id=\"yiv1289698246yui_3_16_0_1_1517852851254_40347\">samedi 10 mars<\/strong><\/span><\/h3>\n<div id=\"yiv1289698246yui_3_16_0_1_1517935151922_111677\"><strong>PARIS<\/strong><\/div>\n<h3 id=\"yiv1289698246yui_3_16_0_1_1517852851254_40348\"><span id=\"yiv1289698246yui_3_16_0_1_1517852851254_40349\"><strong id=\"yiv1289698246yui_3_16_0_1_1517852851254_40350\">20h. auditorium du conservatoire du V\u00e8me arrondissement rue de Pontoise (Paris 5\u00e8me)<\/strong><\/span><\/h3>\n<h2 id=\"yiv1289698246yui_3_16_0_1_1517852851254_40351\"><span id=\"yiv1289698246yui_3_16_0_1_1517852851254_40352\"><strong id=\"yiv1289698246yui_3_16_0_1_1517852851254_40353\"><span id=\"yiv1289698246yui_3_16_0_1_1517852851254_40354\"><span style=\"color: #9d1811;\">(COMPLET)<\/span><\/span><\/strong><\/span><\/h2>\n<h3 id=\"yiv1289698246yui_3_16_0_1_1517852851254_40355\"><span id=\"yiv1289698246yui_3_16_0_1_1517852851254_40356\">&#8212;&#8212;&#8212;&#8212;&#8212;&#8212;&#8212;&#8212;&#8212;&#8212;&#8212;&#8212;&#8212;&#8212;&#8212;&#8212;&#8212;\u00a0<\/span><\/h3>\n<h3 id=\"yiv1289698246yui_3_16_0_1_1517852851254_40357\"><span id=\"yiv1289698246yui_3_16_0_1_1517852851254_40358\"><strong id=\"yiv1289698246yui_3_16_0_1_1517852851254_40359\">dimanche 11 mars<\/strong><\/span><\/h3>\n<h3 id=\"yiv1289698246yui_3_16_0_1_1517852851254_40360\"><span id=\"yiv1289698246yui_3_16_0_1_1517852851254_40361\"><strong id=\"yiv1289698246yui_3_16_0_1_1517852851254_40362\">15h sdf Saint-Germain Lespinasse (Loire)<\/strong><\/span><\/h3>\n<h3 id=\"yiv1289698246yui_3_16_0_1_1517852851254_40363\"><span id=\"yiv1289698246yui_3_16_0_1_1517852851254_40364\"><a id=\"yiv1289698246yui_3_16_0_1_1517852851254_40365\" href=\"https:\/\/i0.wp.com\/www.fabriceeulry-laboutique.com\/blog\/wp-content\/uploads\/2018\/01\/lespinasse.png\" target=\"_blank\" rel=\"nofollow\" shape=\"rect\"><img data-recalc-dims=\"1\" loading=\"lazy\" decoding=\"async\" id=\"yiv1289698246yui_3_16_0_1_1517852851254_40366\" class=\"yiv1289698246\" src=\"https:\/\/i0.wp.com\/www.fabriceeulry-laboutique.com\/blog\/wp-content\/uploads\/2018\/01\/lespinasse.png?resize=449%2C227\" alt=\"lespinasse\" width=\"449\" height=\"227\" data-id=\"39258129-0a9a-1000-2f7d-63aa67fec1cc\" \/><\/a><\/span><\/h3>\n<h3 id=\"yiv1289698246yui_3_16_0_1_1517852851254_40367\"><span id=\"yiv1289698246yui_3_16_0_1_1517852851254_40368\"><span id=\"yiv1289698246yui_3_16_0_1_1517852851254_40369\">R\u00e9servations en ligne :<\/span><span id=\"yiv1289698246yui_3_16_0_1_1517852851254_40370\">\u00a0<a id=\"yiv1289698246yui_3_16_0_1_1517852851254_40371\" href=\"https:\/\/www.weezevent.com\/fabrice-eurlry-et-l-orchestre-philarmonique-de-kharkov-hommage-a-guillaume-per\" target=\"_blank\" rel=\"nofollow\" shape=\"rect\">weezevent<\/a><\/span><\/span><\/h3>\n<div id=\"yiv1289698246yui_3_16_0_1_1517852851254_40376\"><\/div>\n<div id=\"yiv1289698246yui_3_16_0_1_1517852851254_40378\" dir=\"ltr\"><\/div>\n<div id=\"yiv1289698246yui_3_16_0_1_1517852851254_40380\" dir=\"ltr\"><span id=\"yiv1289698246yui_3_16_0_1_1517852851254_40381\">&#8212;&#8212;&#8212;&#8212;&#8212;&#8212;&#8212;&#8212;&#8212;&#8212;&#8212;&#8212;&#8212;&#8212;&#8212;&#8212;&#8212;&#8212;&#8212;&#8212;&#8212;&#8212;&#8212;-<\/span><\/div>\n<h3 id=\"yiv1289698246yui_3_16_0_1_1517852851254_40382\"><span id=\"yiv1289698246yui_3_16_0_1_1517852851254_40383\"><strong id=\"yiv1289698246yui_3_16_0_1_1517852851254_40384\">mardi 13 mars au th\u00e9\u00e2tre de Lons Le Saunier (Jura) 20h<\/strong><\/span><\/h3>\n<h3 id=\"yiv1289698246yui_3_16_0_1_1517852851254_40385\"><span id=\"yiv1289698246yui_3_16_0_1_1517852851254_40386\"><a id=\"yiv1289698246yui_3_16_0_1_1517852851254_40387\" href=\"https:\/\/i0.wp.com\/www.fabriceeulry-laboutique.com\/blog\/wp-content\/uploads\/2018\/01\/lons2.png\" target=\"_blank\" rel=\"nofollow\" shape=\"rect\"><img data-recalc-dims=\"1\" loading=\"lazy\" decoding=\"async\" id=\"yiv1289698246yui_3_16_0_1_1517852851254_40388\" class=\"yiv1289698246\" src=\"https:\/\/i0.wp.com\/www.fabriceeulry-laboutique.com\/blog\/wp-content\/uploads\/2018\/01\/lons2.png?resize=468%2C304\" alt=\"lons2\" width=\"468\" height=\"304\" data-id=\"ab07c3a4-a20a-7686-b968-41c402992431\" \/><\/a><\/span><\/h3>\n<h3 id=\"yiv1289698246yui_3_16_0_1_1517852851254_40389\"><span id=\"yiv1289698246yui_3_16_0_1_1517852851254_40390\"><a id=\"yiv1289698246yui_3_16_0_1_1517852851254_40391\" href=\"https:\/\/i0.wp.com\/www.fabriceeulry-laboutique.com\/blog\/wp-content\/uploads\/2018\/01\/lons1.png\" target=\"_blank\" rel=\"nofollow\" shape=\"rect\"><img data-recalc-dims=\"1\" loading=\"lazy\" decoding=\"async\" id=\"yiv1289698246yui_3_16_0_1_1517852851254_40392\" class=\"yiv1289698246\" src=\"https:\/\/i0.wp.com\/www.fabriceeulry-laboutique.com\/blog\/wp-content\/uploads\/2018\/01\/lons1.png?resize=440%2C318\" alt=\"lons1\" width=\"440\" height=\"318\" data-id=\"d042e173-df30-a3fb-c139-5339881c4774\" \/><\/a><\/span><\/h3>\n<div id=\"yiv1289698246yui_3_16_0_1_1517852851254_40393\"><span id=\"yiv1289698246yui_3_16_0_1_1517852851254_40394\"><b id=\"yui_3_16_0_1_1518124087492_46345\"><span id=\"yiv1289698246yui_3_16_0_1_1517852851254_40395\">R\u00e9servations par courriel :\u00a0<\/span><a id=\"yiv1289698246yui_3_16_0_1_1517852851254_40396\" href=\"http:\/\/milana.v75@gmail.com\/\" target=\"_blank\" rel=\"nofollow\" shape=\"rect\">milana.v75@gmail.com<\/a><\/b><\/span><\/div>\n<div id=\"yiv1289698246yui_3_16_0_1_1517852851254_40397\"><b>\u00a0<br id=\"yiv1289698246yui_3_16_0_1_1517852851254_40398\" clear=\"none\" \/><\/b><\/div>\n<div id=\"yiv1289698246yui_3_16_0_1_1517852851254_40399\" dir=\"ltr\" data-setdir=\"false\"><span id=\"yiv1289698246yui_3_16_0_1_1517852851254_40400\"><b id=\"yui_3_16_0_1_1518124087492_46313\">Point de vente : \u00e0 partir du 26 f\u00e9vrier : E.C.L.A. conservatoire de Lons le Saunier :<\/b><\/span><\/div>\n<div id=\"yiv1289698246yui_3_16_0_1_1517852851254_40399\" dir=\"ltr\" data-setdir=\"false\"><span id=\"yui_3_16_0_1_1518124087492_46352\"><b id=\"yui_3_16_0_1_1518124087492_46351\">\u00a04 place Pernaud 39 000 Lons le Saunier<\/b><\/span><\/div>\n<div id=\"yiv1289698246yui_3_16_0_1_1517852851254_40399\" dir=\"ltr\"><\/div>\n<div id=\"yiv1289698246yui_3_16_0_1_1517852851254_40399\" dir=\"ltr\"><\/div>\n<div id=\"yiv1289698246yui_3_16_0_1_1517852851254_40401\" dir=\"ltr\"><span id=\"yiv1289698246yui_3_16_0_1_1517852851254_40402\">&#8212;&#8212;&#8212;&#8212;&#8212;&#8212;&#8212;&#8212;&#8212;&#8212;&#8212;&#8212;&#8212;&#8212;&#8212;&#8212;&#8212;&#8212;&#8212;&#8212;&#8212;&#8211;<\/span><\/div>\n<h3 id=\"yiv1289698246yui_3_16_0_1_1517852851254_40403\"><span id=\"yiv1289698246yui_3_16_0_1_1517852851254_40404\"><strong id=\"yiv1289698246yui_3_16_0_1_1517852851254_40405\">jeudi 15 mars \u00e0 l&rsquo;\u00e9glise de Saint-Genis Laval 20h<\/strong><\/span><\/h3>\n<div id=\"yiv1289698246yui_3_16_0_1_1517852851254_40406\"><a href=\"https:\/\/i0.wp.com\/www.fabriceeulry-laboutique.com\/blog\/wp-content\/uploads\/2018\/02\/SAINT-GENIS-AFFICHE.png\"><img data-recalc-dims=\"1\" loading=\"lazy\" decoding=\"async\" class=\"aligncenter size-full wp-image-10353\" src=\"https:\/\/i0.wp.com\/www.fabriceeulry-laboutique.com\/blog\/wp-content\/uploads\/2018\/02\/SAINT-GENIS-AFFICHE.png?resize=451%2C635\" alt=\"SAINT GENIS AFFICHE\" width=\"451\" height=\"635\" srcset=\"https:\/\/i0.wp.com\/www.fabriceeulry-laboutique.com\/blog\/wp-content\/uploads\/2018\/02\/SAINT-GENIS-AFFICHE.png?w=451 451w, https:\/\/i0.wp.com\/www.fabriceeulry-laboutique.com\/blog\/wp-content\/uploads\/2018\/02\/SAINT-GENIS-AFFICHE.png?resize=213%2C300 213w, https:\/\/i0.wp.com\/www.fabriceeulry-laboutique.com\/blog\/wp-content\/uploads\/2018\/02\/SAINT-GENIS-AFFICHE.png?resize=300%2C422 300w\" sizes=\"auto, (max-width: 451px) 100vw, 451px\" \/><\/a><\/div>\n<div id=\"yiv1289698246yui_3_16_0_1_1517852851254_40410\"><\/div>\n<div id=\"yiv1289698246yui_3_16_0_1_1517852851254_40410\"><\/div>\n<div id=\"yiv1289698246yui_3_16_0_1_1517852851254_40410\"><\/div>\n<div id=\"yiv1289698246yui_3_16_0_1_1517852851254_40412\" dir=\"ltr\"><\/div>\n<div id=\"yiv1289698246yui_3_16_0_1_1517852851254_40422\" dir=\"ltr\"><span id=\"yiv1289698246yui_3_16_0_1_1517852851254_40423\"><strong id=\"yiv1289698246yui_3_16_0_1_1517852851254_40424\"><span id=\"yiv1289698246yui_3_16_0_1_1517852851254_40425\">&#8212;&#8212;&#8212;&#8212;&#8212;&#8212;&#8212;&#8212;&#8212;&#8212;&#8212;&#8212;&#8212;&#8212;&#8212;&#8212;&#8212;&#8212;&#8212;&#8212;&#8212;&#8212;&#8212;&#8212;&#8212;&#8212;&#8212;&#8212;&#8212;&#8212;&#8212;&#8212;-<\/span><\/strong><\/span><\/div>\n<div id=\"yiv1289698246yui_3_16_0_1_1517852851254_40426\" dir=\"ltr\"><span id=\"yiv1289698246yui_3_16_0_1_1517852851254_40427\"><strong id=\"yiv1289698246yui_3_16_0_1_1517852851254_40428\">\u00a0<\/strong><\/span><\/div>\n<div id=\"yiv1289698246yui_3_16_0_1_1517852851254_40429\" dir=\"ltr\"><span id=\"yiv1289698246yui_3_16_0_1_1517852851254_40430\"><strong id=\"yiv1289698246yui_3_16_0_1_1517852851254_40431\">vendredi 16 mars \u00e0 Saint-Geniez d&rsquo;Olt (Aveyron)<\/strong><\/span><\/div>\n<div id=\"yiv1289698246yui_3_16_0_1_1517852851254_40429\" dir=\"ltr\"><\/div>\n<h3 id=\"yiv1289698246yui_3_16_0_1_1517852851254_40432\"><span id=\"yiv1289698246yui_3_16_0_1_1517852851254_40433\"><a id=\"yiv1289698246yui_3_16_0_1_1517852851254_40434\" href=\"https:\/\/i0.wp.com\/www.fabriceeulry-laboutique.com\/blog\/wp-content\/uploads\/2018\/01\/dolt.png\" target=\"_blank\" rel=\"nofollow\" shape=\"rect\"><img data-recalc-dims=\"1\" loading=\"lazy\" decoding=\"async\" id=\"yiv1289698246yui_3_16_0_1_1517852851254_40435\" class=\"yiv1289698246\" src=\"https:\/\/i0.wp.com\/www.fabriceeulry-laboutique.com\/blog\/wp-content\/uploads\/2018\/01\/dolt.png?resize=558%2C255\" alt=\"dolt\" width=\"558\" height=\"255\" data-id=\"873535fd-d336-bc89-103e-ae83b89f05fe\" \/><\/a><\/span><\/h3>\n<div id=\"yiv1289698246yui_3_16_0_1_1517935151922_110451\"><a href=\"https:\/\/i0.wp.com\/www.fabriceeulry-laboutique.com\/blog\/wp-content\/uploads\/2018\/02\/AFFICHE-ST-GENIEZ.png\"><img data-recalc-dims=\"1\" loading=\"lazy\" decoding=\"async\" class=\"aligncenter size-large wp-image-10413\" src=\"https:\/\/i0.wp.com\/www.fabriceeulry-laboutique.com\/blog\/wp-content\/uploads\/2018\/02\/AFFICHE-ST-GENIEZ.png?resize=640%2C360\" alt=\"AFFICHE ST GENIEZ\" width=\"640\" height=\"360\" srcset=\"https:\/\/i0.wp.com\/www.fabriceeulry-laboutique.com\/blog\/wp-content\/uploads\/2018\/02\/AFFICHE-ST-GENIEZ.png?resize=1024%2C577 1024w, https:\/\/i0.wp.com\/www.fabriceeulry-laboutique.com\/blog\/wp-content\/uploads\/2018\/02\/AFFICHE-ST-GENIEZ.png?resize=300%2C169 300w, https:\/\/i0.wp.com\/www.fabriceeulry-laboutique.com\/blog\/wp-content\/uploads\/2018\/02\/AFFICHE-ST-GENIEZ.png?resize=768%2C432 768w, https:\/\/i0.wp.com\/www.fabriceeulry-laboutique.com\/blog\/wp-content\/uploads\/2018\/02\/AFFICHE-ST-GENIEZ.png?w=1275 1275w\" sizes=\"auto, (max-width: 640px) 100vw, 640px\" \/><\/a><\/div>\n<div id=\"yiv1289698246yui_3_16_0_1_1517935151922_110570\"><\/div>\n<div id=\"yiv1289698246yui_3_16_0_1_1517935151922_110520\"><\/div>\n<div id=\"yiv1289698246yui_3_16_0_1_1517852851254_40436\" dir=\"ltr\" data-setdir=\"false\"><span id=\"yiv1289698246yui_3_16_0_1_1517852851254_40437\"><b id=\"yui_3_16_0_1_1518124087492_44767\"><span id=\"yiv1289698246yui_3_16_0_1_1517852851254_40438\">R\u00e9servations par courriel :\u00a0<\/span><a id=\"yiv1289698246yui_3_16_0_1_1517852851254_40439\" href=\"http:\/\/milana.v75@gmail.com\/\" target=\"_blank\" rel=\"nofollow\" shape=\"rect\">milana.v75@gmail.com<\/a>\u00a0<\/b><\/span><\/div>\n<div id=\"yiv1289698246yui_3_16_0_1_1517852851254_40436\" dir=\"ltr\" data-setdir=\"false\"><b>\u00a0<\/b><\/div>\n<div id=\"yiv1289698246yui_3_16_0_1_1517852851254_40436\" dir=\"ltr\" data-setdir=\"false\"><span id=\"yui_3_16_0_1_1518124087492_45305\">Points de vente :\u00a0<\/span><\/div>\n<div id=\"yiv1289698246yui_3_16_0_1_1517852851254_40436\" dir=\"ltr\" data-setdir=\"false\"><\/div>\n<div id=\"yiv1289698246yui_3_16_0_1_1517852851254_40436\" dir=\"ltr\" data-setdir=\"false\"><span id=\"yui_3_16_0_1_1518124087492_45343\">librairie Pont-virgule \u00e0 Espalion, \u00a0<\/span><\/div>\n<div id=\"yiv1289698246yui_3_16_0_1_1517852851254_40436\" dir=\"ltr\" data-setdir=\"false\"><b>\u00a0<\/b><\/div>\n<div id=\"yiv1289698246yui_3_16_0_1_1517852851254_40436\" dir=\"ltr\" data-setdir=\"false\"><b id=\"yui_3_16_0_1_1518124087492_45205\"><span id=\"yui_3_16_0_1_1518124087492_45809\" style=\"font-family: garamond, 'new york', times, serif;\">du mardi au samedi de 9h30 \u00e0 12h30 et de 14h \u00e0 19h<\/span><\/b><\/div>\n<div id=\"yiv1289698246yui_3_16_0_1_1517852851254_40436\" dir=\"ltr\" data-setdir=\"false\"><b>\u00a0<\/b><\/div>\n<div id=\"yiv1289698246yui_3_16_0_1_1517852851254_40436\" dir=\"ltr\" data-setdir=\"false\"><b>\u00a0<\/b><\/div>\n<div id=\"yiv1289698246yui_3_16_0_1_1517852851254_40436\" dir=\"ltr\" data-setdir=\"false\"><b>\u00a0<\/b><\/div>\n<div id=\"yiv1289698246yui_3_16_0_1_1517852851254_40436\" dir=\"ltr\" data-setdir=\"false\"><span id=\"yui_3_16_0_1_1518124087492_45452\">Office de tourisme de Saint-Geniez d&rsquo;Olt<\/span><span id=\"yui_3_16_0_1_1518124087492_45584\" style=\"color: #333333; font-family: Georgia, 'Times New Roman', 'Bitstream Charter', Times, serif; font-size: medium;\">\u00a0<\/span><\/div>\n<div id=\"yiv1289698246yui_3_16_0_1_1517852851254_40436\" dir=\"ltr\" data-setdir=\"false\"><span id=\"yui_3_16_0_1_1518124087492_45680\" style=\"font-family: garamond, 'new york', times, serif; font-size: medium;\"><b id=\"yui_3_16_0_1_1518124087492_45679\">Le clo\u00eetre 12 130 Saint-Geniez d&rsquo;Olt<\/b><\/span><\/div>\n<div id=\"yiv1289698246yui_3_16_0_1_1517852851254_40436\" dir=\"ltr\" data-setdir=\"false\"><b id=\"yui_3_16_0_1_1518124087492_46175\"><span id=\"yui_3_16_0_1_1518124087492_46080\">\u00a0 \u00a0 du 8 janvier au d\u00e9but des vacances de f\u00e9vrier : \u00a0<\/span><\/b><\/div>\n<div id=\"yui_3_16_0_1_1518124087492_46198\"><b id=\"yui_3_16_0_1_1518124087492_46175\">du lundi au vendredi : 9h &#8211; 12h et de 14h \u00e0 17h<\/b><\/div>\n<div id=\"yui_3_16_0_1_1518124087492_46580\"><b id=\"yui_3_16_0_1_1518124087492_46175\">samedi : 9h &#8211; 12h et 14h30 &#8211; 17h30<\/b><\/div>\n<div id=\"yui_3_16_0_1_1518124087492_46236\"><b id=\"yui_3_16_0_1_1518124087492_46181\"><span id=\"yui_3_16_0_1_1518124087492_46085\">\u00e0 partir des vacances de f\u00e9vrier jusqu&rsquo;au 30 avril : \u00a0<\/span><\/b><\/div>\n<div id=\"yui_3_16_0_1_1518124087492_46235\"><b id=\"yui_3_16_0_1_1518124087492_46181\">du lundi au vendredi : 9h &#8211; 12h \/ 14h &#8211; 17h30<\/b><\/div>\n<p id=\"yui_3_16_0_1_1518124087492_46087\"><b id=\"yui_3_16_0_1_1518124087492_46180\">samedi : 9h &#8211; 12h et 14h30 &#8211; 17h30<\/b><\/p>\n<div id=\"yiv1289698246yui_3_16_0_1_1517852851254_40436\" dir=\"ltr\" data-setdir=\"false\">&#8212;&#8212;&#8212;&#8212;&#8212;&#8212;&#8212;&#8212;&#8212;&#8212;&#8212;&#8212;&#8212;&#8212;&#8212;&#8212;&#8212;&#8212;&#8212;&#8212;&#8212;&#8212;&#8212;<\/div>\n<\/div>\n<h3 id=\"yiv1289698246yui_3_16_0_1_1517683899961_20293\"><strong id=\"yiv1289698246yui_3_16_0_1_1517683899961_20294\">samedi 17 mars \u00e0 l&rsquo;\u00e9glise d&rsquo;Espalion (Aveyron)<\/strong><\/h3>\n<h3 id=\"yiv1289698246yui_3_16_0_1_1517683899961_20295\"><a id=\"yiv1289698246yui_3_16_0_1_1517683899961_20296\" href=\"https:\/\/i0.wp.com\/www.fabriceeulry-laboutique.com\/blog\/wp-content\/uploads\/2018\/01\/eglise-espalion.png\" target=\"_blank\" rel=\"nofollow\" shape=\"rect\"><img data-recalc-dims=\"1\" loading=\"lazy\" decoding=\"async\" id=\"yiv1289698246yui_3_16_0_1_1517683899961_20297\" class=\"yiv1289698246\" src=\"https:\/\/i0.wp.com\/www.fabriceeulry-laboutique.com\/blog\/wp-content\/uploads\/2018\/01\/eglise-espalion.png?resize=258%2C382\" alt=\"eglise espalion\" width=\"258\" height=\"382\" data-id=\"04c446a1-3560-0bfd-307e-1cfcec576645\" \/><\/a><\/h3>\n<h3 id=\"yiv1289698246yui_3_16_0_1_1517683899961_20298\"><\/h3>\n<div id=\"yiv1289698246yui_3_16_0_1_1517683899961_22321\"><span id=\"yiv1289698246yui_3_16_0_1_1517683899961_22322\">R\u00e9servations par courriel :\u00a0<\/span><a id=\"yiv1289698246yui_3_16_0_1_1517683899961_22323\" href=\"http:\/\/milana.v75@gmail.com\/\" target=\"_blank\" rel=\"nofollow\" shape=\"rect\">milana.v75@gmail.com<\/a><\/div>\n<div id=\"yiv1289698246yui_3_16_0_1_1517683899961_22324\"><\/div>\n<div id=\"yiv1289698246yui_3_16_0_1_1517683899961_22326\" dir=\"ltr\">Point de vente : librairie Pont-virgule \u00e0 Espalion<\/div>\n<div id=\"yiv1289698246yui_3_16_0_1_1517683899961_22326\" dir=\"ltr\" data-setdir=\"false\"><span id=\"yui_3_16_0_1_1518124087492_44896\"><b id=\"yui_3_16_0_1_1518124087492_45024\">\u00a0du mardi au samedi de 9h30 \u00e0 12h30 et de 14h \u00e0 19h<\/b><\/span><\/div>\n<div id=\"yiv1289698246yui_3_16_0_1_1517683899961_22326\" dir=\"ltr\">&#8212;&#8212;&#8212;&#8212;&#8212;&#8212;&#8212;&#8212;&#8212;&#8212;&#8212;&#8212;&#8212;&#8212;&#8212;&#8212;&#8212;&#8212;-<\/div>\n<h3 id=\"yiv1289698246yui_3_16_0_1_1517683899961_20302\"><strong id=\"yiv1289698246yui_3_16_0_1_1517683899961_20303\">dimanche 18 mars \u00e0 Rodez\u00a0<\/strong><\/h3>\n<h3 id=\"yiv1289698246yui_3_16_0_1_1517683899961_20304\"><strong id=\"yiv1289698246yui_3_16_0_1_1517683899961_20305\">(Aveyron : salle La Baleine Onet le Ch\u00e2teau : 15 heures attention \u00e0\u00a0l&rsquo;horaire !)<\/strong><\/h3>\n<h3 id=\"yiv1289698246yui_3_16_0_1_1517683899961_20306\"><\/h3>\n<div id=\"yiv1289698246yui_3_16_0_1_1517683899961_22470\" dir=\"ltr\">&#8212;&#8212;&#8212;&#8212;&#8212;&#8212;&#8212;&#8212;&#8212;&#8212;&#8212;&#8212;&#8212;&#8212;&#8212;&#8212;&#8212;&#8212;&#8212;&#8212;<\/div>\n<h3 id=\"yiv1289698246yui_3_16_0_1_1517683899961_20308\">Lundi 19 mars<\/h3>\n<h3 id=\"yiv1289698246yui_3_16_0_1_1517683899961_20309\">Salle Fran\u00e7ois Mitterand CARMAUX (Tarn)<\/h3>\n<div id=\"yiv1289698246yui_3_16_0_1_1517683899961_22515\"><span id=\"yiv1289698246yui_3_16_0_1_1517683899961_22516\">R\u00e9servations par courriel :\u00a0<\/span><a id=\"yiv1289698246yui_3_16_0_1_1517683899961_22517\" href=\"http:\/\/milana.v75@gmail.com\/\" target=\"_blank\" rel=\"nofollow\" shape=\"rect\">milana.v75@gmail.com<\/a><\/div>\n<div id=\"yiv1289698246yui_3_16_0_1_1517683899961_22518\"><\/div>\n<div id=\"yiv1289698246yui_3_16_0_1_1517683899961_20310\" dir=\"ltr\"><span id=\"yiv1289698246yui_3_16_0_1_1517683899961_22520\">Point de vente : Office d&rsquo;animation du Carmausin, Place Gambetta.\u00a0<\/span><\/div>\n<\/div>\n<\/div>\n<\/div>\n<\/div>\n<\/div>\n<\/div>\n<div dir=\"ltr\" style=\"text-align: center;\"><\/div>\n<div dir=\"ltr\" style=\"text-align: center;\"><\/div>\n<div id=\"yiv6975056021m_-2286016817017641380yui_3_16_0_1_1517683899961_32313\" dir=\"ltr\" style=\"text-align: center;\"><strong><span id=\"yiv6975056021m_-2286016817017641380yui_3_16_0_1_1517683899961_32314\" style=\"color: #000000;\">&#8212;&#8212;&#8212;&#8212;&#8212;&#8212;&#8212;&#8212;&#8212;&#8212;&#8212;&#8212;&#8212;&#8212;&#8212;&#8212;&#8212;&#8212;&#8212;&#8212;&#8212;&#8212;&#8212;&#8212;&#8212;&#8212;-<\/span><\/strong><\/div>\n<div id=\"yiv6975056021m_-2286016817017641380yui_3_16_0_1_1517683899961_32315\" dir=\"ltr\" style=\"text-align: center;\"><strong><span id=\"yiv6975056021m_-2286016817017641380yui_3_16_0_1_1517683899961_32316\" style=\"color: #000000;\">Mardi 20 mars<\/span><\/strong><\/div>\n<h3 id=\"yiv6975056021m_-2286016817017641380yui_3_16_0_1_1517683899961_32318\" style=\"text-align: center;\"><strong><span style=\"color: #000000;\">Paris : Auditorium de la mairie du V\u00e8me<\/span><\/strong><\/h3>\n<h3 id=\"yiv6975056021m_-2286016817017641380yui_3_16_0_1_1517683899961_32319\" style=\"text-align: center;\"><strong><span id=\"yiv6975056021m_-2286016817017641380yui_3_16_0_1_1517683899961_32320\" style=\"color: #000000;\">&#8211; \u00c0 CONFIRMER-<\/span><\/strong><\/h3>\n<h2 style=\"text-align: center;\"><span style=\"color: #000000;\">concerto n\u00b01 en disque !<\/span><\/h2>\n<h2 style=\"text-align: center;\"><span style=\"color: #000000;\"><strong>Concerto N\u00b0 1 en DO# mineur &#8211; Fabrice Eulry<\/strong><\/span><\/h2>\n<div style=\"text-align: center;\">\n<p style=\"text-align: center;\"><span style=\"color: #000000;\"><a href=\"http:\/\/www.fabriceeulry.com\/discographie.html\"><img data-recalc-dims=\"1\" loading=\"lazy\" decoding=\"async\" id=\"yui_3_16_0_ym19_1_1459901370141_37122\" src=\"https:\/\/i0.wp.com\/fabriceeulryunblogfr.unblog.fr\/files\/2010\/12\/pochetteconcerto.jpg?resize=300%2C300\" alt=\"\" width=\"300\" height=\"300\" \/><\/a>\u00a0<\/span><\/p>\n<p style=\"text-align: center;\"><span style=\"color: #000000;\"><em>(cliquez sur l&rsquo;image pour \u00e9couter des extraits et le commander)<\/em><\/span><\/p>\n<\/div>\n","protected":false},"excerpt":{"rendered":"<p>Un nouveau concert en m\u00e9moire du pianiste Guillaume Perrot : &nbsp; &nbsp; Cliquez sur l&rsquo;affiche pour avoir plus de pr\u00e9cisions sur Loire.fr L&rsquo;accueil du prestigieux orchestre ukrainien pour cet \u00e9v\u00e8nement est rendu possible par l&rsquo;association boogiewooguillaume et la charmante petite &hellip; <a href=\"http:\/\/www.fabriceeulry-laboutique.com\/blog\/?p=10285\">Continuer la lecture <span class=\"meta-nav\">&rarr;<\/span><\/a><\/p>\n","protected":false},"author":2,"featured_media":0,"comment_status":"open","ping_status":"open","sticky":false,"template":"","format":"standard","meta":{"jetpack_post_was_ever_published":false,"_jetpack_newsletter_access":"","_jetpack_dont_email_post_to_subs":true,"_jetpack_newsletter_tier_id":0,"_jetpack_memberships_contains_paywalled_content":false,"_jetpack_memberships_contains_paid_content":false,"footnotes":"","jetpack_publicize_message":"","jetpack_publicize_feature_enabled":true,"jetpack_social_post_already_shared":true,"jetpack_social_options":{"image_generator_settings":{"template":"highway","default_image_id":0,"font":"","enabled":false},"version":2}},"categories":[1],"tags":[16],"class_list":["post-10285","post","type-post","status-publish","format-standard","hentry","category-non-classe","tag-hommages-aux-artistes"],"jetpack_publicize_connections":[],"jetpack_featured_media_url":"","jetpack_sharing_enabled":true,"jetpack_shortlink":"https:\/\/wp.me\/p2D6dI-2FT","jetpack_likes_enabled":true,"jetpack-related-posts":[{"id":9765,"url":"http:\/\/www.fabriceeulry-laboutique.com\/blog\/?p=9765","url_meta":{"origin":10285,"position":0},"title":"HOMMAGE \u00c0 GUILLAUME PERROT (COMPTE-RENDU ET PHOTOS)","author":"Le Canard du pianiste","date":"11 octobre 2017","format":false,"excerpt":"L'association Boogie-Wooguillaume\u00a0,\u00a0 a rassembl\u00e9 autant de fonds que les trois ann\u00e9es pr\u00e9c\u00e9dentes pour soutenir Infosarcomes\u00a0 Cette ann\u00e9e le Boogie-woogie et le blues ont \u00e9t\u00e9 les chevaux de bataille sur lesquels le Fabrice Eulry a mis\u00e9. Musiques que feu le pianiste Guillaume Perrot affectionnait tout particuli\u00e8rement.\u00a0 L'ombre de Guillaume plane sur\u2026","rel":"","context":"Dans &quot;Non class\u00e9&quot;","block_context":{"text":"Non class\u00e9","link":"http:\/\/www.fabriceeulry-laboutique.com\/blog\/?cat=1"},"img":{"alt_text":"","src":"https:\/\/i0.wp.com\/www.fabriceeulry-laboutique.com\/blog\/wp-content\/uploads\/2017\/10\/ombregui-1.png?resize=350%2C200","width":350,"height":200,"srcset":"https:\/\/i0.wp.com\/www.fabriceeulry-laboutique.com\/blog\/wp-content\/uploads\/2017\/10\/ombregui-1.png?resize=350%2C200 1x, https:\/\/i0.wp.com\/www.fabriceeulry-laboutique.com\/blog\/wp-content\/uploads\/2017\/10\/ombregui-1.png?resize=525%2C300 1.5x, https:\/\/i0.wp.com\/www.fabriceeulry-laboutique.com\/blog\/wp-content\/uploads\/2017\/10\/ombregui-1.png?resize=700%2C400 2x"},"classes":[]},{"id":9712,"url":"http:\/\/www.fabriceeulry-laboutique.com\/blog\/?p=9712","url_meta":{"origin":10285,"position":1},"title":"CONCERT CONTRE L&rsquo;OST\u00c9OSARCOME LE 30 SEPTEMBRE","author":"Le Canard du pianiste","date":"17 septembre 2017","format":false,"excerpt":"\u00c0 Roanne Fabrice Eulry et l'association Boogie-Wooguillaume\u00a0,\u00a0 essaieront de rassembler autant de fonds que les trois ann\u00e9es pr\u00e9c\u00e9dentes pour soutenir Infosarcomes\u00a0 Cette ann\u00e9e le Boogie-woogie et le blues seront chevaux de bataille sur lequel le pianiste mise exclusivement. Musiques que feu le pianiste Guillaume Perrot affectionnait tout particuli\u00e8rement.\u00a0 R\u00e9servez rapidement\u2026","rel":"","context":"Dans &quot;Non class\u00e9&quot;","block_context":{"text":"Non class\u00e9","link":"http:\/\/www.fabriceeulry-laboutique.com\/blog\/?cat=1"},"img":{"alt_text":"","src":"https:\/\/i0.wp.com\/www.fabriceeulry-laboutique.com\/blog\/wp-content\/uploads\/2017\/09\/coordonn%C3%A9es-30-sept.png?resize=350%2C200","width":350,"height":200},"classes":[]},{"id":8202,"url":"http:\/\/www.fabriceeulry-laboutique.com\/blog\/?p=8202","url_meta":{"origin":10285,"position":2},"title":"LA CAUSE DE GUILLAUME PERROT EST EGALEMENT LA NOTRE","author":"Le Canard du pianiste","date":"5 mars 2016","format":false,"excerpt":"\"Gr\u00e2ce \u00e0 une mobilisation totale des associations organisatrices Infosarcomes\u00a0et Boogie-Wooguillaume\u00a0, des spectacles ont d\u00e9gag\u00e9 un b\u00e9n\u00e9fice pour\u00a0la recherche contre le sarcome, exau\u00e7ant par la m\u00eame le voeu de mon \u00e9l\u00e8ve et ami feu\u00a0Guillaume Perrot. Un nouveau concert, en piano solo sur\u00a0imp\u00e9rial \u00a0va de nouveau permettre de r\u00e9colter des fonds comme\u00a0en\u2026","rel":"","context":"Dans &quot;Non class\u00e9&quot;","block_context":{"text":"Non class\u00e9","link":"http:\/\/www.fabriceeulry-laboutique.com\/blog\/?cat=1"},"img":{"alt_text":"bosen","src":"https:\/\/i0.wp.com\/www.fabriceeulry-laboutique.com\/blog\/wp-content\/uploads\/2016\/03\/bosen-.jpg?resize=350%2C200","width":350,"height":200},"classes":[]},{"id":7257,"url":"http:\/\/www.fabriceeulry-laboutique.com\/blog\/?p=7257","url_meta":{"origin":10285,"position":3},"title":"UN NOUVEAU SPECTACLE CONTRE L&rsquo;OSTEOSARCOME","author":"Le Canard du pianiste","date":"29 juin 2015","format":false,"excerpt":"\u00a9 Graphisme : Claudine Perrot \/ Photo : S\u00e8verine Croisiard Comme en 2014, avec l'association Boogie-WooGuillaume, nous rendrons hommage \u00e0 Guillaume Perrot, tout en continuant \u00e0 r\u00e9aliser son voeu : financer la recherche contre l'ost\u00e9osarcome au profit d'infosarcome. \u00a0Le tout gr\u00e2ce \u00e0 la recette du spectacle et \u00e0 la souscription\u2026","rel":"","context":"Dans &quot;Non class\u00e9&quot;","block_context":{"text":"Non class\u00e9","link":"http:\/\/www.fabriceeulry-laboutique.com\/blog\/?cat=1"},"img":{"alt_text":"ROANNE 2015","src":"https:\/\/i0.wp.com\/www.fabriceeulry-laboutique.com\/blog\/wp-content\/uploads\/2015\/06\/ROANNE-2015-.jpg?resize=350%2C200","width":350,"height":200,"srcset":"https:\/\/i0.wp.com\/www.fabriceeulry-laboutique.com\/blog\/wp-content\/uploads\/2015\/06\/ROANNE-2015-.jpg?resize=350%2C200 1x, https:\/\/i0.wp.com\/www.fabriceeulry-laboutique.com\/blog\/wp-content\/uploads\/2015\/06\/ROANNE-2015-.jpg?resize=525%2C300 1.5x"},"classes":[]},{"id":8526,"url":"http:\/\/www.fabriceeulry-laboutique.com\/blog\/?p=8526","url_meta":{"origin":10285,"position":4},"title":"BOSENDORFER IMPERIAL VS CANCER : 3 SET A 0","author":"Le Canard du pianiste","date":"3 juin 2016","format":false,"excerpt":"\"Merci de votre g\u00e9n\u00e9rosit\u00e9 ! Le Bosend\u00f6rfer imp\u00e9rial sur lequel se jouait le concert en hommage au pianiste Guillaume Perrot. Ce concert nous a permis de r\u00e9colter des fonds pour la recherche contre l'ost\u00e9osarcome, comme\u00a0en 2014 et 2015 au th\u00e9\u00e2tre de Roanne ! Ce concert a eu lieu le 2\u2026","rel":"","context":"Dans &quot;Non class\u00e9&quot;","block_context":{"text":"Non class\u00e9","link":"http:\/\/www.fabriceeulry-laboutique.com\/blog\/?cat=1"},"img":{"alt_text":"","src":"https:\/\/i0.wp.com\/www.fabriceeulry-laboutique.com\/blog\/wp-content\/uploads\/2016\/06\/thi.jpg?resize=350%2C200","width":350,"height":200},"classes":[]},{"id":5915,"url":"http:\/\/www.fabriceeulry-laboutique.com\/blog\/?p=5915","url_meta":{"origin":10285,"position":5},"title":"CONCERT HOMMAGE A GUILLAUME PERROT (SUITE) ET NOUVELLES DU DVD","author":"Le Canard du pianiste","date":"10 novembre 2014","format":false,"excerpt":"Voici le texte de l'article sur le pays.fr\u00a0: C\u2019est une histoire \u00e0 la fois belle et tragique qui est \u00e0 l\u2019origine du concert qu\u2019accueillera le th\u00e9\u00e2tre dimanche. Guillaume Perrot, Roannais, jeune pianiste du conservatoire de Saint-Etienne, disparaissait \u00e0 l'\u00e2ge de 26 ans, atteint d'un ost\u00e9osarcome. N\u00e9 \u00e0 S\u00e9oul en 1987,\u2026","rel":"","context":"Dans &quot;Non class\u00e9&quot;","block_context":{"text":"Non class\u00e9","link":"http:\/\/www.fabriceeulry-laboutique.com\/blog\/?cat=1"},"img":{"alt_text":"","src":"https:\/\/i0.wp.com\/www.fabriceeulry-laboutique.com\/blog\/wp-content\/uploads\/2014\/11\/st-.jpg?resize=350%2C200","width":350,"height":200,"srcset":"https:\/\/i0.wp.com\/www.fabriceeulry-laboutique.com\/blog\/wp-content\/uploads\/2014\/11\/st-.jpg?resize=350%2C200 1x, https:\/\/i0.wp.com\/www.fabriceeulry-laboutique.com\/blog\/wp-content\/uploads\/2014\/11\/st-.jpg?resize=525%2C300 1.5x, https:\/\/i0.wp.com\/www.fabriceeulry-laboutique.com\/blog\/wp-content\/uploads\/2014\/11\/st-.jpg?resize=700%2C400 2x"},"classes":[]}],"_links":{"self":[{"href":"http:\/\/www.fabriceeulry-laboutique.com\/blog\/index.php?rest_route=\/wp\/v2\/posts\/10285","targetHints":{"allow":["GET"]}}],"collection":[{"href":"http:\/\/www.fabriceeulry-laboutique.com\/blog\/index.php?rest_route=\/wp\/v2\/posts"}],"about":[{"href":"http:\/\/www.fabriceeulry-laboutique.com\/blog\/index.php?rest_route=\/wp\/v2\/types\/post"}],"author":[{"embeddable":true,"href":"http:\/\/www.fabriceeulry-laboutique.com\/blog\/index.php?rest_route=\/wp\/v2\/users\/2"}],"replies":[{"embeddable":true,"href":"http:\/\/www.fabriceeulry-laboutique.com\/blog\/index.php?rest_route=%2Fwp%2Fv2%2Fcomments&post=10285"}],"version-history":[{"count":8,"href":"http:\/\/www.fabriceeulry-laboutique.com\/blog\/index.php?rest_route=\/wp\/v2\/posts\/10285\/revisions"}],"predecessor-version":[{"id":10440,"href":"http:\/\/www.fabriceeulry-laboutique.com\/blog\/index.php?rest_route=\/wp\/v2\/posts\/10285\/revisions\/10440"}],"wp:attachment":[{"href":"http:\/\/www.fabriceeulry-laboutique.com\/blog\/index.php?rest_route=%2Fwp%2Fv2%2Fmedia&parent=10285"}],"wp:term":[{"taxonomy":"category","embeddable":true,"href":"http:\/\/www.fabriceeulry-laboutique.com\/blog\/index.php?rest_route=%2Fwp%2Fv2%2Fcategories&post=10285"},{"taxonomy":"post_tag","embeddable":true,"href":"http:\/\/www.fabriceeulry-laboutique.com\/blog\/index.php?rest_route=%2Fwp%2Fv2%2Ftags&post=10285"}],"curies":[{"name":"wp","href":"https:\/\/api.w.org\/{rel}","templated":true}]}}