{"id":10465,"date":"2018-03-08T04:35:57","date_gmt":"2018-03-08T04:35:57","guid":{"rendered":"http:\/\/www.fabriceeulry-laboutique.com\/blog\/?p=10465"},"modified":"2018-12-12T00:28:17","modified_gmt":"2018-12-12T00:28:17","slug":"une-tournee-qui-commence-par-la-fin","status":"publish","type":"post","link":"http:\/\/www.fabriceeulry-laboutique.com\/blog\/?p=10465","title":{"rendered":"UNE TOURN\u00c9E QUI COMMENCE PAR LA FIN"},"content":{"rendered":"<h2 style=\"text-align: center;\"><span style=\"color: #000000;\"><strong>Fabrice Eulry et l&rsquo;orchestre de Kharkiv ont hier soir mercredi 7 mars, enchant\u00e9 le public nordiste dans la salle Charcot de Marcq en Baroeul qui, comme le pr\u00e9disait Le Canard du pianiste \u00e9tait pleine : pour commencer, une belle surprise offerte par Elizabeth Sombart avec le larghetto du concerto en fa mineur de Fr\u00e9d\u00e9ric Chopin. Elle laissa ensuite le piano \u00e0 Fabrice Eulry, autour duquel Yuri Yanko dirigea l&rsquo;orchestre philharmonique de Kharkiv dans une Rhapsodie in blue assez proche de la version de la cr\u00e9ation par l&rsquo;orchestration et le c\u00f4t\u00e9 spontan\u00e9. Le piano n&rsquo;avait pas eu le temps de d&rsquo;\u00eatre tout \u00e0 fait r\u00e9gl\u00e9, et la chaleur des projecteurs faussa certaines cordes donnant un son bastringue dont Fabrice Eulry tira un parti burlesque dans les solos de cette oeuvre de George Gershwin. La chaleur et la longueur des applaudissements failli d\u00e9clencher un rappel d\u00e8s avant l&rsquo;entracte mais le respect de l&rsquo;horaire les r\u00e9serva pour la fin de la deuxi\u00e8me partie : Pas moins de quatre apr\u00e8s le succ\u00e8s du concerto n\u00b02 de Fabrice Eulry ! Summertime deux fois puis Domino et Le vol du bourdon&#8230; Et enfin une ovation debout digne d&rsquo;une cl\u00f4ture de tourn\u00e9e. <\/strong><\/span><\/h2>\n<h2 style=\"text-align: center;\"><strong><span style=\"color: #000000;\">Merci au public m\u00e9lomane de Marcq en Baroeul, \u00e0 l&rsquo;association Chante avec moi au b\u00e9n\u00e9fice de laquelle \u00e9tait donn\u00e9 ce concert et qui a su les mobiliser, merci \u00e0 La Maison de piano, le v\u00e9n\u00e9rable magasin-atelier de piano de Lille, la mairie et les b\u00e9n\u00e9voles qui ont fait un succ\u00e8s de cette soir\u00e9e hors programme. La suite de la\u00a0tourn\u00e9e promet donc, r\u00e9servez vos concerts le plus t\u00f4t possible ! Voici le calendrier :<\/span><\/strong><\/h2>\n<div dir=\"ltr\" style=\"text-align: center;\">\n<div id=\"yiv1289698246yui_3_16_0_1_1517852851254_37918\">\n<div id=\"yiv1289698246yui_3_16_0_1_1517852851254_37917\">\n<div id=\"yiv1289698246yui_3_16_0_1_1517852851254_37916\">\n<div id=\"yiv1289698246yui_3_16_0_1_1517852851254_37915\" class=\"yiv1289698246signature\">\n<div id=\"yiv1289698246yui_3_16_0_1_1517852851254_37913\" dir=\"ltr\">\n<h3 id=\"yiv1289698246yui_3_16_0_1_1517683899961_20238\">jeudi 8 mars<\/h3>\n<h3 id=\"yiv1289698246yui_3_16_0_1_1517683899961_20239\">\u00c9glise de Saint Nicolas \u00e0 PUITS (PUTTE) Flandres Belgique<\/h3>\n<p><a id=\"yiv1289698246yui_3_16_0_1_1517935151922_105387\" href=\"https:\/\/i0.wp.com\/www.fabriceeulry-laboutique.com\/blog\/wp-content\/uploads\/2018\/02\/affiche-Putte-philharmonique.png\" target=\"_blank\" rel=\"nofollow\" shape=\"rect\"><img data-recalc-dims=\"1\" loading=\"lazy\" decoding=\"async\" id=\"yiv1289698246yui_3_16_0_1_1517935151922_105388\" class=\"yiv1289698246\" src=\"https:\/\/i0.wp.com\/www.fabriceeulry-laboutique.com\/blog\/wp-content\/uploads\/2018\/02\/affiche-Putte-philharmonique.png?resize=433%2C584\" alt=\"affiche Putte philharmonique\" width=\"433\" height=\"584\" data-id=\"49cb66df-8851-85d7-27a7-0ded18ab61d0\" \/><\/a><\/p>\n<div id=\"yiv1289698246yui_3_16_0_1_1517935151922_105373\" dir=\"ltr\"><span id=\"yiv1289698246yui_3_16_0_1_1517935151922_105389\"><span id=\"yiv1289698246yui_3_16_0_1_1517935151922_105390\" style=\"font-size: small;\">R\u00e9servations en ligne :<\/span><span id=\"yiv1289698246yui_3_16_0_1_1517935151922_105391\" style=\"font-family: Georgia, 'Times New Roman', 'Bitstream Charter', Times, serif;\">\u00a0<\/span><\/span><span id=\"yiv1289698246yui_3_16_0_1_1517935151922_105392\"><span id=\"yiv1289698246yui_3_16_0_1_1517935151922_105393\" style=\"font-size: small;\"><a id=\"yiv1289698246yui_3_16_0_1_1517935151922_105394\" href=\"https:\/\/concert-kharkiv.eventsquare.co\/nl\/ft8xfguergxw\" target=\"_blank\" rel=\"nofollow\" shape=\"rect\">Concert Kharkiv | Online tickets<\/a><\/span><\/span><\/div>\n<h3 id=\"yiv1289698246yui_3_16_0_1_1517683899961_21635\"><span id=\"yiv1289698246yui_3_16_0_1_1517683899961_24115\">R\u00e9servations par courriel :\u00a0<\/span><span id=\"yiv1289698246yui_3_16_0_1_1517683899961_24742\" style=\"font-size: small;\"><a id=\"yiv1289698246yui_3_16_0_1_1517683899961_24603\" class=\"yiv1289698246edited-link-editor\" href=\"http:\/\/resonnance.belgie@gmail.com\/\" target=\"_blank\" rel=\"nofollow\" shape=\"rect\">resonnance.belgie@gmail.com<\/a><\/span><\/h3>\n<div id=\"yiv1289698246yui_3_16_0_1_1517683899961_20961\" dir=\"ltr\">&#8212;&#8212;&#8212;&#8212;&#8212;&#8212;&#8212;&#8212;&#8212;&#8212;&#8212;&#8212;&#8212;&#8212;&#8212;&#8212;&#8212;&#8212;<\/div>\n<div id=\"yiv1289698246yui_3_16_0_1_1517852851254_40323\" dir=\"ltr\" data-setdir=\"false\">\n<h3 id=\"yiv1289698246yui_3_16_0_1_1517852851254_40345\"><span id=\"yiv1289698246yui_3_16_0_1_1517852851254_40346\"><strong id=\"yiv1289698246yui_3_16_0_1_1517852851254_40347\">samedi 10 mars<\/strong><\/span><\/h3>\n<div id=\"yiv1289698246yui_3_16_0_1_1517935151922_111677\"><strong>PARIS<\/strong><\/div>\n<h3 id=\"yiv1289698246yui_3_16_0_1_1517852851254_40348\"><span id=\"yiv1289698246yui_3_16_0_1_1517852851254_40349\"><strong id=\"yiv1289698246yui_3_16_0_1_1517852851254_40350\">20h. auditorium du conservatoire du V\u00e8me arrondissement rue de Pontoise (Paris 5\u00e8me)<\/strong><\/span><\/h3>\n<h2 id=\"yiv1289698246yui_3_16_0_1_1517852851254_40351\"><span id=\"yiv1289698246yui_3_16_0_1_1517852851254_40352\"><strong id=\"yiv1289698246yui_3_16_0_1_1517852851254_40353\"><span id=\"yiv1289698246yui_3_16_0_1_1517852851254_40354\"><span style=\"color: #9d1811;\">(COMPLET)<\/span><\/span><\/strong><\/span><\/h2>\n<h3 id=\"yiv1289698246yui_3_16_0_1_1517852851254_40355\"><span id=\"yiv1289698246yui_3_16_0_1_1517852851254_40356\">&#8212;&#8212;&#8212;&#8212;&#8212;&#8212;&#8212;&#8212;&#8212;&#8212;&#8212;&#8212;&#8212;&#8212;&#8212;&#8212;&#8212;\u00a0<\/span><\/h3>\n<h3 id=\"yiv1289698246yui_3_16_0_1_1517852851254_40357\"><span id=\"yiv1289698246yui_3_16_0_1_1517852851254_40358\"><strong id=\"yiv1289698246yui_3_16_0_1_1517852851254_40359\">dimanche 11 mars<\/strong><\/span><\/h3>\n<h3 id=\"yiv1289698246yui_3_16_0_1_1517852851254_40360\"><span id=\"yiv1289698246yui_3_16_0_1_1517852851254_40361\"><strong id=\"yiv1289698246yui_3_16_0_1_1517852851254_40362\">15h sdf Saint-Germain Lespinasse (Loire)<\/strong><\/span><\/h3>\n<h3 id=\"yiv1289698246yui_3_16_0_1_1517852851254_40363\"><span id=\"yiv1289698246yui_3_16_0_1_1517852851254_40364\"><a id=\"yiv1289698246yui_3_16_0_1_1517852851254_40365\" href=\"https:\/\/i0.wp.com\/www.fabriceeulry-laboutique.com\/blog\/wp-content\/uploads\/2018\/01\/lespinasse.png\" target=\"_blank\" rel=\"nofollow\" shape=\"rect\"><img data-recalc-dims=\"1\" loading=\"lazy\" decoding=\"async\" id=\"yiv1289698246yui_3_16_0_1_1517852851254_40366\" class=\"yiv1289698246\" src=\"https:\/\/i0.wp.com\/www.fabriceeulry-laboutique.com\/blog\/wp-content\/uploads\/2018\/01\/lespinasse.png?resize=449%2C227\" alt=\"lespinasse\" width=\"449\" height=\"227\" data-id=\"39258129-0a9a-1000-2f7d-63aa67fec1cc\" \/><\/a><\/span><\/h3>\n<h3 id=\"yiv1289698246yui_3_16_0_1_1517852851254_40367\"><span id=\"yiv1289698246yui_3_16_0_1_1517852851254_40368\"><span id=\"yiv1289698246yui_3_16_0_1_1517852851254_40369\">R\u00e9servations en ligne :<\/span><span id=\"yiv1289698246yui_3_16_0_1_1517852851254_40370\">\u00a0<a id=\"yiv1289698246yui_3_16_0_1_1517852851254_40371\" href=\"https:\/\/www.weezevent.com\/fabrice-eurlry-et-l-orchestre-philarmonique-de-kharkov-hommage-a-guillaume-per\" target=\"_blank\" rel=\"nofollow\" shape=\"rect\">weezevent<\/a><\/span><\/span><\/h3>\n<div id=\"yiv1289698246yui_3_16_0_1_1517852851254_40376\"><\/div>\n<div id=\"yiv1289698246yui_3_16_0_1_1517852851254_40380\" dir=\"ltr\"><span id=\"yiv1289698246yui_3_16_0_1_1517852851254_40381\">&#8212;&#8212;&#8212;&#8212;&#8212;&#8212;&#8212;&#8212;&#8212;&#8212;&#8212;&#8212;&#8212;&#8212;&#8212;&#8212;&#8212;&#8212;&#8212;&#8212;&#8212;&#8212;&#8212;-<\/span><\/div>\n<h3 id=\"yiv1289698246yui_3_16_0_1_1517852851254_40382\"><span id=\"yiv1289698246yui_3_16_0_1_1517852851254_40383\"><strong id=\"yiv1289698246yui_3_16_0_1_1517852851254_40384\">mardi 13 mars au th\u00e9\u00e2tre de Lons Le Saunier (Jura) 20h<\/strong><\/span><\/h3>\n<h3 id=\"yiv1289698246yui_3_16_0_1_1517852851254_40385\"><span id=\"yiv1289698246yui_3_16_0_1_1517852851254_40386\"><a id=\"yiv1289698246yui_3_16_0_1_1517852851254_40387\" href=\"https:\/\/i0.wp.com\/www.fabriceeulry-laboutique.com\/blog\/wp-content\/uploads\/2018\/01\/lons2.png\" target=\"_blank\" rel=\"nofollow\" shape=\"rect\"><img data-recalc-dims=\"1\" loading=\"lazy\" decoding=\"async\" id=\"yiv1289698246yui_3_16_0_1_1517852851254_40388\" class=\"yiv1289698246\" src=\"https:\/\/i0.wp.com\/www.fabriceeulry-laboutique.com\/blog\/wp-content\/uploads\/2018\/01\/lons2.png?resize=468%2C304\" alt=\"lons2\" width=\"468\" height=\"304\" data-id=\"ab07c3a4-a20a-7686-b968-41c402992431\" \/><\/a><\/span><\/h3>\n<h3 id=\"yiv1289698246yui_3_16_0_1_1517852851254_40389\"><span id=\"yiv1289698246yui_3_16_0_1_1517852851254_40390\"><a id=\"yiv1289698246yui_3_16_0_1_1517852851254_40391\" href=\"https:\/\/i0.wp.com\/www.fabriceeulry-laboutique.com\/blog\/wp-content\/uploads\/2018\/01\/lons1.png\" target=\"_blank\" rel=\"nofollow\" shape=\"rect\"><img data-recalc-dims=\"1\" loading=\"lazy\" decoding=\"async\" id=\"yiv1289698246yui_3_16_0_1_1517852851254_40392\" class=\"yiv1289698246\" src=\"https:\/\/i0.wp.com\/www.fabriceeulry-laboutique.com\/blog\/wp-content\/uploads\/2018\/01\/lons1.png?resize=440%2C318\" alt=\"lons1\" width=\"440\" height=\"318\" data-id=\"d042e173-df30-a3fb-c139-5339881c4774\" \/><\/a><\/span><\/h3>\n<div id=\"yiv1289698246yui_3_16_0_1_1517852851254_40393\"><span id=\"yiv1289698246yui_3_16_0_1_1517852851254_40394\"><b id=\"yui_3_16_0_1_1518124087492_46345\"><span id=\"yiv1289698246yui_3_16_0_1_1517852851254_40395\">R\u00e9servations par courriel :\u00a0<\/span><a id=\"yiv1289698246yui_3_16_0_1_1517852851254_40396\" href=\"http:\/\/milana.v75@gmail.com\/\" target=\"_blank\" rel=\"nofollow\" shape=\"rect\">milana.v75@gmail.com<\/a><\/b><\/span><\/div>\n<div id=\"yiv1289698246yui_3_16_0_1_1517852851254_40397\"><b>\u00a0<br id=\"yiv1289698246yui_3_16_0_1_1517852851254_40398\" clear=\"none\" \/><\/b><\/div>\n<div id=\"yiv1289698246yui_3_16_0_1_1517852851254_40399\" dir=\"ltr\" data-setdir=\"false\"><span id=\"yiv1289698246yui_3_16_0_1_1517852851254_40400\"><b id=\"yui_3_16_0_1_1518124087492_46313\">Point de vente : \u00e0 partir du 26 f\u00e9vrier : E.C.L.A. conservatoire de Lons le Saunier :<\/b><\/span><\/div>\n<div id=\"yiv1289698246yui_3_16_0_1_1517852851254_40399\" dir=\"ltr\" data-setdir=\"false\"><span id=\"yui_3_16_0_1_1518124087492_46352\"><b id=\"yui_3_16_0_1_1518124087492_46351\">\u00a04 place Pernaud 39 000 Lons le Saunier<\/b><\/span><\/div>\n<div id=\"yiv1289698246yui_3_16_0_1_1517852851254_40399\" dir=\"ltr\"><\/div>\n<div id=\"yiv1289698246yui_3_16_0_1_1517852851254_40399\" dir=\"ltr\"><\/div>\n<div id=\"yiv1289698246yui_3_16_0_1_1517852851254_40401\" dir=\"ltr\"><span id=\"yiv1289698246yui_3_16_0_1_1517852851254_40402\">&#8212;&#8212;&#8212;&#8212;&#8212;&#8212;&#8212;&#8212;&#8212;&#8212;&#8212;&#8212;&#8212;&#8212;&#8212;&#8212;&#8212;&#8212;&#8212;&#8212;&#8212;&#8211;<\/span><\/div>\n<h3 id=\"yiv1289698246yui_3_16_0_1_1517852851254_40403\"><span id=\"yiv1289698246yui_3_16_0_1_1517852851254_40404\"><strong id=\"yiv1289698246yui_3_16_0_1_1517852851254_40405\">jeudi 15 mars \u00e0 l&rsquo;\u00e9glise de Saint-Genis Laval 20h<\/strong><\/span><\/h3>\n<div id=\"yiv1289698246yui_3_16_0_1_1517852851254_40406\"><\/div>\n<div id=\"yiv1289698246yui_3_16_0_1_1517852851254_40410\"><\/div>\n<div id=\"yiv1289698246yui_3_16_0_1_1517852851254_40410\"><a href=\"https:\/\/i0.wp.com\/www.fabriceeulry-laboutique.com\/blog\/wp-content\/uploads\/2018\/02\/SAINT-GENIS-AFFICHE.png\"><img data-recalc-dims=\"1\" loading=\"lazy\" decoding=\"async\" class=\"aligncenter size-full wp-image-10353\" src=\"https:\/\/i0.wp.com\/www.fabriceeulry-laboutique.com\/blog\/wp-content\/uploads\/2018\/02\/SAINT-GENIS-AFFICHE.png?resize=451%2C635\" alt=\"SAINT GENIS AFFICHE\" width=\"451\" height=\"635\" srcset=\"https:\/\/i0.wp.com\/www.fabriceeulry-laboutique.com\/blog\/wp-content\/uploads\/2018\/02\/SAINT-GENIS-AFFICHE.png?w=451 451w, https:\/\/i0.wp.com\/www.fabriceeulry-laboutique.com\/blog\/wp-content\/uploads\/2018\/02\/SAINT-GENIS-AFFICHE.png?resize=213%2C300 213w, https:\/\/i0.wp.com\/www.fabriceeulry-laboutique.com\/blog\/wp-content\/uploads\/2018\/02\/SAINT-GENIS-AFFICHE.png?resize=300%2C422 300w\" sizes=\"auto, (max-width: 451px) 100vw, 451px\" \/><\/a><\/div>\n<div id=\"yiv1289698246yui_3_16_0_1_1517852851254_40410\"><\/div>\n<div id=\"yiv1289698246yui_3_16_0_1_1517852851254_40412\" dir=\"ltr\">\n<div id=\"yiv1289698246yui_3_16_0_1_1517852851254_40418\"><span id=\"yiv1289698246yui_3_16_0_1_1517852851254_40419\"><b><span id=\"yiv1289698246yui_3_16_0_1_1517852851254_40420\">R\u00e9servations par courriel :\u00a0<\/span><a id=\"yiv1289698246yui_3_16_0_1_1517852851254_40421\" href=\"http:\/\/milana.v75@gmail.com\/\" target=\"_blank\" rel=\"nofollow\" shape=\"rect\">milana.v75@gmail.com<\/a><\/b><\/span><\/div>\n<div id=\"yiv1289698246yui_3_16_0_1_1517852851254_40418\"><\/div>\n<\/div>\n<div id=\"yiv1289698246yui_3_16_0_1_1517852851254_40422\" dir=\"ltr\"><span id=\"yiv1289698246yui_3_16_0_1_1517852851254_40423\"><strong id=\"yiv1289698246yui_3_16_0_1_1517852851254_40424\"><span id=\"yiv1289698246yui_3_16_0_1_1517852851254_40425\">&#8212;&#8212;&#8212;&#8212;&#8212;&#8212;&#8212;&#8212;&#8212;&#8212;&#8212;&#8212;&#8212;&#8212;&#8212;&#8212;&#8212;&#8212;&#8212;&#8212;&#8212;&#8212;&#8212;&#8212;&#8212;&#8212;&#8212;&#8212;&#8212;&#8212;&#8212;&#8212;-<\/span><\/strong><\/span><\/div>\n<div id=\"yiv1289698246yui_3_16_0_1_1517852851254_40426\" dir=\"ltr\"><span id=\"yiv1289698246yui_3_16_0_1_1517852851254_40427\"><strong id=\"yiv1289698246yui_3_16_0_1_1517852851254_40428\">\u00a0<\/strong><\/span><\/div>\n<div id=\"yiv1289698246yui_3_16_0_1_1517852851254_40429\" dir=\"ltr\"><span id=\"yiv1289698246yui_3_16_0_1_1517852851254_40430\"><strong id=\"yiv1289698246yui_3_16_0_1_1517852851254_40431\">vendredi 16 mars \u00e0 Saint-Geniez d&rsquo;Olt (Aveyron)<\/strong><\/span><\/div>\n<div id=\"yiv1289698246yui_3_16_0_1_1517852851254_40429\" dir=\"ltr\"><\/div>\n<h3 id=\"yiv1289698246yui_3_16_0_1_1517852851254_40432\"><span id=\"yiv1289698246yui_3_16_0_1_1517852851254_40433\"><a id=\"yiv1289698246yui_3_16_0_1_1517852851254_40434\" href=\"https:\/\/i0.wp.com\/www.fabriceeulry-laboutique.com\/blog\/wp-content\/uploads\/2018\/01\/dolt.png\" target=\"_blank\" rel=\"nofollow\" shape=\"rect\"><img data-recalc-dims=\"1\" loading=\"lazy\" decoding=\"async\" id=\"yiv1289698246yui_3_16_0_1_1517852851254_40435\" class=\"yiv1289698246\" src=\"https:\/\/i0.wp.com\/www.fabriceeulry-laboutique.com\/blog\/wp-content\/uploads\/2018\/01\/dolt.png?resize=558%2C255\" alt=\"dolt\" width=\"558\" height=\"255\" data-id=\"873535fd-d336-bc89-103e-ae83b89f05fe\" \/><\/a><\/span><\/h3>\n<div id=\"yiv1289698246yui_3_16_0_1_1517935151922_110451\"><a href=\"https:\/\/i0.wp.com\/www.fabriceeulry-laboutique.com\/blog\/wp-content\/uploads\/2018\/02\/AFFICHE-ST-GENIEZ.png\"><img data-recalc-dims=\"1\" loading=\"lazy\" decoding=\"async\" class=\"aligncenter size-large wp-image-10413\" src=\"https:\/\/i0.wp.com\/www.fabriceeulry-laboutique.com\/blog\/wp-content\/uploads\/2018\/02\/AFFICHE-ST-GENIEZ.png?resize=640%2C360\" alt=\"AFFICHE ST GENIEZ\" width=\"640\" height=\"360\" srcset=\"https:\/\/i0.wp.com\/www.fabriceeulry-laboutique.com\/blog\/wp-content\/uploads\/2018\/02\/AFFICHE-ST-GENIEZ.png?resize=1024%2C577 1024w, https:\/\/i0.wp.com\/www.fabriceeulry-laboutique.com\/blog\/wp-content\/uploads\/2018\/02\/AFFICHE-ST-GENIEZ.png?resize=300%2C169 300w, https:\/\/i0.wp.com\/www.fabriceeulry-laboutique.com\/blog\/wp-content\/uploads\/2018\/02\/AFFICHE-ST-GENIEZ.png?resize=768%2C432 768w, https:\/\/i0.wp.com\/www.fabriceeulry-laboutique.com\/blog\/wp-content\/uploads\/2018\/02\/AFFICHE-ST-GENIEZ.png?w=1275 1275w\" sizes=\"auto, (max-width: 640px) 100vw, 640px\" \/><\/a><\/div>\n<div id=\"yiv1289698246yui_3_16_0_1_1517935151922_110570\"><\/div>\n<div id=\"yiv1289698246yui_3_16_0_1_1517935151922_110520\"><\/div>\n<div id=\"yiv1289698246yui_3_16_0_1_1517852851254_40436\" dir=\"ltr\" data-setdir=\"false\"><span id=\"yiv1289698246yui_3_16_0_1_1517852851254_40437\"><b id=\"yui_3_16_0_1_1518124087492_44767\"><span id=\"yiv1289698246yui_3_16_0_1_1517852851254_40438\">R\u00e9servations par courriel :\u00a0<\/span><a id=\"yiv1289698246yui_3_16_0_1_1517852851254_40439\" href=\"http:\/\/milana.v75@gmail.com\/\" target=\"_blank\" rel=\"nofollow\" shape=\"rect\">milana.v75@gmail.com<\/a>\u00a0<\/b><\/span><\/div>\n<div id=\"yiv1289698246yui_3_16_0_1_1517852851254_40436\" dir=\"ltr\" data-setdir=\"false\"><b>\u00a0<\/b><\/div>\n<div id=\"yiv1289698246yui_3_16_0_1_1517852851254_40436\" dir=\"ltr\" data-setdir=\"false\"><span id=\"yui_3_16_0_1_1518124087492_45305\">Points de vente :\u00a0<\/span><\/div>\n<div id=\"yiv1289698246yui_3_16_0_1_1517852851254_40436\" dir=\"ltr\" data-setdir=\"false\"><\/div>\n<div id=\"yiv1289698246yui_3_16_0_1_1517852851254_40436\" dir=\"ltr\" data-setdir=\"false\"><span id=\"yui_3_16_0_1_1518124087492_45343\">librairie Pont-virgule \u00e0 Espalion, \u00a0<\/span><\/div>\n<div id=\"yiv1289698246yui_3_16_0_1_1517852851254_40436\" dir=\"ltr\" data-setdir=\"false\"><b>\u00a0<\/b><\/div>\n<div id=\"yiv1289698246yui_3_16_0_1_1517852851254_40436\" dir=\"ltr\" data-setdir=\"false\"><b id=\"yui_3_16_0_1_1518124087492_45205\"><span id=\"yui_3_16_0_1_1518124087492_45809\" style=\"font-family: garamond, 'new york', times, serif;\">du mardi au samedi de 9h30 \u00e0 12h30 et de 14h \u00e0 19h<\/span><\/b><\/div>\n<div id=\"yiv1289698246yui_3_16_0_1_1517852851254_40436\" dir=\"ltr\" data-setdir=\"false\"><b>\u00a0<\/b><\/div>\n<div id=\"yiv1289698246yui_3_16_0_1_1517852851254_40436\" dir=\"ltr\" data-setdir=\"false\"><b>\u00a0<\/b><\/div>\n<div id=\"yiv1289698246yui_3_16_0_1_1517852851254_40436\" dir=\"ltr\" data-setdir=\"false\"><b>\u00a0<\/b><\/div>\n<div id=\"yiv1289698246yui_3_16_0_1_1517852851254_40436\" dir=\"ltr\" data-setdir=\"false\"><span id=\"yui_3_16_0_1_1518124087492_45452\">Office de tourisme de Saint-Geniez d&rsquo;Olt<\/span><span id=\"yui_3_16_0_1_1518124087492_45584\" style=\"color: #333333; font-family: Georgia, 'Times New Roman', 'Bitstream Charter', Times, serif; font-size: medium;\">\u00a0<\/span><\/div>\n<div id=\"yiv1289698246yui_3_16_0_1_1517852851254_40436\" dir=\"ltr\" data-setdir=\"false\"><span id=\"yui_3_16_0_1_1518124087492_45680\" style=\"font-family: garamond, 'new york', times, serif; font-size: medium;\"><b id=\"yui_3_16_0_1_1518124087492_45679\">Le clo\u00eetre 12 130 Saint-Geniez d&rsquo;Olt<\/b><\/span><\/div>\n<div id=\"yiv1289698246yui_3_16_0_1_1517852851254_40436\" dir=\"ltr\" data-setdir=\"false\"><b id=\"yui_3_16_0_1_1518124087492_46175\"><span id=\"yui_3_16_0_1_1518124087492_46080\">\u00a0 \u00a0 du 8 janvier au d\u00e9but des vacances de f\u00e9vrier : \u00a0<\/span><\/b><\/div>\n<div id=\"yui_3_16_0_1_1518124087492_46198\"><b id=\"yui_3_16_0_1_1518124087492_46175\">du lundi au vendredi : 9h &#8211; 12h et de 14h \u00e0 17h<\/b><\/div>\n<div id=\"yui_3_16_0_1_1518124087492_46580\"><b id=\"yui_3_16_0_1_1518124087492_46175\">samedi : 9h &#8211; 12h et 14h30 &#8211; 17h30<\/b><\/div>\n<div id=\"yui_3_16_0_1_1518124087492_46236\"><b id=\"yui_3_16_0_1_1518124087492_46181\"><span id=\"yui_3_16_0_1_1518124087492_46085\">\u00e0 partir des vacances de f\u00e9vrier jusqu&rsquo;au 30 avril : \u00a0<\/span><\/b><\/div>\n<div id=\"yui_3_16_0_1_1518124087492_46235\"><b id=\"yui_3_16_0_1_1518124087492_46181\">du lundi au vendredi : 9h &#8211; 12h \/ 14h &#8211; 17h30<\/b><\/div>\n<p id=\"yui_3_16_0_1_1518124087492_46087\"><b id=\"yui_3_16_0_1_1518124087492_46180\">samedi : 9h &#8211; 12h et 14h30 &#8211; 17h30<\/b><\/p>\n<div id=\"yiv1289698246yui_3_16_0_1_1517852851254_40436\" dir=\"ltr\" data-setdir=\"false\">&#8212;&#8212;&#8212;&#8212;&#8212;&#8212;&#8212;&#8212;&#8212;&#8212;&#8212;&#8212;&#8212;&#8212;&#8212;&#8212;&#8212;&#8212;&#8212;&#8212;&#8212;&#8212;&#8212;<\/div>\n<\/div>\n<h3 id=\"yiv1289698246yui_3_16_0_1_1517683899961_20293\"><strong id=\"yiv1289698246yui_3_16_0_1_1517683899961_20294\">samedi 17 mars \u00e0 l&rsquo;\u00e9glise d&rsquo;Espalion (Aveyron)<\/strong><\/h3>\n<h3 id=\"yiv1289698246yui_3_16_0_1_1517683899961_20295\"><a id=\"yiv1289698246yui_3_16_0_1_1517683899961_20296\" href=\"https:\/\/i0.wp.com\/www.fabriceeulry-laboutique.com\/blog\/wp-content\/uploads\/2018\/01\/eglise-espalion.png\" target=\"_blank\" rel=\"nofollow\" shape=\"rect\"><img data-recalc-dims=\"1\" loading=\"lazy\" decoding=\"async\" id=\"yiv1289698246yui_3_16_0_1_1517683899961_20297\" class=\"yiv1289698246\" src=\"https:\/\/i0.wp.com\/www.fabriceeulry-laboutique.com\/blog\/wp-content\/uploads\/2018\/01\/eglise-espalion.png?resize=258%2C382\" alt=\"eglise espalion\" width=\"258\" height=\"382\" data-id=\"04c446a1-3560-0bfd-307e-1cfcec576645\" \/><\/a><\/h3>\n<h3 id=\"yiv1289698246yui_3_16_0_1_1517683899961_20298\"><\/h3>\n<div id=\"yiv1289698246yui_3_16_0_1_1517683899961_22321\"><span id=\"yiv1289698246yui_3_16_0_1_1517683899961_22322\">R\u00e9servations par courriel :\u00a0<\/span><a id=\"yiv1289698246yui_3_16_0_1_1517683899961_22323\" href=\"http:\/\/milana.v75@gmail.com\/\" target=\"_blank\" rel=\"nofollow\" shape=\"rect\">milana.v75@gmail.com<\/a><\/div>\n<div id=\"yiv1289698246yui_3_16_0_1_1517683899961_22324\"><\/div>\n<div id=\"yiv1289698246yui_3_16_0_1_1517683899961_22326\" dir=\"ltr\">Point de vente : librairie Pont-virgule \u00e0 Espalion<\/div>\n<div id=\"yiv1289698246yui_3_16_0_1_1517683899961_22326\" dir=\"ltr\" data-setdir=\"false\"><span id=\"yui_3_16_0_1_1518124087492_44896\"><b id=\"yui_3_16_0_1_1518124087492_45024\">\u00a0du mardi au samedi de 9h30 \u00e0 12h30 et de 14h \u00e0 19h<\/b><\/span><\/div>\n<div id=\"yiv1289698246yui_3_16_0_1_1517683899961_22326\" dir=\"ltr\">&#8212;&#8212;&#8212;&#8212;&#8212;&#8212;&#8212;&#8212;&#8212;&#8212;&#8212;&#8212;&#8212;&#8212;&#8212;&#8212;&#8212;&#8212;-<\/div>\n<h3 id=\"yiv1289698246yui_3_16_0_1_1517683899961_20302\"><strong id=\"yiv1289698246yui_3_16_0_1_1517683899961_20303\">dimanche 18 mars \u00e0 Rodez\u00a0<\/strong><\/h3>\n<h3 id=\"yiv1289698246yui_3_16_0_1_1517683899961_20304\"><strong id=\"yiv1289698246yui_3_16_0_1_1517683899961_20305\">(Aveyron : salle La Baleine Onet le Ch\u00e2teau : 15 heures attention \u00e0\u00a0l&rsquo;horaire !)<\/strong><\/h3>\n<h3 id=\"yiv1289698246yui_3_16_0_1_1517683899961_20306\"><\/h3>\n<div id=\"yiv1289698246yui_3_16_0_1_1517683899961_22470\" dir=\"ltr\">&#8212;&#8212;&#8212;&#8212;&#8212;&#8212;&#8212;&#8212;&#8212;&#8212;&#8212;&#8212;&#8212;&#8212;&#8212;&#8212;&#8212;&#8212;&#8212;&#8212;<\/div>\n<h3 id=\"yiv1289698246yui_3_16_0_1_1517683899961_20308\">Lundi 19 mars<\/h3>\n<h3 id=\"yiv1289698246yui_3_16_0_1_1517683899961_20309\">Salle Fran\u00e7ois Mitterand CARMAUX (Tarn)<\/h3>\n<\/div>\n<h2 style=\"text-align: center;\"><strong style=\"color: #000000; font-size: 16px;\"><a href=\"https:\/\/i0.wp.com\/www.fabriceeulry-laboutique.com\/blog\/wp-content\/uploads\/2017\/02\/car1.jpg\"><img data-recalc-dims=\"1\" loading=\"lazy\" decoding=\"async\" class=\"size-full wp-image-9262\" src=\"https:\/\/i0.wp.com\/www.fabriceeulry-laboutique.com\/blog\/wp-content\/uploads\/2017\/02\/car1.jpg?resize=606%2C367\" alt=\"car1\" width=\"606\" height=\"367\" srcset=\"https:\/\/i0.wp.com\/www.fabriceeulry-laboutique.com\/blog\/wp-content\/uploads\/2017\/02\/car1.jpg?w=606 606w, https:\/\/i0.wp.com\/www.fabriceeulry-laboutique.com\/blog\/wp-content\/uploads\/2017\/02\/car1.jpg?resize=300%2C182 300w\" sizes=\"auto, (max-width: 606px) 100vw, 606px\" \/><\/a><\/strong><\/h2>\n<p><span id=\"yiv1289698246yui_3_16_0_1_1517683899961_22516\">R\u00e9servations par courriel :\u00a0<\/span><a id=\"yiv1289698246yui_3_16_0_1_1517683899961_22517\" href=\"http:\/\/milana.v75@gmail.com\/\" target=\"_blank\" rel=\"nofollow\" shape=\"rect\">milana.v75@gmail.com<\/a><\/p>\n<div id=\"yiv1289698246yui_3_16_0_1_1517852851254_37913\" dir=\"ltr\">\n<div id=\"yiv1289698246yui_3_16_0_1_1517683899961_22518\"><\/div>\n<div id=\"yiv1289698246yui_3_16_0_1_1517683899961_20310\" dir=\"ltr\"><span id=\"yiv1289698246yui_3_16_0_1_1517683899961_22520\">Point de vente : Office d&rsquo;animation du Carmausin, Place Gambetta.\u00a0<\/span><\/div>\n<\/div>\n<\/div>\n<\/div>\n<\/div>\n<\/div>\n<\/div>\n<div dir=\"ltr\" style=\"text-align: center;\"><\/div>\n<div dir=\"ltr\" style=\"text-align: center;\"><\/div>\n<div id=\"yiv6975056021m_-2286016817017641380yui_3_16_0_1_1517683899961_32313\" dir=\"ltr\" style=\"text-align: center;\"><strong><span id=\"yiv6975056021m_-2286016817017641380yui_3_16_0_1_1517683899961_32314\" style=\"color: #000000;\">&#8212;&#8212;&#8212;&#8212;&#8212;&#8212;&#8212;&#8212;&#8212;&#8212;&#8212;&#8212;&#8212;&#8212;&#8212;&#8212;&#8212;&#8212;&#8212;&#8212;&#8212;&#8212;&#8212;&#8212;&#8212;&#8212;-<\/span><\/strong><\/div>\n<div id=\"yiv6975056021m_-2286016817017641380yui_3_16_0_1_1517683899961_32315\" dir=\"ltr\" style=\"text-align: center;\"><strong><span id=\"yiv6975056021m_-2286016817017641380yui_3_16_0_1_1517683899961_32316\" style=\"color: #000000;\">Mardi 20 mars<\/span><\/strong><\/div>\n<h3 id=\"yiv6975056021m_-2286016817017641380yui_3_16_0_1_1517683899961_32318\" style=\"text-align: center;\"><strong><span style=\"color: #000000;\">Paris : Auditorium de la mairie du V\u00e8me<\/span><\/strong><\/h3>\n<h3 id=\"yiv6975056021m_-2286016817017641380yui_3_16_0_1_1517683899961_32319\" style=\"text-align: center;\"><strong><span id=\"yiv6975056021m_-2286016817017641380yui_3_16_0_1_1517683899961_32320\" style=\"color: #000000;\">&#8211; \u00c0 CONFIRMER-<\/span><\/strong><\/h3>\n<h2 style=\"text-align: center;\"><span style=\"color: #000000;\">concerto n\u00b01 en disque !<\/span><\/h2>\n<h2 style=\"text-align: center;\"><span style=\"color: #000000;\"><strong>Concerto N\u00b0 1 en DO# mineur &#8211; Fabrice Eulry<\/strong><\/span><\/h2>\n<div style=\"text-align: center;\">\n<p style=\"text-align: center;\"><span style=\"color: #000000;\"><a href=\"http:\/\/www.fabriceeulry.com\/discographie.html\"><img data-recalc-dims=\"1\" loading=\"lazy\" decoding=\"async\" id=\"yui_3_16_0_ym19_1_1459901370141_37122\" src=\"https:\/\/i0.wp.com\/fabriceeulryunblogfr.unblog.fr\/files\/2010\/12\/pochetteconcerto.jpg?resize=300%2C300\" alt=\"\" width=\"300\" height=\"300\" \/><\/a>\u00a0<\/span><\/p>\n<p style=\"text-align: center;\"><span style=\"color: #000000;\"><em>(cliquez sur l&rsquo;image pour \u00e9couter des extraits et le commander)<\/em><\/span><\/p>\n<h2 style=\"text-align: center;\"><span style=\"color: #000000;\"><strong>Et le concerto N\u00b0 2 que l&rsquo;on peut uniquement se procurer au concert pour l&rsquo;instant :<\/strong><\/span><\/h2>\n<\/div>\n<p style=\"text-align: center;\"><a href=\"https:\/\/i0.wp.com\/www.fabriceeulry-laboutique.com\/blog\/wp-content\/uploads\/2018\/03\/photo-pochette-CONCERTO-N%C2%B02.png\"><img data-recalc-dims=\"1\" loading=\"lazy\" decoding=\"async\" class=\"aligncenter size-full wp-image-10454\" src=\"https:\/\/i0.wp.com\/www.fabriceeulry-laboutique.com\/blog\/wp-content\/uploads\/2018\/03\/photo-pochette-CONCERTO-N%C2%B02.png?resize=354%2C441\" alt=\"photo pochette CONCERTO N\u00b02\" width=\"354\" height=\"441\" srcset=\"https:\/\/i0.wp.com\/www.fabriceeulry-laboutique.com\/blog\/wp-content\/uploads\/2018\/03\/photo-pochette-CONCERTO-N%C2%B02.png?w=354 354w, https:\/\/i0.wp.com\/www.fabriceeulry-laboutique.com\/blog\/wp-content\/uploads\/2018\/03\/photo-pochette-CONCERTO-N%C2%B02.png?resize=241%2C300 241w, https:\/\/i0.wp.com\/www.fabriceeulry-laboutique.com\/blog\/wp-content\/uploads\/2018\/03\/photo-pochette-CONCERTO-N%C2%B02.png?resize=300%2C374 300w\" sizes=\"auto, (max-width: 354px) 100vw, 354px\" \/><\/a><\/p>\n<p style=\"text-align: center;\">\n","protected":false},"excerpt":{"rendered":"<p>Fabrice Eulry et l&rsquo;orchestre de Kharkiv ont hier soir mercredi 7 mars, enchant\u00e9 le public nordiste dans la salle Charcot de Marcq en Baroeul qui, comme le pr\u00e9disait Le Canard du pianiste \u00e9tait pleine : pour commencer, une belle surprise &hellip; <a href=\"http:\/\/www.fabriceeulry-laboutique.com\/blog\/?p=10465\">Continuer la lecture <span class=\"meta-nav\">&rarr;<\/span><\/a><\/p>\n","protected":false},"author":2,"featured_media":0,"comment_status":"open","ping_status":"open","sticky":false,"template":"","format":"standard","meta":{"jetpack_post_was_ever_published":false,"_jetpack_newsletter_access":"","_jetpack_dont_email_post_to_subs":true,"_jetpack_newsletter_tier_id":0,"_jetpack_memberships_contains_paywalled_content":false,"_jetpack_memberships_contains_paid_content":false,"footnotes":"","jetpack_publicize_message":"","jetpack_publicize_feature_enabled":true,"jetpack_social_post_already_shared":true,"jetpack_social_options":{"image_generator_settings":{"template":"highway","default_image_id":0,"font":"","enabled":false},"version":2}},"categories":[1],"tags":[11],"class_list":["post-10465","post","type-post","status-publish","format-standard","hentry","category-non-classe","tag-musique-philharmonique"],"jetpack_publicize_connections":[],"jetpack_featured_media_url":"","jetpack_sharing_enabled":true,"jetpack_shortlink":"https:\/\/wp.me\/p2D6dI-2IN","jetpack_likes_enabled":true,"jetpack-related-posts":[{"id":10089,"url":"http:\/\/www.fabriceeulry-laboutique.com\/blog\/?p=10089","url_meta":{"origin":10465,"position":0},"title":"BOOGIE-WOOGIE EXPIATOIRE, ET PHILHARMONIQUE !","author":"Le Canard du pianiste","date":"16 janvier 2018","format":false,"excerpt":"Voici un extrait du 1er mouvement du concerto pour piano en sol majeur \"Expiatoire\" \u00e9crit et ex\u00e9cut\u00e9 par Fabrice Eulry, accompagn\u00e9 par l'orchestre philharmonique de Kharkov le 9 septembre 2017 \u00e0 Kharkiv (Kharkiv est en Ukraine, Kharkov est la prononciation russe) sous la direction de Yuri Yanko.\u00a0 https:\/\/www.youtube.com\/watch?v=HokhxAiq3-Q Fabrice Eulry\u2026","rel":"","context":"Dans &quot;Non class\u00e9&quot;","block_context":{"text":"Non class\u00e9","link":"http:\/\/www.fabriceeulry-laboutique.com\/blog\/?cat=1"},"img":{"alt_text":"SAINT GENIS AFFICHE","src":"https:\/\/i0.wp.com\/www.fabriceeulry-laboutique.com\/blog\/wp-content\/uploads\/2018\/02\/SAINT-GENIS-AFFICHE.png?resize=350%2C200","width":350,"height":200},"classes":[]},{"id":11023,"url":"http:\/\/www.fabriceeulry-laboutique.com\/blog\/?p=11023","url_meta":{"origin":10465,"position":1},"title":"POUR LES M\u00c9LOMANES DE BELGIQUE","author":"Le Canard du pianiste","date":"29 septembre 2018","format":false,"excerpt":"\u00a0 Concerto en fa mineur (Fr\u00e9d\u00e9ric\u00a0Chopin) au piano Elizabeth Sombart et l'orchestre\u00a0philharmonique de\u00a0Kharkiv Concerto en fa mineur n\u00b03 \"supersonique\" (Fabrice Eulry) et Rhapsodie in blue : au piano Fabrice Eulry et l'orchestre\u00a0philharmonique de\u00a0Kharkiv \u00a0 Toutes les dates de la tourn\u00e9e\u00a0sur une seule affiche : \u00c0 noter qu'\u00e0 Suze la Rousse\u2026","rel":"","context":"Dans &quot;Non class\u00e9&quot;","block_context":{"text":"Non class\u00e9","link":"http:\/\/www.fabriceeulry-laboutique.com\/blog\/?cat=1"},"img":{"alt_text":"","src":"https:\/\/i0.wp.com\/www.fabriceeulry-laboutique.com\/blog\/wp-content\/uploads\/2018\/09\/bozart-aff.png?resize=350%2C200","width":350,"height":200,"srcset":"https:\/\/i0.wp.com\/www.fabriceeulry-laboutique.com\/blog\/wp-content\/uploads\/2018\/09\/bozart-aff.png?resize=350%2C200 1x, https:\/\/i0.wp.com\/www.fabriceeulry-laboutique.com\/blog\/wp-content\/uploads\/2018\/09\/bozart-aff.png?resize=525%2C300 1.5x, https:\/\/i0.wp.com\/www.fabriceeulry-laboutique.com\/blog\/wp-content\/uploads\/2018\/09\/bozart-aff.png?resize=700%2C400 2x"},"classes":[]},{"id":11034,"url":"http:\/\/www.fabriceeulry-laboutique.com\/blog\/?p=11034","url_meta":{"origin":10465,"position":2},"title":"SALLE COMBLE POUR LE CONCERTO SUPERSONIQUE","author":"Le Canard du pianiste","date":"7 octobre 2018","format":false,"excerpt":"Les m\u00e9lomanes de Belgique ont offert un accueil massif \u00e0 la premi\u00e8re publique du troisi\u00e8me concerto de Fabrice Eulry en Europe de l'ouest !\u00a0 La salle des Beaux arts de Bruxelles \u00e9tait compl\u00e8te pour ce lundi 8 octobre. Au programme : Concerto en fa mineur (Fr\u00e9d\u00e9ric\u00a0Chopin) au piano Elizabeth Sombart\u2026","rel":"","context":"Dans &quot;Non class\u00e9&quot;","block_context":{"text":"Non class\u00e9","link":"http:\/\/www.fabriceeulry-laboutique.com\/blog\/?cat=1"},"img":{"alt_text":"bozart aff","src":"https:\/\/i0.wp.com\/www.fabriceeulry-laboutique.com\/blog\/wp-content\/uploads\/2018\/09\/bozart-aff.png?resize=350%2C200","width":350,"height":200,"srcset":"https:\/\/i0.wp.com\/www.fabriceeulry-laboutique.com\/blog\/wp-content\/uploads\/2018\/09\/bozart-aff.png?resize=350%2C200 1x, https:\/\/i0.wp.com\/www.fabriceeulry-laboutique.com\/blog\/wp-content\/uploads\/2018\/09\/bozart-aff.png?resize=525%2C300 1.5x, https:\/\/i0.wp.com\/www.fabriceeulry-laboutique.com\/blog\/wp-content\/uploads\/2018\/09\/bozart-aff.png?resize=700%2C400 2x"},"classes":[]},{"id":9634,"url":"http:\/\/www.fabriceeulry-laboutique.com\/blog\/?p=9634","url_meta":{"origin":10465,"position":3},"title":"LE PHILHARMONIQUE DE KHARKOV ET FABRICE EULRY","author":"Le Canard du pianiste","date":"4 ao\u00fbt 2017","format":false,"excerpt":"En concert \u00e0 Kharkov le samedi 9 septembre 2017, dans la salle d'orgue\u00a0de la Philharmonie de Kharkov \u00a0\u00e9quip\u00e9e d'un plafond mobile pour r\u00e9gler l'acoustique\u00a0 \u00a0 Au programme le Concerto pour piano n\u00b0 2 en sol majeur \"Expiatoire\" compos\u00e9 par Fabrice Eulry et quelques airs populaires symphonis\u00e9s (Summertime...). Ci-dessous un extrait\u2026","rel":"","context":"Dans &quot;Non class\u00e9&quot;","block_context":{"text":"Non class\u00e9","link":"http:\/\/www.fabriceeulry-laboutique.com\/blog\/?cat=1"},"img":{"alt_text":"KHA4","src":"https:\/\/i0.wp.com\/www.fabriceeulry-laboutique.com\/blog\/wp-content\/uploads\/2017\/08\/KHA4.jpg?resize=350%2C200","width":350,"height":200},"classes":[]},{"id":10004,"url":"http:\/\/www.fabriceeulry-laboutique.com\/blog\/?p=10004","url_meta":{"origin":10465,"position":4},"title":"LA TOURN\u00c9E PHILHARMONIQUE-F.EULRY S&rsquo;AGRANDIT ENCORE DE DEUX OPTIONS !","author":"Le Canard du pianiste","date":"4 janvier 2018","format":false,"excerpt":"Fabrice Eulry et l'orchestre philharmonique de Kharkiv (Kharkov est la prononciation russe, mais cette ville est\u00a0d\u00e9sormais en Ukraine) seront en France et en Belgique pour une tourn\u00e9e exceptionnelle au mois de mars 2018 : 7 mars Salle Charcot de Marcq en Baroeul 20h --------------------------------------------- jeudi 8 mars \u00c9glise de PUITS\u2026","rel":"","context":"Dans &quot;Non class\u00e9&quot;","block_context":{"text":"Non class\u00e9","link":"http:\/\/www.fabriceeulry-laboutique.com\/blog\/?cat=1"},"img":{"alt_text":"AFFICHE MARCQ BAROEUL","src":"https:\/\/i0.wp.com\/www.fabriceeulry-laboutique.com\/blog\/wp-content\/uploads\/2018\/01\/AFFICHE-MARCQ-BAROEUL-1.png?resize=350%2C200","width":350,"height":200},"classes":[]},{"id":10258,"url":"http:\/\/www.fabriceeulry-laboutique.com\/blog\/?p=10258","url_meta":{"origin":10465,"position":5},"title":"FABRICE EULRY EN PHILHARMONIQUE \u00c0 SENLIS LE 9 MARS","author":"Le Canard du pianiste","date":"5 f\u00e9vrier 2018","format":false,"excerpt":"Kyiv est la capitale de l'Ukraine. Il y a mille ans, en 1065 Anne de Kyiv, une princesse ukrainienne, fille de Yaroslav est devenue La Reine de France \u00e9pousant Henri I, a fond\u00e9 une abbaye \u00e0 Senlis. Ce mill\u00e9naire de\u00a0fraternit\u00e9 entre la France et Ukraine, sera bient\u00f4t f\u00eat\u00e9 par et\u2026","rel":"","context":"Dans &quot;Non class\u00e9&quot;","block_context":{"text":"Non class\u00e9","link":"http:\/\/www.fabriceeulry-laboutique.com\/blog\/?cat=1"},"img":{"alt_text":"","src":"https:\/\/i0.wp.com\/www.fabriceeulry-laboutique.com\/blog\/wp-content\/uploads\/2018\/02\/Senlis-affiche.png?resize=350%2C200","width":350,"height":200,"srcset":"https:\/\/i0.wp.com\/www.fabriceeulry-laboutique.com\/blog\/wp-content\/uploads\/2018\/02\/Senlis-affiche.png?resize=350%2C200 1x, https:\/\/i0.wp.com\/www.fabriceeulry-laboutique.com\/blog\/wp-content\/uploads\/2018\/02\/Senlis-affiche.png?resize=525%2C300 1.5x, https:\/\/i0.wp.com\/www.fabriceeulry-laboutique.com\/blog\/wp-content\/uploads\/2018\/02\/Senlis-affiche.png?resize=700%2C400 2x, https:\/\/i0.wp.com\/www.fabriceeulry-laboutique.com\/blog\/wp-content\/uploads\/2018\/02\/Senlis-affiche.png?resize=1050%2C600 3x"},"classes":[]}],"_links":{"self":[{"href":"http:\/\/www.fabriceeulry-laboutique.com\/blog\/index.php?rest_route=\/wp\/v2\/posts\/10465","targetHints":{"allow":["GET"]}}],"collection":[{"href":"http:\/\/www.fabriceeulry-laboutique.com\/blog\/index.php?rest_route=\/wp\/v2\/posts"}],"about":[{"href":"http:\/\/www.fabriceeulry-laboutique.com\/blog\/index.php?rest_route=\/wp\/v2\/types\/post"}],"author":[{"embeddable":true,"href":"http:\/\/www.fabriceeulry-laboutique.com\/blog\/index.php?rest_route=\/wp\/v2\/users\/2"}],"replies":[{"embeddable":true,"href":"http:\/\/www.fabriceeulry-laboutique.com\/blog\/index.php?rest_route=%2Fwp%2Fv2%2Fcomments&post=10465"}],"version-history":[{"count":7,"href":"http:\/\/www.fabriceeulry-laboutique.com\/blog\/index.php?rest_route=\/wp\/v2\/posts\/10465\/revisions"}],"predecessor-version":[{"id":10472,"href":"http:\/\/www.fabriceeulry-laboutique.com\/blog\/index.php?rest_route=\/wp\/v2\/posts\/10465\/revisions\/10472"}],"wp:attachment":[{"href":"http:\/\/www.fabriceeulry-laboutique.com\/blog\/index.php?rest_route=%2Fwp%2Fv2%2Fmedia&parent=10465"}],"wp:term":[{"taxonomy":"category","embeddable":true,"href":"http:\/\/www.fabriceeulry-laboutique.com\/blog\/index.php?rest_route=%2Fwp%2Fv2%2Fcategories&post=10465"},{"taxonomy":"post_tag","embeddable":true,"href":"http:\/\/www.fabriceeulry-laboutique.com\/blog\/index.php?rest_route=%2Fwp%2Fv2%2Ftags&post=10465"}],"curies":[{"name":"wp","href":"https:\/\/api.w.org\/{rel}","templated":true}]}}