{"id":10474,"date":"2018-03-12T02:19:45","date_gmt":"2018-03-12T02:19:45","guid":{"rendered":"http:\/\/www.fabriceeulry-laboutique.com\/blog\/?p=10474"},"modified":"2018-12-12T00:28:00","modified_gmt":"2018-12-12T00:28:00","slug":"le-philharmonique-de-kharkiv-a-paris","status":"publish","type":"post","link":"http:\/\/www.fabriceeulry-laboutique.com\/blog\/?p=10474","title":{"rendered":"LE PHILHARMONIQUE DE KHARKIV \u00c0 PARIS"},"content":{"rendered":"<h2 style=\"text-align: center;\">Lib\u00e9r\u00e9s de leur bus magique qui transporte aussi tous les instruments les 40 musiciens arrivent \u00e0 Paris rue Saint-Paul, pour jouer le soir m\u00eame \u00e0 l&rsquo;auditorium du conservatoire du V\u00e8me avec les pianistes \u00a0Elizabeth Sombart et Fabrice Eulry (au centre) entour\u00e9 ici d&rsquo;Oleg Yugan <a href=\"http:\/\/www.larousse.fr\/dictionnaires\/francais\/_hautbo\u00efste\/39215\">hautbo\u00efste<\/a>, et \u00e0 droite le chef d&rsquo;orchestre <a href=\"http:\/\/www.fabriceeulry-laboutique.com\/blog\/?p=10335\">Yuriy Yanko<\/a>).<\/h2>\n<h2 style=\"text-align: center;\"><\/h2>\n<h2 style=\"text-align: center;\"><img data-recalc-dims=\"1\" loading=\"lazy\" decoding=\"async\" class=\"aligncenter size-large wp-image-10476\" src=\"https:\/\/i0.wp.com\/www.fabriceeulry-laboutique.com\/blog\/wp-content\/uploads\/2018\/03\/busp1.png?resize=640%2C283\" alt=\"busp1\" width=\"640\" height=\"283\" srcset=\"https:\/\/i0.wp.com\/www.fabriceeulry-laboutique.com\/blog\/wp-content\/uploads\/2018\/03\/busp1.png?resize=1024%2C452 1024w, https:\/\/i0.wp.com\/www.fabriceeulry-laboutique.com\/blog\/wp-content\/uploads\/2018\/03\/busp1.png?resize=300%2C133 300w, https:\/\/i0.wp.com\/www.fabriceeulry-laboutique.com\/blog\/wp-content\/uploads\/2018\/03\/busp1.png?resize=768%2C339 768w, https:\/\/i0.wp.com\/www.fabriceeulry-laboutique.com\/blog\/wp-content\/uploads\/2018\/03\/busp1.png?w=1340 1340w, https:\/\/i0.wp.com\/www.fabriceeulry-laboutique.com\/blog\/wp-content\/uploads\/2018\/03\/busp1.png?w=1280 1280w\" sizes=\"auto, (max-width: 640px) 100vw, 640px\" \/><strong><span style=\"color: #000000;\">Les musiciens ukrainiens envahissent le Marais&#8230; avec le sourire de la d\u00e9couverte, sensibles aux restes de la muraille de l&rsquo;enceinte du\u00a0Roi Philippe-Auguste (au fond de la rue \u00e0 droite), arri\u00e8re-arri\u00e8re petit-fils d&rsquo;Anne de Kiev.<a href=\"https:\/\/i0.wp.com\/www.fabriceeulry-laboutique.com\/blog\/wp-content\/uploads\/2018\/01\/anne-dekiev2.png\"><img data-recalc-dims=\"1\" loading=\"lazy\" decoding=\"async\" class=\"aligncenter size-full wp-image-10117\" src=\"https:\/\/i0.wp.com\/www.fabriceeulry-laboutique.com\/blog\/wp-content\/uploads\/2018\/01\/anne-dekiev2.png?resize=601%2C382\" alt=\"anne dekiev2\" width=\"601\" height=\"382\" srcset=\"https:\/\/i0.wp.com\/www.fabriceeulry-laboutique.com\/blog\/wp-content\/uploads\/2018\/01\/anne-dekiev2.png?w=601 601w, https:\/\/i0.wp.com\/www.fabriceeulry-laboutique.com\/blog\/wp-content\/uploads\/2018\/01\/anne-dekiev2.png?resize=300%2C191 300w\" sizes=\"auto, (max-width: 601px) 100vw, 601px\" \/><\/a><\/span><\/strong><\/h2>\n<p><a href=\"https:\/\/i0.wp.com\/www.fabriceeulry-laboutique.com\/blog\/wp-content\/uploads\/2018\/03\/busp.png\"><img data-recalc-dims=\"1\" loading=\"lazy\" decoding=\"async\" class=\"aligncenter size-large wp-image-10475\" src=\"https:\/\/i0.wp.com\/www.fabriceeulry-laboutique.com\/blog\/wp-content\/uploads\/2018\/03\/busp.png?resize=640%2C353\" alt=\"busp\" width=\"640\" height=\"353\" srcset=\"https:\/\/i0.wp.com\/www.fabriceeulry-laboutique.com\/blog\/wp-content\/uploads\/2018\/03\/busp.png?resize=1024%2C566 1024w, https:\/\/i0.wp.com\/www.fabriceeulry-laboutique.com\/blog\/wp-content\/uploads\/2018\/03\/busp.png?resize=300%2C166 300w, https:\/\/i0.wp.com\/www.fabriceeulry-laboutique.com\/blog\/wp-content\/uploads\/2018\/03\/busp.png?resize=768%2C424 768w, https:\/\/i0.wp.com\/www.fabriceeulry-laboutique.com\/blog\/wp-content\/uploads\/2018\/03\/busp.png?w=1301 1301w\" sizes=\"auto, (max-width: 640px) 100vw, 640px\" \/><\/a><\/p>\n<h2 style=\"text-align: center;\"><span style=\"color: #000000;\">Voici les dates restantes de cette tourn\u00e9e :<\/span><\/h2>\n<div dir=\"ltr\" style=\"text-align: center;\">\n<div id=\"yiv1289698246yui_3_16_0_1_1517852851254_37918\">\n<div id=\"yiv1289698246yui_3_16_0_1_1517852851254_37917\">\n<div id=\"yiv1289698246yui_3_16_0_1_1517852851254_37916\">\n<div id=\"yiv1289698246yui_3_16_0_1_1517852851254_37915\" class=\"yiv1289698246signature\">\n<div id=\"yiv1289698246yui_3_16_0_1_1517852851254_37913\" dir=\"ltr\">\n<div id=\"yiv1289698246yui_3_16_0_1_1517852851254_40323\" dir=\"ltr\" data-setdir=\"false\">\n<h3 id=\"yiv1289698246yui_3_16_0_1_1517852851254_40382\"><span id=\"yiv1289698246yui_3_16_0_1_1517852851254_40383\"><strong id=\"yiv1289698246yui_3_16_0_1_1517852851254_40384\">mardi 13 mars au th\u00e9\u00e2tre de Lons Le Saunier (Jura) 20h<\/strong><\/span><\/h3>\n<h3 id=\"yiv1289698246yui_3_16_0_1_1517852851254_40385\"><span id=\"yiv1289698246yui_3_16_0_1_1517852851254_40386\"><a id=\"yiv1289698246yui_3_16_0_1_1517852851254_40387\" href=\"https:\/\/i0.wp.com\/www.fabriceeulry-laboutique.com\/blog\/wp-content\/uploads\/2018\/01\/lons2.png\" target=\"_blank\" rel=\"nofollow\" shape=\"rect\"><img data-recalc-dims=\"1\" loading=\"lazy\" decoding=\"async\" id=\"yiv1289698246yui_3_16_0_1_1517852851254_40388\" class=\"yiv1289698246\" src=\"https:\/\/i0.wp.com\/www.fabriceeulry-laboutique.com\/blog\/wp-content\/uploads\/2018\/01\/lons2.png?resize=468%2C304\" alt=\"lons2\" width=\"468\" height=\"304\" data-id=\"ab07c3a4-a20a-7686-b968-41c402992431\" \/><\/a><\/span><\/h3>\n<h3 id=\"yiv1289698246yui_3_16_0_1_1517852851254_40389\"><span id=\"yiv1289698246yui_3_16_0_1_1517852851254_40390\"><a id=\"yiv1289698246yui_3_16_0_1_1517852851254_40391\" href=\"https:\/\/i0.wp.com\/www.fabriceeulry-laboutique.com\/blog\/wp-content\/uploads\/2018\/01\/lons1.png\" target=\"_blank\" rel=\"nofollow\" shape=\"rect\"><img data-recalc-dims=\"1\" loading=\"lazy\" decoding=\"async\" id=\"yiv1289698246yui_3_16_0_1_1517852851254_40392\" class=\"yiv1289698246\" src=\"https:\/\/i0.wp.com\/www.fabriceeulry-laboutique.com\/blog\/wp-content\/uploads\/2018\/01\/lons1.png?resize=440%2C318\" alt=\"lons1\" width=\"440\" height=\"318\" data-id=\"d042e173-df30-a3fb-c139-5339881c4774\" \/><\/a><\/span><\/h3>\n<div id=\"yiv1289698246yui_3_16_0_1_1517852851254_40393\"><span id=\"yiv1289698246yui_3_16_0_1_1517852851254_40394\"><b id=\"yui_3_16_0_1_1518124087492_46345\"><span id=\"yiv1289698246yui_3_16_0_1_1517852851254_40395\">R\u00e9servations par courriel :\u00a0<\/span><a id=\"yiv1289698246yui_3_16_0_1_1517852851254_40396\" href=\"http:\/\/milana.v75@gmail.com\/\" target=\"_blank\" rel=\"nofollow\" shape=\"rect\">milana.v75@gmail.com<\/a><\/b><\/span><\/div>\n<div id=\"yiv1289698246yui_3_16_0_1_1517852851254_40397\"><b>\u00a0<br id=\"yiv1289698246yui_3_16_0_1_1517852851254_40398\" clear=\"none\" \/><\/b><\/div>\n<div id=\"yiv1289698246yui_3_16_0_1_1517852851254_40399\" dir=\"ltr\" data-setdir=\"false\"><span id=\"yiv1289698246yui_3_16_0_1_1517852851254_40400\"><b id=\"yui_3_16_0_1_1518124087492_46313\">Point de vente : \u00e0 partir du 26 f\u00e9vrier : E.C.L.A. conservatoire de Lons le Saunier :<\/b><\/span><\/div>\n<div id=\"yiv1289698246yui_3_16_0_1_1517852851254_40399\" dir=\"ltr\" data-setdir=\"false\"><span id=\"yui_3_16_0_1_1518124087492_46352\"><b id=\"yui_3_16_0_1_1518124087492_46351\">\u00a04 place Pernaud 39 000 Lons le Saunier<\/b><\/span><\/div>\n<div id=\"yiv1289698246yui_3_16_0_1_1517852851254_40399\" dir=\"ltr\"><\/div>\n<div id=\"yiv1289698246yui_3_16_0_1_1517852851254_40399\" dir=\"ltr\"><\/div>\n<div id=\"yiv1289698246yui_3_16_0_1_1517852851254_40401\" dir=\"ltr\"><span id=\"yiv1289698246yui_3_16_0_1_1517852851254_40402\">&#8212;&#8212;&#8212;&#8212;&#8212;&#8212;&#8212;&#8212;&#8212;&#8212;&#8212;&#8212;&#8212;&#8212;&#8212;&#8212;&#8212;&#8212;&#8212;&#8212;&#8212;&#8211;<\/span><\/div>\n<h3 id=\"yiv1289698246yui_3_16_0_1_1517852851254_40403\"><span id=\"yiv1289698246yui_3_16_0_1_1517852851254_40404\"><strong id=\"yiv1289698246yui_3_16_0_1_1517852851254_40405\">jeudi 15 mars \u00e0 l&rsquo;\u00e9glise de Saint-Genis Laval 20h<\/strong><\/span><\/h3>\n<div id=\"yiv1289698246yui_3_16_0_1_1517852851254_40406\"><\/div>\n<div id=\"yiv1289698246yui_3_16_0_1_1517852851254_40410\"><\/div>\n<div id=\"yiv1289698246yui_3_16_0_1_1517852851254_40410\"><a href=\"https:\/\/i0.wp.com\/www.fabriceeulry-laboutique.com\/blog\/wp-content\/uploads\/2018\/02\/SAINT-GENIS-AFFICHE.png\"><img data-recalc-dims=\"1\" loading=\"lazy\" decoding=\"async\" class=\"aligncenter size-full wp-image-10353\" src=\"https:\/\/i0.wp.com\/www.fabriceeulry-laboutique.com\/blog\/wp-content\/uploads\/2018\/02\/SAINT-GENIS-AFFICHE.png?resize=451%2C635\" alt=\"SAINT GENIS AFFICHE\" width=\"451\" height=\"635\" srcset=\"https:\/\/i0.wp.com\/www.fabriceeulry-laboutique.com\/blog\/wp-content\/uploads\/2018\/02\/SAINT-GENIS-AFFICHE.png?w=451 451w, https:\/\/i0.wp.com\/www.fabriceeulry-laboutique.com\/blog\/wp-content\/uploads\/2018\/02\/SAINT-GENIS-AFFICHE.png?resize=213%2C300 213w, https:\/\/i0.wp.com\/www.fabriceeulry-laboutique.com\/blog\/wp-content\/uploads\/2018\/02\/SAINT-GENIS-AFFICHE.png?resize=300%2C422 300w\" sizes=\"auto, (max-width: 451px) 100vw, 451px\" \/><\/a><\/div>\n<div id=\"yiv1289698246yui_3_16_0_1_1517852851254_40410\"><\/div>\n<div id=\"yiv1289698246yui_3_16_0_1_1517852851254_40412\" dir=\"ltr\">\n<div id=\"yiv1289698246yui_3_16_0_1_1517852851254_40418\"><span id=\"yiv1289698246yui_3_16_0_1_1517852851254_40419\"><b><span id=\"yiv1289698246yui_3_16_0_1_1517852851254_40420\">R\u00e9servations par courriel :\u00a0<\/span><a id=\"yiv1289698246yui_3_16_0_1_1517852851254_40421\" href=\"http:\/\/milana.v75@gmail.com\/\" target=\"_blank\" rel=\"nofollow\" shape=\"rect\">milana.v75@gmail.com<\/a><\/b><\/span><\/div>\n<div id=\"yiv1289698246yui_3_16_0_1_1517852851254_40418\"><\/div>\n<\/div>\n<div id=\"yiv1289698246yui_3_16_0_1_1517852851254_40422\" dir=\"ltr\"><span id=\"yiv1289698246yui_3_16_0_1_1517852851254_40423\"><strong id=\"yiv1289698246yui_3_16_0_1_1517852851254_40424\"><span id=\"yiv1289698246yui_3_16_0_1_1517852851254_40425\">&#8212;&#8212;&#8212;&#8212;&#8212;&#8212;&#8212;&#8212;&#8212;&#8212;&#8212;&#8212;&#8212;&#8212;&#8212;&#8212;&#8212;&#8212;&#8212;&#8212;&#8212;&#8212;&#8212;&#8212;&#8212;&#8212;&#8212;&#8212;&#8212;&#8212;&#8212;&#8212;-<\/span><\/strong><\/span><\/div>\n<div id=\"yiv1289698246yui_3_16_0_1_1517852851254_40426\" dir=\"ltr\"><span id=\"yiv1289698246yui_3_16_0_1_1517852851254_40427\"><strong id=\"yiv1289698246yui_3_16_0_1_1517852851254_40428\">\u00a0<\/strong><\/span><\/div>\n<div id=\"yiv1289698246yui_3_16_0_1_1517852851254_40429\" dir=\"ltr\"><span id=\"yiv1289698246yui_3_16_0_1_1517852851254_40430\"><strong id=\"yiv1289698246yui_3_16_0_1_1517852851254_40431\">vendredi 16 mars \u00e0 Saint-Geniez d&rsquo;Olt (Aveyron)<\/strong><\/span><\/div>\n<div id=\"yiv1289698246yui_3_16_0_1_1517852851254_40429\" dir=\"ltr\"><\/div>\n<h3 id=\"yiv1289698246yui_3_16_0_1_1517852851254_40432\"><span id=\"yiv1289698246yui_3_16_0_1_1517852851254_40433\"><a id=\"yiv1289698246yui_3_16_0_1_1517852851254_40434\" href=\"https:\/\/i0.wp.com\/www.fabriceeulry-laboutique.com\/blog\/wp-content\/uploads\/2018\/01\/dolt.png\" target=\"_blank\" rel=\"nofollow\" shape=\"rect\"><img data-recalc-dims=\"1\" loading=\"lazy\" decoding=\"async\" id=\"yiv1289698246yui_3_16_0_1_1517852851254_40435\" class=\"yiv1289698246\" src=\"https:\/\/i0.wp.com\/www.fabriceeulry-laboutique.com\/blog\/wp-content\/uploads\/2018\/01\/dolt.png?resize=558%2C255\" alt=\"dolt\" width=\"558\" height=\"255\" data-id=\"873535fd-d336-bc89-103e-ae83b89f05fe\" \/><\/a><\/span><\/h3>\n<div id=\"yiv1289698246yui_3_16_0_1_1517935151922_110451\"><a href=\"https:\/\/i0.wp.com\/www.fabriceeulry-laboutique.com\/blog\/wp-content\/uploads\/2018\/02\/AFFICHE-ST-GENIEZ.png\"><img data-recalc-dims=\"1\" loading=\"lazy\" decoding=\"async\" class=\"aligncenter size-large wp-image-10413\" src=\"https:\/\/i0.wp.com\/www.fabriceeulry-laboutique.com\/blog\/wp-content\/uploads\/2018\/02\/AFFICHE-ST-GENIEZ.png?resize=640%2C360\" alt=\"AFFICHE ST GENIEZ\" width=\"640\" height=\"360\" srcset=\"https:\/\/i0.wp.com\/www.fabriceeulry-laboutique.com\/blog\/wp-content\/uploads\/2018\/02\/AFFICHE-ST-GENIEZ.png?resize=1024%2C577 1024w, https:\/\/i0.wp.com\/www.fabriceeulry-laboutique.com\/blog\/wp-content\/uploads\/2018\/02\/AFFICHE-ST-GENIEZ.png?resize=300%2C169 300w, https:\/\/i0.wp.com\/www.fabriceeulry-laboutique.com\/blog\/wp-content\/uploads\/2018\/02\/AFFICHE-ST-GENIEZ.png?resize=768%2C432 768w, https:\/\/i0.wp.com\/www.fabriceeulry-laboutique.com\/blog\/wp-content\/uploads\/2018\/02\/AFFICHE-ST-GENIEZ.png?w=1275 1275w\" sizes=\"auto, (max-width: 640px) 100vw, 640px\" \/><\/a><\/div>\n<div id=\"yiv1289698246yui_3_16_0_1_1517935151922_110570\"><\/div>\n<div id=\"yiv1289698246yui_3_16_0_1_1517935151922_110520\"><\/div>\n<div id=\"yiv1289698246yui_3_16_0_1_1517852851254_40436\" dir=\"ltr\" data-setdir=\"false\"><span id=\"yiv1289698246yui_3_16_0_1_1517852851254_40437\"><b id=\"yui_3_16_0_1_1518124087492_44767\"><span id=\"yiv1289698246yui_3_16_0_1_1517852851254_40438\">R\u00e9servations par courriel :\u00a0<\/span><a id=\"yiv1289698246yui_3_16_0_1_1517852851254_40439\" href=\"http:\/\/milana.v75@gmail.com\/\" target=\"_blank\" rel=\"nofollow\" shape=\"rect\">milana.v75@gmail.com<\/a>\u00a0<\/b><\/span><\/div>\n<div id=\"yiv1289698246yui_3_16_0_1_1517852851254_40436\" dir=\"ltr\" data-setdir=\"false\"><b>\u00a0<\/b><\/div>\n<div id=\"yiv1289698246yui_3_16_0_1_1517852851254_40436\" dir=\"ltr\" data-setdir=\"false\"><span id=\"yui_3_16_0_1_1518124087492_45305\">Points de vente :\u00a0<\/span><\/div>\n<div id=\"yiv1289698246yui_3_16_0_1_1517852851254_40436\" dir=\"ltr\" data-setdir=\"false\"><\/div>\n<div id=\"yiv1289698246yui_3_16_0_1_1517852851254_40436\" dir=\"ltr\" data-setdir=\"false\"><span id=\"yui_3_16_0_1_1518124087492_45343\">librairie Pont-virgule \u00e0 Espalion, \u00a0<\/span><\/div>\n<div id=\"yiv1289698246yui_3_16_0_1_1517852851254_40436\" dir=\"ltr\" data-setdir=\"false\"><b>\u00a0<\/b><\/div>\n<div id=\"yiv1289698246yui_3_16_0_1_1517852851254_40436\" dir=\"ltr\" data-setdir=\"false\"><b id=\"yui_3_16_0_1_1518124087492_45205\"><span id=\"yui_3_16_0_1_1518124087492_45809\" style=\"font-family: garamond, 'new york', times, serif;\">du mardi au samedi de 9h30 \u00e0 12h30 et de 14h \u00e0 19h<\/span><\/b><\/div>\n<div id=\"yiv1289698246yui_3_16_0_1_1517852851254_40436\" dir=\"ltr\" data-setdir=\"false\"><b>\u00a0<\/b><\/div>\n<div id=\"yiv1289698246yui_3_16_0_1_1517852851254_40436\" dir=\"ltr\" data-setdir=\"false\"><b>\u00a0<\/b><\/div>\n<div id=\"yiv1289698246yui_3_16_0_1_1517852851254_40436\" dir=\"ltr\" data-setdir=\"false\"><b>\u00a0<\/b><\/div>\n<div id=\"yiv1289698246yui_3_16_0_1_1517852851254_40436\" dir=\"ltr\" data-setdir=\"false\"><span id=\"yui_3_16_0_1_1518124087492_45452\">Office de tourisme de Saint-Geniez d&rsquo;Olt<\/span><span id=\"yui_3_16_0_1_1518124087492_45584\" style=\"color: #333333; font-family: Georgia, 'Times New Roman', 'Bitstream Charter', Times, serif; font-size: medium;\">\u00a0<\/span><\/div>\n<div id=\"yiv1289698246yui_3_16_0_1_1517852851254_40436\" dir=\"ltr\" data-setdir=\"false\"><span id=\"yui_3_16_0_1_1518124087492_45680\" style=\"font-family: garamond, 'new york', times, serif; font-size: medium;\"><b id=\"yui_3_16_0_1_1518124087492_45679\">Le clo\u00eetre 12 130 Saint-Geniez d&rsquo;Olt<\/b><\/span><\/div>\n<div id=\"yiv1289698246yui_3_16_0_1_1517852851254_40436\" dir=\"ltr\" data-setdir=\"false\"><b id=\"yui_3_16_0_1_1518124087492_46175\"><span id=\"yui_3_16_0_1_1518124087492_46080\">\u00a0 \u00a0 du 8 janvier au d\u00e9but des vacances de f\u00e9vrier : \u00a0<\/span><\/b><\/div>\n<div id=\"yui_3_16_0_1_1518124087492_46198\"><b id=\"yui_3_16_0_1_1518124087492_46175\">du lundi au vendredi : 9h &#8211; 12h et de 14h \u00e0 17h<\/b><\/div>\n<div id=\"yui_3_16_0_1_1518124087492_46580\"><b id=\"yui_3_16_0_1_1518124087492_46175\">samedi : 9h &#8211; 12h et 14h30 &#8211; 17h30<\/b><\/div>\n<div id=\"yui_3_16_0_1_1518124087492_46236\"><b id=\"yui_3_16_0_1_1518124087492_46181\"><span id=\"yui_3_16_0_1_1518124087492_46085\">\u00e0 partir des vacances de f\u00e9vrier jusqu&rsquo;au 30 avril : \u00a0<\/span><\/b><\/div>\n<div id=\"yui_3_16_0_1_1518124087492_46235\"><b id=\"yui_3_16_0_1_1518124087492_46181\">du lundi au vendredi : 9h &#8211; 12h \/ 14h &#8211; 17h30<\/b><\/div>\n<p id=\"yui_3_16_0_1_1518124087492_46087\"><b id=\"yui_3_16_0_1_1518124087492_46180\">samedi : 9h &#8211; 12h et 14h30 &#8211; 17h30<\/b><\/p>\n<div id=\"yiv1289698246yui_3_16_0_1_1517852851254_40436\" dir=\"ltr\" data-setdir=\"false\">&#8212;&#8212;&#8212;&#8212;&#8212;&#8212;&#8212;&#8212;&#8212;&#8212;&#8212;&#8212;&#8212;&#8212;&#8212;&#8212;&#8212;&#8212;&#8212;&#8212;&#8212;&#8212;&#8212;<\/div>\n<\/div>\n<h3 id=\"yiv1289698246yui_3_16_0_1_1517683899961_20293\"><strong id=\"yiv1289698246yui_3_16_0_1_1517683899961_20294\">samedi 17 mars \u00e0 l&rsquo;\u00e9glise d&rsquo;Espalion (Aveyron)<\/strong><\/h3>\n<h3 id=\"yiv1289698246yui_3_16_0_1_1517683899961_20295\"><a id=\"yiv1289698246yui_3_16_0_1_1517683899961_20296\" href=\"https:\/\/i0.wp.com\/www.fabriceeulry-laboutique.com\/blog\/wp-content\/uploads\/2018\/01\/eglise-espalion.png\" target=\"_blank\" rel=\"nofollow\" shape=\"rect\"><img data-recalc-dims=\"1\" loading=\"lazy\" decoding=\"async\" id=\"yiv1289698246yui_3_16_0_1_1517683899961_20297\" class=\"yiv1289698246\" src=\"https:\/\/i0.wp.com\/www.fabriceeulry-laboutique.com\/blog\/wp-content\/uploads\/2018\/01\/eglise-espalion.png?resize=258%2C382\" alt=\"eglise espalion\" width=\"258\" height=\"382\" data-id=\"04c446a1-3560-0bfd-307e-1cfcec576645\" \/><\/a><\/h3>\n<h3 id=\"yiv1289698246yui_3_16_0_1_1517683899961_20298\"><\/h3>\n<div id=\"yiv1289698246yui_3_16_0_1_1517683899961_22321\"><span id=\"yiv1289698246yui_3_16_0_1_1517683899961_22322\">R\u00e9servations par courriel :\u00a0<\/span><a id=\"yiv1289698246yui_3_16_0_1_1517683899961_22323\" href=\"http:\/\/milana.v75@gmail.com\/\" target=\"_blank\" rel=\"nofollow\" shape=\"rect\">milana.v75@gmail.com<\/a><\/div>\n<div id=\"yiv1289698246yui_3_16_0_1_1517683899961_22324\"><\/div>\n<div id=\"yiv1289698246yui_3_16_0_1_1517683899961_22326\" dir=\"ltr\">Point de vente : librairie Pont-virgule \u00e0 Espalion<\/div>\n<div id=\"yiv1289698246yui_3_16_0_1_1517683899961_22326\" dir=\"ltr\" data-setdir=\"false\"><span id=\"yui_3_16_0_1_1518124087492_44896\"><b id=\"yui_3_16_0_1_1518124087492_45024\">\u00a0du mardi au samedi de 9h30 \u00e0 12h30 et de 14h \u00e0 19h<\/b><\/span><\/div>\n<div id=\"yiv1289698246yui_3_16_0_1_1517683899961_22326\" dir=\"ltr\">&#8212;&#8212;&#8212;&#8212;&#8212;&#8212;&#8212;&#8212;&#8212;&#8212;&#8212;&#8212;&#8212;&#8212;&#8212;&#8212;&#8212;&#8212;-<\/div>\n<h3 id=\"yiv1289698246yui_3_16_0_1_1517683899961_20302\"><strong id=\"yiv1289698246yui_3_16_0_1_1517683899961_20303\">dimanche 18 mars \u00e0 Rodez\u00a0<\/strong><\/h3>\n<h3 id=\"yiv1289698246yui_3_16_0_1_1517683899961_20304\"><strong id=\"yiv1289698246yui_3_16_0_1_1517683899961_20305\">(Aveyron : salle La Baleine Onet le Ch\u00e2teau : 15 heures attention \u00e0\u00a0l&rsquo;horaire !)<\/strong><\/h3>\n<h3 id=\"yiv1289698246yui_3_16_0_1_1517683899961_20306\"><\/h3>\n<div id=\"yiv1289698246yui_3_16_0_1_1517683899961_22470\" dir=\"ltr\">&#8212;&#8212;&#8212;&#8212;&#8212;&#8212;&#8212;&#8212;&#8212;&#8212;&#8212;&#8212;&#8212;&#8212;&#8212;&#8212;&#8212;&#8212;&#8212;&#8212;<\/div>\n<h3 id=\"yiv1289698246yui_3_16_0_1_1517683899961_20308\">Lundi 19 mars<\/h3>\n<h3 id=\"yiv1289698246yui_3_16_0_1_1517683899961_20309\">Salle Fran\u00e7ois Mitterand CARMAUX (Tarn)<\/h3>\n<\/div>\n<h2 style=\"text-align: center;\"><strong style=\"color: #000000; font-size: 16px;\"><a href=\"https:\/\/i0.wp.com\/www.fabriceeulry-laboutique.com\/blog\/wp-content\/uploads\/2017\/02\/car1.jpg\"><img data-recalc-dims=\"1\" loading=\"lazy\" decoding=\"async\" class=\"size-full wp-image-9262\" src=\"https:\/\/i0.wp.com\/www.fabriceeulry-laboutique.com\/blog\/wp-content\/uploads\/2017\/02\/car1.jpg?resize=606%2C367\" alt=\"car1\" width=\"606\" height=\"367\" srcset=\"https:\/\/i0.wp.com\/www.fabriceeulry-laboutique.com\/blog\/wp-content\/uploads\/2017\/02\/car1.jpg?w=606 606w, https:\/\/i0.wp.com\/www.fabriceeulry-laboutique.com\/blog\/wp-content\/uploads\/2017\/02\/car1.jpg?resize=300%2C182 300w\" sizes=\"auto, (max-width: 606px) 100vw, 606px\" \/><\/a><\/strong><\/h2>\n<p><span id=\"yiv1289698246yui_3_16_0_1_1517683899961_22516\">R\u00e9servations par courriel :\u00a0<\/span><a id=\"yiv1289698246yui_3_16_0_1_1517683899961_22517\" href=\"http:\/\/milana.v75@gmail.com\/\" target=\"_blank\" rel=\"nofollow\" shape=\"rect\">milana.v75@gmail.com<\/a><\/p>\n<div id=\"yiv1289698246yui_3_16_0_1_1517852851254_37913\" dir=\"ltr\">\n<div id=\"yiv1289698246yui_3_16_0_1_1517683899961_22518\"><\/div>\n<div id=\"yiv1289698246yui_3_16_0_1_1517683899961_20310\" dir=\"ltr\"><span id=\"yiv1289698246yui_3_16_0_1_1517683899961_22520\">Point de vente : Office d&rsquo;animation du Carmausin, Place Gambetta.\u00a0<\/span><\/div>\n<\/div>\n<\/div>\n<\/div>\n<\/div>\n<\/div>\n<\/div>\n<div dir=\"ltr\" style=\"text-align: center;\"><\/div>\n<div dir=\"ltr\" style=\"text-align: center;\"><\/div>\n<div id=\"yiv6975056021m_-2286016817017641380yui_3_16_0_1_1517683899961_32313\" dir=\"ltr\" style=\"text-align: center;\"><strong><span id=\"yiv6975056021m_-2286016817017641380yui_3_16_0_1_1517683899961_32314\" style=\"color: #000000;\">&#8212;&#8212;&#8212;&#8212;&#8212;&#8212;&#8212;&#8212;&#8212;&#8212;&#8212;&#8212;&#8212;&#8212;&#8212;&#8212;&#8212;&#8212;&#8212;&#8212;&#8212;&#8212;&#8212;&#8212;&#8212;&#8212;-<\/span><\/strong><\/div>\n<div id=\"yiv6975056021m_-2286016817017641380yui_3_16_0_1_1517683899961_32315\" dir=\"ltr\" style=\"text-align: center;\"><strong><span id=\"yiv6975056021m_-2286016817017641380yui_3_16_0_1_1517683899961_32316\" style=\"color: #000000;\">Mardi 20 mars<\/span><\/strong><\/div>\n<h3 id=\"yiv6975056021m_-2286016817017641380yui_3_16_0_1_1517683899961_32318\" style=\"text-align: center;\"><strong><span style=\"color: #000000;\">Paris : Auditorium de la mairie du V\u00e8me<\/span><\/strong><\/h3>\n<h3 id=\"yiv6975056021m_-2286016817017641380yui_3_16_0_1_1517683899961_32319\" style=\"text-align: center;\"><strong><span id=\"yiv6975056021m_-2286016817017641380yui_3_16_0_1_1517683899961_32320\" style=\"color: #000000;\">&#8211; \u00c0 CONFIRMER-<\/span><\/strong><\/h3>\n<h2 style=\"text-align: center;\"><span style=\"color: #000000;\">concerto n\u00b01 en disque !<\/span><\/h2>\n<h2 style=\"text-align: center;\"><span style=\"color: #000000;\"><strong>Concerto N\u00b0 1 en DO# mineur &#8211; Fabrice Eulry<\/strong><\/span><\/h2>\n<div style=\"text-align: center;\">\n<p style=\"text-align: center;\"><span style=\"color: #000000;\"><a href=\"http:\/\/www.fabriceeulry.com\/discographie.html\"><img data-recalc-dims=\"1\" loading=\"lazy\" decoding=\"async\" id=\"yui_3_16_0_ym19_1_1459901370141_37122\" src=\"https:\/\/i0.wp.com\/fabriceeulryunblogfr.unblog.fr\/files\/2010\/12\/pochetteconcerto.jpg?resize=300%2C300\" alt=\"\" width=\"300\" height=\"300\" \/><\/a>\u00a0<\/span><\/p>\n<p style=\"text-align: center;\"><span style=\"color: #000000;\"><em>(cliquez sur l&rsquo;image pour \u00e9couter des extraits et le commander)<\/em><\/span><\/p>\n<h2 style=\"text-align: center;\"><span style=\"color: #000000;\"><strong>Et le concerto N\u00b0 2 que l&rsquo;on peut uniquement se procurer au concert pour l&rsquo;instant :<\/strong><\/span><\/h2>\n<\/div>\n<p style=\"text-align: center;\"><a href=\"https:\/\/i0.wp.com\/www.fabriceeulry-laboutique.com\/blog\/wp-content\/uploads\/2018\/03\/photo-pochette-CONCERTO-N%C2%B02.png\"><img data-recalc-dims=\"1\" loading=\"lazy\" decoding=\"async\" class=\"aligncenter size-full wp-image-10454\" src=\"https:\/\/i0.wp.com\/www.fabriceeulry-laboutique.com\/blog\/wp-content\/uploads\/2018\/03\/photo-pochette-CONCERTO-N%C2%B02.png?resize=354%2C441\" alt=\"photo pochette CONCERTO N\u00b02\" width=\"354\" height=\"441\" srcset=\"https:\/\/i0.wp.com\/www.fabriceeulry-laboutique.com\/blog\/wp-content\/uploads\/2018\/03\/photo-pochette-CONCERTO-N%C2%B02.png?w=354 354w, https:\/\/i0.wp.com\/www.fabriceeulry-laboutique.com\/blog\/wp-content\/uploads\/2018\/03\/photo-pochette-CONCERTO-N%C2%B02.png?resize=241%2C300 241w, https:\/\/i0.wp.com\/www.fabriceeulry-laboutique.com\/blog\/wp-content\/uploads\/2018\/03\/photo-pochette-CONCERTO-N%C2%B02.png?resize=300%2C374 300w\" sizes=\"auto, (max-width: 354px) 100vw, 354px\" \/><\/a><\/p>\n","protected":false},"excerpt":{"rendered":"<p>Lib\u00e9r\u00e9s de leur bus magique qui transporte aussi tous les instruments les 40 musiciens arrivent \u00e0 Paris rue Saint-Paul, pour jouer le soir m\u00eame \u00e0 l&rsquo;auditorium du conservatoire du V\u00e8me avec les pianistes \u00a0Elizabeth Sombart et Fabrice Eulry (au centre) &hellip; <a href=\"http:\/\/www.fabriceeulry-laboutique.com\/blog\/?p=10474\">Continuer la lecture <span class=\"meta-nav\">&rarr;<\/span><\/a><\/p>\n","protected":false},"author":2,"featured_media":0,"comment_status":"open","ping_status":"open","sticky":false,"template":"","format":"standard","meta":{"jetpack_post_was_ever_published":false,"_jetpack_newsletter_access":"","_jetpack_dont_email_post_to_subs":true,"_jetpack_newsletter_tier_id":0,"_jetpack_memberships_contains_paywalled_content":false,"_jetpack_memberships_contains_paid_content":false,"footnotes":"","jetpack_publicize_message":"","jetpack_publicize_feature_enabled":true,"jetpack_social_post_already_shared":true,"jetpack_social_options":{"image_generator_settings":{"template":"highway","default_image_id":0,"font":"","enabled":false},"version":2}},"categories":[1],"tags":[11],"class_list":["post-10474","post","type-post","status-publish","format-standard","hentry","category-non-classe","tag-musique-philharmonique"],"jetpack_publicize_connections":[],"jetpack_featured_media_url":"","jetpack_sharing_enabled":true,"jetpack_shortlink":"https:\/\/wp.me\/p2D6dI-2IW","jetpack_likes_enabled":true,"jetpack-related-posts":[{"id":10222,"url":"http:\/\/www.fabriceeulry-laboutique.com\/blog\/?p=10222","url_meta":{"origin":10474,"position":0},"title":"40 MUSICIENS AU BORD DU LOT","author":"Le Canard du pianiste","date":"5 f\u00e9vrier 2018","format":false,"excerpt":"... Vous attendent le vendredi 16 mars prochain dans un des plus beaux villages de France : \u00a0 Fabrice Eulry et l'orchestre philharmonique de Kharkov (Kharkiv en\u00a0ukrainien) seront en effet en France et en Belgique pour une tourn\u00e9e exceptionnelle au mois de mars 2018 : Bonjour \u00e0 tous, Voici le\u2026","rel":"","context":"Dans &quot;Non class\u00e9&quot;","block_context":{"text":"Non class\u00e9","link":"http:\/\/www.fabriceeulry-laboutique.com\/blog\/?cat=1"},"img":{"alt_text":"dolt","src":"https:\/\/i0.wp.com\/www.fabriceeulry-laboutique.com\/blog\/wp-content\/uploads\/2018\/01\/dolt.png?resize=350%2C200","width":350,"height":200,"srcset":"https:\/\/i0.wp.com\/www.fabriceeulry-laboutique.com\/blog\/wp-content\/uploads\/2018\/01\/dolt.png?resize=350%2C200 1x, https:\/\/i0.wp.com\/www.fabriceeulry-laboutique.com\/blog\/wp-content\/uploads\/2018\/01\/dolt.png?resize=525%2C300 1.5x"},"classes":[]},{"id":10461,"url":"http:\/\/www.fabriceeulry-laboutique.com\/blog\/?p=10461","url_meta":{"origin":10474,"position":1},"title":"VEILL\u00c9E D&rsquo;ARMES POUR UNE TOURN\u00c9E PHILHARMONIQUE","author":"Le Canard du pianiste","date":"6 mars 2018","format":false,"excerpt":"Ce mercredi 7 mars 2008 \u00e0 Marcq en Baroeul (Nord) d\u00e9marre une tourn\u00e9e exceptionnelle de l'orchestre philharmonique Kharkiv sous la direction de Yuri Yanko, avec Fabrice Eulry au piano, tourn\u00e9e que Le Canard du pianiste a abondamment relay\u00e9e. Consultez le calendrier et trouvez votre bonheur ! Si certains concerts sont\u2026","rel":"","context":"Dans &quot;Non class\u00e9&quot;","block_context":{"text":"Non class\u00e9","link":"http:\/\/www.fabriceeulry-laboutique.com\/blog\/?cat=1"},"img":{"alt_text":"yuri1","src":"https:\/\/i0.wp.com\/www.fabriceeulry-laboutique.com\/blog\/wp-content\/uploads\/2018\/02\/yuri1.png?resize=350%2C200","width":350,"height":200,"srcset":"https:\/\/i0.wp.com\/www.fabriceeulry-laboutique.com\/blog\/wp-content\/uploads\/2018\/02\/yuri1.png?resize=350%2C200 1x, https:\/\/i0.wp.com\/www.fabriceeulry-laboutique.com\/blog\/wp-content\/uploads\/2018\/02\/yuri1.png?resize=525%2C300 1.5x, https:\/\/i0.wp.com\/www.fabriceeulry-laboutique.com\/blog\/wp-content\/uploads\/2018\/02\/yuri1.png?resize=700%2C400 2x"},"classes":[]},{"id":10335,"url":"http:\/\/www.fabriceeulry-laboutique.com\/blog\/?p=10335","url_meta":{"origin":10474,"position":2},"title":"LE CHEF D&rsquo;ORCHESTRE YURIY YANKO","author":"Le Canard du pianiste","date":"19 f\u00e9vrier 2018","format":false,"excerpt":"Du 7 au 19, nous avons la chance de pouvoir entendre en France, l'orchestre philharmonique sous la direction de Yuriy Yanko, Ici quelques secondes avant les premi\u00e8res notes de Fabrispecial \u00e0 la philharmonie de Kharkiv (Kharkov) le 9 septembre 2017 : Voici un bref r\u00e9sum\u00e9 du parcours de l'illustre Chef\u2026","rel":"","context":"Dans &quot;Non class\u00e9&quot;","block_context":{"text":"Non class\u00e9","link":"http:\/\/www.fabriceeulry-laboutique.com\/blog\/?cat=1"},"img":{"alt_text":"","src":"https:\/\/i0.wp.com\/www.fabriceeulry-laboutique.com\/blog\/wp-content\/uploads\/2018\/02\/SAINT-GENIS-AFFICHE.png?resize=350%2C200","width":350,"height":200},"classes":[]},{"id":10285,"url":"http:\/\/www.fabriceeulry-laboutique.com\/blog\/?p=10285","url_meta":{"origin":10474,"position":3},"title":"HOMMAGE \u00c0 GUILLAUME PERROT EN ORCHESTRE PHILHARMONIQUE","author":"Le Canard du pianiste","date":"8 f\u00e9vrier 2018","format":false,"excerpt":"Un nouveau concert en m\u00e9moire du pianiste Guillaume Perrot : \u00a0 \u00a0 Cliquez sur l'affiche pour avoir plus de pr\u00e9cisions sur Loire.fr L'accueil du prestigieux orchestre ukrainien pour cet \u00e9v\u00e8nement est rendu possible par l'association boogiewooguillaume et la charmante petite commune de Saint-Germain Lespinasse ... dans laquelle habitait Guillaume Perrot\u2026","rel":"","context":"Dans &quot;Non class\u00e9&quot;","block_context":{"text":"Non class\u00e9","link":"http:\/\/www.fabriceeulry-laboutique.com\/blog\/?cat=1"},"img":{"alt_text":"","src":"https:\/\/i0.wp.com\/www.fabriceeulry-laboutique.com\/blog\/wp-content\/uploads\/2018\/02\/lesp.png?resize=350%2C200","width":350,"height":200,"srcset":"https:\/\/i0.wp.com\/www.fabriceeulry-laboutique.com\/blog\/wp-content\/uploads\/2018\/02\/lesp.png?resize=350%2C200 1x, https:\/\/i0.wp.com\/www.fabriceeulry-laboutique.com\/blog\/wp-content\/uploads\/2018\/02\/lesp.png?resize=525%2C300 1.5x, https:\/\/i0.wp.com\/www.fabriceeulry-laboutique.com\/blog\/wp-content\/uploads\/2018\/02\/lesp.png?resize=700%2C400 2x"},"classes":[]},{"id":10172,"url":"http:\/\/www.fabriceeulry-laboutique.com\/blog\/?p=10172","url_meta":{"origin":10474,"position":4},"title":"RHAPSODY IN BLUE CHEZ ROUGET DE LISLE !","author":"Le Canard du pianiste","date":"3 f\u00e9vrier 2018","format":false,"excerpt":"Rouget de Lisle a grandi \u00e0 Lons le Saunier. Cette agr\u00e9able ville d'eau, au pied du Jura, accueillera Fabrice Eulry et l'orchestre philharmonique de Kharkiv sous la direction de Yuri Yanko, le mardi 13 mars prochain mars \u00e0 20h. Au programme : le Concerto N\u00b02 (boogie-expiatoire en philharmonique) de Fabrice\u2026","rel":"","context":"Dans &quot;Non class\u00e9&quot;","block_context":{"text":"Non class\u00e9","link":"http:\/\/www.fabriceeulry-laboutique.com\/blog\/?cat=1"},"img":{"alt_text":"lons2","src":"https:\/\/i0.wp.com\/www.fabriceeulry-laboutique.com\/blog\/wp-content\/uploads\/2018\/01\/lons2.png?resize=350%2C200","width":350,"height":200},"classes":[]},{"id":10322,"url":"http:\/\/www.fabriceeulry-laboutique.com\/blog\/?p=10322","url_meta":{"origin":10474,"position":5},"title":"FABRICE EULRY EN PHILHARMONIQUE \u00c0 CARMAUX !","author":"Le Canard du pianiste","date":"14 f\u00e9vrier 2018","format":false,"excerpt":"La ville de Jean Jaur\u00e8s re\u00e7oit un de ses enfants ! \u00a0 Fabrice Eulry sera en concert le lundi 19 mars 2018 \u00e0 Carmaux Salle Fran\u00e7ois Mitterand CARMAUX (Tarn) 20h30 R\u00e9servations par courriel :\u00a0milana.v75@gmail.com \u00a0 Point de vente : Office d'animation du Carmausin, Place Gambetta.\u00a0 sa ville natale du Tarn.\u00a0\u2026","rel":"","context":"Dans &quot;Non class\u00e9&quot;","block_context":{"text":"Non class\u00e9","link":"http:\/\/www.fabriceeulry-laboutique.com\/blog\/?cat=1"},"img":{"alt_text":"jaures3","src":"https:\/\/i0.wp.com\/www.fabriceeulry-laboutique.com\/blog\/wp-content\/uploads\/2017\/04\/jaures3.jpg?resize=350%2C200","width":350,"height":200,"srcset":"https:\/\/i0.wp.com\/www.fabriceeulry-laboutique.com\/blog\/wp-content\/uploads\/2017\/04\/jaures3.jpg?resize=350%2C200 1x, https:\/\/i0.wp.com\/www.fabriceeulry-laboutique.com\/blog\/wp-content\/uploads\/2017\/04\/jaures3.jpg?resize=525%2C300 1.5x, https:\/\/i0.wp.com\/www.fabriceeulry-laboutique.com\/blog\/wp-content\/uploads\/2017\/04\/jaures3.jpg?resize=700%2C400 2x, https:\/\/i0.wp.com\/www.fabriceeulry-laboutique.com\/blog\/wp-content\/uploads\/2017\/04\/jaures3.jpg?resize=1050%2C600 3x, https:\/\/i0.wp.com\/www.fabriceeulry-laboutique.com\/blog\/wp-content\/uploads\/2017\/04\/jaures3.jpg?resize=1400%2C800 4x"},"classes":[]}],"_links":{"self":[{"href":"http:\/\/www.fabriceeulry-laboutique.com\/blog\/index.php?rest_route=\/wp\/v2\/posts\/10474","targetHints":{"allow":["GET"]}}],"collection":[{"href":"http:\/\/www.fabriceeulry-laboutique.com\/blog\/index.php?rest_route=\/wp\/v2\/posts"}],"about":[{"href":"http:\/\/www.fabriceeulry-laboutique.com\/blog\/index.php?rest_route=\/wp\/v2\/types\/post"}],"author":[{"embeddable":true,"href":"http:\/\/www.fabriceeulry-laboutique.com\/blog\/index.php?rest_route=\/wp\/v2\/users\/2"}],"replies":[{"embeddable":true,"href":"http:\/\/www.fabriceeulry-laboutique.com\/blog\/index.php?rest_route=%2Fwp%2Fv2%2Fcomments&post=10474"}],"version-history":[{"count":3,"href":"http:\/\/www.fabriceeulry-laboutique.com\/blog\/index.php?rest_route=\/wp\/v2\/posts\/10474\/revisions"}],"predecessor-version":[{"id":10479,"href":"http:\/\/www.fabriceeulry-laboutique.com\/blog\/index.php?rest_route=\/wp\/v2\/posts\/10474\/revisions\/10479"}],"wp:attachment":[{"href":"http:\/\/www.fabriceeulry-laboutique.com\/blog\/index.php?rest_route=%2Fwp%2Fv2%2Fmedia&parent=10474"}],"wp:term":[{"taxonomy":"category","embeddable":true,"href":"http:\/\/www.fabriceeulry-laboutique.com\/blog\/index.php?rest_route=%2Fwp%2Fv2%2Fcategories&post=10474"},{"taxonomy":"post_tag","embeddable":true,"href":"http:\/\/www.fabriceeulry-laboutique.com\/blog\/index.php?rest_route=%2Fwp%2Fv2%2Ftags&post=10474"}],"curies":[{"name":"wp","href":"https:\/\/api.w.org\/{rel}","templated":true}]}}