{"id":10498,"date":"2018-03-16T16:31:56","date_gmt":"2018-03-16T16:31:56","guid":{"rendered":"http:\/\/www.fabriceeulry-laboutique.com\/blog\/?p=10498"},"modified":"2018-03-23T04:41:04","modified_gmt":"2018-03-23T04:41:04","slug":"pour-les-enfants-dukraine-a-lyon","status":"publish","type":"post","link":"http:\/\/www.fabriceeulry-laboutique.com\/blog\/?p=10498","title":{"rendered":"POUR LES ENFANTS D&rsquo;UKRAINE \u00c0 LYON"},"content":{"rendered":"<p style=\"text-align: center;\"><span style=\"color: #000000;\"><strong>Le concert au profit des enfants bless\u00e9s de guerre en Ukraine organis\u00e9 par l&rsquo;association <a href=\"https:\/\/lyonukraine.org\">Lyon Ukraine<\/a>\u00a0a contre toute attente, connu une belle affluence, beaucoup n&rsquo;ayant pas r\u00e9serv\u00e9, s&rsquo;\u00e9tant d\u00e9cid\u00e9s au dernier moment. Ce miracle n&rsquo;avait pas eu lieu \u00e0 Lons le Saunier l&rsquo;avant-veille, mardi 11 mars o\u00f9 le th\u00e9\u00e2tre \u00e9tait \u00e0 moiti\u00e9 pleine, o\u00f9 pourtant l&rsquo;apr\u00e8s-midi, 400 enfants avaient profit\u00e9 dans l&rsquo;enthousiasme, du programme que l&rsquo;orchestre philharmonique de Kharkov propose sp\u00e9cialement pour eux :<\/strong><\/span><\/p>\n<p style=\"text-align: center;\"><img data-recalc-dims=\"1\" loading=\"lazy\" decoding=\"async\" class=\"alignright size-full wp-image-10201\" src=\"https:\/\/i0.wp.com\/www.fabriceeulry-laboutique.com\/blog\/wp-content\/uploads\/2018\/02\/carmen.png?resize=640%2C349\" alt=\"carmen\" width=\"640\" height=\"349\" srcset=\"https:\/\/i0.wp.com\/www.fabriceeulry-laboutique.com\/blog\/wp-content\/uploads\/2018\/02\/carmen.png?w=1283 1283w, https:\/\/i0.wp.com\/www.fabriceeulry-laboutique.com\/blog\/wp-content\/uploads\/2018\/02\/carmen.png?resize=300%2C163 300w, https:\/\/i0.wp.com\/www.fabriceeulry-laboutique.com\/blog\/wp-content\/uploads\/2018\/02\/carmen.png?resize=768%2C418 768w, https:\/\/i0.wp.com\/www.fabriceeulry-laboutique.com\/blog\/wp-content\/uploads\/2018\/02\/carmen.png?resize=1024%2C558 1024w\" sizes=\"auto, (max-width: 640px) 100vw, 640px\" \/><\/p>\n<p style=\"text-align: center;\"><span style=\"color: #000000;\"><strong><br \/>\nMais revenons \u00e0 Lyon (\u00e0 l&rsquo;\u00e9glise de Saint-Genis Laval plus exactement) o\u00f9 Fabrice Eulry attendait les\u00a0<\/strong><\/span><span style=\"color: #000000;\"><b>lyonnais avec\u00a0l&rsquo;orchestre philharmonique de Kharkiv sous la direction de\u00a0Yuri Yanko, pour leur faire d\u00e9couvrir son CONCERTO POUR PIANO N\u00b02.<\/b><\/span><\/p>\n<p style=\"text-align: center;\"><a href=\"https:\/\/i0.wp.com\/www.fabriceeulry-laboutique.com\/blog\/wp-content\/uploads\/2018\/01\/st-genis4.png\"><img data-recalc-dims=\"1\" loading=\"lazy\" decoding=\"async\" class=\"aligncenter size-full wp-image-10391\" src=\"https:\/\/i0.wp.com\/www.fabriceeulry-laboutique.com\/blog\/wp-content\/uploads\/2018\/01\/st-genis4.png?resize=431%2C611\" alt=\"st genis4\" width=\"431\" height=\"611\" srcset=\"https:\/\/i0.wp.com\/www.fabriceeulry-laboutique.com\/blog\/wp-content\/uploads\/2018\/01\/st-genis4.png?w=431 431w, https:\/\/i0.wp.com\/www.fabriceeulry-laboutique.com\/blog\/wp-content\/uploads\/2018\/01\/st-genis4.png?resize=212%2C300 212w, https:\/\/i0.wp.com\/www.fabriceeulry-laboutique.com\/blog\/wp-content\/uploads\/2018\/01\/st-genis4.png?resize=300%2C425 300w\" sizes=\"auto, (max-width: 431px) 100vw, 431px\" \/><\/a><\/p>\n<p style=\"text-align: center;\"><span style=\"color: #000000;\"><strong>La foule se leva non seulement pour plusieurs rappels comme \u00e0 chacun des concerts de cette tourn\u00e9e, mais aussi en pr\u00e9ambule, le formidable t\u00e9nor Thierry Grobon entonna le vibrant hymne ukrainien.<\/strong><\/span><\/p>\n<p style=\"text-align: center;\"><span style=\"color: #000000;\"><strong>Ici quelques extraits de la Rhapsodie in blue et de Summertime, ainsi que le recueil d&rsquo;impressions de Fabrice Eulry juste apr\u00e8s le concert : (merci \u00e0 Markiian Peretiatko et l&rsquo;association Lyon Ukraine pour les images) :<\/strong><\/span><\/p>\n<p><span class=\"embed-youtube\" style=\"text-align:center; display: block;\"><iframe loading=\"lazy\" class=\"youtube-player\" width=\"640\" height=\"360\" src=\"https:\/\/www.youtube.com\/embed\/l-1BOy9U1hc?version=3&#038;rel=1&#038;showsearch=0&#038;showinfo=1&#038;iv_load_policy=1&#038;fs=1&#038;hl=fr-FR&#038;autohide=2&#038;wmode=transparent\" allowfullscreen=\"true\" style=\"border:0;\" sandbox=\"allow-scripts allow-same-origin allow-popups allow-presentation allow-popups-to-escape-sandbox\"><\/iframe><\/span><\/p>\n<p style=\"text-align: center;\"><span style=\"color: #000000;\">concerto n\u00b01 en disque !<\/span><\/p>\n<h2 style=\"text-align: center;\"><span style=\"color: #000000;\"><strong>Concerto N\u00b0 1 en DO# mineur &#8211; Fabrice Eulry<\/strong><\/span><\/h2>\n<div style=\"text-align: center;\">\n<p style=\"text-align: center;\"><span style=\"color: #000000;\"><a href=\"http:\/\/www.fabriceeulry.com\/discographie.html\"><img data-recalc-dims=\"1\" loading=\"lazy\" decoding=\"async\" id=\"yui_3_16_0_ym19_1_1459901370141_37122\" src=\"https:\/\/i0.wp.com\/fabriceeulryunblogfr.unblog.fr\/files\/2010\/12\/pochetteconcerto.jpg?resize=300%2C300\" alt=\"\" width=\"300\" height=\"300\" \/><\/a>\u00a0<\/span><\/p>\n<p style=\"text-align: center;\"><span style=\"color: #000000;\"><em>(cliquez sur l&rsquo;image pour \u00e9couter des extraits et le commander)<\/em><\/span><\/p>\n<h2 style=\"text-align: center;\"><span style=\"color: #000000;\"><strong>Et le concerto N\u00b0 2 que l&rsquo;on peut uniquement se procurer au concert pour l&rsquo;instant :<\/strong><\/span><\/h2>\n<\/div>\n<p style=\"text-align: center;\"><a href=\"https:\/\/i0.wp.com\/www.fabriceeulry-laboutique.com\/blog\/wp-content\/uploads\/2018\/03\/photo-pochette-CONCERTO-N%C2%B02.png\"><img data-recalc-dims=\"1\" loading=\"lazy\" decoding=\"async\" class=\"aligncenter size-full wp-image-10454\" src=\"https:\/\/i0.wp.com\/www.fabriceeulry-laboutique.com\/blog\/wp-content\/uploads\/2018\/03\/photo-pochette-CONCERTO-N%C2%B02.png?resize=354%2C441\" alt=\"photo pochette CONCERTO N\u00b02\" width=\"354\" height=\"441\" srcset=\"https:\/\/i0.wp.com\/www.fabriceeulry-laboutique.com\/blog\/wp-content\/uploads\/2018\/03\/photo-pochette-CONCERTO-N%C2%B02.png?w=354 354w, https:\/\/i0.wp.com\/www.fabriceeulry-laboutique.com\/blog\/wp-content\/uploads\/2018\/03\/photo-pochette-CONCERTO-N%C2%B02.png?resize=241%2C300 241w, https:\/\/i0.wp.com\/www.fabriceeulry-laboutique.com\/blog\/wp-content\/uploads\/2018\/03\/photo-pochette-CONCERTO-N%C2%B02.png?resize=300%2C374 300w\" sizes=\"auto, (max-width: 354px) 100vw, 354px\" \/><\/a><\/p>\n","protected":false},"excerpt":{"rendered":"<p>Le concert au profit des enfants bless\u00e9s de guerre en Ukraine organis\u00e9 par l&rsquo;association Lyon Ukraine\u00a0a contre toute attente, connu une belle affluence, beaucoup n&rsquo;ayant pas r\u00e9serv\u00e9, s&rsquo;\u00e9tant d\u00e9cid\u00e9s au dernier moment. Ce miracle n&rsquo;avait pas eu lieu \u00e0 Lons &hellip; <a href=\"http:\/\/www.fabriceeulry-laboutique.com\/blog\/?p=10498\">Continuer la lecture <span class=\"meta-nav\">&rarr;<\/span><\/a><\/p>\n","protected":false},"author":2,"featured_media":0,"comment_status":"open","ping_status":"open","sticky":false,"template":"","format":"standard","meta":{"jetpack_post_was_ever_published":false,"_jetpack_newsletter_access":"","_jetpack_dont_email_post_to_subs":true,"_jetpack_newsletter_tier_id":0,"_jetpack_memberships_contains_paywalled_content":false,"_jetpack_memberships_contains_paid_content":false,"footnotes":"","jetpack_publicize_message":"","jetpack_publicize_feature_enabled":true,"jetpack_social_post_already_shared":true,"jetpack_social_options":{"image_generator_settings":{"template":"highway","default_image_id":0,"font":"","enabled":false},"version":2}},"categories":[1],"tags":[],"class_list":["post-10498","post","type-post","status-publish","format-standard","hentry","category-non-classe"],"jetpack_publicize_connections":[],"jetpack_featured_media_url":"","jetpack_sharing_enabled":true,"jetpack_shortlink":"https:\/\/wp.me\/p2D6dI-2Jk","jetpack_likes_enabled":true,"jetpack-related-posts":[{"id":3220,"url":"http:\/\/www.fabriceeulry-laboutique.com\/blog\/?p=3220","url_meta":{"origin":10498,"position":0},"title":"PHOTO ET INSPIRATION MUSICALE","author":"Le Canard du pianiste","date":"17 ao\u00fbt 2013","format":false,"excerpt":"N\u00e9 en 1942, fils et petit-fils de peintre, Jacques Perrodin est autodidacte. Il se rattache \u00e0 la tradition des paysagistes et portraitistes avec une pr\u00e9dilection pour ceux des origines de la peinture \u00e0 l'huile en occident. Mais il travaille aussi beaucoup sur le motif en plein air ou devant un\u2026","rel":"","context":"Dans &quot;Non class\u00e9&quot;","block_context":{"text":"Non class\u00e9","link":"http:\/\/www.fabriceeulry-laboutique.com\/blog\/?cat=1"},"img":{"alt_text":"","src":"","width":0,"height":0},"classes":[]},{"id":6908,"url":"http:\/\/www.fabriceeulry-laboutique.com\/blog\/?p=6908","url_meta":{"origin":10498,"position":1},"title":"FABRICE EULRY EN CONCERT AU LIBAN","author":"Le Canard du pianiste","date":"26 mai 2015","format":false,"excerpt":"\u00a0 Comme aime \u00e0 le dire Elizabeth Sombart : \"Il n'y a pas de petit concert.\" En effet, Le centre Saint-Vincent a beau avoir de petits moyens, le concert, auquel nous n'\u00e9chappons pas \u00e0 l'annonce m\u00eame dans l'ascenseur, est y est (d'autant) pris tr\u00e8s au s\u00e9rieux ! Son directeur, un\u2026","rel":"","context":"Dans &quot;Non class\u00e9&quot;","block_context":{"text":"Non class\u00e9","link":"http:\/\/www.fabriceeulry-laboutique.com\/blog\/?cat=1"},"img":{"alt_text":"","src":"https:\/\/i0.wp.com\/www.fabriceeulry-laboutique.com\/blog\/wp-content\/uploads\/2015\/05\/OLYMPIA-2015-ELIZABETH-1.jpg?resize=350%2C200","width":350,"height":200},"classes":[]},{"id":5581,"url":"http:\/\/www.fabriceeulry-laboutique.com\/blog\/?p=5581","url_meta":{"origin":10498,"position":2},"title":"L&rsquo;AFFAIRE DE L&rsquo;HOPITAL DE GARCHES","author":"Le Canard du pianiste","date":"2 septembre 2014","format":false,"excerpt":"Une communication de Sant\u00e9 nature innovation : Tr\u00e8s important avant de franchir les portes d'un h\u00f4pital Ch\u00e8re lectrice, cher lecteur, Si vous suivez l'actualit\u00e9 m\u00e9dicale, vous \u00eates au courant de l'affaire du Dr Nicole Del\u00e9pine, de l'h\u00f4pital de Garches. Il s'agit d'une femme qui a soign\u00e9 toute sa vie des\u2026","rel":"","context":"Dans &quot;Non class\u00e9&quot;","block_context":{"text":"Non class\u00e9","link":"http:\/\/www.fabriceeulry-laboutique.com\/blog\/?cat=1"},"img":{"alt_text":"","src":"","width":0,"height":0},"classes":[]},{"id":7378,"url":"http:\/\/www.fabriceeulry-laboutique.com\/blog\/?p=7378","url_meta":{"origin":10498,"position":3},"title":"L&rsquo;IPSN ECRIT AU CANARD","author":"Le Canard du pianiste","date":"4 ao\u00fbt 2015","format":false,"excerpt":"Supermarch\u00e9 : cet ami qui vous envahit Ch\u00e8re amie, cher ami, Notre supermarch\u00e9 est un proche. C'est comme un ami. On va le voir souvent, surtout s'il nous manque quelque chose. Sa pr\u00e9sence nous rassure. S'il est \u00e0 court de produits, on r\u00e2le, s'il ferme c'est la panique. Et pourtant,\u2026","rel":"","context":"Dans &quot;Non class\u00e9&quot;","block_context":{"text":"Non class\u00e9","link":"http:\/\/www.fabriceeulry-laboutique.com\/blog\/?cat=1"},"img":{"alt_text":"","src":"","width":0,"height":0},"classes":[]},{"id":6096,"url":"http:\/\/www.fabriceeulry-laboutique.com\/blog\/?p=6096","url_meta":{"origin":10498,"position":4},"title":"LES MELOMANES PALESTINIENS POUR  ELIZABETH SOMBART !","author":"Le Canard du pianiste","date":"23 d\u00e9cembre 2014","format":false,"excerpt":"Enfants de Palestine r\u00e9fugi\u00e9s au Liban mais aussi jeunes Syriens ... Mais laissons la parole \u00e0 Elizabeth Sombart cr\u00e9atrice de la fondation R\u00e9sonnance\u00a0: \"L'H\u00f4pital Dat El Ajaza, musulman sunnite, \u00e0 c\u00f4t\u00e9 du camp palestinien de Sabra \u00e0 Beyrouth... Une \u00e9quipe fantastique de m\u00e9decins, mon public le plus silencieux, ils re\u00e7oivent\u2026","rel":"","context":"Dans &quot;Non class\u00e9&quot;","block_context":{"text":"Non class\u00e9","link":"http:\/\/www.fabriceeulry-laboutique.com\/blog\/?cat=1"},"img":{"alt_text":"","src":"https:\/\/i0.wp.com\/www.fabriceeulry-laboutique.com\/blog\/wp-content\/uploads\/2014\/12\/LIBR-.jpg?resize=350%2C200","width":350,"height":200,"srcset":"https:\/\/i0.wp.com\/www.fabriceeulry-laboutique.com\/blog\/wp-content\/uploads\/2014\/12\/LIBR-.jpg?resize=350%2C200 1x, https:\/\/i0.wp.com\/www.fabriceeulry-laboutique.com\/blog\/wp-content\/uploads\/2014\/12\/LIBR-.jpg?resize=525%2C300 1.5x, https:\/\/i0.wp.com\/www.fabriceeulry-laboutique.com\/blog\/wp-content\/uploads\/2014\/12\/LIBR-.jpg?resize=700%2C400 2x"},"classes":[]},{"id":8804,"url":"http:\/\/www.fabriceeulry-laboutique.com\/blog\/?p=8804","url_meta":{"origin":10498,"position":5},"title":"NOUVEAU GRAIN DE SEL DE CHRISTINE SOURGINS","author":"Le Canard du pianiste","date":"13 septembre 2016","format":false,"excerpt":"Le Canard du pianiste relaie r\u00e9guli\u00e8rement le blogue de Christine Sourgins qui nous propose un propos exempt de toute id\u00e9ologie. Pas de conservatisme frileux ni de modernisme b\u00e9at, mais un \u00e9clairage toujours inattendu et pertinent rendu possible par un sens des r\u00e9alit\u00e9s \u00e9conomiques (qui lib\u00e8re la pens\u00e9e de l'abstraction id\u00e9ologique)\u2026","rel":"","context":"Dans &quot;Non class\u00e9&quot;","block_context":{"text":"Non class\u00e9","link":"http:\/\/www.fabriceeulry-laboutique.com\/blog\/?cat=1"},"img":{"alt_text":"","src":"https:\/\/i0.wp.com\/www.fabriceeulry-laboutique.com\/blog\/wp-content\/uploads\/2014\/10\/sourgins--207x300.jpg?resize=350%2C200","width":350,"height":200},"classes":[]}],"_links":{"self":[{"href":"http:\/\/www.fabriceeulry-laboutique.com\/blog\/index.php?rest_route=\/wp\/v2\/posts\/10498","targetHints":{"allow":["GET"]}}],"collection":[{"href":"http:\/\/www.fabriceeulry-laboutique.com\/blog\/index.php?rest_route=\/wp\/v2\/posts"}],"about":[{"href":"http:\/\/www.fabriceeulry-laboutique.com\/blog\/index.php?rest_route=\/wp\/v2\/types\/post"}],"author":[{"embeddable":true,"href":"http:\/\/www.fabriceeulry-laboutique.com\/blog\/index.php?rest_route=\/wp\/v2\/users\/2"}],"replies":[{"embeddable":true,"href":"http:\/\/www.fabriceeulry-laboutique.com\/blog\/index.php?rest_route=%2Fwp%2Fv2%2Fcomments&post=10498"}],"version-history":[{"count":6,"href":"http:\/\/www.fabriceeulry-laboutique.com\/blog\/index.php?rest_route=\/wp\/v2\/posts\/10498\/revisions"}],"predecessor-version":[{"id":10518,"href":"http:\/\/www.fabriceeulry-laboutique.com\/blog\/index.php?rest_route=\/wp\/v2\/posts\/10498\/revisions\/10518"}],"wp:attachment":[{"href":"http:\/\/www.fabriceeulry-laboutique.com\/blog\/index.php?rest_route=%2Fwp%2Fv2%2Fmedia&parent=10498"}],"wp:term":[{"taxonomy":"category","embeddable":true,"href":"http:\/\/www.fabriceeulry-laboutique.com\/blog\/index.php?rest_route=%2Fwp%2Fv2%2Fcategories&post=10498"},{"taxonomy":"post_tag","embeddable":true,"href":"http:\/\/www.fabriceeulry-laboutique.com\/blog\/index.php?rest_route=%2Fwp%2Fv2%2Ftags&post=10498"}],"curies":[{"name":"wp","href":"https:\/\/api.w.org\/{rel}","templated":true}]}}