{"id":10513,"date":"2018-03-23T04:41:29","date_gmt":"2018-03-23T04:41:29","guid":{"rendered":"http:\/\/www.fabriceeulry-laboutique.com\/blog\/?p=10513"},"modified":"2018-03-23T17:21:03","modified_gmt":"2018-03-23T17:21:03","slug":"une-ovation-debout-sans-trucage","status":"publish","type":"post","link":"http:\/\/www.fabriceeulry-laboutique.com\/blog\/?p=10513","title":{"rendered":"UNE OVATION DEBOUT SANS TRUCAGE"},"content":{"rendered":"<h2 style=\"text-align: center;\"><strong><span style=\"color: #000000;\"><a href=\"https:\/\/i0.wp.com\/www.fabriceeulry-laboutique.com\/blog\/wp-content\/uploads\/2018\/01\/eglise-espalion.png\"><img data-recalc-dims=\"1\" loading=\"lazy\" decoding=\"async\" class=\"aligncenter size-full wp-image-10101\" src=\"https:\/\/i0.wp.com\/www.fabriceeulry-laboutique.com\/blog\/wp-content\/uploads\/2018\/01\/eglise-espalion.png?resize=258%2C382\" alt=\"eglise espalion\" width=\"258\" height=\"382\" srcset=\"https:\/\/i0.wp.com\/www.fabriceeulry-laboutique.com\/blog\/wp-content\/uploads\/2018\/01\/eglise-espalion.png?w=258 258w, https:\/\/i0.wp.com\/www.fabriceeulry-laboutique.com\/blog\/wp-content\/uploads\/2018\/01\/eglise-espalion.png?resize=203%2C300 203w\" sizes=\"auto, (max-width: 258px) 100vw, 258px\" \/><\/a>Concert le 17 mars 2018 \u00e0 l&rsquo;\u00e9glise d&rsquo;Espalion (superbe acoustique et tr\u00e8s bon accueil) : Apr\u00e8s le programme Bizet, Mozart, Rossini, Brahms, du philharmonique de Kharkiv dirig\u00e9 par\u00a0Yuriy Yanko&#8230;<\/span><\/strong><\/h2>\n<h2 style=\"text-align: center;\"><a href=\"https:\/\/i0.wp.com\/www.fabriceeulry-laboutique.com\/blog\/wp-content\/uploads\/2018\/03\/espalion2.png\"><img data-recalc-dims=\"1\" loading=\"lazy\" decoding=\"async\" class=\"aligncenter size-full wp-image-10516\" src=\"https:\/\/i0.wp.com\/www.fabriceeulry-laboutique.com\/blog\/wp-content\/uploads\/2018\/03\/espalion2.png?resize=629%2C355\" alt=\"espalion2\" width=\"629\" height=\"355\" srcset=\"https:\/\/i0.wp.com\/www.fabriceeulry-laboutique.com\/blog\/wp-content\/uploads\/2018\/03\/espalion2.png?w=629 629w, https:\/\/i0.wp.com\/www.fabriceeulry-laboutique.com\/blog\/wp-content\/uploads\/2018\/03\/espalion2.png?resize=300%2C169 300w\" sizes=\"auto, (max-width: 629px) 100vw, 629px\" \/><\/a><\/h2>\n<h2 style=\"text-align: center;\"><span style=\"color: #000000;\"><strong>et le Concerto de Fabrice Eulry&#8230;<\/strong><\/span><\/h2>\n<p><img data-recalc-dims=\"1\" loading=\"lazy\" decoding=\"async\" class=\"aligncenter size-full wp-image-10515\" src=\"https:\/\/i0.wp.com\/www.fabriceeulry-laboutique.com\/blog\/wp-content\/uploads\/2018\/03\/espalion1.png?resize=627%2C351\" alt=\"espalion1\" width=\"627\" height=\"351\" srcset=\"https:\/\/i0.wp.com\/www.fabriceeulry-laboutique.com\/blog\/wp-content\/uploads\/2018\/03\/espalion1.png?w=627 627w, https:\/\/i0.wp.com\/www.fabriceeulry-laboutique.com\/blog\/wp-content\/uploads\/2018\/03\/espalion1.png?resize=300%2C168 300w\" sizes=\"auto, (max-width: 627px) 100vw, 627px\" \/><\/p>\n<h2 style=\"text-align: center;\"><strong><span style=\"color: #000000;\">le public se l\u00e8ve spontan\u00e9ment : on ne pourra accuser les organisateurs d&rsquo;avoir soudoy\u00e9 le premier rang pour entra\u00eener le reste de l&rsquo;assistance !<\/span><\/strong><\/h2>\n<p><a href=\"https:\/\/i0.wp.com\/www.fabriceeulry-laboutique.com\/blog\/wp-content\/uploads\/2018\/03\/espalion3.png\"><img data-recalc-dims=\"1\" loading=\"lazy\" decoding=\"async\" class=\"aligncenter size-large wp-image-10522\" src=\"https:\/\/i0.wp.com\/www.fabriceeulry-laboutique.com\/blog\/wp-content\/uploads\/2018\/03\/espalion3.png?resize=640%2C359\" alt=\"espalion3\" width=\"640\" height=\"359\" srcset=\"https:\/\/i0.wp.com\/www.fabriceeulry-laboutique.com\/blog\/wp-content\/uploads\/2018\/03\/espalion3.png?resize=1024%2C574 1024w, https:\/\/i0.wp.com\/www.fabriceeulry-laboutique.com\/blog\/wp-content\/uploads\/2018\/03\/espalion3.png?resize=300%2C168 300w, https:\/\/i0.wp.com\/www.fabriceeulry-laboutique.com\/blog\/wp-content\/uploads\/2018\/03\/espalion3.png?resize=768%2C430 768w, https:\/\/i0.wp.com\/www.fabriceeulry-laboutique.com\/blog\/wp-content\/uploads\/2018\/03\/espalion3.png?w=1307 1307w\" sizes=\"auto, (max-width: 640px) 100vw, 640px\" \/><\/a><\/p>\n<p><a href=\"https:\/\/i0.wp.com\/www.fabriceeulry-laboutique.com\/blog\/wp-content\/uploads\/2018\/03\/espalion.png\"><img data-recalc-dims=\"1\" loading=\"lazy\" decoding=\"async\" class=\"aligncenter size-large wp-image-10514\" src=\"https:\/\/i0.wp.com\/www.fabriceeulry-laboutique.com\/blog\/wp-content\/uploads\/2018\/03\/espalion.png?resize=640%2C372\" alt=\"espalion\" width=\"640\" height=\"372\" srcset=\"https:\/\/i0.wp.com\/www.fabriceeulry-laboutique.com\/blog\/wp-content\/uploads\/2018\/03\/espalion.png?resize=1024%2C595 1024w, https:\/\/i0.wp.com\/www.fabriceeulry-laboutique.com\/blog\/wp-content\/uploads\/2018\/03\/espalion.png?resize=300%2C174 300w, https:\/\/i0.wp.com\/www.fabriceeulry-laboutique.com\/blog\/wp-content\/uploads\/2018\/03\/espalion.png?resize=768%2C446 768w, https:\/\/i0.wp.com\/www.fabriceeulry-laboutique.com\/blog\/wp-content\/uploads\/2018\/03\/espalion.png?w=1251 1251w\" sizes=\"auto, (max-width: 640px) 100vw, 640px\" \/><\/a><\/p>\n<p style=\"text-align: center;\"><span style=\"color: #000000;\"><strong>Ce qu&rsquo;en dit la presse (merci \u00e0 Centre-presse et au bulletin d&rsquo;Espalion) :<\/strong><\/span><\/p>\n<p style=\"text-align: center;\"><a href=\"https:\/\/i0.wp.com\/www.fabriceeulry-laboutique.com\/blog\/wp-content\/uploads\/2018\/03\/bulletin-dEspalion-Kharkiv-17-mars-2018.png\"><img data-recalc-dims=\"1\" loading=\"lazy\" decoding=\"async\" class=\"aligncenter size-full wp-image-10526\" src=\"https:\/\/i0.wp.com\/www.fabriceeulry-laboutique.com\/blog\/wp-content\/uploads\/2018\/03\/bulletin-dEspalion-Kharkiv-17-mars-2018.png?resize=603%2C635\" alt=\"bulletin d'Espalion Kharkiv 17 mars 2018\" width=\"603\" height=\"635\" srcset=\"https:\/\/i0.wp.com\/www.fabriceeulry-laboutique.com\/blog\/wp-content\/uploads\/2018\/03\/bulletin-dEspalion-Kharkiv-17-mars-2018.png?w=603 603w, https:\/\/i0.wp.com\/www.fabriceeulry-laboutique.com\/blog\/wp-content\/uploads\/2018\/03\/bulletin-dEspalion-Kharkiv-17-mars-2018.png?resize=285%2C300 285w, https:\/\/i0.wp.com\/www.fabriceeulry-laboutique.com\/blog\/wp-content\/uploads\/2018\/03\/bulletin-dEspalion-Kharkiv-17-mars-2018.png?resize=300%2C316 300w\" sizes=\"auto, (max-width: 603px) 100vw, 603px\" \/><\/a><\/p>\n<p style=\"text-align: center;\"><span style=\"color: #000000;\"><strong>\u00c0 Espalion, on retrouvera aussi Fabrice Eulry le 5 mai dans le cadre du <a href=\"http:\/\/www.fabriceeulry-laboutique.com\/blog\/?p=10504\">festival Blues en Aveyron<\/a>, ainsi que le 1er juillet \u00e0 l&rsquo;\u00e9glise d&rsquo;Espalion pour la messe en piano solo ! &#8230; et \u00e9galement \u00e0 <a href=\"http:\/\/www.fabriceeulry-laboutique.com\/blog\/?p=10022\">l&rsquo;\u00e9glise de Perse<\/a> pour un r\u00e9cital le 24 juillet.<\/strong><\/span><\/p>\n<h2 style=\"text-align: center;\"><strong><span style=\"color: #000000;\"><a href=\"https:\/\/i0.wp.com\/www.fabriceeulry-laboutique.com\/blog\/wp-content\/uploads\/2018\/01\/eglise-espalion.png\"><img data-recalc-dims=\"1\" loading=\"lazy\" decoding=\"async\" class=\"aligncenter size-full wp-image-10101\" src=\"https:\/\/i0.wp.com\/www.fabriceeulry-laboutique.com\/blog\/wp-content\/uploads\/2018\/01\/eglise-espalion.png?resize=258%2C382\" alt=\"eglise espalion\" width=\"258\" height=\"382\" srcset=\"https:\/\/i0.wp.com\/www.fabriceeulry-laboutique.com\/blog\/wp-content\/uploads\/2018\/01\/eglise-espalion.png?w=258 258w, https:\/\/i0.wp.com\/www.fabriceeulry-laboutique.com\/blog\/wp-content\/uploads\/2018\/01\/eglise-espalion.png?resize=203%2C300 203w\" sizes=\"auto, (max-width: 258px) 100vw, 258px\" \/><\/a><\/span><\/strong><\/h2>\n<h2 style=\"text-align: center;\"><span style=\"color: #000000;\"><strong>Concerto N\u00b0 1 en DO# mineur &#8211; Fabrice Eulry<\/strong><\/span><\/h2>\n<div style=\"text-align: center;\">\n<p style=\"text-align: center;\"><span style=\"color: #000000;\"><a href=\"http:\/\/www.fabriceeulry.com\/discographie.html\"><img data-recalc-dims=\"1\" loading=\"lazy\" decoding=\"async\" id=\"yui_3_16_0_ym19_1_1459901370141_37122\" src=\"https:\/\/i0.wp.com\/fabriceeulryunblogfr.unblog.fr\/files\/2010\/12\/pochetteconcerto.jpg?resize=300%2C300\" alt=\"\" width=\"300\" height=\"300\" \/><\/a>\u00a0<\/span><\/p>\n<p style=\"text-align: center;\"><span style=\"color: #000000;\"><em>(cliquez sur l&rsquo;image pour \u00e9couter des extraits et le commander)<\/em><\/span><\/p>\n<h2 style=\"text-align: center;\"><span style=\"color: #000000;\"><strong>Et le concerto N\u00b0 2 que l&rsquo;on peut uniquement se procurer au concert pour l&rsquo;instant :<\/strong><\/span><\/h2>\n<\/div>\n<p style=\"text-align: center;\"><a href=\"https:\/\/i0.wp.com\/www.fabriceeulry-laboutique.com\/blog\/wp-content\/uploads\/2018\/03\/photo-pochette-CONCERTO-N%C2%B02.png\"><img data-recalc-dims=\"1\" loading=\"lazy\" decoding=\"async\" class=\"aligncenter size-full wp-image-10454\" src=\"https:\/\/i0.wp.com\/www.fabriceeulry-laboutique.com\/blog\/wp-content\/uploads\/2018\/03\/photo-pochette-CONCERTO-N%C2%B02.png?resize=354%2C441\" alt=\"photo pochette CONCERTO N\u00b02\" width=\"354\" height=\"441\" srcset=\"https:\/\/i0.wp.com\/www.fabriceeulry-laboutique.com\/blog\/wp-content\/uploads\/2018\/03\/photo-pochette-CONCERTO-N%C2%B02.png?w=354 354w, https:\/\/i0.wp.com\/www.fabriceeulry-laboutique.com\/blog\/wp-content\/uploads\/2018\/03\/photo-pochette-CONCERTO-N%C2%B02.png?resize=241%2C300 241w, https:\/\/i0.wp.com\/www.fabriceeulry-laboutique.com\/blog\/wp-content\/uploads\/2018\/03\/photo-pochette-CONCERTO-N%C2%B02.png?resize=300%2C374 300w\" sizes=\"auto, (max-width: 354px) 100vw, 354px\" \/><\/a><\/p>\n","protected":false},"excerpt":{"rendered":"<p>Concert le 17 mars 2018 \u00e0 l&rsquo;\u00e9glise d&rsquo;Espalion (superbe acoustique et tr\u00e8s bon accueil) : Apr\u00e8s le programme Bizet, Mozart, Rossini, Brahms, du philharmonique de Kharkiv dirig\u00e9 par\u00a0Yuriy Yanko&#8230; et le Concerto de Fabrice Eulry&#8230; le public se l\u00e8ve spontan\u00e9ment &hellip; <a href=\"http:\/\/www.fabriceeulry-laboutique.com\/blog\/?p=10513\">Continuer la lecture <span class=\"meta-nav\">&rarr;<\/span><\/a><\/p>\n","protected":false},"author":2,"featured_media":0,"comment_status":"open","ping_status":"open","sticky":false,"template":"","format":"standard","meta":{"jetpack_post_was_ever_published":false,"_jetpack_newsletter_access":"","_jetpack_dont_email_post_to_subs":true,"_jetpack_newsletter_tier_id":0,"_jetpack_memberships_contains_paywalled_content":false,"_jetpack_memberships_contains_paid_content":false,"footnotes":"","jetpack_publicize_message":"","jetpack_publicize_feature_enabled":true,"jetpack_social_post_already_shared":true,"jetpack_social_options":{"image_generator_settings":{"template":"highway","default_image_id":0,"font":"","enabled":false},"version":2}},"categories":[1],"tags":[],"class_list":["post-10513","post","type-post","status-publish","format-standard","hentry","category-non-classe"],"jetpack_publicize_connections":[],"jetpack_featured_media_url":"","jetpack_sharing_enabled":true,"jetpack_shortlink":"https:\/\/wp.me\/p2D6dI-2Jz","jetpack_likes_enabled":true,"jetpack-related-posts":[{"id":12969,"url":"http:\/\/www.fabriceeulry-laboutique.com\/blog\/?p=12969","url_meta":{"origin":10513,"position":0},"title":"FESTIVAL D&rsquo;AVIGNON SUR L&rsquo;EAU","author":"Le Canard du pianiste","date":"20 juillet 2024","format":false,"excerpt":"Cette \u00e9dition 2024 du festival d'Avignon a vu une formule tr\u00e8s originale : le festival d\u00e9borde des remparts et embarque sur le Rh\u00f4ne pour une croisi\u00e8re de quelques heures qui enjambe le cr\u00e9puscule et permet de retrouver l'autre Ville \u00e9ternelle sous ses illuminations nocturnes. La p\u00e9niche LE MIRIEO vous donne\u2026","rel":"","context":"Dans &quot;Non class\u00e9&quot;","block_context":{"text":"Non class\u00e9","link":"http:\/\/www.fabriceeulry-laboutique.com\/blog\/?cat=1"},"img":{"alt_text":"","src":"https:\/\/i0.wp.com\/www.fabriceeulry-laboutique.com\/blog\/wp-content\/uploads\/2024\/07\/1000002220-scaled.jpg?resize=350%2C200","width":350,"height":200,"srcset":"https:\/\/i0.wp.com\/www.fabriceeulry-laboutique.com\/blog\/wp-content\/uploads\/2024\/07\/1000002220-scaled.jpg?resize=350%2C200 1x, https:\/\/i0.wp.com\/www.fabriceeulry-laboutique.com\/blog\/wp-content\/uploads\/2024\/07\/1000002220-scaled.jpg?resize=525%2C300 1.5x, https:\/\/i0.wp.com\/www.fabriceeulry-laboutique.com\/blog\/wp-content\/uploads\/2024\/07\/1000002220-scaled.jpg?resize=700%2C400 2x, https:\/\/i0.wp.com\/www.fabriceeulry-laboutique.com\/blog\/wp-content\/uploads\/2024\/07\/1000002220-scaled.jpg?resize=1050%2C600 3x, https:\/\/i0.wp.com\/www.fabriceeulry-laboutique.com\/blog\/wp-content\/uploads\/2024\/07\/1000002220-scaled.jpg?resize=1400%2C800 4x"},"classes":[]},{"id":7120,"url":"http:\/\/www.fabriceeulry-laboutique.com\/blog\/?p=7120","url_meta":{"origin":10513,"position":1},"title":"ART COMPTANT POUR RIEN","author":"Le Canard du pianiste","date":"19 juin 2015","format":false,"excerpt":"Tout d'abord, laissons d'abord la parole \u00e0 l'\u00e9quipe de Versailles Familles Avenir : \"Dans un entretien au Art News Paper lors de la foire d'art contemporain en Suisse \u00e0 B\u00e2le, M. Kapoor a r\u00e9pondu au sujet de Versailles et \u00e0 propos des fran\u00e7ais \u00ab FUCK'EM \u00bb. Les \u00e9lus de Versailles\u2026","rel":"","context":"Dans &quot;Non class\u00e9&quot;","block_context":{"text":"Non class\u00e9","link":"http:\/\/www.fabriceeulry-laboutique.com\/blog\/?cat=1"},"img":{"alt_text":"","src":"https:\/\/i0.wp.com\/www.fabriceeulry-laboutique.com\/blog\/wp-content\/uploads\/2015\/06\/joconde-.jpg?resize=350%2C200","width":350,"height":200},"classes":[]},{"id":6391,"url":"http:\/\/www.fabriceeulry-laboutique.com\/blog\/?p=6391","url_meta":{"origin":10513,"position":2},"title":"LE CLAVECIN AU FEMININ","author":"Le Canard du pianiste","date":"12 f\u00e9vrier 2015","format":false,"excerpt":"\u00a0 \u00a0A noter un nouveau blogue qui rassemble les informations autour de ce th\u00e8me opportun, le clavecin \u00e9tant parfois consid\u00e9r\u00e9 comme le pendant f\u00e9minin du piano : \u00a0 Quelques clavecinistes dont il est question (cliquez sur la photo d'une des clavecinistes pour acc\u00e9der au blogue) \u00a0N\u00e9e en 1987, H\u00e9l\u00e8ne Diot\u2026","rel":"","context":"Dans &quot;Non class\u00e9&quot;","block_context":{"text":"Non class\u00e9","link":"http:\/\/www.fabriceeulry-laboutique.com\/blog\/?cat=1"},"img":{"alt_text":"H\u00e9l\u00e8ne Diot","src":"https:\/\/i0.wp.com\/clavecinfeminin.l.c.f.unblog.fr\/files\/2015\/01\/helene-diot-1-206x300.jpg?resize=350%2C200","width":350,"height":200},"classes":[]},{"id":11167,"url":"http:\/\/www.fabriceeulry-laboutique.com\/blog\/?p=11167","url_meta":{"origin":10513,"position":3},"title":"CISCO HERZAFT ET FABRICE EULRY CHEZ NADIA BOULANGER","author":"Le Canard du pianiste","date":"6 d\u00e9cembre 2018","format":false,"excerpt":"Pour le festival \u00a0Cisco Herzaft invitait Fabrice Eulry. Mais laissons s'exprimer ce t\u00e9moignage : Le trio pause fi\u00e8rement devant le Pleyel des soeurs Boulanger qui tr\u00f4ne dans le salon depuis cent ans. Adh\u00e9rez \u00e0 l'association BLUES EN AVEYRON pour promouvoir le blues et le patrimoine aveyronnais.\u00a0 Et ne manquez le\u2026","rel":"","context":"Dans &quot;Non class\u00e9&quot;","block_context":{"text":"Non class\u00e9","link":"http:\/\/www.fabriceeulry-laboutique.com\/blog\/?cat=1"},"img":{"alt_text":"","src":"https:\/\/i0.wp.com\/www.fabriceeulry-laboutique.com\/blog\/wp-content\/uploads\/2018\/11\/Cisco-3.png?resize=350%2C200","width":350,"height":200,"srcset":"https:\/\/i0.wp.com\/www.fabriceeulry-laboutique.com\/blog\/wp-content\/uploads\/2018\/11\/Cisco-3.png?resize=350%2C200 1x, https:\/\/i0.wp.com\/www.fabriceeulry-laboutique.com\/blog\/wp-content\/uploads\/2018\/11\/Cisco-3.png?resize=525%2C300 1.5x"},"classes":[]},{"id":2305,"url":"http:\/\/www.fabriceeulry-laboutique.com\/blog\/?p=2305","url_meta":{"origin":10513,"position":4},"title":"L&rsquo;EFFROYABLE IMPOSTURE DU RAP UN LIVRE : LE LIVRE QUI MANQUAIT","author":"Le Canard du pianiste","date":"8 mars 2013","format":false,"excerpt":"\u00a0\u00a0 Depuis trente quatre ans (Rapper's delight 1979) j'ai entendu toutes les b\u00eatises possibles concernant le rap. Chaque fois que l'on m'a demand\u00e9 mon avis \u00e0 l'antenne j'ai bott\u00e9 en touche (\"Il y a du bon dans tout\") ou j'ai d\u00e9cris les racines quand j'avais le temps et quand il\u2026","rel":"","context":"Dans &quot;Non class\u00e9&quot;","block_context":{"text":"Non class\u00e9","link":"http:\/\/www.fabriceeulry-laboutique.com\/blog\/?cat=1"},"img":{"alt_text":"","src":"https:\/\/i0.wp.com\/www.fabriceeulry-laboutique.com\/blog\/wp-content\/uploads\/2015\/02\/jook-.jpg?resize=350%2C200","width":350,"height":200},"classes":[]},{"id":6878,"url":"http:\/\/www.fabriceeulry-laboutique.com\/blog\/?p=6878","url_meta":{"origin":10513,"position":5},"title":"SUR LE SITE D&rsquo;HISTOIRE HERODOTE.COM","author":"Le Canard du pianiste","date":"12 mai 2015","format":false,"excerpt":"\u00a0 \"Le premier ministre de la France devrait \u00eatre en train de gouverner et de ne pas s'occuper du d\u00e9bat intellectuel en France.\"Emmanuel Todd. Apr\u00e8s les artistes et les philosophes, le pouvoir ex\u00e9cutif, s'en prend cette fois aux historiens, aux d\u00e9mographes. Cliquez sur la photo de l'historien d\u00e9mographe qui d\u00e8s\u2026","rel":"","context":"Dans &quot;Non class\u00e9&quot;","block_context":{"text":"Non class\u00e9","link":"http:\/\/www.fabriceeulry-laboutique.com\/blog\/?cat=1"},"img":{"alt_text":"L'histoire de france en chantant","src":"http:\/\/fabriceeulryunblogfr.unblog.fr\/files\/2009\/07\/cdcdcdgrand.bmp","width":350,"height":200},"classes":[]}],"_links":{"self":[{"href":"http:\/\/www.fabriceeulry-laboutique.com\/blog\/index.php?rest_route=\/wp\/v2\/posts\/10513","targetHints":{"allow":["GET"]}}],"collection":[{"href":"http:\/\/www.fabriceeulry-laboutique.com\/blog\/index.php?rest_route=\/wp\/v2\/posts"}],"about":[{"href":"http:\/\/www.fabriceeulry-laboutique.com\/blog\/index.php?rest_route=\/wp\/v2\/types\/post"}],"author":[{"embeddable":true,"href":"http:\/\/www.fabriceeulry-laboutique.com\/blog\/index.php?rest_route=\/wp\/v2\/users\/2"}],"replies":[{"embeddable":true,"href":"http:\/\/www.fabriceeulry-laboutique.com\/blog\/index.php?rest_route=%2Fwp%2Fv2%2Fcomments&post=10513"}],"version-history":[{"count":10,"href":"http:\/\/www.fabriceeulry-laboutique.com\/blog\/index.php?rest_route=\/wp\/v2\/posts\/10513\/revisions"}],"predecessor-version":[{"id":10531,"href":"http:\/\/www.fabriceeulry-laboutique.com\/blog\/index.php?rest_route=\/wp\/v2\/posts\/10513\/revisions\/10531"}],"wp:attachment":[{"href":"http:\/\/www.fabriceeulry-laboutique.com\/blog\/index.php?rest_route=%2Fwp%2Fv2%2Fmedia&parent=10513"}],"wp:term":[{"taxonomy":"category","embeddable":true,"href":"http:\/\/www.fabriceeulry-laboutique.com\/blog\/index.php?rest_route=%2Fwp%2Fv2%2Fcategories&post=10513"},{"taxonomy":"post_tag","embeddable":true,"href":"http:\/\/www.fabriceeulry-laboutique.com\/blog\/index.php?rest_route=%2Fwp%2Fv2%2Ftags&post=10513"}],"curies":[{"name":"wp","href":"https:\/\/api.w.org\/{rel}","templated":true}]}}