{"id":10625,"date":"2018-04-29T03:46:26","date_gmt":"2018-04-29T03:46:26","guid":{"rendered":"http:\/\/www.fabriceeulry-laboutique.com\/blog\/?p=10625"},"modified":"2018-12-11T17:41:27","modified_gmt":"2018-12-11T17:41:27","slug":"les-trophees-du-blues-presentent-leurs-formations","status":"publish","type":"post","link":"http:\/\/www.fabriceeulry-laboutique.com\/blog\/?p=10625","title":{"rendered":"LES TROPH\u00c9ES DU BLUES PR\u00c9SENTENT LEURS FORMATIONS"},"content":{"rendered":"<p style=\"text-align: center;\"><span style=\"color: #000000;\"><strong>\u00a0<\/strong><\/span><\/p>\n<h2 style=\"text-align: center;\"><span style=\"color: #000000;\"><strong>LES TROPH\u00c9ES DU BLUES 2018 METTRONT EN LICE :<\/strong><\/span><\/h2>\n<p style=\"text-align: center;\"><strong><span style=\"color: #000000;\">Le pianiste Kevin Luche en duo avec Louis Brassac (batterie)<\/span><\/strong><\/p>\n<p style=\"text-align: center;\"><span style=\"color: #000000;\"><strong><img data-recalc-dims=\"1\" loading=\"lazy\" decoding=\"async\" class=\"aligncenter size-full wp-image-9425\" src=\"https:\/\/i0.wp.com\/www.fabriceeulry-laboutique.com\/blog\/wp-content\/uploads\/2017\/05\/BeAsimonkevin.png?resize=534%2C405\" alt=\"BeAsimonkevin\" width=\"534\" height=\"405\" srcset=\"https:\/\/i0.wp.com\/www.fabriceeulry-laboutique.com\/blog\/wp-content\/uploads\/2017\/05\/BeAsimonkevin.png?w=534 534w, https:\/\/i0.wp.com\/www.fabriceeulry-laboutique.com\/blog\/wp-content\/uploads\/2017\/05\/BeAsimonkevin.png?resize=300%2C228 300w\" sizes=\"auto, (max-width: 534px) 100vw, 534px\" \/><\/strong><\/span><\/p>\n<p style=\"text-align: center;\"><span style=\"color: #000000;\"><strong>Ainsi que la chanteuse Natacha Luche (accompagn\u00e9e par son fr\u00e8re Kevin), le duo de Baptiste Canvel, et enfin le groupe TAXI ici en vid\u00e9o, emmen\u00e9 par Mathis Platon (guitare et chant)<\/strong><\/span><\/p>\n<p><span class=\"embed-youtube\" style=\"text-align:center; display: block;\"><iframe loading=\"lazy\" class=\"youtube-player\" width=\"640\" height=\"360\" src=\"https:\/\/www.youtube.com\/embed\/M2t0i8FJrhg?version=3&#038;rel=1&#038;showsearch=0&#038;showinfo=1&#038;iv_load_policy=1&#038;fs=1&#038;hl=fr-FR&#038;autohide=2&#038;wmode=transparent\" allowfullscreen=\"true\" style=\"border:0;\" sandbox=\"allow-scripts allow-same-origin allow-popups allow-presentation allow-popups-to-escape-sandbox\"><\/iframe><\/span><\/p>\n<div id=\"yui_3_16_0_ym19_1_1521426767940_49176\">\n<h2 style=\"text-align: center;\"><span style=\"color: #000000;\"><strong style=\"color: #000000; font-size: 16px;\">\u00a0Le 6 MAI 2018 \u00e0\u00a0Saint C\u00f4me d\u2019Olt (Salle des\u00a0f\u00eates partir de 16h00) :<\/strong><\/span><\/h2>\n<h2 style=\"text-align: center;\"><span style=\"color: #000000;\"><strong>LE D\u00c9ROULEMENT DES TROPH\u00c9ES DU BLUES 2018<\/strong><\/span><\/h2>\n<p><a href=\"https:\/\/i0.wp.com\/www.fabriceeulry-laboutique.com\/blog\/wp-content\/uploads\/2017\/06\/Robert-Johnson-photo-e1521574419133.jpg\"><img data-recalc-dims=\"1\" loading=\"lazy\" decoding=\"async\" class=\"aligncenter size-full wp-image-9506\" src=\"https:\/\/i0.wp.com\/www.fabriceeulry-laboutique.com\/blog\/wp-content\/uploads\/2017\/06\/Robert-Johnson-photo-e1521574419133.jpg?resize=84%2C84\" alt=\"Robert-Johnson-photo\" width=\"84\" height=\"84\" \/><\/a><\/p>\n<h2 id=\"yui_3_16_0_ym19_1_1521426767940_49203\" style=\"text-align: center;\"><span style=\"color: #000000;\"><strong><span id=\"yui_3_16_0_ym19_1_1521426767940_49202\" style=\"font-family: Calibri; font-size: medium;\">16h \u2013 19h\u00a0: concours avec 4 formations\u00a0; 1 morceau libre et 1 morceau impos\u00e9<\/span><\/strong><\/span><\/h2>\n<h2 id=\"yui_3_16_0_ym19_1_1521426767940_49194\" style=\"text-align: center;\"><span style=\"color: #000000;\"><strong><span id=\"yui_3_16_0_ym19_1_1521426767940_49193\" style=\"font-family: Calibri; font-size: medium;\">19h \u2013 20h d\u00eener des musiciens participants inscrits au concours dans un restaurant r\u00e9serv\u00e9 et pay\u00e9 par la Mairie de Saint C\u00f4me sur pr\u00e9sentation d\u2019un ticket.\u00a0<\/span><\/strong><\/span><\/h2>\n<h2 id=\"yui_3_16_0_ym19_1_1521426767940_49186\" style=\"text-align: center;\"><span style=\"color: #000000;\"><strong><span id=\"yui_3_16_0_ym19_1_1521426767940_49185\" style=\"font-family: Calibri; font-size: medium;\">20h30 Concert Fabrice EULRY et sa rythmique<\/span><\/strong><\/span><\/h2>\n<h2 id=\"yui_3_16_0_ym19_1_1521426767940_49196\" style=\"text-align: center;\"><span style=\"color: #000000;\"><strong><span id=\"yui_3_16_0_ym19_1_1521426767940_49195\" style=\"font-family: Calibri; font-size: medium;\">21h30\u00a0: d\u00e9lib\u00e9r\u00e9 + rappel (un titre jam de l&rsquo;orchestre de Fabrice Eulry avec les laur\u00e9ats)<\/span><\/strong><\/span><span style=\"color: #000000;\"><strong><span style=\"font-family: Calibri; font-size: medium;\">\u00a0<\/span><\/strong><\/span><\/h2>\n<h2 id=\"yui_3_16_0_ym19_1_1521426767940_49189\" style=\"text-align: center;\"><span style=\"color: #000000;\"><strong><span id=\"yui_3_16_0_ym19_1_1521426767940_49188\" style=\"font-family: Calibri; font-size: medium;\">Jury (sous r\u00e9serve de confirmation pour certains) : Fabrice EULRY, Fred BONNET, Ricky NORTON, Daniel HUCK, Jean \u2013 Michel LALLE, Vincent BOURGUES, Pascal GALOPIN, Andr\u00e9 et Simone DAMON, Milana VOLODTCHENKO, Aline RAYNALDI, Simone ANGLADE et Monsieur le Maire de Saint C\u00f4me d\u2019Olt.<\/span><\/strong><\/span><\/h2>\n<h2 style=\"text-align: center;\" align=\"center\"><span style=\"color: #000000;\"><strong><span style=\"font-family: Calibri; font-size: medium;\">Le gagnant du concourt jouerait en premi\u00e8re partie du Blues en Aveyron 2019<\/span><\/strong><\/span><\/h2>\n<h2 style=\"text-align: center;\" align=\"center\"><span style=\"color: #000000;\"><strong><span style=\"font-family: Calibri; font-size: medium;\">Les PRIX\u00a0:<\/span><\/strong><\/span><\/h2>\n<h2 id=\"yui_3_16_0_ym19_1_1521426767940_49190\" style=\"text-align: center;\" align=\"center\"><span style=\"color: #000000;\"><strong><span style=\"font-family: Calibri;\"><span style=\"font-size: medium;\">1<\/span><sup><span style=\"font-size: small;\">er<\/span><\/sup><\/span><span style=\"font-family: Calibri; font-size: medium;\"> Prix d\u2019improvisation \u00a0<\/span><\/strong><\/span><\/h2>\n<h2 id=\"yui_3_16_0_ym19_1_1521426767940_49204\" style=\"text-align: center;\" align=\"center\"><span style=\"color: #000000;\"><strong><span style=\"font-family: Calibri;\"><span style=\"font-size: medium;\">1<\/span><sup><span style=\"font-size: small;\">er<\/span><\/sup><\/span><span style=\"font-family: Calibri; font-size: medium;\"> Prix du professionnalisme\u00a0<\/span><\/strong><\/span><\/h2>\n<h2 id=\"yui_3_16_0_ym19_1_1521426767940_49191\" style=\"text-align: center;\" align=\"center\"><span style=\"color: #000000;\"><strong><span style=\"font-family: Calibri;\"><span style=\"font-size: medium;\">1<\/span><sup><span style=\"font-size: small;\">er<\/span><\/sup><\/span><span style=\"font-family: Calibri; font-size: medium;\"> Prix du public (applaudim\u00e8tre)\u00a0<\/span><\/strong><\/span><\/h2>\n<h2 style=\"text-align: center;\" align=\"center\"><span style=\"color: #000000;\"><strong><span style=\"font-family: Calibri;\"><span style=\"font-size: medium;\">1<\/span><sup><span style=\"font-size: small;\">er<\/span><\/sup><\/span><span style=\"font-family: Calibri; font-size: medium;\"> Prix de la cr\u00e9ativit\u00e9\u00a0<\/span><\/strong><\/span><\/h2>\n<h2 style=\"text-align: center;\" align=\"center\"><span style=\"color: #000000;\"><strong>Ce que procureront ces prix : un enregistrement professionnel gratuit, une premi\u00e8re partie pay\u00e9e, etc&#8230;<\/strong><\/span><\/h2>\n<\/div>\n<div style=\"text-align: center;\"><\/div>\n<div style=\"text-align: center;\">\n<h2 style=\"text-align: center;\"><span style=\"color: #000000;\"><strong><span id=\"yiv6016373704yui_3_16_0_ym19_1_1496434554988_68886\">Pour l&rsquo;\u00e9dition 2018 Blues en Aveyron accueille entre autres, Ricky Norton, Daniel Huck, Lionel Stievenard&#8230; Voici le programme !<\/span><\/strong><\/span><\/h2>\n<p><a href=\"https:\/\/i0.wp.com\/www.fabriceeulry-laboutique.com\/blog\/wp-content\/uploads\/2018\/03\/BLUES-EN-AVEYRON-2018-affiche-verson.png\"><img data-recalc-dims=\"1\" loading=\"lazy\" decoding=\"async\" class=\"aligncenter size-full wp-image-10509\" src=\"https:\/\/i0.wp.com\/www.fabriceeulry-laboutique.com\/blog\/wp-content\/uploads\/2018\/03\/BLUES-EN-AVEYRON-2018-affiche-verson.png?resize=454%2C625\" alt=\"BLUES EN AVEYRON 2018 affiche verson\" width=\"454\" height=\"625\" srcset=\"https:\/\/i0.wp.com\/www.fabriceeulry-laboutique.com\/blog\/wp-content\/uploads\/2018\/03\/BLUES-EN-AVEYRON-2018-affiche-verson.png?w=454 454w, https:\/\/i0.wp.com\/www.fabriceeulry-laboutique.com\/blog\/wp-content\/uploads\/2018\/03\/BLUES-EN-AVEYRON-2018-affiche-verson.png?resize=218%2C300 218w, https:\/\/i0.wp.com\/www.fabriceeulry-laboutique.com\/blog\/wp-content\/uploads\/2018\/03\/BLUES-EN-AVEYRON-2018-affiche-verson.png?resize=300%2C413 300w\" sizes=\"auto, (max-width: 454px) 100vw, 454px\" \/><\/a><\/p>\n<p><a href=\"https:\/\/i0.wp.com\/www.fabriceeulry-laboutique.com\/blog\/wp-content\/uploads\/2018\/04\/NAYRAC-BenA-2018.png\"><img data-recalc-dims=\"1\" loading=\"lazy\" decoding=\"async\" class=\"aligncenter size-full wp-image-10593\" src=\"https:\/\/i0.wp.com\/www.fabriceeulry-laboutique.com\/blog\/wp-content\/uploads\/2018\/04\/NAYRAC-BenA-2018.png?resize=371%2C527\" alt=\"NAYRAC BenA 2018\" width=\"371\" height=\"527\" srcset=\"https:\/\/i0.wp.com\/www.fabriceeulry-laboutique.com\/blog\/wp-content\/uploads\/2018\/04\/NAYRAC-BenA-2018.png?w=371 371w, https:\/\/i0.wp.com\/www.fabriceeulry-laboutique.com\/blog\/wp-content\/uploads\/2018\/04\/NAYRAC-BenA-2018.png?resize=211%2C300 211w, https:\/\/i0.wp.com\/www.fabriceeulry-laboutique.com\/blog\/wp-content\/uploads\/2018\/04\/NAYRAC-BenA-2018.png?resize=300%2C426 300w\" sizes=\"auto, (max-width: 371px) 100vw, 371px\" \/><\/a><\/p>\n<h2>(<span style=\"color: #000000;\"><strong>R\u00e9servation aux offices de tourisme sauf pour Le Nayrac)<\/strong><\/span><\/h2>\n<h2 style=\"text-align: center;\"><span style=\"color: #000000;\"><strong><span id=\"yiv6016373704yui_3_16_0_ym19_1_1496434554988_68886\">Adh\u00e9rez \u00e0 l&rsquo;association Blues en Aveyron pour l&rsquo;aider \u00e0 continuer de promouvoir le blues et le patrimoine aveyronnais.\u00a0<a href=\"http:\/\/www.fabriceeulry-laboutique.com\/blog\/wp-content\/uploads\/2017\/03\/saint-c\u00f4me.jpg\"><br \/>\n<\/a><\/span><\/strong><\/span><\/h2>\n<h2 dir=\"ltr\" style=\"text-align: center;\"><span style=\"color: #000000;\"><strong><span id=\"yiv6016373704yui_3_16_0_ym19_1_1496434554988_68886\"><a href=\"https:\/\/i0.wp.com\/www.fabriceeulry-laboutique.com\/blog\/wp-content\/uploads\/2017\/04\/sincom2.jpg\"><img data-recalc-dims=\"1\" loading=\"lazy\" decoding=\"async\" class=\"size-full wp-image-9378 aligncenter\" src=\"https:\/\/i0.wp.com\/www.fabriceeulry-laboutique.com\/blog\/wp-content\/uploads\/2017\/04\/sincom2.jpg?resize=382%2C318\" alt=\"sincom2\" width=\"382\" height=\"318\" srcset=\"https:\/\/i0.wp.com\/www.fabriceeulry-laboutique.com\/blog\/wp-content\/uploads\/2017\/04\/sincom2.jpg?w=382 382w, https:\/\/i0.wp.com\/www.fabriceeulry-laboutique.com\/blog\/wp-content\/uploads\/2017\/04\/sincom2.jpg?resize=300%2C250 300w\" sizes=\"auto, (max-width: 382px) 100vw, 382px\" \/><\/a><\/span><\/strong><\/span><\/h2>\n<p><a href=\"https:\/\/i0.wp.com\/www.fabriceeulry-laboutique.com\/blog\/wp-content\/uploads\/2017\/05\/BeA-5tet.png\"><img data-recalc-dims=\"1\" loading=\"lazy\" decoding=\"async\" class=\"size-full wp-image-9437 aligncenter\" src=\"https:\/\/i0.wp.com\/www.fabriceeulry-laboutique.com\/blog\/wp-content\/uploads\/2017\/05\/BeA-5tet.png?resize=538%2C405\" alt=\"BeA 5tet\" width=\"538\" height=\"405\" srcset=\"https:\/\/i0.wp.com\/www.fabriceeulry-laboutique.com\/blog\/wp-content\/uploads\/2017\/05\/BeA-5tet.png?w=538 538w, https:\/\/i0.wp.com\/www.fabriceeulry-laboutique.com\/blog\/wp-content\/uploads\/2017\/05\/BeA-5tet.png?resize=300%2C226 300w\" sizes=\"auto, (max-width: 538px) 100vw, 538px\" \/><\/a><\/p>\n<h2 id=\"yiv6016373704yui_3_16_0_ym19_1_1496434554988_68694\" dir=\"ltr\" style=\"text-align: center;\"><\/h2>\n<h2 dir=\"ltr\" style=\"text-align: center;\"><a href=\"https:\/\/i0.wp.com\/www.fabriceeulry-laboutique.com\/blog\/wp-content\/uploads\/2017\/05\/Tony-BeA.png\"><img data-recalc-dims=\"1\" loading=\"lazy\" decoding=\"async\" class=\"size-full wp-image-9422 aligncenter\" src=\"https:\/\/i0.wp.com\/www.fabriceeulry-laboutique.com\/blog\/wp-content\/uploads\/2017\/05\/Tony-BeA.png?resize=508%2C404\" alt=\"Tony BeA\" width=\"508\" height=\"404\" srcset=\"https:\/\/i0.wp.com\/www.fabriceeulry-laboutique.com\/blog\/wp-content\/uploads\/2017\/05\/Tony-BeA.png?w=508 508w, https:\/\/i0.wp.com\/www.fabriceeulry-laboutique.com\/blog\/wp-content\/uploads\/2017\/05\/Tony-BeA.png?resize=300%2C239 300w\" sizes=\"auto, (max-width: 508px) 100vw, 508px\" \/><\/a><\/h2>\n<h2 id=\"yiv6016373704yui_3_16_0_ym19_1_1496434554988_68694\" dir=\"ltr\" style=\"text-align: center;\"><span style=\"color: #000000;\"><strong><span id=\"yiv6016373704yui_3_16_0_ym19_1_1496434554988_69178\">Pour adh\u00e9rer il vous suffit d&rsquo;envoyer un ch\u00e8que de 20 \u20ac \u00e0 l&rsquo;ordre de Blues en Aveyron, et de le joindre au bulletin d&rsquo;adh\u00e9sion (ci-dessous) d\u00fbment rempli<\/span><\/strong><\/span><\/h2>\n<div id=\"yiv6016373704yqtfd47329\" class=\"yiv6016373704yqt8853084425\">\n<h2 id=\"yiv6016373704yui_3_16_0_ym19_1_1496434554988_68694\" dir=\"ltr\" style=\"text-align: center;\"><span style=\"color: #000000;\"><strong><span id=\"yiv6016373704yui_3_16_0_1_1496508572906_34976\">\u00e0 l&rsquo;adresse suivante :<\/span><\/strong><\/span><\/h2>\n<h2 id=\"yiv6016373704yui_3_16_0_ym19_1_1496434554988_68694\" dir=\"ltr\" style=\"text-align: center;\"><span style=\"color: #000000;\"><strong><span id=\"yiv6016373704yui_3_16_0_ym19_1_1496434554988_69236\">BLUES EN AVEYRON<\/span><\/strong><\/span><\/h2>\n<h2 id=\"yiv6016373704yui_3_16_0_ym19_1_1496434554988_68694\" dir=\"ltr\" style=\"text-align: center;\"><span style=\"color: #000000;\"><strong><span id=\"yiv6016373704yui_3_16_0_ym19_1_1496434554988_69239\">46 RUE DE L&rsquo;ANCIENNE MAIRIE<\/span><\/strong><\/span><\/h2>\n<h2 id=\"yiv6016373704yui_3_16_0_ym19_1_1496434554988_68694\" dir=\"ltr\" style=\"text-align: center;\"><span style=\"color: #000000;\"><strong><span id=\"yiv6016373704yui_3_16_0_ym19_1_1496434554988_69182\">92 100 BOULOGNE-BILLANCOURT<\/span><\/strong><\/span><\/h2>\n<h2 id=\"yiv6016373704yui_3_16_0_ym19_1_1496434554988_68694\" dir=\"ltr\" style=\"text-align: center;\"><span style=\"color: #000000;\"><strong><span id=\"yiv6016373704yui_3_16_0_ym19_1_1496434554988_69210\">Vous recevrez votre carte d&rsquo;adh\u00e9rent par retour de courriel<\/span><\/strong><\/span><\/h2>\n<h2 id=\"yiv6016373704yui_3_16_0_ym19_1_1496434554988_68859\"><span style=\"color: #000000;\"><strong>\u00a0 \u00a0 \u00a0 \u00a0 \u00a0 \u00a0 \u00a0 \u00a0 \u00a0 \u00a0 \u00a0 \u00a0 \u00a0 \u00a0 \u00a0 \u00a0 \u00a0 \u00a0 \u00a0 \u00a0 \u00a0<\/strong><\/span><\/h2>\n<div id=\"yiv6016373704yui_3_16_0_ym19_1_1496434554988_68861\" class=\"yiv6016373704signature\">\n<div id=\"yiv6016373704yui_3_16_0_1_1411233096791_2560\">\n<h2 class=\"p1\" style=\"text-align: center;\">&#8212;&#8212;&#8212;&#8212;&#8212;&#8212;&#8212;&#8212;&#8212;&#8212;&#8212;&#8212;&#8212;&#8212;&#8212;&#8212;&#8212;&#8212;&#8212;&#8212;&#8212;&#8212;&#8212;&#8212;&#8212;&#8212;&#8212;&#8212;&#8212;&#8211;<\/h2>\n<h2 class=\"p1\" style=\"text-align: center;\"><span style=\"color: #000000;\">BULLETIN D&rsquo;ADH\u00c9SION<\/span><\/h2>\n<h2 class=\"p1\" style=\"text-align: center;\"><span style=\"color: #000000;\">\u00e0 L&rsquo;ASSOCIATION BLUES EN AVEYRON<\/span><\/h2>\n<h2 class=\"p1\" style=\"text-align: center;\"><span style=\"color: #000000;\">Association soumise \u00e0 la loi du 1er juillet 1901 et au d\u00e9cret du 16 ao\u00fbt 1901<\/span><\/h2>\n<h2 class=\"p3\" style=\"text-align: center;\"><span style=\"color: #000000;\">\u00c0 remplir par l&rsquo;adh\u00e9rent <i>(exemplaire \u00e0 conserver par l&rsquo;association) :<\/i><\/span><\/h2>\n<h2 class=\"p3\" style=\"text-align: center;\"><span style=\"color: #000000;\">Pr\u00e9nom :\u2026\u2026\u2026\u2026\u2026\u2026\u2026\u2026\u2026\u2026\u2026\u2026\u2026\u2026\u2026\u2026\u2026\u2026\u2026\u2026\u2026\u2026\u2026\u2026\u2026\u2026\u2026\u2026\u2026\u2026\u2026<\/span><\/h2>\n<h2 class=\"p3\" style=\"text-align: center;\"><span style=\"color: #000000;\">Nom :\u2026\u2026\u2026\u2026\u2026\u2026\u2026\u2026\u2026\u2026\u2026\u2026\u2026\u2026\u2026\u2026\u2026\u2026\u2026\u2026\u2026\u2026\u2026\u2026\u2026\u2026\u2026\u2026\u2026\u2026\u2026\u2026..<\/span><\/h2>\n<h2 class=\"p3\" style=\"text-align: center;\"><span style=\"color: #000000;\">Adresse internet :\u2026\u2026\u2026\u2026\u2026\u2026\u2026\u2026\u2026\u2026\u2026\u2026\u2026\u2026\u2026\u2026\u2026\u2026\u2026\u2026\u2026\u2026\u2026\u2026\u2026\u2026\u2026.<\/span><\/h2>\n<h2 class=\"p3\" style=\"text-align: center;\"><span style=\"color: #000000;\">Adresse postale :\u2026\u2026\u2026\u2026\u2026\u2026\u2026\u2026\u2026\u2026\u2026\u2026\u2026\u2026\u2026\u2026\u2026\u2026\u2026\u2026\u2026\u2026\u2026\u2026\u2026\u2026\u2026.<\/span><\/h2>\n<h2 class=\"p3\" style=\"text-align: center;\"><span style=\"color: #000000;\">Code postal :\u2026\u2026\u2026\u2026\u2026\u2026\u2026\u2026\u2026\u2026\u2026\u2026\u2026\u2026\u2026\u2026\u2026\u2026\u2026\u2026\u2026\u2026\u2026\u2026\u2026\u2026\u2026\u2026\u2026<\/span><\/h2>\n<h2 class=\"p3\" style=\"text-align: center;\"><span style=\"color: #000000;\">Ville :\u2026\u2026\u2026\u2026\u2026\u2026\u2026\u2026\u2026\u2026\u2026\u2026\u2026\u2026\u2026\u2026\u2026\u2026\u2026\u2026\u2026\u2026\u2026\u2026\u2026\u2026\u2026\u2026\u2026\u2026\u2026\u2026..<\/span><\/h2>\n<h2 class=\"p3\" style=\"text-align: center;\"><span style=\"color: #000000;\">Je d\u00e9clare par la pr\u00e9sente souhaiter devenir membre de l&rsquo;association BLUES EN AVEYRON.<\/span><\/h2>\n<h2 class=\"p3\" style=\"text-align: center;\"><span style=\"color: #000000;\">\u00c0 ce titre, je d\u00e9clare l&rsquo;objet de l&rsquo;association, et en avoir accept\u00e9 les statuts qui sont \u00e0 ma disposition dans les locaux de l&rsquo;association, et accepte de verser ma cotisation due pour l&rsquo;ann\u00e9e en cours.<\/span><\/h2>\n<h2 class=\"p3\" style=\"text-align: center;\"><span style=\"color: #000000;\">Le montant de la cotisation est de 20 \u20ac, payable par ch\u00e8que uniquement.<\/span><\/h2>\n<h2 class=\"p3\" style=\"text-align: center;\"><span style=\"color: #000000;\">Fait \u00e0\u2026\u2026\u2026\u2026\u2026\u2026\u2026\u2026\u2026.., le \u2026\u2026\u2026\u2026\u2026\u2026\u2026\u2026\u2026\u2026\u2026.<\/span><\/h2>\n<h2 class=\"p3\" style=\"text-align: center;\"><span style=\"color: #000000;\">Signature (faire pr\u00e9c\u00e9der de la mention \u00ab\u00a0Lu et approuv\u00e9\u00a0\u00bb)<\/span><\/h2>\n<h2 class=\"p1\" style=\"text-align: center;\"><span style=\"color: #000000;\"><i>Les informations recueillies sont n\u00e9cessaires pour votre adh\u00e9sion. Conform\u00e9ment \u00e0 la loi \u00ab\u00a0informatique et libert\u00e9s\u00a0\u00bb du 6 janvier 1978, vous disposez d&rsquo;un droit d&rsquo;acc\u00e8s et de rectification aux donn\u00e9es personnelles vous concernant. Pour l&rsquo;exercer, adressez-vous au secr\u00e9tariat de l&rsquo;association.<\/i><\/span><\/h2>\n<\/div>\n<\/div>\n<\/div>\n<\/div>\n<div style=\"text-align: center;\"><\/div>\n<div style=\"text-align: center;\"><\/div>\n<div id=\"yui_3_16_0_ym19_1_1521426767940_49192\" style=\"text-align: center;\"><\/div>\n<div id=\"yui_3_16_0_ym19_1_1521426767940_49212\">\n<div id=\"yui_3_16_0_ym19_1_1521426767940_49211\" class=\"yiv3745371225gmail_signature\">\n<div id=\"yui_3_16_0_ym19_1_1521426767940_49210\" dir=\"ltr\">\n<div id=\"yui_3_16_0_ym19_1_1521426767940_49209\">\n<div id=\"yui_3_16_0_ym19_1_1521426767940_49208\" dir=\"ltr\">\n<div id=\"yui_3_16_0_ym19_1_1521426767940_49218\" style=\"text-align: center;\"><span style=\"color: #000000;\"><strong>BLUES EN AVEYRON 46, rue de l&rsquo;Ancienne Mairie<img loading=\"lazy\" decoding=\"async\" src=\"https:\/\/docs.google.com\/uc?export=download&amp;id=1Wa3z6AiklO0hIrn3x46mw_Ijm1I0d1AM&amp;revid=0B0qlgoN2ZpPBT3FkTC9PcXEvYkZOTGJtY01HTjFsVmlvK2g0PQ\" width=\"96\" height=\"72\" \/><\/strong><\/span><\/div>\n<div id=\"yui_3_16_0_ym19_1_1521426767940_49207\" style=\"text-align: center;\"><span style=\"color: #000000;\"><strong>92100 Boulogne Billancourt<\/strong><\/span><\/div>\n<\/div>\n<\/div>\n<\/div>\n<\/div>\n<\/div>\n","protected":false},"excerpt":{"rendered":"<p>\u00a0 LES TROPH\u00c9ES DU BLUES 2018 METTRONT EN LICE : Le pianiste Kevin Luche en duo avec Louis Brassac (batterie) Ainsi que la chanteuse Natacha Luche (accompagn\u00e9e par son fr\u00e8re Kevin), le duo de Baptiste Canvel, et enfin le groupe &hellip; <a href=\"http:\/\/www.fabriceeulry-laboutique.com\/blog\/?p=10625\">Continuer la lecture <span class=\"meta-nav\">&rarr;<\/span><\/a><\/p>\n","protected":false},"author":2,"featured_media":0,"comment_status":"open","ping_status":"open","sticky":false,"template":"","format":"standard","meta":{"jetpack_post_was_ever_published":false,"_jetpack_newsletter_access":"","_jetpack_dont_email_post_to_subs":true,"_jetpack_newsletter_tier_id":0,"_jetpack_memberships_contains_paywalled_content":false,"_jetpack_memberships_contains_paid_content":false,"footnotes":"","jetpack_publicize_message":"","jetpack_publicize_feature_enabled":true,"jetpack_social_post_already_shared":true,"jetpack_social_options":{"image_generator_settings":{"template":"highway","default_image_id":0,"font":"","enabled":false},"version":2}},"categories":[1],"tags":[9],"class_list":["post-10625","post","type-post","status-publish","format-standard","hentry","category-non-classe","tag-blues-en-aveyron"],"jetpack_publicize_connections":[],"jetpack_featured_media_url":"","jetpack_sharing_enabled":true,"jetpack_shortlink":"https:\/\/wp.me\/p2D6dI-2Ln","jetpack_likes_enabled":true,"jetpack-related-posts":[{"id":11554,"url":"http:\/\/www.fabriceeulry-laboutique.com\/blog\/?p=11554","url_meta":{"origin":10625,"position":0},"title":"LES TROPH\u00c9ES DU BLUES 2019","author":"Le Canard du pianiste","date":"3 f\u00e9vrier 2019","format":false,"excerpt":"Dans le cadre du festival Blues en Aveyron 2019 (3\u00e8me \u00e9dition) les Troph\u00e9es du blues accueilleront le mercredi 8 mai \u00e0 Espalion (salle Poulenc), la jeunesse et m\u00eame l'enfance du Blues. Venant d'Aveyron et d'ailleurs, on peut d\u00e9j\u00e0 affirmer qu'encore plus de formations qu'en 2018 seront sur les rangs. Elles\u2026","rel":"","context":"Dans &quot;Non class\u00e9&quot;","block_context":{"text":"Non class\u00e9","link":"http:\/\/www.fabriceeulry-laboutique.com\/blog\/?cat=1"},"img":{"alt_text":"","src":"https:\/\/i0.wp.com\/www.fabriceeulry-laboutique.com\/blog\/wp-content\/uploads\/2019\/02\/troph%C3%A9es-2019-affiche.png?resize=350%2C200","width":350,"height":200},"classes":[]},{"id":10653,"url":"http:\/\/www.fabriceeulry-laboutique.com\/blog\/?p=10653","url_meta":{"origin":10625,"position":1},"title":"TROPH\u00c9ES DU BLUES : LES LAUR\u00c9ATS COMPLOTENT !","author":"Le Canard du pianiste","date":"15 mai 2018","format":false,"excerpt":"Le festival Blues en\u00a0Aveyron pour sa deuxi\u00e8me ann\u00e9e, souhaitait encourager la jeunesse que le blues int\u00e9resse... Et pour une fois qu'un concours n'est pas bidouill\u00e9 \u00e0 l'avance, que le jury n'est pas corrompu par une maison de disques ou un groupe d'influence id\u00e9ologique qui chercher \u00e0 imposer un message, ce\u2026","rel":"","context":"Dans &quot;Non class\u00e9&quot;","block_context":{"text":"Non class\u00e9","link":"http:\/\/www.fabriceeulry-laboutique.com\/blog\/?cat=1"},"img":{"alt_text":"","src":"https:\/\/i0.wp.com\/www.fabriceeulry-laboutique.com\/blog\/wp-content\/uploads\/2018\/05\/Centre-presse-BenA-troph%C3%A9es-2018.png?resize=350%2C200","width":350,"height":200,"srcset":"https:\/\/i0.wp.com\/www.fabriceeulry-laboutique.com\/blog\/wp-content\/uploads\/2018\/05\/Centre-presse-BenA-troph%C3%A9es-2018.png?resize=350%2C200 1x, https:\/\/i0.wp.com\/www.fabriceeulry-laboutique.com\/blog\/wp-content\/uploads\/2018\/05\/Centre-presse-BenA-troph%C3%A9es-2018.png?resize=525%2C300 1.5x, https:\/\/i0.wp.com\/www.fabriceeulry-laboutique.com\/blog\/wp-content\/uploads\/2018\/05\/Centre-presse-BenA-troph%C3%A9es-2018.png?resize=700%2C400 2x"},"classes":[]},{"id":11498,"url":"http:\/\/www.fabriceeulry-laboutique.com\/blog\/?p=11498","url_meta":{"origin":10625,"position":2},"title":"LE FESTIVAL BLUES EN AVEYRON 2019 !","author":"Le Canard du pianiste","date":"14 janvier 2019","format":false,"excerpt":"Chers amis du blues,L'association Blues en Aveyron a d\u00e9j\u00e0 \u00e0 son actif deux \u00e9ditions du festival BLUES EN AVEYRON. Les Pr\u00e9ambules du Festival 2019 12 mars 2019 14h30 Concert pour le public scolaire Fabrice EULRY conte le Blues Entr\u00e9e Libre (Eglise St Pie X de Bozouls) * 19 avril 2019\u2026","rel":"","context":"Dans &quot;Non class\u00e9&quot;","block_context":{"text":"Non class\u00e9","link":"http:\/\/www.fabriceeulry-laboutique.com\/blog\/?cat=1"},"img":{"alt_text":"","src":"https:\/\/i0.wp.com\/www.fabriceeulry-laboutique.com\/blog\/wp-content\/uploads\/2019\/03\/milliet-eulry.png?resize=350%2C200","width":350,"height":200,"srcset":"https:\/\/i0.wp.com\/www.fabriceeulry-laboutique.com\/blog\/wp-content\/uploads\/2019\/03\/milliet-eulry.png?resize=350%2C200 1x, https:\/\/i0.wp.com\/www.fabriceeulry-laboutique.com\/blog\/wp-content\/uploads\/2019\/03\/milliet-eulry.png?resize=525%2C300 1.5x, https:\/\/i0.wp.com\/www.fabriceeulry-laboutique.com\/blog\/wp-content\/uploads\/2019\/03\/milliet-eulry.png?resize=700%2C400 2x"},"classes":[]},{"id":10675,"url":"http:\/\/www.fabriceeulry-laboutique.com\/blog\/?p=10675","url_meta":{"origin":10625,"position":3},"title":"BLUES EN AVEYRON 2018 A CLOTUR\u00c9 \u00c0 St GENEVI\u00c8VE\/ARGENCE","author":"Le Canard du pianiste","date":"20 mai 2018","format":false,"excerpt":"Quelques observations : On remarque la sc\u00e8ne haute le piano Wurlitzer attend Fabrice Eulry pour What'd I say qui va cl\u00f4turer ce concert en hommage \u00e0 Ray Charles. En attendant, c'est Daniel Huck qui comme \u00e0 Bozouls, va mettre la salle debout une\u00a0seconde fois d\u00e8s avant l'entracte, jouant I can't\u2026","rel":"","context":"Dans &quot;Non class\u00e9&quot;","block_context":{"text":"Non class\u00e9","link":"http:\/\/www.fabriceeulry-laboutique.com\/blog\/?cat=1"},"img":{"alt_text":"","src":"https:\/\/i0.wp.com\/www.fabriceeulry-laboutique.com\/blog\/wp-content\/uploads\/2018\/05\/Argence5.png?resize=350%2C200","width":350,"height":200,"srcset":"https:\/\/i0.wp.com\/www.fabriceeulry-laboutique.com\/blog\/wp-content\/uploads\/2018\/05\/Argence5.png?resize=350%2C200 1x, https:\/\/i0.wp.com\/www.fabriceeulry-laboutique.com\/blog\/wp-content\/uploads\/2018\/05\/Argence5.png?resize=525%2C300 1.5x, https:\/\/i0.wp.com\/www.fabriceeulry-laboutique.com\/blog\/wp-content\/uploads\/2018\/05\/Argence5.png?resize=700%2C400 2x"},"classes":[]},{"id":10504,"url":"http:\/\/www.fabriceeulry-laboutique.com\/blog\/?p=10504","url_meta":{"origin":10625,"position":4},"title":"LES TROPH\u00c9ES DU BLUES","author":"Le Canard du pianiste","date":"20 mars 2018","format":false,"excerpt":"Dans le cadre du festival Blues en Aveyron 2018 dont voici le programme : \u00a0 l'association Blues en Aveyron organise et d'apr\u00e8s une id\u00e9e originale du chef d'orchestre Fred Bonnet, 6 MAI 2018 \u00e0\u00a0Saint C\u00f4med\u2019Olt \u2013 Salle des\u00a0f\u00eates partir de 16h00- : LES TROPH\u00c9ES DU BLUES 2018 16h \u2013 19h\u00a0:\u2026","rel":"","context":"Dans &quot;Non class\u00e9&quot;","block_context":{"text":"Non class\u00e9","link":"http:\/\/www.fabriceeulry-laboutique.com\/blog\/?cat=1"},"img":{"alt_text":"","src":"https:\/\/i0.wp.com\/www.fabriceeulry-laboutique.com\/blog\/wp-content\/uploads\/2018\/03\/BLUES-EN-AVEYRON-2018-affiche-verson.png?resize=350%2C200","width":350,"height":200},"classes":[]},{"id":11859,"url":"http:\/\/www.fabriceeulry-laboutique.com\/blog\/?p=11859","url_meta":{"origin":10625,"position":5},"title":"LES TROPH\u00c9ES DU BLUES 2019","author":"Le Canard du pianiste","date":"18 mai 2019","format":false,"excerpt":"Dans le cadre du festival Blues en Aveyron, tout comme en 2018 \u00e0 St C\u00f4me, le 11 mai 2019 les Troph\u00e9es du blues ont rassembl\u00e9 plusieurs formations qui, apr\u00e8s les auditions publiques qui s'encha\u00eenent tout l'apr\u00e8s-midi et la d\u00e9lib\u00e9ration du jury, ont pu improviser ensemble sur sc\u00e8ne, dans la plus\u2026","rel":"","context":"Dans &quot;Non class\u00e9&quot;","block_context":{"text":"Non class\u00e9","link":"http:\/\/www.fabriceeulry-laboutique.com\/blog\/?cat=1"},"img":{"alt_text":"","src":"https:\/\/i0.wp.com\/www.fabriceeulry-laboutique.com\/blog\/wp-content\/uploads\/2019\/05\/IMG_20190508_214902.jpg?resize=350%2C200","width":350,"height":200,"srcset":"https:\/\/i0.wp.com\/www.fabriceeulry-laboutique.com\/blog\/wp-content\/uploads\/2019\/05\/IMG_20190508_214902.jpg?resize=350%2C200 1x, https:\/\/i0.wp.com\/www.fabriceeulry-laboutique.com\/blog\/wp-content\/uploads\/2019\/05\/IMG_20190508_214902.jpg?resize=525%2C300 1.5x, https:\/\/i0.wp.com\/www.fabriceeulry-laboutique.com\/blog\/wp-content\/uploads\/2019\/05\/IMG_20190508_214902.jpg?resize=700%2C400 2x, https:\/\/i0.wp.com\/www.fabriceeulry-laboutique.com\/blog\/wp-content\/uploads\/2019\/05\/IMG_20190508_214902.jpg?resize=1050%2C600 3x, https:\/\/i0.wp.com\/www.fabriceeulry-laboutique.com\/blog\/wp-content\/uploads\/2019\/05\/IMG_20190508_214902.jpg?resize=1400%2C800 4x"},"classes":[]}],"_links":{"self":[{"href":"http:\/\/www.fabriceeulry-laboutique.com\/blog\/index.php?rest_route=\/wp\/v2\/posts\/10625","targetHints":{"allow":["GET"]}}],"collection":[{"href":"http:\/\/www.fabriceeulry-laboutique.com\/blog\/index.php?rest_route=\/wp\/v2\/posts"}],"about":[{"href":"http:\/\/www.fabriceeulry-laboutique.com\/blog\/index.php?rest_route=\/wp\/v2\/types\/post"}],"author":[{"embeddable":true,"href":"http:\/\/www.fabriceeulry-laboutique.com\/blog\/index.php?rest_route=\/wp\/v2\/users\/2"}],"replies":[{"embeddable":true,"href":"http:\/\/www.fabriceeulry-laboutique.com\/blog\/index.php?rest_route=%2Fwp%2Fv2%2Fcomments&post=10625"}],"version-history":[{"count":7,"href":"http:\/\/www.fabriceeulry-laboutique.com\/blog\/index.php?rest_route=\/wp\/v2\/posts\/10625\/revisions"}],"predecessor-version":[{"id":10671,"href":"http:\/\/www.fabriceeulry-laboutique.com\/blog\/index.php?rest_route=\/wp\/v2\/posts\/10625\/revisions\/10671"}],"wp:attachment":[{"href":"http:\/\/www.fabriceeulry-laboutique.com\/blog\/index.php?rest_route=%2Fwp%2Fv2%2Fmedia&parent=10625"}],"wp:term":[{"taxonomy":"category","embeddable":true,"href":"http:\/\/www.fabriceeulry-laboutique.com\/blog\/index.php?rest_route=%2Fwp%2Fv2%2Fcategories&post=10625"},{"taxonomy":"post_tag","embeddable":true,"href":"http:\/\/www.fabriceeulry-laboutique.com\/blog\/index.php?rest_route=%2Fwp%2Fv2%2Ftags&post=10625"}],"curies":[{"name":"wp","href":"https:\/\/api.w.org\/{rel}","templated":true}]}}