{"id":10653,"date":"2018-05-15T01:42:34","date_gmt":"2018-05-15T01:42:34","guid":{"rendered":"http:\/\/www.fabriceeulry-laboutique.com\/blog\/?p=10653"},"modified":"2018-12-11T17:42:42","modified_gmt":"2018-12-11T17:42:42","slug":"trophees-du-blues-les-laureats-complotent","status":"publish","type":"post","link":"http:\/\/www.fabriceeulry-laboutique.com\/blog\/?p=10653","title":{"rendered":"TROPH\u00c9ES DU BLUES : LES LAUR\u00c9ATS COMPLOTENT !"},"content":{"rendered":"<p style=\"text-align: center;\"><strong><span style=\"color: #000000;\">Le festival Blues en\u00a0Aveyron pour sa deuxi\u00e8me ann\u00e9e, souhaitait encourager la jeunesse que le blues int\u00e9resse&#8230; Et pour une fois qu&rsquo;un concours n&rsquo;est pas bidouill\u00e9 \u00e0 l&rsquo;avance, que le jury n&rsquo;est pas corrompu par une maison de disques ou un groupe d&rsquo;influence id\u00e9ologique qui chercher \u00e0 imposer un message, ce sont les musiciens qui fraternellement, ont dans le dos du jury, pendant le d\u00eener o\u00f9 ils \u00e9taient rassembl\u00e9s, d\u00e9cid\u00e9 de tout partager ! Tant l&rsquo;esprit du blues les anime (unanimement !)<\/span><\/strong><\/p>\n<p><a href=\"https:\/\/i0.wp.com\/www.fabriceeulry-laboutique.com\/blog\/wp-content\/uploads\/2018\/05\/troph%C3%A9es-2018.png\"><img data-recalc-dims=\"1\" loading=\"lazy\" decoding=\"async\" class=\"aligncenter size-full wp-image-10654\" src=\"https:\/\/i0.wp.com\/www.fabriceeulry-laboutique.com\/blog\/wp-content\/uploads\/2018\/05\/troph%C3%A9es-2018.png?resize=602%2C341\" alt=\"troph\u00e9es 2018\" width=\"602\" height=\"341\" srcset=\"https:\/\/i0.wp.com\/www.fabriceeulry-laboutique.com\/blog\/wp-content\/uploads\/2018\/05\/troph%C3%A9es-2018.png?w=602 602w, https:\/\/i0.wp.com\/www.fabriceeulry-laboutique.com\/blog\/wp-content\/uploads\/2018\/05\/troph%C3%A9es-2018.png?resize=300%2C170 300w\" sizes=\"auto, (max-width: 602px) 100vw, 602px\" \/><\/a><\/p>\n<p style=\"text-align: center;\"><strong><span style=\"color: #000000;\"><em>\u00c0 la remise du prix de l&rsquo;improvisation \u00e0 Baptiste Canvel (en pull marine, deuxi\u00e8me en partant de la droite) tous les musiciens montent sur sc\u00e8ne et jouent ensemble ! Apr\u00e8s le morceau (Sweet home Chicago) Fabrice Eulry remercie le public d&rsquo;ovationner cette initiative !<\/em><\/span><\/strong><\/p>\n<p style=\"text-align: center;\"><span style=\"color: #000000;\"><strong>Mais revenons au d\u00e9but de la journ\u00e9e : \u00e0 la salle des f\u00eates de Saint-C\u00f4me d&rsquo;Olt, d\u00e8s 15h00, les concurrents \u00e9taient pr\u00e9sent pour une balance.<\/strong><\/span><\/p>\n<p style=\"text-align: center;\"><span style=\"color: #000000;\"><strong> Kevin Luche pianiste (mais aussi batteur) d\u00e9j\u00e0 bien connu \u00e0 Espalion, pour son r\u00f4le dans le big band de Fred Bonnet, s&rsquo;\u00e9tait d\u00e9j\u00e0 illustr\u00e9 au piano lors d&rsquo;une jam-session en 2017 au Nayrac lors de la premi\u00e8re \u00e9dition du festival.\u00a0<\/strong><\/span><\/p>\n<p style=\"text-align: center;\"><strong style=\"color: #000000;\"><strong><img data-recalc-dims=\"1\" loading=\"lazy\" decoding=\"async\" class=\"aligncenter size-full wp-image-9425\" src=\"https:\/\/i0.wp.com\/www.fabriceeulry-laboutique.com\/blog\/wp-content\/uploads\/2017\/05\/BeAsimonkevin.png?resize=534%2C405\" alt=\"BeAsimonkevin\" width=\"534\" height=\"405\" srcset=\"https:\/\/i0.wp.com\/www.fabriceeulry-laboutique.com\/blog\/wp-content\/uploads\/2017\/05\/BeAsimonkevin.png?w=534 534w, https:\/\/i0.wp.com\/www.fabriceeulry-laboutique.com\/blog\/wp-content\/uploads\/2017\/05\/BeAsimonkevin.png?resize=300%2C228 300w\" sizes=\"auto, (max-width: 534px) 100vw, 534px\" \/><\/strong>Il se pr\u00e9sentait dans deux formations avec son ami batteur Louis Brassac, puis sa soeur Natacha au chant. Ensuite Baptiste Canvel (qui venait sp\u00e9cialement de Roanne !) se proposait un solo. Le groupe TAXI venant de Marcillac avec une tenue Blues Brothers (\u00ab\u00a0Pour rendre hommage\u00a0\u00bb selon leurs dires) en formation classique de rock : deux guitares, une guitare basse, et une batterie avec le choix de Route 66 pour le morceau impos\u00e9 plut\u00f4t que Saint-Louis blues (contrairement aux autres formations), s&rsquo;essaya en dernier.\u00a0<\/strong><\/p>\n<p style=\"text-align: center;\"><strong><span style=\"color: #000000;\">Puis le public arrivant, apr\u00e8s un pr\u00e9ambule de Daniel Huck qui souligna que faire partie du jury est toujours un exercice cruel et que tous les\u00a0musiciens pr\u00e9sent pouvaient pr\u00e9tendre au\u00a0professionnalisme, \u00a0les formations pr\u00e9sent\u00e9s au fur et \u00e0 mesure par Fabrice Eulry pass\u00e8rent dans le m\u00eame ordre que celui de la balance, mais avec cette fois, la motivation suppl\u00e9mentaire que conf\u00e8re l&rsquo;\u00e9nergie du public.<\/span><\/strong><\/p>\n<p style=\"text-align: center;\"><span style=\"color: #000000;\"><strong>Kevin Luche et Louis Brassac :<\/strong><\/span><\/p>\n<p style=\"text-align: center;\"><span style=\"color: #000000;\"><strong>Ont choisi Saint-Louis blues comme morceau impos\u00e9 et une composition personnelle comme morceau choisi.<\/strong><\/span><\/p>\n<p style=\"text-align: center;\"><strong><span style=\"color: #000000;\">Ils ont d\u00e9croch\u00e9 le prix du\u00a0professionnalisme&#8230; et Fabrice Eulry a soulign\u00e9 leur coh\u00e9sion qui remarqu\u00e9e par le jury pesa dans la d\u00e9cision.<\/span><\/strong><\/p>\n<p style=\"text-align: center;\"><span style=\"color: #000000;\"><strong>Kevin et Natacha Luche :<\/strong><\/span><\/p>\n<p style=\"text-align: center;\"><span style=\"color: #000000;\"><strong>ont choisi Saint-Louis blues comme morceau impos\u00e9 et Natacha s&rsquo;est r\u00e9v\u00e9l\u00e9e dans un scat exceptionnellement ma\u00eetris\u00e9. Ils ont obtenu le prix de l&rsquo;interpr\u00e9tation&#8230; ex aequo avec le groupe TAXI.<\/strong><\/span><\/p>\n<p style=\"text-align: center;\"><span style=\"color: #000000;\"><strong>Il restait le prix de l&rsquo;improvisation : apr\u00e8s un accessit d\u00e9cern\u00e9 \u00e0 Mathis, le guitariste de TAXI (masqu\u00e9 par Fabrice Eulry sur la photo), ce fut Baptiste Canvel qui en clavier solo qui fut d\u00e9clar\u00e9 laur\u00e9at pour sa capacit\u00e9 d&rsquo;adaptation : il s&rsquo;attendait \u00e0 un piano acoustique que le budget n&rsquo;avait pas permis de fournir contrairement aux autres soir\u00e9es du festival, un Larsen fit cracher les enceintes pendant dix secondes mais regardant le public avec le sourire en continuant \u00e0 jouer, il fournit une improvisation d\u00e9brid\u00e9e sur Saint-Louis blues.<\/strong><\/span><\/p>\n<p style=\"text-align: center;\"><span style=\"color: #000000;\"><strong>Baptiste Canvel \u00e9tait le seul musicien \u00e0 n&rsquo;\u00eatre point du pays et \u00e0 proposer un solo, pourtant c&rsquo;est autour de lui que s&rsquo;est f\u00e9d\u00e9r\u00e9 la complicit\u00e9 de la sympathique compagnie : \u00e0 chaque remise prix les laur\u00e9ats remontaient sur sc\u00e8ne jouer un morceau. Lorsque ce fut le tour de Baptiste, le dernier \u00e0 \u00eatre prim\u00e9, ils mont\u00e8rent tous, ayant pr\u00e9vu de finir ensemble quelque soit le r\u00e9sultat !<\/strong><\/span><\/p>\n<p style=\"text-align: center;\"><span style=\"color: #000000;\"><strong>Les prix :<\/strong><\/span><\/p>\n<p style=\"text-align: center;\"><span style=\"color: #000000;\"><strong>Chaque formation a gagn\u00e9 un engagement pay\u00e9 sur une des sc\u00e8nes du festival de l&rsquo;ann\u00e9e prochaine, \u00e0 l&rsquo;exception du groupe TAXI qui aura le choix entre ce prix ou un enregistrement vid\u00e9o ou audio professionnel offert par Blues en Aveyron.<\/strong><\/span><\/p>\n<p style=\"text-align: center;\"><span style=\"color: #000000;\"><strong>Les Troph\u00e9es du blues vus par Centre presse :<\/strong><\/span><\/p>\n<p style=\"text-align: center;\"><img data-recalc-dims=\"1\" loading=\"lazy\" decoding=\"async\" class=\"aligncenter size-full wp-image-10667\" src=\"https:\/\/i0.wp.com\/www.fabriceeulry-laboutique.com\/blog\/wp-content\/uploads\/2018\/05\/Centre-presse-BenA-troph%C3%A9es-2018.png?resize=640%2C421\" alt=\"Centre presse BenA troph\u00e9es 2018\" width=\"640\" height=\"421\" srcset=\"https:\/\/i0.wp.com\/www.fabriceeulry-laboutique.com\/blog\/wp-content\/uploads\/2018\/05\/Centre-presse-BenA-troph%C3%A9es-2018.png?w=980 980w, https:\/\/i0.wp.com\/www.fabriceeulry-laboutique.com\/blog\/wp-content\/uploads\/2018\/05\/Centre-presse-BenA-troph%C3%A9es-2018.png?resize=300%2C197 300w, https:\/\/i0.wp.com\/www.fabriceeulry-laboutique.com\/blog\/wp-content\/uploads\/2018\/05\/Centre-presse-BenA-troph%C3%A9es-2018.png?resize=768%2C505 768w\" sizes=\"auto, (max-width: 640px) 100vw, 640px\" \/><\/p>\n<div style=\"text-align: center;\">\n<h2 style=\"text-align: center;\"><span style=\"color: #000000;\"><strong><span id=\"yiv6016373704yui_3_16_0_ym19_1_1496434554988_68886\">Adh\u00e9rez \u00e0 l&rsquo;association Blues en Aveyron pour l&rsquo;aider \u00e0 continuer de promouvoir le blues et le patrimoine aveyronnais.\u00a0<a href=\"http:\/\/www.fabriceeulry-laboutique.com\/blog\/wp-content\/uploads\/2017\/03\/saint-c\u00f4me.jpg\"><br \/>\n<\/a><\/span><\/strong><\/span><\/h2>\n<h2 dir=\"ltr\" style=\"text-align: center;\"><span style=\"color: #000000;\"><strong><span id=\"yiv6016373704yui_3_16_0_ym19_1_1496434554988_68886\"><a href=\"https:\/\/i0.wp.com\/www.fabriceeulry-laboutique.com\/blog\/wp-content\/uploads\/2017\/04\/sincom2.jpg\"><img data-recalc-dims=\"1\" loading=\"lazy\" decoding=\"async\" class=\"size-full wp-image-9378 aligncenter\" src=\"https:\/\/i0.wp.com\/www.fabriceeulry-laboutique.com\/blog\/wp-content\/uploads\/2017\/04\/sincom2.jpg?resize=382%2C318\" alt=\"sincom2\" width=\"382\" height=\"318\" srcset=\"https:\/\/i0.wp.com\/www.fabriceeulry-laboutique.com\/blog\/wp-content\/uploads\/2017\/04\/sincom2.jpg?w=382 382w, https:\/\/i0.wp.com\/www.fabriceeulry-laboutique.com\/blog\/wp-content\/uploads\/2017\/04\/sincom2.jpg?resize=300%2C250 300w\" sizes=\"auto, (max-width: 382px) 100vw, 382px\" \/><\/a><\/span><\/strong><\/span><\/h2>\n<p><a href=\"https:\/\/i0.wp.com\/www.fabriceeulry-laboutique.com\/blog\/wp-content\/uploads\/2017\/05\/BeA-5tet.png\"><img data-recalc-dims=\"1\" loading=\"lazy\" decoding=\"async\" class=\"size-full wp-image-9437 aligncenter\" src=\"https:\/\/i0.wp.com\/www.fabriceeulry-laboutique.com\/blog\/wp-content\/uploads\/2017\/05\/BeA-5tet.png?resize=538%2C405\" alt=\"BeA 5tet\" width=\"538\" height=\"405\" srcset=\"https:\/\/i0.wp.com\/www.fabriceeulry-laboutique.com\/blog\/wp-content\/uploads\/2017\/05\/BeA-5tet.png?w=538 538w, https:\/\/i0.wp.com\/www.fabriceeulry-laboutique.com\/blog\/wp-content\/uploads\/2017\/05\/BeA-5tet.png?resize=300%2C226 300w\" sizes=\"auto, (max-width: 538px) 100vw, 538px\" \/><\/a><\/p>\n<h2 dir=\"ltr\" style=\"text-align: center;\"><a href=\"https:\/\/i0.wp.com\/www.fabriceeulry-laboutique.com\/blog\/wp-content\/uploads\/2017\/05\/Tony-BeA.png\"><img data-recalc-dims=\"1\" loading=\"lazy\" decoding=\"async\" class=\"size-full wp-image-9422 aligncenter\" src=\"https:\/\/i0.wp.com\/www.fabriceeulry-laboutique.com\/blog\/wp-content\/uploads\/2017\/05\/Tony-BeA.png?resize=508%2C404\" alt=\"Tony BeA\" width=\"508\" height=\"404\" srcset=\"https:\/\/i0.wp.com\/www.fabriceeulry-laboutique.com\/blog\/wp-content\/uploads\/2017\/05\/Tony-BeA.png?w=508 508w, https:\/\/i0.wp.com\/www.fabriceeulry-laboutique.com\/blog\/wp-content\/uploads\/2017\/05\/Tony-BeA.png?resize=300%2C239 300w\" sizes=\"auto, (max-width: 508px) 100vw, 508px\" \/><\/a><\/h2>\n<h2 id=\"yiv6016373704yui_3_16_0_ym19_1_1496434554988_68694\" dir=\"ltr\" style=\"text-align: center;\"><span style=\"color: #000000;\"><strong><span id=\"yiv6016373704yui_3_16_0_ym19_1_1496434554988_69178\">Pour adh\u00e9rer il vous suffit d&rsquo;envoyer un ch\u00e8que de 20 \u20ac \u00e0 l&rsquo;ordre de Blues en Aveyron, et de le joindre au bulletin d&rsquo;adh\u00e9sion (ci-dessous) d\u00fbment rempli<\/span><\/strong><\/span><\/h2>\n<div id=\"yiv6016373704yqtfd47329\" class=\"yiv6016373704yqt8853084425\">\n<h2 id=\"yiv6016373704yui_3_16_0_ym19_1_1496434554988_68694\" dir=\"ltr\" style=\"text-align: center;\"><span style=\"color: #000000;\"><strong><span id=\"yiv6016373704yui_3_16_0_1_1496508572906_34976\">\u00e0 l&rsquo;adresse suivante :<\/span><\/strong><\/span><\/h2>\n<h2 id=\"yiv6016373704yui_3_16_0_ym19_1_1496434554988_68694\" dir=\"ltr\" style=\"text-align: center;\"><span style=\"color: #000000;\"><strong><span id=\"yiv6016373704yui_3_16_0_ym19_1_1496434554988_69236\">BLUES EN AVEYRON<\/span><\/strong><\/span><\/h2>\n<h2 id=\"yiv6016373704yui_3_16_0_ym19_1_1496434554988_68694\" dir=\"ltr\" style=\"text-align: center;\"><span style=\"color: #000000;\"><strong><span id=\"yiv6016373704yui_3_16_0_ym19_1_1496434554988_69239\">46 RUE DE L&rsquo;ANCIENNE MAIRIE<\/span><\/strong><\/span><\/h2>\n<h2 id=\"yiv6016373704yui_3_16_0_ym19_1_1496434554988_68694\" dir=\"ltr\" style=\"text-align: center;\"><span style=\"color: #000000;\"><strong><span id=\"yiv6016373704yui_3_16_0_ym19_1_1496434554988_69182\">92 100 BOULOGNE-BILLANCOURT<\/span><\/strong><\/span><\/h2>\n<h2 id=\"yiv6016373704yui_3_16_0_ym19_1_1496434554988_68694\" dir=\"ltr\" style=\"text-align: center;\"><span style=\"color: #000000;\"><strong><span id=\"yiv6016373704yui_3_16_0_ym19_1_1496434554988_69210\">Vous recevrez votre carte d&rsquo;adh\u00e9rent par retour de courriel<\/span><\/strong><\/span><\/h2>\n<h2 id=\"yiv6016373704yui_3_16_0_ym19_1_1496434554988_68859\"><span style=\"color: #000000;\"><strong>\u00a0 \u00a0 \u00a0 \u00a0 \u00a0 \u00a0 \u00a0 \u00a0 \u00a0 \u00a0 \u00a0 \u00a0 \u00a0 \u00a0 \u00a0 \u00a0 \u00a0 \u00a0 \u00a0 \u00a0 \u00a0 \u00a0 \u00a0 \u00a0 \u00a0<\/strong><\/span><\/h2>\n<div id=\"yiv6016373704yui_3_16_0_ym19_1_1496434554988_68861\" class=\"yiv6016373704signature\">\n<div id=\"yiv6016373704yui_3_16_0_1_1411233096791_2560\">\n<h2 class=\"p1\" style=\"text-align: center;\">&#8212;&#8212;&#8212;&#8212;&#8212;&#8212;&#8212;&#8212;&#8212;&#8212;&#8212;&#8212;&#8212;&#8212;&#8212;&#8212;&#8212;&#8212;&#8212;&#8212;&#8212;&#8212;&#8212;&#8212;&#8212;&#8212;&#8212;&#8212;&#8212;&#8211;<\/h2>\n<h2 class=\"p1\" style=\"text-align: center;\"><span style=\"color: #000000;\">BULLETIN D&rsquo;ADH\u00c9SION<\/span><\/h2>\n<h2 class=\"p1\" style=\"text-align: center;\"><span style=\"color: #000000;\">\u00e0 L&rsquo;ASSOCIATION BLUES EN AVEYRON<\/span><\/h2>\n<h2 class=\"p1\" style=\"text-align: center;\"><span style=\"color: #000000;\">Association soumise \u00e0 la loi du 1er juillet 1901 et au d\u00e9cret du 16 ao\u00fbt 1901<\/span><\/h2>\n<h2 class=\"p3\" style=\"text-align: center;\"><span style=\"color: #000000;\">\u00c0 remplir par l&rsquo;adh\u00e9rent <i>(exemplaire \u00e0 conserver par l&rsquo;association) :<\/i><\/span><\/h2>\n<h2 class=\"p3\" style=\"text-align: center;\"><span style=\"color: #000000;\">Pr\u00e9nom :\u2026\u2026\u2026\u2026\u2026\u2026\u2026\u2026\u2026\u2026\u2026\u2026\u2026\u2026\u2026\u2026\u2026\u2026\u2026\u2026\u2026\u2026\u2026\u2026\u2026\u2026\u2026\u2026\u2026\u2026\u2026<\/span><\/h2>\n<h2 class=\"p3\" style=\"text-align: center;\"><span style=\"color: #000000;\">Nom :\u2026\u2026\u2026\u2026\u2026\u2026\u2026\u2026\u2026\u2026\u2026\u2026\u2026\u2026\u2026\u2026\u2026\u2026\u2026\u2026\u2026\u2026\u2026\u2026\u2026\u2026\u2026\u2026\u2026\u2026\u2026\u2026..<\/span><\/h2>\n<h2 class=\"p3\" style=\"text-align: center;\"><span style=\"color: #000000;\">Adresse internet :\u2026\u2026\u2026\u2026\u2026\u2026\u2026\u2026\u2026\u2026\u2026\u2026\u2026\u2026\u2026\u2026\u2026\u2026\u2026\u2026\u2026\u2026\u2026\u2026\u2026\u2026\u2026.<\/span><\/h2>\n<h2 class=\"p3\" style=\"text-align: center;\"><span style=\"color: #000000;\">Adresse postale :\u2026\u2026\u2026\u2026\u2026\u2026\u2026\u2026\u2026\u2026\u2026\u2026\u2026\u2026\u2026\u2026\u2026\u2026\u2026\u2026\u2026\u2026\u2026\u2026\u2026\u2026\u2026.<\/span><\/h2>\n<h2 class=\"p3\" style=\"text-align: center;\"><span style=\"color: #000000;\">Code postal :\u2026\u2026\u2026\u2026\u2026\u2026\u2026\u2026\u2026\u2026\u2026\u2026\u2026\u2026\u2026\u2026\u2026\u2026\u2026\u2026\u2026\u2026\u2026\u2026\u2026\u2026\u2026\u2026\u2026<\/span><\/h2>\n<h2 class=\"p3\" style=\"text-align: center;\"><span style=\"color: #000000;\">Ville :\u2026\u2026\u2026\u2026\u2026\u2026\u2026\u2026\u2026\u2026\u2026\u2026\u2026\u2026\u2026\u2026\u2026\u2026\u2026\u2026\u2026\u2026\u2026\u2026\u2026\u2026\u2026\u2026\u2026\u2026\u2026\u2026..<\/span><\/h2>\n<h2 class=\"p3\" style=\"text-align: center;\"><span style=\"color: #000000;\">Je d\u00e9clare par la pr\u00e9sente souhaiter devenir membre de l&rsquo;association BLUES EN AVEYRON.<\/span><\/h2>\n<h2 class=\"p3\" style=\"text-align: center;\"><span style=\"color: #000000;\">\u00c0 ce titre, je d\u00e9clare l&rsquo;objet de l&rsquo;association, et en avoir accept\u00e9 les statuts qui sont \u00e0 ma disposition dans les locaux de l&rsquo;association, et accepte de verser ma cotisation due pour l&rsquo;ann\u00e9e en cours.<\/span><\/h2>\n<h2 class=\"p3\" style=\"text-align: center;\"><span style=\"color: #000000;\">Le montant de la cotisation est de 20 \u20ac, payable par ch\u00e8que uniquement.<\/span><\/h2>\n<h2 class=\"p3\" style=\"text-align: center;\"><span style=\"color: #000000;\">Fait \u00e0\u2026\u2026\u2026\u2026\u2026\u2026\u2026\u2026\u2026.., le \u2026\u2026\u2026\u2026\u2026\u2026\u2026\u2026\u2026\u2026\u2026.<\/span><\/h2>\n<h2 class=\"p3\" style=\"text-align: center;\"><span style=\"color: #000000;\">Signature (faire pr\u00e9c\u00e9der de la mention \u00ab\u00a0Lu et approuv\u00e9\u00a0\u00bb)<\/span><\/h2>\n<h2 class=\"p1\" style=\"text-align: center;\"><span style=\"color: #000000;\"><i>Les informations recueillies sont n\u00e9cessaires pour votre adh\u00e9sion. Conform\u00e9ment \u00e0 la loi \u00ab\u00a0informatique et libert\u00e9s\u00a0\u00bb du 6 janvier 1978, vous disposez d&rsquo;un droit d&rsquo;acc\u00e8s et de rectification aux donn\u00e9es personnelles vous concernant. Pour l&rsquo;exercer, adressez-vous au secr\u00e9tariat de l&rsquo;association.<\/i><\/span><\/h2>\n<\/div>\n<\/div>\n<\/div>\n<\/div>\n<div style=\"text-align: center;\"><\/div>\n<div style=\"text-align: center;\"><\/div>\n<div id=\"yui_3_16_0_ym19_1_1521426767940_49192\" style=\"text-align: center;\"><\/div>\n<div id=\"yui_3_16_0_ym19_1_1521426767940_49212\">\n<div id=\"yui_3_16_0_ym19_1_1521426767940_49211\" class=\"yiv3745371225gmail_signature\">\n<div id=\"yui_3_16_0_ym19_1_1521426767940_49210\" dir=\"ltr\">\n<div id=\"yui_3_16_0_ym19_1_1521426767940_49209\">\n<div id=\"yui_3_16_0_ym19_1_1521426767940_49208\" dir=\"ltr\">\n<div id=\"yui_3_16_0_ym19_1_1521426767940_49218\" style=\"text-align: center;\"><span style=\"color: #000000;\"><strong>BLUES EN AVEYRON 46, rue de l&rsquo;Ancienne Mairie<img loading=\"lazy\" decoding=\"async\" src=\"https:\/\/docs.google.com\/uc?export=download&amp;id=1Wa3z6AiklO0hIrn3x46mw_Ijm1I0d1AM&amp;revid=0B0qlgoN2ZpPBT3FkTC9PcXEvYkZOTGJtY01HTjFsVmlvK2g0PQ\" width=\"96\" height=\"72\" \/><\/strong><\/span><\/div>\n<div id=\"yui_3_16_0_ym19_1_1521426767940_49207\" style=\"text-align: center;\"><span style=\"color: #000000;\"><strong>92100 Boulogne Billancourt<\/strong><\/span><\/div>\n<\/div>\n<\/div>\n<\/div>\n<\/div>\n<\/div>\n<p style=\"text-align: center;\">\n","protected":false},"excerpt":{"rendered":"<p>Le festival Blues en\u00a0Aveyron pour sa deuxi\u00e8me ann\u00e9e, souhaitait encourager la jeunesse que le blues int\u00e9resse&#8230; Et pour une fois qu&rsquo;un concours n&rsquo;est pas bidouill\u00e9 \u00e0 l&rsquo;avance, que le jury n&rsquo;est pas corrompu par une maison de disques ou un &hellip; <a href=\"http:\/\/www.fabriceeulry-laboutique.com\/blog\/?p=10653\">Continuer la lecture <span class=\"meta-nav\">&rarr;<\/span><\/a><\/p>\n","protected":false},"author":2,"featured_media":0,"comment_status":"open","ping_status":"open","sticky":false,"template":"","format":"standard","meta":{"jetpack_post_was_ever_published":false,"_jetpack_newsletter_access":"","_jetpack_dont_email_post_to_subs":true,"_jetpack_newsletter_tier_id":0,"_jetpack_memberships_contains_paywalled_content":false,"_jetpack_memberships_contains_paid_content":false,"footnotes":"","jetpack_publicize_message":"","jetpack_publicize_feature_enabled":true,"jetpack_social_post_already_shared":true,"jetpack_social_options":{"image_generator_settings":{"template":"highway","default_image_id":0,"font":"","enabled":false},"version":2}},"categories":[1],"tags":[9],"class_list":["post-10653","post","type-post","status-publish","format-standard","hentry","category-non-classe","tag-blues-en-aveyron"],"jetpack_publicize_connections":[],"jetpack_featured_media_url":"","jetpack_sharing_enabled":true,"jetpack_shortlink":"https:\/\/wp.me\/p2D6dI-2LP","jetpack_likes_enabled":true,"jetpack-related-posts":[{"id":10504,"url":"http:\/\/www.fabriceeulry-laboutique.com\/blog\/?p=10504","url_meta":{"origin":10653,"position":0},"title":"LES TROPH\u00c9ES DU BLUES","author":"Le Canard du pianiste","date":"20 mars 2018","format":false,"excerpt":"Dans le cadre du festival Blues en Aveyron 2018 dont voici le programme : \u00a0 l'association Blues en Aveyron organise et d'apr\u00e8s une id\u00e9e originale du chef d'orchestre Fred Bonnet, 6 MAI 2018 \u00e0\u00a0Saint C\u00f4med\u2019Olt \u2013 Salle des\u00a0f\u00eates partir de 16h00- : LES TROPH\u00c9ES DU BLUES 2018 16h \u2013 19h\u00a0:\u2026","rel":"","context":"Dans &quot;Non class\u00e9&quot;","block_context":{"text":"Non class\u00e9","link":"http:\/\/www.fabriceeulry-laboutique.com\/blog\/?cat=1"},"img":{"alt_text":"","src":"https:\/\/i0.wp.com\/www.fabriceeulry-laboutique.com\/blog\/wp-content\/uploads\/2018\/03\/BLUES-EN-AVEYRON-2018-affiche-verson.png?resize=350%2C200","width":350,"height":200},"classes":[]},{"id":10675,"url":"http:\/\/www.fabriceeulry-laboutique.com\/blog\/?p=10675","url_meta":{"origin":10653,"position":1},"title":"BLUES EN AVEYRON 2018 A CLOTUR\u00c9 \u00c0 St GENEVI\u00c8VE\/ARGENCE","author":"Le Canard du pianiste","date":"20 mai 2018","format":false,"excerpt":"Quelques observations : On remarque la sc\u00e8ne haute le piano Wurlitzer attend Fabrice Eulry pour What'd I say qui va cl\u00f4turer ce concert en hommage \u00e0 Ray Charles. En attendant, c'est Daniel Huck qui comme \u00e0 Bozouls, va mettre la salle debout une\u00a0seconde fois d\u00e8s avant l'entracte, jouant I can't\u2026","rel":"","context":"Dans &quot;Non class\u00e9&quot;","block_context":{"text":"Non class\u00e9","link":"http:\/\/www.fabriceeulry-laboutique.com\/blog\/?cat=1"},"img":{"alt_text":"","src":"https:\/\/i0.wp.com\/www.fabriceeulry-laboutique.com\/blog\/wp-content\/uploads\/2018\/05\/Argence5.png?resize=350%2C200","width":350,"height":200,"srcset":"https:\/\/i0.wp.com\/www.fabriceeulry-laboutique.com\/blog\/wp-content\/uploads\/2018\/05\/Argence5.png?resize=350%2C200 1x, https:\/\/i0.wp.com\/www.fabriceeulry-laboutique.com\/blog\/wp-content\/uploads\/2018\/05\/Argence5.png?resize=525%2C300 1.5x, https:\/\/i0.wp.com\/www.fabriceeulry-laboutique.com\/blog\/wp-content\/uploads\/2018\/05\/Argence5.png?resize=700%2C400 2x"},"classes":[]},{"id":9421,"url":"http:\/\/www.fabriceeulry-laboutique.com\/blog\/?p=9421","url_meta":{"origin":10653,"position":2},"title":"FESTIVAL BLUES EN AVEYRON : COMPLET !","author":"Le Canard du pianiste","date":"11 mai 2017","format":false,"excerpt":"Ici Tony Kazima, qui le premier comme le second jour du festival Blues en Aveyron a chauff\u00e9 les salles de Saint-C\u00f4me d'Olt et du Nayrac avec le r\u00e9pertoire de Ray Charles (mais aussi Nat King Cole et Fabrice Eulry avec une reprise de Boogie passavant). \u00a0 Apr\u00e8s son succ\u00e8s m\u00e9rit\u00e9\u2026","rel":"","context":"Dans &quot;Non class\u00e9&quot;","block_context":{"text":"Non class\u00e9","link":"http:\/\/www.fabriceeulry-laboutique.com\/blog\/?cat=1"},"img":{"alt_text":"","src":"https:\/\/i0.wp.com\/www.fabriceeulry-laboutique.com\/blog\/wp-content\/uploads\/2017\/05\/BeA.png?resize=350%2C200","width":350,"height":200},"classes":[]},{"id":11554,"url":"http:\/\/www.fabriceeulry-laboutique.com\/blog\/?p=11554","url_meta":{"origin":10653,"position":3},"title":"LES TROPH\u00c9ES DU BLUES 2019","author":"Le Canard du pianiste","date":"3 f\u00e9vrier 2019","format":false,"excerpt":"Dans le cadre du festival Blues en Aveyron 2019 (3\u00e8me \u00e9dition) les Troph\u00e9es du blues accueilleront le mercredi 8 mai \u00e0 Espalion (salle Poulenc), la jeunesse et m\u00eame l'enfance du Blues. Venant d'Aveyron et d'ailleurs, on peut d\u00e9j\u00e0 affirmer qu'encore plus de formations qu'en 2018 seront sur les rangs. Elles\u2026","rel":"","context":"Dans &quot;Non class\u00e9&quot;","block_context":{"text":"Non class\u00e9","link":"http:\/\/www.fabriceeulry-laboutique.com\/blog\/?cat=1"},"img":{"alt_text":"","src":"https:\/\/i0.wp.com\/www.fabriceeulry-laboutique.com\/blog\/wp-content\/uploads\/2019\/02\/troph%C3%A9es-2019-affiche.png?resize=350%2C200","width":350,"height":200},"classes":[]},{"id":10625,"url":"http:\/\/www.fabriceeulry-laboutique.com\/blog\/?p=10625","url_meta":{"origin":10653,"position":4},"title":"LES TROPH\u00c9ES DU BLUES PR\u00c9SENTENT LEURS FORMATIONS","author":"Le Canard du pianiste","date":"29 avril 2018","format":false,"excerpt":"\u00a0 LES TROPH\u00c9ES DU BLUES 2018 METTRONT EN LICE : Le pianiste Kevin Luche en duo avec Louis Brassac (batterie) Ainsi que la chanteuse Natacha Luche (accompagn\u00e9e par son fr\u00e8re Kevin), le duo de Baptiste Canvel, et enfin le groupe TAXI ici en vid\u00e9o, emmen\u00e9 par Mathis Platon (guitare et\u2026","rel":"","context":"Dans &quot;Non class\u00e9&quot;","block_context":{"text":"Non class\u00e9","link":"http:\/\/www.fabriceeulry-laboutique.com\/blog\/?cat=1"},"img":{"alt_text":"BeAsimonkevin","src":"https:\/\/i0.wp.com\/www.fabriceeulry-laboutique.com\/blog\/wp-content\/uploads\/2017\/05\/BeAsimonkevin.png?resize=350%2C200","width":350,"height":200,"srcset":"https:\/\/i0.wp.com\/www.fabriceeulry-laboutique.com\/blog\/wp-content\/uploads\/2017\/05\/BeAsimonkevin.png?resize=350%2C200 1x, https:\/\/i0.wp.com\/www.fabriceeulry-laboutique.com\/blog\/wp-content\/uploads\/2017\/05\/BeAsimonkevin.png?resize=525%2C300 1.5x"},"classes":[]},{"id":11859,"url":"http:\/\/www.fabriceeulry-laboutique.com\/blog\/?p=11859","url_meta":{"origin":10653,"position":5},"title":"LES TROPH\u00c9ES DU BLUES 2019","author":"Le Canard du pianiste","date":"18 mai 2019","format":false,"excerpt":"Dans le cadre du festival Blues en Aveyron, tout comme en 2018 \u00e0 St C\u00f4me, le 11 mai 2019 les Troph\u00e9es du blues ont rassembl\u00e9 plusieurs formations qui, apr\u00e8s les auditions publiques qui s'encha\u00eenent tout l'apr\u00e8s-midi et la d\u00e9lib\u00e9ration du jury, ont pu improviser ensemble sur sc\u00e8ne, dans la plus\u2026","rel":"","context":"Dans &quot;Non class\u00e9&quot;","block_context":{"text":"Non class\u00e9","link":"http:\/\/www.fabriceeulry-laboutique.com\/blog\/?cat=1"},"img":{"alt_text":"","src":"https:\/\/i0.wp.com\/www.fabriceeulry-laboutique.com\/blog\/wp-content\/uploads\/2019\/05\/IMG_20190508_214902.jpg?resize=350%2C200","width":350,"height":200,"srcset":"https:\/\/i0.wp.com\/www.fabriceeulry-laboutique.com\/blog\/wp-content\/uploads\/2019\/05\/IMG_20190508_214902.jpg?resize=350%2C200 1x, https:\/\/i0.wp.com\/www.fabriceeulry-laboutique.com\/blog\/wp-content\/uploads\/2019\/05\/IMG_20190508_214902.jpg?resize=525%2C300 1.5x, https:\/\/i0.wp.com\/www.fabriceeulry-laboutique.com\/blog\/wp-content\/uploads\/2019\/05\/IMG_20190508_214902.jpg?resize=700%2C400 2x, https:\/\/i0.wp.com\/www.fabriceeulry-laboutique.com\/blog\/wp-content\/uploads\/2019\/05\/IMG_20190508_214902.jpg?resize=1050%2C600 3x, https:\/\/i0.wp.com\/www.fabriceeulry-laboutique.com\/blog\/wp-content\/uploads\/2019\/05\/IMG_20190508_214902.jpg?resize=1400%2C800 4x"},"classes":[]}],"_links":{"self":[{"href":"http:\/\/www.fabriceeulry-laboutique.com\/blog\/index.php?rest_route=\/wp\/v2\/posts\/10653","targetHints":{"allow":["GET"]}}],"collection":[{"href":"http:\/\/www.fabriceeulry-laboutique.com\/blog\/index.php?rest_route=\/wp\/v2\/posts"}],"about":[{"href":"http:\/\/www.fabriceeulry-laboutique.com\/blog\/index.php?rest_route=\/wp\/v2\/types\/post"}],"author":[{"embeddable":true,"href":"http:\/\/www.fabriceeulry-laboutique.com\/blog\/index.php?rest_route=\/wp\/v2\/users\/2"}],"replies":[{"embeddable":true,"href":"http:\/\/www.fabriceeulry-laboutique.com\/blog\/index.php?rest_route=%2Fwp%2Fv2%2Fcomments&post=10653"}],"version-history":[{"count":10,"href":"http:\/\/www.fabriceeulry-laboutique.com\/blog\/index.php?rest_route=\/wp\/v2\/posts\/10653\/revisions"}],"predecessor-version":[{"id":10699,"href":"http:\/\/www.fabriceeulry-laboutique.com\/blog\/index.php?rest_route=\/wp\/v2\/posts\/10653\/revisions\/10699"}],"wp:attachment":[{"href":"http:\/\/www.fabriceeulry-laboutique.com\/blog\/index.php?rest_route=%2Fwp%2Fv2%2Fmedia&parent=10653"}],"wp:term":[{"taxonomy":"category","embeddable":true,"href":"http:\/\/www.fabriceeulry-laboutique.com\/blog\/index.php?rest_route=%2Fwp%2Fv2%2Fcategories&post=10653"},{"taxonomy":"post_tag","embeddable":true,"href":"http:\/\/www.fabriceeulry-laboutique.com\/blog\/index.php?rest_route=%2Fwp%2Fv2%2Ftags&post=10653"}],"curies":[{"name":"wp","href":"https:\/\/api.w.org\/{rel}","templated":true}]}}