{"id":10751,"date":"2018-05-23T03:14:31","date_gmt":"2018-05-23T03:14:31","guid":{"rendered":"http:\/\/www.fabriceeulry-laboutique.com\/blog\/?p=10751"},"modified":"2018-12-11T17:32:52","modified_gmt":"2018-12-11T17:32:52","slug":"le-petit-journal-saint-michel-va-t-il-disparaitre","status":"publish","type":"post","link":"http:\/\/www.fabriceeulry-laboutique.com\/blog\/?p=10751","title":{"rendered":"LE PETIT-JOURNAL SAINT-MICHEL VA-T-IL DISPARA\u00ceTRE ?"},"content":{"rendered":"<h2 style=\"text-align: center;\"><span style=\"color: #000000;\"><strong>Comme tous les derniers lundi du mois, Fabrice Eulry se produira en piano solo le lundi 28 mai 2018<\/strong><\/span><\/h2>\n<h2 style=\"text-align: center;\"><span style=\"color: #000000;\"><strong>R\u00e9servez d\u00e8s \u00e0 pr\u00e9sent, car en avril dernier le\u00a0Petit-journal \u00e9tait complet pour \u00e9couter sa musique ! En effet Petit-journal Saint-Michel ne d\u00e9semplit pas depuis que le public a vent de son sursis. <\/strong><\/span><\/h2>\n<h2 style=\"text-align: center;\"><span style=\"color: #000000;\"><strong>DERNI\u00c8RE HEURE :<\/strong><\/span><\/h2>\n<h2 style=\"text-align: center;\"><span style=\"color: #000000;\"><strong>Suite \u00e0 la mise en vente du lieu\u00a0mythique, un compromis vient d&rsquo;\u00eatre sign\u00e9 avec un nouvel acheteur dont les\u00a0<\/strong>intentions de prolonger la musique sont tout \u00e0 fait incertaines.\u00a0<\/span><\/h2>\n<h2 style=\"text-align: center;\"><span style=\"color: #000000;\">L&rsquo;incertitude de la situation a incit\u00e9 Fabrice Eulry \u00e0 accepter une tourn\u00e9e pendant la p\u00e9riode du dernier lundi de juin, mais il vient d&rsquo;\u00eatre confirm\u00e9 que la musique continuera jusqu&rsquo;en juillet dans cette v\u00e9n\u00e9rable\u00a0institution de la nuit parisienne. Aussi l&rsquo;\u00e9tablissement programmera deux concerts \u00e0 Fabrice Eulry durant juillet, mais ils se pourrait bien que ce soient les derniers que le pianiste y donne&#8230; <\/span><\/h2>\n<h2 style=\"text-align: center;\"><span style=\"color: #000000;\">LE CANARD DU PIANISTE COMMUNIQUERA CES DATES DANS LES PROCHAINES HEURES.<\/span><\/h2>\n<h2 style=\"text-align: center;\"><a href=\"https:\/\/i0.wp.com\/www.fabriceeulry-laboutique.com\/blog\/wp-content\/uploads\/2017\/01\/PJ-COORDONNEES.png\"><img data-recalc-dims=\"1\" loading=\"lazy\" decoding=\"async\" class=\"size-full wp-image-9171 aligncenter\" src=\"https:\/\/i0.wp.com\/www.fabriceeulry-laboutique.com\/blog\/wp-content\/uploads\/2017\/01\/PJ-COORDONNEES.png?resize=350%2C335\" alt=\"PJ COORDONNEES\" width=\"350\" height=\"335\" srcset=\"https:\/\/i0.wp.com\/www.fabriceeulry-laboutique.com\/blog\/wp-content\/uploads\/2017\/01\/PJ-COORDONNEES.png?w=350 350w, https:\/\/i0.wp.com\/www.fabriceeulry-laboutique.com\/blog\/wp-content\/uploads\/2017\/01\/PJ-COORDONNEES.png?resize=300%2C287 300w\" sizes=\"auto, (max-width: 350px) 100vw, 350px\" \/><\/a><a href=\"https:\/\/i0.wp.com\/www.fabriceeulry-laboutique.com\/blog\/wp-content\/uploads\/2017\/01\/pj-carole.png\"><img data-recalc-dims=\"1\" loading=\"lazy\" decoding=\"async\" class=\"size-full wp-image-9172 aligncenter\" src=\"https:\/\/i0.wp.com\/www.fabriceeulry-laboutique.com\/blog\/wp-content\/uploads\/2017\/01\/pj-carole.png?resize=338%2C445\" alt=\"pj carole\" width=\"338\" height=\"445\" srcset=\"https:\/\/i0.wp.com\/www.fabriceeulry-laboutique.com\/blog\/wp-content\/uploads\/2017\/01\/pj-carole.png?w=338 338w, https:\/\/i0.wp.com\/www.fabriceeulry-laboutique.com\/blog\/wp-content\/uploads\/2017\/01\/pj-carole.png?resize=228%2C300 228w, https:\/\/i0.wp.com\/www.fabriceeulry-laboutique.com\/blog\/wp-content\/uploads\/2017\/01\/pj-carole.png?resize=300%2C395 300w\" sizes=\"auto, (max-width: 338px) 100vw, 338px\" \/><\/a><\/h2>\n<h2 style=\"text-align: center;\"><span style=\"color: #000000;\">Le pianiste en trio, le cd enregistr\u00e9 au Petit-journal Saint-Michel<\/span><\/h2>\n<p><a href=\"https:\/\/i0.wp.com\/www.fabriceeulry-laboutique.com\/blog\/wp-content\/uploads\/2017\/12\/entrio.png\"><img data-recalc-dims=\"1\" loading=\"lazy\" decoding=\"async\" class=\"aligncenter size-full wp-image-9974\" src=\"https:\/\/i0.wp.com\/www.fabriceeulry-laboutique.com\/blog\/wp-content\/uploads\/2017\/12\/entrio.png?resize=281%2C278\" alt=\"entrio\" width=\"281\" height=\"278\" \/><\/a><\/p>\n<p style=\"text-align: center;\"><span style=\"color: #000000;\"><em>(cliquez sur le lien pour \u00e9couter des extraits et le commander)<\/em><\/span><\/p>\n<p style=\"text-align: center;\"><span style=\"color: #000000;\"><a style=\"color: #000000;\" href=\"http:\/\/www.fabriceeulry.com\/discographie.html\">http:\/\/www.fabriceeulry.com\/discographie.html<\/a><\/span><\/p>\n","protected":false},"excerpt":{"rendered":"<p>Comme tous les derniers lundi du mois, Fabrice Eulry se produira en piano solo le lundi 28 mai 2018 R\u00e9servez d\u00e8s \u00e0 pr\u00e9sent, car en avril dernier le\u00a0Petit-journal \u00e9tait complet pour \u00e9couter sa musique ! En effet Petit-journal Saint-Michel ne &hellip; <a href=\"http:\/\/www.fabriceeulry-laboutique.com\/blog\/?p=10751\">Continuer la lecture <span class=\"meta-nav\">&rarr;<\/span><\/a><\/p>\n","protected":false},"author":2,"featured_media":0,"comment_status":"open","ping_status":"open","sticky":false,"template":"","format":"standard","meta":{"jetpack_post_was_ever_published":false,"_jetpack_newsletter_access":"","_jetpack_dont_email_post_to_subs":true,"_jetpack_newsletter_tier_id":0,"_jetpack_memberships_contains_paywalled_content":false,"_jetpack_memberships_contains_paid_content":false,"footnotes":"","jetpack_publicize_message":"","jetpack_publicize_feature_enabled":true,"jetpack_social_post_already_shared":true,"jetpack_social_options":{"image_generator_settings":{"template":"highway","default_image_id":0,"font":"","enabled":false},"version":2}},"categories":[1],"tags":[7],"class_list":["post-10751","post","type-post","status-publish","format-standard","hentry","category-non-classe","tag-petit-journal"],"jetpack_publicize_connections":[],"jetpack_featured_media_url":"","jetpack_sharing_enabled":true,"jetpack_shortlink":"https:\/\/wp.me\/p2D6dI-2Np","jetpack_likes_enabled":true,"jetpack-related-posts":[{"id":10757,"url":"http:\/\/www.fabriceeulry-laboutique.com\/blog\/?p=10757","url_meta":{"origin":10751,"position":0},"title":"DERNIERS (?) CONCERTS AU PETIT-JOURNAL SAINT-MICHEL ?","author":"Le Canard du pianiste","date":"23 mai 2018","format":false,"excerpt":"Derniers concerts avant la fermeture estivale ou derniers concerts avant la disparition d\u00e9finitive du Petit-journal Saint Michel ? C'est ce que La Canard du pianiste vous r\u00e9v\u00e8lera d\u00e8s que possible. Les renseignements de premi\u00e8re main que nous poss\u00e9dons ne sont cela dit pas tr\u00e8s rassurants. En attendant r\u00e9jouissez-vous de retrouver\u2026","rel":"","context":"Dans &quot;Non class\u00e9&quot;","block_context":{"text":"Non class\u00e9","link":"http:\/\/www.fabriceeulry-laboutique.com\/blog\/?cat=1"},"img":{"alt_text":"PJ COORDONNEES","src":"https:\/\/i0.wp.com\/www.fabriceeulry-laboutique.com\/blog\/wp-content\/uploads\/2017\/01\/PJ-COORDONNEES.png?resize=350%2C200","width":350,"height":200},"classes":[]},{"id":10649,"url":"http:\/\/www.fabriceeulry-laboutique.com\/blog\/?p=10649","url_meta":{"origin":10751,"position":1},"title":"FABRICE EULRY AU PETIT-JOURNAL FIN MAI","author":"Le Canard du pianiste","date":"9 mai 2018","format":false,"excerpt":"Comme tous les derniers lundi du mois, Fabrice Eulry se produira en piano solo le lundi 28 mai 2018 R\u00e9servez d\u00e8s \u00e0 pr\u00e9sent, car en avril dernier le\u00a0Petit-journal \u00e9tait complet pour \u00e9couter sa musique ! avec comme toujours des improvisations folles et des invit\u00e9s surprises. Le pianiste en trio, le\u2026","rel":"","context":"Dans &quot;Non class\u00e9&quot;","block_context":{"text":"Non class\u00e9","link":"http:\/\/www.fabriceeulry-laboutique.com\/blog\/?cat=1"},"img":{"alt_text":"PJ COORDONNEES","src":"https:\/\/i0.wp.com\/www.fabriceeulry-laboutique.com\/blog\/wp-content\/uploads\/2017\/01\/PJ-COORDONNEES.png?resize=350%2C200","width":350,"height":200},"classes":[]},{"id":11600,"url":"http:\/\/www.fabriceeulry-laboutique.com\/blog\/?p=11600","url_meta":{"origin":10751,"position":2},"title":"FABRICE EULRY AU PETIT-JOURNAL CE LUNDI 25 F\u00c9VRIER!","author":"Le Canard du pianiste","date":"24 f\u00e9vrier 2019","format":false,"excerpt":"... a enfin \u00e9t\u00e9 rachet\u00e9 par un acqu\u00e9reur plein de bonne volont\u00e9 pour sa vocation de lieu artistique ! C'est tout d'abord par votre\u00a0pr\u00e9sence que le Petit-journal Saint-Michel pourra justifier sa vocation musicale ! notamment gr\u00e2ce \u00e0 la demande de la mairie du V\u00e8me (gr\u00e2ce lui en soit rendue) de\u2026","rel":"","context":"Dans &quot;Non class\u00e9&quot;","block_context":{"text":"Non class\u00e9","link":"http:\/\/www.fabriceeulry-laboutique.com\/blog\/?cat=1"},"img":{"alt_text":"fabrice au PJ","src":"https:\/\/i0.wp.com\/www.fabriceeulry-laboutique.com\/blog\/wp-content\/uploads\/2012\/09\/fabrice-au-PJ-764x1024.jpg?resize=350%2C200","width":350,"height":200,"srcset":"https:\/\/i0.wp.com\/www.fabriceeulry-laboutique.com\/blog\/wp-content\/uploads\/2012\/09\/fabrice-au-PJ-764x1024.jpg?resize=350%2C200 1x, https:\/\/i0.wp.com\/www.fabriceeulry-laboutique.com\/blog\/wp-content\/uploads\/2012\/09\/fabrice-au-PJ-764x1024.jpg?resize=525%2C300 1.5x, https:\/\/i0.wp.com\/www.fabriceeulry-laboutique.com\/blog\/wp-content\/uploads\/2012\/09\/fabrice-au-PJ-764x1024.jpg?resize=700%2C400 2x"},"classes":[]},{"id":869,"url":"http:\/\/www.fabriceeulry-laboutique.com\/blog\/?p=869","url_meta":{"origin":10751,"position":3},"title":"CHRONIQUES DU PETIT-JOURNAL ST MICHEL","author":"Le Canard du pianiste","date":"8 mars 2016","format":false,"excerpt":"\u00a0 Pour ceux qui ne sont jamais venus au Petit-journal St Michel (\u00e0 ne pas confondre avec le Petit-journal Montparnasse), notez la proximit\u00e9 du public autour de l'artiste, qui cr\u00e9e une intimit\u00e9, voire certains soirs, une communion toute particuli\u00e8re au lieu. \u00a0 \u00a0C'est l'unique rendez-vous r\u00e9gulier mensuel de Fabrice Eulry\u2026","rel":"","context":"Dans &quot;Non class\u00e9&quot;","block_context":{"text":"Non class\u00e9","link":"http:\/\/www.fabriceeulry-laboutique.com\/blog\/?cat=1"},"img":{"alt_text":"dasha","src":"https:\/\/i0.wp.com\/www.fabriceeulry-laboutique.com\/blog\/wp-content\/uploads\/2015\/12\/dasha-.jpg?resize=350%2C200","width":350,"height":200},"classes":[]},{"id":11716,"url":"http:\/\/www.fabriceeulry-laboutique.com\/blog\/?p=11716","url_meta":{"origin":10751,"position":4},"title":"EN AVRIL : 2 CONCERTS AU PETIT-JOURNAL ST MICHEL !","author":"Le Canard du pianiste","date":"26 mars 2019","format":false,"excerpt":"Tout d'abord le dimanche 21 avril, le banjo\u00efste Gr\u00e9goire Boyadjian, et Franck Mossler inviteront Fabrice Eulry pour une soir\u00e9e Nouvelle-Orl\u00e9ans. (Photo Carole Demolliens) Et comme chaque dernier lundi du mois depuis 21 ans, vous y retrouverez Fabrice Eulry en solo : tous au Petit-journal Saint-Michel le lundi 29 avril !\u2026","rel":"","context":"Dans &quot;Non class\u00e9&quot;","block_context":{"text":"Non class\u00e9","link":"http:\/\/www.fabriceeulry-laboutique.com\/blog\/?cat=1"},"img":{"alt_text":"fabrice au PJ","src":"https:\/\/i0.wp.com\/www.fabriceeulry-laboutique.com\/blog\/wp-content\/uploads\/2012\/09\/fabrice-au-PJ-764x1024.jpg?resize=350%2C200","width":350,"height":200,"srcset":"https:\/\/i0.wp.com\/www.fabriceeulry-laboutique.com\/blog\/wp-content\/uploads\/2012\/09\/fabrice-au-PJ-764x1024.jpg?resize=350%2C200 1x, https:\/\/i0.wp.com\/www.fabriceeulry-laboutique.com\/blog\/wp-content\/uploads\/2012\/09\/fabrice-au-PJ-764x1024.jpg?resize=525%2C300 1.5x, https:\/\/i0.wp.com\/www.fabriceeulry-laboutique.com\/blog\/wp-content\/uploads\/2012\/09\/fabrice-au-PJ-764x1024.jpg?resize=700%2C400 2x"},"classes":[]},{"id":10978,"url":"http:\/\/www.fabriceeulry-laboutique.com\/blog\/?p=10978","url_meta":{"origin":10751,"position":5},"title":"LE PETIT-JOURNAL SAUV\u00c9 ?","author":"Le Canard du pianiste","date":"11 septembre 2018","format":false,"excerpt":"\u00a0 Le Canard du pianiste vous avait r\u00e9v\u00e9l\u00e9 en exclusivit\u00e9 que suite \u00e0 la mise en vente du lieu\u00a0mythique, une promesse de vente avait \u00e9t\u00e9 sign\u00e9e au printemps dernier avec un nouvel acqu\u00e9reur, dont les\u00a0intentions de prolonger la musique \u00e9taient plus que floues, et on a craint que la musique\u2026","rel":"","context":"Dans &quot;Non class\u00e9&quot;","block_context":{"text":"Non class\u00e9","link":"http:\/\/www.fabriceeulry-laboutique.com\/blog\/?cat=1"},"img":{"alt_text":"pj","src":"https:\/\/i0.wp.com\/www.fabriceeulry-laboutique.com\/blog\/wp-content\/uploads\/2015\/04\/pj-.jpg?resize=350%2C200","width":350,"height":200},"classes":[]}],"_links":{"self":[{"href":"http:\/\/www.fabriceeulry-laboutique.com\/blog\/index.php?rest_route=\/wp\/v2\/posts\/10751","targetHints":{"allow":["GET"]}}],"collection":[{"href":"http:\/\/www.fabriceeulry-laboutique.com\/blog\/index.php?rest_route=\/wp\/v2\/posts"}],"about":[{"href":"http:\/\/www.fabriceeulry-laboutique.com\/blog\/index.php?rest_route=\/wp\/v2\/types\/post"}],"author":[{"embeddable":true,"href":"http:\/\/www.fabriceeulry-laboutique.com\/blog\/index.php?rest_route=\/wp\/v2\/users\/2"}],"replies":[{"embeddable":true,"href":"http:\/\/www.fabriceeulry-laboutique.com\/blog\/index.php?rest_route=%2Fwp%2Fv2%2Fcomments&post=10751"}],"version-history":[{"count":5,"href":"http:\/\/www.fabriceeulry-laboutique.com\/blog\/index.php?rest_route=\/wp\/v2\/posts\/10751\/revisions"}],"predecessor-version":[{"id":10756,"href":"http:\/\/www.fabriceeulry-laboutique.com\/blog\/index.php?rest_route=\/wp\/v2\/posts\/10751\/revisions\/10756"}],"wp:attachment":[{"href":"http:\/\/www.fabriceeulry-laboutique.com\/blog\/index.php?rest_route=%2Fwp%2Fv2%2Fmedia&parent=10751"}],"wp:term":[{"taxonomy":"category","embeddable":true,"href":"http:\/\/www.fabriceeulry-laboutique.com\/blog\/index.php?rest_route=%2Fwp%2Fv2%2Fcategories&post=10751"},{"taxonomy":"post_tag","embeddable":true,"href":"http:\/\/www.fabriceeulry-laboutique.com\/blog\/index.php?rest_route=%2Fwp%2Fv2%2Ftags&post=10751"}],"curies":[{"name":"wp","href":"https:\/\/api.w.org\/{rel}","templated":true}]}}