{"id":10784,"date":"2018-06-13T15:48:57","date_gmt":"2018-06-13T15:48:57","guid":{"rendered":"http:\/\/www.fabriceeulry-laboutique.com\/blog\/?p=10784"},"modified":"2018-12-11T17:31:25","modified_gmt":"2018-12-11T17:31:25","slug":"souvenirs-avec-alan-kelly","status":"publish","type":"post","link":"http:\/\/www.fabriceeulry-laboutique.com\/blog\/?p=10784","title":{"rendered":"SOUVENIRS AVEC ALAN KELLY"},"content":{"rendered":"<h2 style=\"text-align: center;\"><strong><span style=\"color: #000000;\">\u00a0\u00bb Le guitariste banjo\u00efste et chanteur nous a quitt\u00e9 de mani\u00e8re pr\u00e9matur\u00e9e, si l&rsquo;on en juge par les regrets unanimes et sinc\u00e8res de tous ses coll\u00e8gues. Alan Kelly semblait en effet hors du temps par sa courtoisie et sa discr\u00e9tion. Les relations que l&rsquo;on\u00a0cultivait avec lui ne tournaient qu&rsquo;autour de la musique, ce qui ne produisait finalement que des souvenirs po\u00e9tiques : \u00a0<\/span><\/strong><\/h2>\n<h2 style=\"text-align: center;\"><span style=\"color: #000000;\">Alan jouait sur toutes sortes de guitares et de banjos, son jeu allait de l&rsquo;accompagnement en accords, aux solos de banjos en notes simples en passant par les solos en accords \u00e0 la guitare. Mais surtout il s&rsquo;accompagnait merveilleusement lorsqu&rsquo;il chantait. Menestrel infatigable, il avait toujours une chanson \u00e0 la bouche dans les moments creux :<\/span><br \/>\n<a href=\"https:\/\/i0.wp.com\/www.fabriceeulry-laboutique.com\/blog\/wp-content\/uploads\/2018\/06\/Alan-Kelly.png\"><img data-recalc-dims=\"1\" loading=\"lazy\" decoding=\"async\" class=\"aligncenter size-full wp-image-10785\" src=\"https:\/\/i0.wp.com\/www.fabriceeulry-laboutique.com\/blog\/wp-content\/uploads\/2018\/06\/Alan-Kelly.png?resize=425%2C603\" alt=\"Alan Kelly\" width=\"425\" height=\"603\" srcset=\"https:\/\/i0.wp.com\/www.fabriceeulry-laboutique.com\/blog\/wp-content\/uploads\/2018\/06\/Alan-Kelly.png?w=425 425w, https:\/\/i0.wp.com\/www.fabriceeulry-laboutique.com\/blog\/wp-content\/uploads\/2018\/06\/Alan-Kelly.png?resize=211%2C300 211w, https:\/\/i0.wp.com\/www.fabriceeulry-laboutique.com\/blog\/wp-content\/uploads\/2018\/06\/Alan-Kelly.png?resize=300%2C426 300w\" sizes=\"auto, (max-width: 425px) 100vw, 425px\" \/><\/a><\/h2>\n<h2 style=\"text-align: center;\"><span style=\"color: #000000;\">Il me revient en m\u00e9moire, une gal\u00e8re \u00e0 Annecy : apr\u00e8s une journ\u00e9e d&rsquo;incessantes animations de rue pour lesquelles la municipalit\u00e9 nous avait engag\u00e9 nous cherchions en vain le restaurant qui \u00e9tait pr\u00e9vu pour nous (j&rsquo;\u00e9tais pour une fois \u00e0 la clarinette, pas de piano portatif ce jour-l\u00e0 !) \u00a0Nos instruments \u00e9taient dans leurs \u00e9tuis et nous commencions \u00e0 grommeler. Alan n&rsquo;aimait pas ranger son banjo et nous suivait en chantant, l&rsquo;instrument en bandouli\u00e8re \u00e9grenant les accords d&rsquo;Always. C&rsquo;est ainsi que j&rsquo;appris par lui cette d\u00e9licieuse valse, que j&rsquo;enseigne encore dans mes mast\u00e8res classe avec toujours, une pens\u00e9e pour Alan.<\/span><\/h2>\n<h2 style=\"text-align: center;\"><span style=\"color: #000000;\">\u00a0Sans le savoir, Alan Kelly, joua un r\u00f4le primordial dans une phase de mon cheminement pianistique : un soir de 1991, le groupe Les Globe trotters se produisait au Slow-club<\/span><\/h2>\n<h2 style=\"text-align: center;\"><a href=\"https:\/\/i0.wp.com\/www.fabriceeulry-laboutique.com\/blog\/wp-content\/uploads\/2018\/06\/Alan-Kelly2.png\"><img data-recalc-dims=\"1\" loading=\"lazy\" decoding=\"async\" class=\"aligncenter size-large wp-image-10786\" src=\"https:\/\/i0.wp.com\/www.fabriceeulry-laboutique.com\/blog\/wp-content\/uploads\/2018\/06\/Alan-Kelly2.png?resize=164%2C168\" alt=\"Alan Kelly2\" width=\"164\" height=\"168\" \/><\/a><\/h2>\n<h2 style=\"text-align: center;\"><span style=\"color: #000000;\"><strong>Le groupe \u00e9tait compos\u00e9 de : <\/strong><\/span><\/h2>\n<h2 style=\"text-align: center;\"><span style=\"color: #000000;\"><strong>Philippe Pl\u00e9tan, contrebasse <\/strong><\/span><\/h2>\n<h2 style=\"text-align: center;\"><span style=\"color: #000000;\"><strong>Laurent Galeazzi batterie<\/strong><\/span><\/h2>\n<h2 style=\"text-align: center;\"><span style=\"color: #000000;\"><strong>Alan Kelly, guitare<\/strong><\/span><\/h2>\n<h2 style=\"text-align: center;\"><span style=\"color: #000000;\"><strong>Francis\u00a0<\/strong>Gu\u00e9ro, trombone <\/span><\/h2>\n<h2 style=\"text-align: center;\"><span style=\"color: #000000;\">Philippe Audibert (alias Alfred) saxophone\u00a0et clarinette <\/span><\/h2>\n<h2 style=\"text-align: center;\"><span style=\"color: #000000;\">Michel Bonnet \u00a0trompette<\/span><\/h2>\n<h2 style=\"text-align: center;\"><span style=\"color: #000000;\"><strong>\u00a0Le piano du club \u00e9tait donc libre et l&rsquo;on m&rsquo;invita pour improviser sur un morceau&#8230; Les Globe trotters me gard\u00e8rent toute la soir\u00e9e ! Ils m&rsquo;engag\u00e8rent m\u00eame r\u00e9guli\u00e8rement deux ann\u00e9es avec eux, et nous enregistr\u00e2mes deux disques. Que s&rsquo;\u00e9tait-il donc pass\u00e9 pendant cette soir\u00e9e ? Tout simplement, Alan Kelly d\u00e9roulait un tapis d&rsquo;accords clairs simples et pr\u00e9cis avec un swing parfait qui m&rsquo;inspirait. Pour la premi\u00e8re fois&#8230;\u00a0\u00bb<\/strong>\u00a0\u00c0 suivre&#8230;<\/span><\/h2>\n<h2><span style=\"color: #000000;\"><strong>F.E.<\/strong><\/span><\/h2>\n<p>&nbsp;<\/p>\n<h2 style=\"text-align: center;\"><span style=\"color: #000000;\">Voici Alan ici au banjo en 2011 dans une vid\u00e9o pleine d&rsquo;humour :<\/span><\/h2>\n<p style=\"text-align: center;\"><a href=\"https:\/\/www.facebook.com\/profile.php?id=1128218728\">https:\/\/www.facebook.com\/profile.php?id=1128218728<\/a><\/p>\n","protected":false},"excerpt":{"rendered":"<p>\u00a0\u00bb Le guitariste banjo\u00efste et chanteur nous a quitt\u00e9 de mani\u00e8re pr\u00e9matur\u00e9e, si l&rsquo;on en juge par les regrets unanimes et sinc\u00e8res de tous ses coll\u00e8gues. Alan Kelly semblait en effet hors du temps par sa courtoisie et sa discr\u00e9tion. &hellip; <a href=\"http:\/\/www.fabriceeulry-laboutique.com\/blog\/?p=10784\">Continuer la lecture <span class=\"meta-nav\">&rarr;<\/span><\/a><\/p>\n","protected":false},"author":2,"featured_media":0,"comment_status":"open","ping_status":"open","sticky":false,"template":"","format":"standard","meta":{"jetpack_post_was_ever_published":false,"_jetpack_newsletter_access":"","_jetpack_dont_email_post_to_subs":true,"_jetpack_newsletter_tier_id":0,"_jetpack_memberships_contains_paywalled_content":false,"_jetpack_memberships_contains_paid_content":false,"footnotes":"","jetpack_publicize_message":"","jetpack_publicize_feature_enabled":true,"jetpack_social_post_already_shared":true,"jetpack_social_options":{"image_generator_settings":{"template":"highway","default_image_id":0,"font":"","enabled":false},"version":2}},"categories":[1],"tags":[16],"class_list":["post-10784","post","type-post","status-publish","format-standard","hentry","category-non-classe","tag-hommages-aux-artistes"],"jetpack_publicize_connections":[],"jetpack_featured_media_url":"","jetpack_sharing_enabled":true,"jetpack_shortlink":"https:\/\/wp.me\/p2D6dI-2NW","jetpack_likes_enabled":true,"jetpack-related-posts":[{"id":831,"url":"http:\/\/www.fabriceeulry-laboutique.com\/blog\/?p=831","url_meta":{"origin":10784,"position":0},"title":"LE CONCERTO POUR PIANO N\u00b02","author":"Le Canard du pianiste","date":"23 octobre 2012","format":false,"excerpt":"LE JOURNAL DE SAONE ET LOIRE DU 21 OCTOBRE Une fin de festival en apoth\u00e9ose le 19\/10\/2012\u00a0 C\u2019est \u00e0 guichet ferm\u00e9 que la saison des nuits musicales de Trivy s\u2019est achev\u00e9e. Une salle comble donc mais pas seulement. Il y avait \u00e9galement beaucoup de monde sur sc\u00e8ne, puisque pour ce\u2026","rel":"","context":"Dans &quot;Non class\u00e9&quot;","block_context":{"text":"Non class\u00e9","link":"http:\/\/www.fabriceeulry-laboutique.com\/blog\/?cat=1"},"img":{"alt_text":"","src":"https:\/\/i0.wp.com\/www.fabriceeulry-laboutique.com\/blog\/wp-content\/uploads\/2012\/10\/Krypiec.jpg?resize=350%2C200","width":350,"height":200,"srcset":"https:\/\/i0.wp.com\/www.fabriceeulry-laboutique.com\/blog\/wp-content\/uploads\/2012\/10\/Krypiec.jpg?resize=350%2C200 1x, https:\/\/i0.wp.com\/www.fabriceeulry-laboutique.com\/blog\/wp-content\/uploads\/2012\/10\/Krypiec.jpg?resize=525%2C300 1.5x, https:\/\/i0.wp.com\/www.fabriceeulry-laboutique.com\/blog\/wp-content\/uploads\/2012\/10\/Krypiec.jpg?resize=700%2C400 2x, https:\/\/i0.wp.com\/www.fabriceeulry-laboutique.com\/blog\/wp-content\/uploads\/2012\/10\/Krypiec.jpg?resize=1050%2C600 3x, https:\/\/i0.wp.com\/www.fabriceeulry-laboutique.com\/blog\/wp-content\/uploads\/2012\/10\/Krypiec.jpg?resize=1400%2C800 4x"},"classes":[]},{"id":12319,"url":"http:\/\/www.fabriceeulry-laboutique.com\/blog\/?p=12319","url_meta":{"origin":10784,"position":1},"title":"REST IN PEACE, DEAR LITTLE RICHARD","author":"Le Canard du pianiste","date":"10 mai 2020","format":false,"excerpt":"Vous penserez peut-\u00eatre : \"Bon, 87 ans, il faut bien partir un jour\" mais tout aussi tristes que lorsqu'Elvis tira sa r\u00e9v\u00e9rence, nous ne dirons jamais assez tout ce que les autres doivent \u00e0 Little Richard. Par sa voix : James Brown, Tina Turner, Joe Cocker... : tous ceux qui\u2026","rel":"","context":"Dans &quot;Non class\u00e9&quot;","block_context":{"text":"Non class\u00e9","link":"http:\/\/www.fabriceeulry-laboutique.com\/blog\/?cat=1"},"img":{"alt_text":"","src":"https:\/\/i0.wp.com\/www.fabriceeulry-laboutique.com\/blog\/wp-content\/uploads\/2020\/05\/lit.png?resize=350%2C200","width":350,"height":200},"classes":[]},{"id":247,"url":"http:\/\/www.fabriceeulry-laboutique.com\/blog\/?p=247","url_meta":{"origin":10784,"position":2},"title":"ENTREVUE AVEC MARC LAFERRIERE","author":"Le Canard du pianiste","date":"1 f\u00e9vrier 2010","format":false,"excerpt":"\u00a0\u00a0En \u00e9coutant l'album de ton jubil\u00e9 (50 ans de carri\u00e8re musicale en 2006)\u00a0 je me r\u00e9gale autant que tu\u00a0as du le faire en s\u00e9lectionnant ces enregistrements qui retracent ton parcours. \u00a0\u00a0\u00a0Bien entendu, je n\u2019ai pas \u00e0 me plaindre\u00a0: 75 ans d\u2019\u00e2ge, et encore maintenant pr\u00e8s de soixante concerts par an\u2026","rel":"","context":"Dans &quot;Non class\u00e9&quot;","block_context":{"text":"Non class\u00e9","link":"http:\/\/www.fabriceeulry-laboutique.com\/blog\/?cat=1"},"img":{"alt_text":"eulry1.jpg","src":"https:\/\/i0.wp.com\/fabriceeulryunblogfr.unblog.fr\/files\/2010\/08\/eulry1.vignette.jpg?resize=350%2C200","width":350,"height":200},"classes":[]},{"id":785,"url":"http:\/\/www.fabriceeulry-laboutique.com\/blog\/?p=785","url_meta":{"origin":10784,"position":3},"title":"BOB DARTSCH VA NOUS MANQUER","author":"Le Canard du pianiste","date":"17 octobre 2012","format":false,"excerpt":"\u00a0Bob Dartsch a accompagn\u00e9 r\u00e9guli\u00e8rement Renaud Patigny avec le m\u00eame talent\u00a0qu'il su a d\u00e9ployer aupr\u00e8s\u00a0des trois quarts de ceux qui font du blues sur la plan\u00e8te. Il a\u00a0m\u00eame\u00a0enregistr\u00e9\u00a0avec Plastic Bertrand, touchant la somme de\u00a0500 francs fran\u00e7ais de 1977 comme batteur de Ca plane pour moi ! Nous avions d\u00e9cid\u00e9 Renaud\u2026","rel":"","context":"Dans &quot;Non class\u00e9&quot;","block_context":{"text":"Non class\u00e9","link":"http:\/\/www.fabriceeulry-laboutique.com\/blog\/?cat=1"},"img":{"alt_text":"","src":"https:\/\/i0.wp.com\/www.fabriceeulry-laboutique.com\/blog\/wp-content\/uploads\/2012\/10\/BOB-SLIM.jpg?resize=350%2C200","width":350,"height":200,"srcset":"https:\/\/i0.wp.com\/www.fabriceeulry-laboutique.com\/blog\/wp-content\/uploads\/2012\/10\/BOB-SLIM.jpg?resize=350%2C200 1x, https:\/\/i0.wp.com\/www.fabriceeulry-laboutique.com\/blog\/wp-content\/uploads\/2012\/10\/BOB-SLIM.jpg?resize=525%2C300 1.5x"},"classes":[]},{"id":2451,"url":"http:\/\/www.fabriceeulry-laboutique.com\/blog\/?p=2451","url_meta":{"origin":10784,"position":4},"title":"EH OUI C&rsquo;EST CA LA CLASSE !","author":"Le Canard du pianiste","date":"4 avril 2013","format":false,"excerpt":"\u00a0 cliquez sur l'image pour voir la vid\u00e9o Le batteur Jo Jones, et le contrebassiste Slam Stewart (qui chante \u00e0 l'unisson avec sa contrebasse pendant ses solos) improvisent sur C jam blues avec le\u00a0pianiste Milt Buckner qui pratique le block-chord. En quoi cela consiste-t-il ? Que fait donc Milt Buckner\u2026","rel":"","context":"Dans &quot;Non class\u00e9&quot;","block_context":{"text":"Non class\u00e9","link":"http:\/\/www.fabriceeulry-laboutique.com\/blog\/?cat=1"},"img":{"alt_text":"","src":"https:\/\/i0.wp.com\/www.fabriceeulry-laboutique.com\/blog\/wp-content\/uploads\/2013\/04\/Milt.png?resize=350%2C200","width":350,"height":200,"srcset":"https:\/\/i0.wp.com\/www.fabriceeulry-laboutique.com\/blog\/wp-content\/uploads\/2013\/04\/Milt.png?resize=350%2C200 1x, https:\/\/i0.wp.com\/www.fabriceeulry-laboutique.com\/blog\/wp-content\/uploads\/2013\/04\/Milt.png?resize=525%2C300 1.5x"},"classes":[]},{"id":7378,"url":"http:\/\/www.fabriceeulry-laboutique.com\/blog\/?p=7378","url_meta":{"origin":10784,"position":5},"title":"L&rsquo;IPSN ECRIT AU CANARD","author":"Le Canard du pianiste","date":"4 ao\u00fbt 2015","format":false,"excerpt":"Supermarch\u00e9 : cet ami qui vous envahit Ch\u00e8re amie, cher ami, Notre supermarch\u00e9 est un proche. C'est comme un ami. On va le voir souvent, surtout s'il nous manque quelque chose. Sa pr\u00e9sence nous rassure. S'il est \u00e0 court de produits, on r\u00e2le, s'il ferme c'est la panique. Et pourtant,\u2026","rel":"","context":"Dans &quot;Non class\u00e9&quot;","block_context":{"text":"Non class\u00e9","link":"http:\/\/www.fabriceeulry-laboutique.com\/blog\/?cat=1"},"img":{"alt_text":"","src":"","width":0,"height":0},"classes":[]}],"_links":{"self":[{"href":"http:\/\/www.fabriceeulry-laboutique.com\/blog\/index.php?rest_route=\/wp\/v2\/posts\/10784","targetHints":{"allow":["GET"]}}],"collection":[{"href":"http:\/\/www.fabriceeulry-laboutique.com\/blog\/index.php?rest_route=\/wp\/v2\/posts"}],"about":[{"href":"http:\/\/www.fabriceeulry-laboutique.com\/blog\/index.php?rest_route=\/wp\/v2\/types\/post"}],"author":[{"embeddable":true,"href":"http:\/\/www.fabriceeulry-laboutique.com\/blog\/index.php?rest_route=\/wp\/v2\/users\/2"}],"replies":[{"embeddable":true,"href":"http:\/\/www.fabriceeulry-laboutique.com\/blog\/index.php?rest_route=%2Fwp%2Fv2%2Fcomments&post=10784"}],"version-history":[{"count":9,"href":"http:\/\/www.fabriceeulry-laboutique.com\/blog\/index.php?rest_route=\/wp\/v2\/posts\/10784\/revisions"}],"predecessor-version":[{"id":10795,"href":"http:\/\/www.fabriceeulry-laboutique.com\/blog\/index.php?rest_route=\/wp\/v2\/posts\/10784\/revisions\/10795"}],"wp:attachment":[{"href":"http:\/\/www.fabriceeulry-laboutique.com\/blog\/index.php?rest_route=%2Fwp%2Fv2%2Fmedia&parent=10784"}],"wp:term":[{"taxonomy":"category","embeddable":true,"href":"http:\/\/www.fabriceeulry-laboutique.com\/blog\/index.php?rest_route=%2Fwp%2Fv2%2Fcategories&post=10784"},{"taxonomy":"post_tag","embeddable":true,"href":"http:\/\/www.fabriceeulry-laboutique.com\/blog\/index.php?rest_route=%2Fwp%2Fv2%2Ftags&post=10784"}],"curies":[{"name":"wp","href":"https:\/\/api.w.org\/{rel}","templated":true}]}}