{"id":10978,"date":"2018-09-11T21:21:43","date_gmt":"2018-09-11T21:21:43","guid":{"rendered":"http:\/\/www.fabriceeulry-laboutique.com\/blog\/?p=10978"},"modified":"2018-12-11T17:24:09","modified_gmt":"2018-12-11T17:24:09","slug":"le-petit-journal-sauve","status":"publish","type":"post","link":"http:\/\/www.fabriceeulry-laboutique.com\/blog\/?p=10978","title":{"rendered":"LE PETIT-JOURNAL SAUV\u00c9 ?"},"content":{"rendered":"<p><a href=\"http:\/\/www.fabriceeulry-laboutique.com\/blog\/wp-content\/uploads\/2017\/12\/entrio.png\"><br \/>\n<\/a><a href=\"http:\/\/www.fabriceeulry-laboutique.com\/blog\/wp-content\/uploads\/2016\/12\/PJ-COORDONNEES.png\"><br \/>\n<\/a><a href=\"https:\/\/i0.wp.com\/www.fabriceeulry-laboutique.com\/blog\/wp-content\/uploads\/2015\/04\/pj-.jpg\"><img data-recalc-dims=\"1\" loading=\"lazy\" decoding=\"async\" class=\"aligncenter size-full wp-image-6791\" src=\"https:\/\/i0.wp.com\/www.fabriceeulry-laboutique.com\/blog\/wp-content\/uploads\/2015\/04\/pj-.jpg?resize=328%2C97\" alt=\"pj\" width=\"328\" height=\"97\" srcset=\"https:\/\/i0.wp.com\/www.fabriceeulry-laboutique.com\/blog\/wp-content\/uploads\/2015\/04\/pj-.jpg?w=328 328w, https:\/\/i0.wp.com\/www.fabriceeulry-laboutique.com\/blog\/wp-content\/uploads\/2015\/04\/pj-.jpg?resize=300%2C88 300w\" sizes=\"auto, (max-width: 328px) 100vw, 328px\" \/><\/a><a href=\"https:\/\/i0.wp.com\/www.fabriceeulry-laboutique.com\/blog\/wp-content\/uploads\/2012\/09\/fabrice-au-PJ.jpg\"><img data-recalc-dims=\"1\" loading=\"lazy\" decoding=\"async\" class=\"aligncenter size-large wp-image-664\" src=\"https:\/\/i0.wp.com\/www.fabriceeulry-laboutique.com\/blog\/wp-content\/uploads\/2012\/09\/fabrice-au-PJ.jpg?resize=640%2C858\" alt=\"fabrice au PJ\" width=\"640\" height=\"858\" srcset=\"https:\/\/i0.wp.com\/www.fabriceeulry-laboutique.com\/blog\/wp-content\/uploads\/2012\/09\/fabrice-au-PJ.jpg?resize=764%2C1024 764w, https:\/\/i0.wp.com\/www.fabriceeulry-laboutique.com\/blog\/wp-content\/uploads\/2012\/09\/fabrice-au-PJ.jpg?resize=224%2C300 224w, https:\/\/i0.wp.com\/www.fabriceeulry-laboutique.com\/blog\/wp-content\/uploads\/2012\/09\/fabrice-au-PJ.jpg?w=956 956w\" sizes=\"auto, (max-width: 640px) 100vw, 640px\" \/><\/a><\/p>\n<p>&nbsp;<\/p>\n<h2 style=\"text-align: center;\"><span style=\"color: #000000;\">Le Canard du pianiste vous avait r\u00e9v\u00e9l\u00e9 en exclusivit\u00e9 que suite \u00e0 la mise en vente du lieu\u00a0mythique, une promesse de vente avait \u00e9t\u00e9 sign\u00e9e au printemps dernier avec un nouvel acqu\u00e9reur, dont les\u00a0intentions de prolonger la musique \u00e9taient plus que floues, et on a craint que la musique que l&rsquo;on y entend depuis 50 ans cesse d\u00e9finitivement. Or la vente a \u00e9t\u00e9 cass\u00e9e cet \u00e9t\u00e9 suite au d\u00e9couragement du nouvel acqu\u00e9reur turc et ses actionnaires chinois, face \u00e0 l&rsquo;injonction de la mairie du V\u00e8me (gr\u00e2ce lui en soit rendue) de respecter un arr\u00eat\u00e9 municipal rarement appliqu\u00e9 qui prot\u00e8ge les lieux de spectacle vivant&#8230;<\/span><\/h2>\n<h2 style=\"text-align: center;\"><a href=\"https:\/\/i0.wp.com\/www.fabriceeulry-laboutique.com\/blog\/wp-content\/uploads\/2017\/01\/PJ-COORDONNEES.png\"><img data-recalc-dims=\"1\" loading=\"lazy\" decoding=\"async\" class=\"size-full wp-image-9171 aligncenter\" src=\"https:\/\/i0.wp.com\/www.fabriceeulry-laboutique.com\/blog\/wp-content\/uploads\/2017\/01\/PJ-COORDONNEES.png?resize=350%2C335\" alt=\"PJ COORDONNEES\" width=\"350\" height=\"335\" srcset=\"https:\/\/i0.wp.com\/www.fabriceeulry-laboutique.com\/blog\/wp-content\/uploads\/2017\/01\/PJ-COORDONNEES.png?w=350 350w, https:\/\/i0.wp.com\/www.fabriceeulry-laboutique.com\/blog\/wp-content\/uploads\/2017\/01\/PJ-COORDONNEES.png?resize=300%2C287 300w\" sizes=\"auto, (max-width: 350px) 100vw, 350px\" \/><\/a><\/h2>\n<h2 style=\"text-align: center;\"><strong><span style=\"color: #000000;\">On respire car cette reculade prouve qu&rsquo;il aurait sans cette fermet\u00e9, bel et bien \u00e9t\u00e9 transform\u00e9 en kebab, avec \u00e9crans plats et clips de rap&#8230; Or si nous n&rsquo;avons rien contre ce genre d&rsquo;\u00e9tablissement*, il faut tout de m\u00eame reconna\u00eetre que cela ne manque gu\u00e8re \u00e0 Paris, alors qu&rsquo;il ne reste plus gu\u00e8re qu&rsquo;un ou deux lieux qui proposent la musique vivante que l&rsquo;on entend au\u00a0Petit-journal, avec ce savoir-faire en plus : les personnes travaillant au PJ y \u00e9tant rod\u00e9es depuis au moins trente ann\u00e9es pour certaines d&rsquo;entre elles. <\/span><\/strong><\/h2>\n<h2 style=\"text-align: center;\"><strong><span style=\"color: #000000;\">L&rsquo;avenir reste toutefois incertain : l&rsquo;industriel passionn\u00e9 qui, en\u00a0souhaitant y conserver tout l&rsquo;esprit, acheta le Petit-journal Saint-Michel il y trois ans aux fondateurs partis \u00e0 la retraite, d\u00e9c\u00e9da peu apr\u00e8s. Ses h\u00e9ritiers\u00a0pour qui ce fameux club ne repr\u00e9sente rien&#8230; ou plut\u00f4t si\u00a0(\u20ac&#8230;$&#8230;\u00a3&#8230;)&#8230; proposent donc toujours le Petit-journal Saint-Michel au plus offrant&#8230; <\/span><\/strong><\/h2>\n<h2 style=\"text-align: center;\"><strong><span style=\"color: #000000;\">Mais en attendant, comme tous les derniers lundi du mois depuis vingt ans, vous y retrouverez Fabrice Eulry au moins encore une fois :<\/span><\/strong><\/h2>\n<h2 style=\"text-align: center;\"><strong><span style=\"color: #000000;\">Tous au Petit-journal Saint Michel le lundi 24 septembre !<\/span><\/strong><\/h2>\n<h2 style=\"text-align: center;\"><strong><span style=\"color: #000000;\">Hauts les coeurs !<\/span><\/strong><\/h2>\n<h2 style=\"text-align: center;\"><strong><span style=\"color: #000000;\">* Q<\/span><\/strong><span style=\"color: #000000;\"><strong>uoique, \u00e0 force&#8230; (NDLR)<\/strong><\/span><\/h2>\n<h2 style=\"text-align: center;\"><\/h2>\n<h2 style=\"text-align: center;\"><\/h2>\n<h2 style=\"text-align: center;\"><span style=\"color: #000000;\">Le pianiste en trio, le cd enregistr\u00e9 au Petit-journal Saint-Michel<\/span><\/h2>\n<p><a href=\"https:\/\/i0.wp.com\/www.fabriceeulry-laboutique.com\/blog\/wp-content\/uploads\/2017\/12\/entrio.png\"><img data-recalc-dims=\"1\" loading=\"lazy\" decoding=\"async\" class=\"aligncenter size-full wp-image-9974\" src=\"https:\/\/i0.wp.com\/www.fabriceeulry-laboutique.com\/blog\/wp-content\/uploads\/2017\/12\/entrio.png?resize=281%2C278\" alt=\"entrio\" width=\"281\" height=\"278\" \/><\/a><\/p>\n<p style=\"text-align: center;\"><span style=\"color: #000000;\"><em>(cliquez sur le lien pour \u00e9couter des extraits et le commander)<\/em><\/span><\/p>\n<p style=\"text-align: center;\"><span style=\"color: #000000;\"><a style=\"color: #000000;\" href=\"http:\/\/www.fabriceeulry.com\/discographie.html\">http:\/\/www.fabriceeulry.com\/discographie.html<\/a><\/span><\/p>\n","protected":false},"excerpt":{"rendered":"<p>&nbsp; Le Canard du pianiste vous avait r\u00e9v\u00e9l\u00e9 en exclusivit\u00e9 que suite \u00e0 la mise en vente du lieu\u00a0mythique, une promesse de vente avait \u00e9t\u00e9 sign\u00e9e au printemps dernier avec un nouvel acqu\u00e9reur, dont les\u00a0intentions de prolonger la musique \u00e9taient &hellip; <a href=\"http:\/\/www.fabriceeulry-laboutique.com\/blog\/?p=10978\">Continuer la lecture <span class=\"meta-nav\">&rarr;<\/span><\/a><\/p>\n","protected":false},"author":2,"featured_media":0,"comment_status":"open","ping_status":"open","sticky":false,"template":"","format":"standard","meta":{"jetpack_post_was_ever_published":false,"_jetpack_newsletter_access":"","_jetpack_dont_email_post_to_subs":true,"_jetpack_newsletter_tier_id":0,"_jetpack_memberships_contains_paywalled_content":false,"_jetpack_memberships_contains_paid_content":false,"footnotes":"","jetpack_publicize_message":"","jetpack_publicize_feature_enabled":true,"jetpack_social_post_already_shared":true,"jetpack_social_options":{"image_generator_settings":{"template":"highway","default_image_id":0,"font":"","enabled":false},"version":2}},"categories":[1],"tags":[7],"class_list":["post-10978","post","type-post","status-publish","format-standard","hentry","category-non-classe","tag-petit-journal"],"jetpack_publicize_connections":[],"jetpack_featured_media_url":"","jetpack_sharing_enabled":true,"jetpack_shortlink":"https:\/\/wp.me\/p2D6dI-2R4","jetpack_likes_enabled":true,"jetpack-related-posts":[{"id":10841,"url":"http:\/\/www.fabriceeulry-laboutique.com\/blog\/?p=10841","url_meta":{"origin":10978,"position":0},"title":"LE DERNIER CONCERT AU PETIT-JOURNAL SAINT-MICHEL","author":"Le Canard du pianiste","date":"8 juillet 2018","format":false,"excerpt":"Le club mythique apr\u00e8s 50 ans de musique devrait dispara\u00eetre cet \u00e9t\u00e9 suite \u00e0 sa vente. En attendant r\u00e9jouissez-vous de retrouver Fabrice Eulry une derni\u00e8re fois au Petit-journal Saint-Michel le : mardi 17 juillet Le pianiste en trio, le cd enregistr\u00e9 au Petit-journal Saint-Michel (cliquez sur le lien pour \u00e9couter\u2026","rel":"","context":"Dans &quot;Non class\u00e9&quot;","block_context":{"text":"Non class\u00e9","link":"http:\/\/www.fabriceeulry-laboutique.com\/blog\/?cat=1"},"img":{"alt_text":"PJ COORDONNEES","src":"https:\/\/i0.wp.com\/www.fabriceeulry-laboutique.com\/blog\/wp-content\/uploads\/2017\/01\/PJ-COORDONNEES.png?resize=350%2C200","width":350,"height":200},"classes":[]},{"id":10817,"url":"http:\/\/www.fabriceeulry-laboutique.com\/blog\/?p=10817","url_meta":{"origin":10978,"position":1},"title":"LES DERNIERS CONCERTS DU PETIT-JOURNAL","author":"Le Canard du pianiste","date":"30 juin 2018","format":false,"excerpt":"Derniers concerts avant la fermeture estivale ou derniers concerts avant la disparition d\u00e9finitive du Petit-journal Saint Michel ? C'est ce que La Canard du pianiste vous r\u00e9v\u00e8lera d\u00e8s que possible. Les renseignements de premi\u00e8re main que nous poss\u00e9dons ne sont cela dit pas tr\u00e8s rassurants. En attendant r\u00e9jouissez-vous de retrouver\u2026","rel":"","context":"Dans &quot;Non class\u00e9&quot;","block_context":{"text":"Non class\u00e9","link":"http:\/\/www.fabriceeulry-laboutique.com\/blog\/?cat=1"},"img":{"alt_text":"PJ COORDONNEES","src":"https:\/\/i0.wp.com\/www.fabriceeulry-laboutique.com\/blog\/wp-content\/uploads\/2017\/01\/PJ-COORDONNEES.png?resize=350%2C200","width":350,"height":200},"classes":[]},{"id":10751,"url":"http:\/\/www.fabriceeulry-laboutique.com\/blog\/?p=10751","url_meta":{"origin":10978,"position":2},"title":"LE PETIT-JOURNAL SAINT-MICHEL VA-T-IL DISPARA\u00ceTRE ?","author":"Le Canard du pianiste","date":"23 mai 2018","format":false,"excerpt":"Comme tous les derniers lundi du mois, Fabrice Eulry se produira en piano solo le lundi 28 mai 2018 R\u00e9servez d\u00e8s \u00e0 pr\u00e9sent, car en avril dernier le\u00a0Petit-journal \u00e9tait complet pour \u00e9couter sa musique ! En effet Petit-journal Saint-Michel ne d\u00e9semplit pas depuis que le public a vent de son\u2026","rel":"","context":"Dans &quot;Non class\u00e9&quot;","block_context":{"text":"Non class\u00e9","link":"http:\/\/www.fabriceeulry-laboutique.com\/blog\/?cat=1"},"img":{"alt_text":"PJ COORDONNEES","src":"https:\/\/i0.wp.com\/www.fabriceeulry-laboutique.com\/blog\/wp-content\/uploads\/2017\/01\/PJ-COORDONNEES.png?resize=350%2C200","width":350,"height":200},"classes":[]},{"id":10757,"url":"http:\/\/www.fabriceeulry-laboutique.com\/blog\/?p=10757","url_meta":{"origin":10978,"position":3},"title":"DERNIERS (?) CONCERTS AU PETIT-JOURNAL SAINT-MICHEL ?","author":"Le Canard du pianiste","date":"23 mai 2018","format":false,"excerpt":"Derniers concerts avant la fermeture estivale ou derniers concerts avant la disparition d\u00e9finitive du Petit-journal Saint Michel ? C'est ce que La Canard du pianiste vous r\u00e9v\u00e8lera d\u00e8s que possible. Les renseignements de premi\u00e8re main que nous poss\u00e9dons ne sont cela dit pas tr\u00e8s rassurants. En attendant r\u00e9jouissez-vous de retrouver\u2026","rel":"","context":"Dans &quot;Non class\u00e9&quot;","block_context":{"text":"Non class\u00e9","link":"http:\/\/www.fabriceeulry-laboutique.com\/blog\/?cat=1"},"img":{"alt_text":"PJ COORDONNEES","src":"https:\/\/i0.wp.com\/www.fabriceeulry-laboutique.com\/blog\/wp-content\/uploads\/2017\/01\/PJ-COORDONNEES.png?resize=350%2C200","width":350,"height":200},"classes":[]},{"id":10474,"url":"http:\/\/www.fabriceeulry-laboutique.com\/blog\/?p=10474","url_meta":{"origin":10978,"position":4},"title":"LE PHILHARMONIQUE DE KHARKIV \u00c0 PARIS","author":"Le Canard du pianiste","date":"12 mars 2018","format":false,"excerpt":"Lib\u00e9r\u00e9s de leur bus magique qui transporte aussi tous les instruments les 40 musiciens arrivent \u00e0 Paris rue Saint-Paul, pour jouer le soir m\u00eame \u00e0 l'auditorium du conservatoire du V\u00e8me avec les pianistes \u00a0Elizabeth Sombart et Fabrice Eulry (au centre) entour\u00e9 ici d'Oleg Yugan hautbo\u00efste, et \u00e0 droite le chef\u2026","rel":"","context":"Dans &quot;Non class\u00e9&quot;","block_context":{"text":"Non class\u00e9","link":"http:\/\/www.fabriceeulry-laboutique.com\/blog\/?cat=1"},"img":{"alt_text":"busp1","src":"https:\/\/i0.wp.com\/www.fabriceeulry-laboutique.com\/blog\/wp-content\/uploads\/2018\/03\/busp1-1024x452.png?resize=350%2C200","width":350,"height":200,"srcset":"https:\/\/i0.wp.com\/www.fabriceeulry-laboutique.com\/blog\/wp-content\/uploads\/2018\/03\/busp1-1024x452.png?resize=350%2C200 1x, https:\/\/i0.wp.com\/www.fabriceeulry-laboutique.com\/blog\/wp-content\/uploads\/2018\/03\/busp1-1024x452.png?resize=525%2C300 1.5x, https:\/\/i0.wp.com\/www.fabriceeulry-laboutique.com\/blog\/wp-content\/uploads\/2018\/03\/busp1-1024x452.png?resize=700%2C400 2x"},"classes":[]},{"id":869,"url":"http:\/\/www.fabriceeulry-laboutique.com\/blog\/?p=869","url_meta":{"origin":10978,"position":5},"title":"CHRONIQUES DU PETIT-JOURNAL ST MICHEL","author":"Le Canard du pianiste","date":"8 mars 2016","format":false,"excerpt":"\u00a0 Pour ceux qui ne sont jamais venus au Petit-journal St Michel (\u00e0 ne pas confondre avec le Petit-journal Montparnasse), notez la proximit\u00e9 du public autour de l'artiste, qui cr\u00e9e une intimit\u00e9, voire certains soirs, une communion toute particuli\u00e8re au lieu. \u00a0 \u00a0C'est l'unique rendez-vous r\u00e9gulier mensuel de Fabrice Eulry\u2026","rel":"","context":"Dans &quot;Non class\u00e9&quot;","block_context":{"text":"Non class\u00e9","link":"http:\/\/www.fabriceeulry-laboutique.com\/blog\/?cat=1"},"img":{"alt_text":"dasha","src":"https:\/\/i0.wp.com\/www.fabriceeulry-laboutique.com\/blog\/wp-content\/uploads\/2015\/12\/dasha-.jpg?resize=350%2C200","width":350,"height":200},"classes":[]}],"_links":{"self":[{"href":"http:\/\/www.fabriceeulry-laboutique.com\/blog\/index.php?rest_route=\/wp\/v2\/posts\/10978","targetHints":{"allow":["GET"]}}],"collection":[{"href":"http:\/\/www.fabriceeulry-laboutique.com\/blog\/index.php?rest_route=\/wp\/v2\/posts"}],"about":[{"href":"http:\/\/www.fabriceeulry-laboutique.com\/blog\/index.php?rest_route=\/wp\/v2\/types\/post"}],"author":[{"embeddable":true,"href":"http:\/\/www.fabriceeulry-laboutique.com\/blog\/index.php?rest_route=\/wp\/v2\/users\/2"}],"replies":[{"embeddable":true,"href":"http:\/\/www.fabriceeulry-laboutique.com\/blog\/index.php?rest_route=%2Fwp%2Fv2%2Fcomments&post=10978"}],"version-history":[{"count":6,"href":"http:\/\/www.fabriceeulry-laboutique.com\/blog\/index.php?rest_route=\/wp\/v2\/posts\/10978\/revisions"}],"predecessor-version":[{"id":11027,"href":"http:\/\/www.fabriceeulry-laboutique.com\/blog\/index.php?rest_route=\/wp\/v2\/posts\/10978\/revisions\/11027"}],"wp:attachment":[{"href":"http:\/\/www.fabriceeulry-laboutique.com\/blog\/index.php?rest_route=%2Fwp%2Fv2%2Fmedia&parent=10978"}],"wp:term":[{"taxonomy":"category","embeddable":true,"href":"http:\/\/www.fabriceeulry-laboutique.com\/blog\/index.php?rest_route=%2Fwp%2Fv2%2Fcategories&post=10978"},{"taxonomy":"post_tag","embeddable":true,"href":"http:\/\/www.fabriceeulry-laboutique.com\/blog\/index.php?rest_route=%2Fwp%2Fv2%2Ftags&post=10978"}],"curies":[{"name":"wp","href":"https:\/\/api.w.org\/{rel}","templated":true}]}}