{"id":10992,"date":"2018-09-14T00:08:09","date_gmt":"2018-09-14T00:08:09","guid":{"rendered":"http:\/\/www.fabriceeulry-laboutique.com\/blog\/?p=10992"},"modified":"2018-12-11T17:22:50","modified_gmt":"2018-12-11T17:22:50","slug":"retour-sur-un-festival-dete","status":"publish","type":"post","link":"http:\/\/www.fabriceeulry-laboutique.com\/blog\/?p=10992","title":{"rendered":"RETOUR SUR UN FESTIVAL D&rsquo;\u00c9T\u00c9"},"content":{"rendered":"<p style=\"text-align: center;\"><span style=\"color: #000000;\"><strong>Un extrait du bulletin d&rsquo;Espalion nous narre le r\u00e9cital du 15 ao\u00fbt dans ce clo\u00eetre merveilleux au bord du Lot :<\/strong><\/span><\/p>\n<p><a href=\"https:\/\/i0.wp.com\/www.fabriceeulry-laboutique.com\/blog\/wp-content\/uploads\/2018\/09\/st-geniez-2018.png\"><img data-recalc-dims=\"1\" loading=\"lazy\" decoding=\"async\" class=\"aligncenter size-full wp-image-10993\" src=\"https:\/\/i0.wp.com\/www.fabriceeulry-laboutique.com\/blog\/wp-content\/uploads\/2018\/09\/st-geniez-2018.png?resize=620%2C479\" alt=\"st geniez 2018\" width=\"620\" height=\"479\" srcset=\"https:\/\/i0.wp.com\/www.fabriceeulry-laboutique.com\/blog\/wp-content\/uploads\/2018\/09\/st-geniez-2018.png?w=620 620w, https:\/\/i0.wp.com\/www.fabriceeulry-laboutique.com\/blog\/wp-content\/uploads\/2018\/09\/st-geniez-2018.png?resize=300%2C232 300w\" sizes=\"auto, (max-width: 620px) 100vw, 620px\" \/><\/a><\/p>\n","protected":false},"excerpt":{"rendered":"<p>Un extrait du bulletin d&rsquo;Espalion nous narre le r\u00e9cital du 15 ao\u00fbt dans ce clo\u00eetre merveilleux au bord du Lot :<\/p>\n","protected":false},"author":2,"featured_media":0,"comment_status":"open","ping_status":"open","sticky":false,"template":"","format":"standard","meta":{"jetpack_post_was_ever_published":false,"_jetpack_newsletter_access":"","_jetpack_dont_email_post_to_subs":true,"_jetpack_newsletter_tier_id":0,"_jetpack_memberships_contains_paywalled_content":false,"_jetpack_memberships_contains_paid_content":false,"footnotes":"","jetpack_publicize_message":"","jetpack_publicize_feature_enabled":true,"jetpack_social_post_already_shared":true,"jetpack_social_options":{"image_generator_settings":{"template":"highway","default_image_id":0,"font":"","enabled":false},"version":2}},"categories":[1],"tags":[9],"class_list":["post-10992","post","type-post","status-publish","format-standard","hentry","category-non-classe","tag-blues-en-aveyron"],"jetpack_publicize_connections":[],"jetpack_featured_media_url":"","jetpack_sharing_enabled":true,"jetpack_shortlink":"https:\/\/wp.me\/p2D6dI-2Ri","jetpack_likes_enabled":true,"jetpack-related-posts":[{"id":12643,"url":"http:\/\/www.fabriceeulry-laboutique.com\/blog\/?p=12643","url_meta":{"origin":10992,"position":0},"title":"BLUES EN AVEYRON F\u00caTE SES 5 ANS","author":"Le Canard du pianiste","date":"17 septembre 2022","format":false,"excerpt":"Voici la billetterie en ligne : https:\/\/my.weezevent.com\/blues-en-aveyron-2022 Les billets seront \u00e9galement disponibles \u00e0 la librairie du Pont-virgule d'Espalion \u00e0 partir du samedi 24 septembre Du 20 au 23 octobre 2022, la sixi\u00e8me \u00e9dition du festival vous propose : Emilie Hedou et Fabrice Eulry : \"Emilie Hedou et Fabrice Eulry :\u2026","rel":"","context":"Dans &quot;Non class\u00e9&quot;","block_context":{"text":"Non class\u00e9","link":"http:\/\/www.fabriceeulry-laboutique.com\/blog\/?cat=1"},"img":{"alt_text":"","src":"https:\/\/i0.wp.com\/www.fabriceeulry-laboutique.com\/blog\/wp-content\/uploads\/2022\/09\/Emilie-Fab.png?resize=350%2C200","width":350,"height":200,"srcset":"https:\/\/i0.wp.com\/www.fabriceeulry-laboutique.com\/blog\/wp-content\/uploads\/2022\/09\/Emilie-Fab.png?resize=350%2C200 1x, https:\/\/i0.wp.com\/www.fabriceeulry-laboutique.com\/blog\/wp-content\/uploads\/2022\/09\/Emilie-Fab.png?resize=525%2C300 1.5x, https:\/\/i0.wp.com\/www.fabriceeulry-laboutique.com\/blog\/wp-content\/uploads\/2022\/09\/Emilie-Fab.png?resize=700%2C400 2x, https:\/\/i0.wp.com\/www.fabriceeulry-laboutique.com\/blog\/wp-content\/uploads\/2022\/09\/Emilie-Fab.png?resize=1050%2C600 3x, https:\/\/i0.wp.com\/www.fabriceeulry-laboutique.com\/blog\/wp-content\/uploads\/2022\/09\/Emilie-Fab.png?resize=1400%2C800 4x"},"classes":[]},{"id":9340,"url":"http:\/\/www.fabriceeulry-laboutique.com\/blog\/?p=9340","url_meta":{"origin":10992,"position":1},"title":"CONCERT CONF\u00c9RENCE SUR LE SWING POUR UNE \u00c9GLISE ROMANE","author":"Le Canard du pianiste","date":"1 avril 2017","format":false,"excerpt":"Un choeur de l'an mille class\u00e9, un toit bourguignon traditionnel pr\u00eat \u00e0 s'effondrer et pendant longtemps aucun \u00e9moi des\u00a0institutions en\u00a0charge du patrimoine... Heureusement les choses finissent par bouger : les habitants du village cr\u00e9ent d'abord une association qui les r\u00e9veillent et les sensibilise. \u00c0 la base du regain d'int\u00e9r\u00eat, la\u2026","rel":"","context":"Dans &quot;Non class\u00e9&quot;","block_context":{"text":"Non class\u00e9","link":"http:\/\/www.fabriceeulry-laboutique.com\/blog\/?cat=1"},"img":{"alt_text":"","src":"https:\/\/i0.wp.com\/www.fabriceeulry-laboutique.com\/blog\/wp-content\/uploads\/2017\/04\/swing-%C3%A0-chiddes.png?resize=350%2C200","width":350,"height":200},"classes":[]},{"id":12270,"url":"http:\/\/www.fabriceeulry-laboutique.com\/blog\/?p=12270","url_meta":{"origin":10992,"position":2},"title":"ELVIS ET PLUS","author":"Le Canard du pianiste","date":"18 f\u00e9vrier 2020","format":false,"excerpt":"Dimanche 8 mars 2020 de 17h \u00e0 18h : Venez d\u00e9couvrir ce petit th\u00e9\u00e2tre par la m\u00eame occasion ! AU WELCOME\u00a0:\u00a009 80 32 33 00 we.welcome@gmail.com 6 rue du Docteur Naudier\u00a0\u00a0 77400 LAGNY-SUR-MARNE Ricky Norton est reconnu comme l\u2019un des meilleurs interpr\u00e8tes du King. Il a \u00e9t\u00e9 choisi par les\u2026","rel":"","context":"Dans &quot;Non class\u00e9&quot;","block_context":{"text":"Non class\u00e9","link":"http:\/\/www.fabriceeulry-laboutique.com\/blog\/?cat=1"},"img":{"alt_text":"","src":"https:\/\/i0.wp.com\/www.fabriceeulry-laboutique.com\/blog\/wp-content\/uploads\/2020\/02\/ricfab.png?resize=350%2C200","width":350,"height":200},"classes":[]},{"id":12427,"url":"http:\/\/www.fabriceeulry-laboutique.com\/blog\/?p=12427","url_meta":{"origin":10992,"position":3},"title":"LE CANARD DU PIANISTE A FAILLI FINIR EN MAGRET","author":"Le Canard du pianiste","date":"26 septembre 2020","format":false,"excerpt":"Chers lecteurs, Les pirates du net ont cherch\u00e9 \u00e0 m'abattre en plein vol. Ils auraient tir\u00e9 un bien maigre b\u00e9n\u00e9fice de cette capture, car en r\u00e9alit\u00e9 leur but \u00e9tait de profiter de la na\u00efvet\u00e9 du r\u00e9dacteur en chef pour qu'il donne ses coordonn\u00e9es bancaires en lui faisant croire que le\u2026","rel":"","context":"Dans &quot;Non class\u00e9&quot;","block_context":{"text":"Non class\u00e9","link":"http:\/\/www.fabriceeulry-laboutique.com\/blog\/?cat=1"},"img":{"alt_text":"","src":"https:\/\/i0.wp.com\/www.fabriceeulry-laboutique.com\/blog\/wp-content\/uploads\/2019\/10\/rel.png?resize=350%2C200","width":350,"height":200,"srcset":"https:\/\/i0.wp.com\/www.fabriceeulry-laboutique.com\/blog\/wp-content\/uploads\/2019\/10\/rel.png?resize=350%2C200 1x, https:\/\/i0.wp.com\/www.fabriceeulry-laboutique.com\/blog\/wp-content\/uploads\/2019\/10\/rel.png?resize=525%2C300 1.5x, https:\/\/i0.wp.com\/www.fabriceeulry-laboutique.com\/blog\/wp-content\/uploads\/2019\/10\/rel.png?resize=700%2C400 2x"},"classes":[]},{"id":8159,"url":"http:\/\/www.fabriceeulry-laboutique.com\/blog\/?p=8159","url_meta":{"origin":10992,"position":4},"title":"AU THEATRE DU REMPART ! FESTIVAL D&rsquo;AVIGNON","author":"Le Canard du pianiste","date":"27 f\u00e9vrier 2016","format":false,"excerpt":"Fabrice Eulry donnera son spectacle D\u00e9concerto pour un seul homme, tous les jours \u00e0 22 heures au th\u00e9\u00e2tre du rempart du 8 au 30 juillet 2016. Le canard du pianiste vous confirme cette information avant m\u00eame qu'elle ne soit officielle. Aussi vous ne la trouverez que dans quelques jours dans\u2026","rel":"","context":"Dans &quot;Non class\u00e9&quot;","block_context":{"text":"Non class\u00e9","link":"http:\/\/www.fabriceeulry-laboutique.com\/blog\/?cat=1"},"img":{"alt_text":"","src":"https:\/\/i0.wp.com\/www.fabriceeulry-laboutique.com\/blog\/wp-content\/uploads\/2016\/02\/rempart-1-.jpg?resize=350%2C200","width":350,"height":200,"srcset":"https:\/\/i0.wp.com\/www.fabriceeulry-laboutique.com\/blog\/wp-content\/uploads\/2016\/02\/rempart-1-.jpg?resize=350%2C200 1x, https:\/\/i0.wp.com\/www.fabriceeulry-laboutique.com\/blog\/wp-content\/uploads\/2016\/02\/rempart-1-.jpg?resize=525%2C300 1.5x"},"classes":[]},{"id":13032,"url":"http:\/\/www.fabriceeulry-laboutique.com\/blog\/?p=13032","url_meta":{"origin":10992,"position":5},"title":"LE DERNIER CONCERT DONN\u00c9 \u00c0 LA GLORIEUSE SALLE DU CONSERVATOIRE DE BRUXELLES","author":"Le Canard du pianiste","date":"11 ao\u00fbt 2024","format":false,"excerpt":"Saluons la mise en ligne d'une vid\u00e9o de I can't stop lovin' you. Il s'agit du d\u00e9but du r\u00e9cital de Fabrice Eulry donn\u00e9 au printemps dernier dans la glorieuse salle du conservatoire de Bruxelles, juste avant sa fermeture pour travaux qui vont durer plusieurs ann\u00e9es. https:\/\/www.youtube.com\/watch?v=EqLYDm6bPy8","rel":"","context":"Dans &quot;Non class\u00e9&quot;","block_context":{"text":"Non class\u00e9","link":"http:\/\/www.fabriceeulry-laboutique.com\/blog\/?cat=1"},"img":{"alt_text":"","src":"https:\/\/i0.wp.com\/img.youtube.com\/vi\/EqLYDm6bPy8\/0.jpg?resize=350%2C200","width":350,"height":200},"classes":[]}],"_links":{"self":[{"href":"http:\/\/www.fabriceeulry-laboutique.com\/blog\/index.php?rest_route=\/wp\/v2\/posts\/10992","targetHints":{"allow":["GET"]}}],"collection":[{"href":"http:\/\/www.fabriceeulry-laboutique.com\/blog\/index.php?rest_route=\/wp\/v2\/posts"}],"about":[{"href":"http:\/\/www.fabriceeulry-laboutique.com\/blog\/index.php?rest_route=\/wp\/v2\/types\/post"}],"author":[{"embeddable":true,"href":"http:\/\/www.fabriceeulry-laboutique.com\/blog\/index.php?rest_route=\/wp\/v2\/users\/2"}],"replies":[{"embeddable":true,"href":"http:\/\/www.fabriceeulry-laboutique.com\/blog\/index.php?rest_route=%2Fwp%2Fv2%2Fcomments&post=10992"}],"version-history":[{"count":3,"href":"http:\/\/www.fabriceeulry-laboutique.com\/blog\/index.php?rest_route=\/wp\/v2\/posts\/10992\/revisions"}],"predecessor-version":[{"id":10996,"href":"http:\/\/www.fabriceeulry-laboutique.com\/blog\/index.php?rest_route=\/wp\/v2\/posts\/10992\/revisions\/10996"}],"wp:attachment":[{"href":"http:\/\/www.fabriceeulry-laboutique.com\/blog\/index.php?rest_route=%2Fwp%2Fv2%2Fmedia&parent=10992"}],"wp:term":[{"taxonomy":"category","embeddable":true,"href":"http:\/\/www.fabriceeulry-laboutique.com\/blog\/index.php?rest_route=%2Fwp%2Fv2%2Fcategories&post=10992"},{"taxonomy":"post_tag","embeddable":true,"href":"http:\/\/www.fabriceeulry-laboutique.com\/blog\/index.php?rest_route=%2Fwp%2Fv2%2Ftags&post=10992"}],"curies":[{"name":"wp","href":"https:\/\/api.w.org\/{rel}","templated":true}]}}