{"id":11011,"date":"2018-09-17T15:24:59","date_gmt":"2018-09-17T15:24:59","guid":{"rendered":"http:\/\/www.fabriceeulry-laboutique.com\/blog\/?p=11011"},"modified":"2018-12-12T00:09:14","modified_gmt":"2018-12-12T00:09:14","slug":"le-concerto-n-3-bienvenu-chez-les-chtis","status":"publish","type":"post","link":"http:\/\/www.fabriceeulry-laboutique.com\/blog\/?p=11011","title":{"rendered":"LE CONCERTO N\u00b0 3 EST BIENVENU CHEZ LES CH&rsquo;TIS"},"content":{"rendered":"<p style=\"text-align: center;\"><span style=\"color: #000000;\"><strong>ET IL FAUT R\u00c9SERVER TOUT DE SUITE ! CAR IL N&rsquo;Y A QUE 250 PLACES, ET EN MARS DERNIER, C&rsquo;\u00c9TAIT COMPLET !<\/strong><\/span><\/p>\n<p style=\"text-align: center;\"><span><strong><span style=\"color: #000000;\">\u00e0 J-3 : 50% de r\u00e9servations !<\/span><\/strong><\/span><\/p>\n<p style=\"text-align: center;\"><span style=\"color: #000000;\"><strong>R\u00e9servation : 06 30 10 75 90<\/strong><\/span><\/p>\n<p style=\"text-align: center;\"><a href=\"https:\/\/i0.wp.com\/www.fabriceeulry-laboutique.com\/blog\/wp-content\/uploads\/2016\/03\/phil-khar-Marcq-16102018.png\"><img data-recalc-dims=\"1\" loading=\"lazy\" decoding=\"async\" class=\"aligncenter size-full wp-image-11009\" src=\"https:\/\/i0.wp.com\/www.fabriceeulry-laboutique.com\/blog\/wp-content\/uploads\/2016\/03\/phil-khar-Marcq-16102018.png?resize=458%2C649\" alt=\"phil khar Marcq 16:10:2018\" width=\"458\" height=\"649\" srcset=\"https:\/\/i0.wp.com\/www.fabriceeulry-laboutique.com\/blog\/wp-content\/uploads\/2016\/03\/phil-khar-Marcq-16102018.png?w=458 458w, https:\/\/i0.wp.com\/www.fabriceeulry-laboutique.com\/blog\/wp-content\/uploads\/2016\/03\/phil-khar-Marcq-16102018.png?resize=212%2C300 212w, https:\/\/i0.wp.com\/www.fabriceeulry-laboutique.com\/blog\/wp-content\/uploads\/2016\/03\/phil-khar-Marcq-16102018.png?resize=300%2C425 300w\" sizes=\"auto, (max-width: 458px) 100vw, 458px\" \/><\/a><\/p>\n<p style=\"text-align: center;\"><strong><span style=\"color: #000000;\">R\u00e9servation : 06 30 10 75 90<\/span><\/strong><\/p>\n","protected":false},"excerpt":{"rendered":"<p>ET IL FAUT R\u00c9SERVER TOUT DE SUITE ! CAR IL N&rsquo;Y A QUE 250 PLACES, ET EN MARS DERNIER, C&rsquo;\u00c9TAIT COMPLET ! \u00e0 J-3 : 50% de r\u00e9servations ! R\u00e9servation : 06 30 10 75 90 R\u00e9servation : 06 30 &hellip; <a href=\"http:\/\/www.fabriceeulry-laboutique.com\/blog\/?p=11011\">Continuer la lecture <span class=\"meta-nav\">&rarr;<\/span><\/a><\/p>\n","protected":false},"author":2,"featured_media":0,"comment_status":"open","ping_status":"open","sticky":false,"template":"","format":"standard","meta":{"jetpack_post_was_ever_published":false,"_jetpack_newsletter_access":"","_jetpack_dont_email_post_to_subs":true,"_jetpack_newsletter_tier_id":0,"_jetpack_memberships_contains_paywalled_content":false,"_jetpack_memberships_contains_paid_content":false,"footnotes":"","jetpack_publicize_message":"","jetpack_publicize_feature_enabled":true,"jetpack_social_post_already_shared":true,"jetpack_social_options":{"image_generator_settings":{"template":"highway","default_image_id":0,"font":"","enabled":false},"version":2}},"categories":[1],"tags":[11],"class_list":["post-11011","post","type-post","status-publish","format-standard","hentry","category-non-classe","tag-musique-philharmonique"],"jetpack_publicize_connections":[],"jetpack_featured_media_url":"","jetpack_sharing_enabled":true,"jetpack_shortlink":"https:\/\/wp.me\/p2D6dI-2RB","jetpack_likes_enabled":true,"jetpack-related-posts":[{"id":6176,"url":"http:\/\/www.fabriceeulry-laboutique.com\/blog\/?p=6176","url_meta":{"origin":11011,"position":0},"title":"CABU ET BERNARD MARIS","author":"Le Canard du pianiste","date":"8 janvier 2015","format":false,"excerpt":"Cabu habitait Saint Germain des pr\u00e8s et venait souvent dans les clubs dessiner les musiciens discr\u00e8tement \"\u00e0 l'aveugle\" le crayon et la feuille dans sa poche. Un jour, il m'offrit un croquis de moi au piano en pleine action, qui me fit rire comme tous ses dessins d\u00e8s 1970, quand\u2026","rel":"","context":"Dans &quot;Non class\u00e9&quot;","block_context":{"text":"Non class\u00e9","link":"http:\/\/www.fabriceeulry-laboutique.com\/blog\/?cat=1"},"img":{"alt_text":"","src":"https:\/\/i0.wp.com\/www.fabriceeulry-laboutique.com\/blog\/wp-content\/uploads\/2015\/01\/Cab-.jpg?resize=350%2C200","width":350,"height":200,"srcset":"https:\/\/i0.wp.com\/www.fabriceeulry-laboutique.com\/blog\/wp-content\/uploads\/2015\/01\/Cab-.jpg?resize=350%2C200 1x, https:\/\/i0.wp.com\/www.fabriceeulry-laboutique.com\/blog\/wp-content\/uploads\/2015\/01\/Cab-.jpg?resize=525%2C300 1.5x, https:\/\/i0.wp.com\/www.fabriceeulry-laboutique.com\/blog\/wp-content\/uploads\/2015\/01\/Cab-.jpg?resize=700%2C400 2x"},"classes":[]},{"id":13244,"url":"http:\/\/www.fabriceeulry-laboutique.com\/blog\/?p=13244","url_meta":{"origin":11011,"position":1},"title":"RETOUR DU DUO DE CHOC","author":"Le Canard du pianiste","date":"6 avril 2025","format":false,"excerpt":"dimanche 13 avril : Duo Alice et Fabrice Eulry On connaissait d\u00e9j\u00e0 ce duo par d\u00e9cennie (Back to the 60's, back to the 70's Back to the 80's...). \u00a9 Morisson Milla avec les remerciements du Canard du pianiste Mais avec une affiche qui produit trois pl\u00e9onasmes (d\u00e9busquez-les ! deux au\u2026","rel":"","context":"Dans &quot;Non class\u00e9&quot;","block_context":{"text":"Non class\u00e9","link":"http:\/\/www.fabriceeulry-laboutique.com\/blog\/?cat=1"},"img":{"alt_text":"","src":"https:\/\/i0.wp.com\/www.fabriceeulry-laboutique.com\/blog\/wp-content\/uploads\/2025\/04\/BACK-TO-THE-60S-3.png?resize=350%2C200","width":350,"height":200,"srcset":"https:\/\/i0.wp.com\/www.fabriceeulry-laboutique.com\/blog\/wp-content\/uploads\/2025\/04\/BACK-TO-THE-60S-3.png?resize=350%2C200 1x, https:\/\/i0.wp.com\/www.fabriceeulry-laboutique.com\/blog\/wp-content\/uploads\/2025\/04\/BACK-TO-THE-60S-3.png?resize=525%2C300 1.5x, https:\/\/i0.wp.com\/www.fabriceeulry-laboutique.com\/blog\/wp-content\/uploads\/2025\/04\/BACK-TO-THE-60S-3.png?resize=700%2C400 2x, https:\/\/i0.wp.com\/www.fabriceeulry-laboutique.com\/blog\/wp-content\/uploads\/2025\/04\/BACK-TO-THE-60S-3.png?resize=1050%2C600 3x"},"classes":[]},{"id":10826,"url":"http:\/\/www.fabriceeulry-laboutique.com\/blog\/?p=10826","url_meta":{"origin":11011,"position":2},"title":"FRANCE 1 URUGUAY 0","author":"Le Canard du pianiste","date":"6 juillet 2018","format":false,"excerpt":"Si ce pronostic se r\u00e9v\u00e8le exact, vous le savez, il sera presque impossible de circuler \u00e0 Paris ce vendredi 5 juillet, et de trouver un coin calme sauf \u00e0 vous rendre \u00e0 L'Archipel o\u00f9 il reste encore quelques place pour \u00e9couter Fabrice Eulry et les Rolling twisters. Vendredi 6 et\u2026","rel":"","context":"Dans &quot;Non class\u00e9&quot;","block_context":{"text":"Non class\u00e9","link":"http:\/\/www.fabriceeulry-laboutique.com\/blog\/?cat=1"},"img":{"alt_text":"BeAstiev2","src":"https:\/\/i0.wp.com\/www.fabriceeulry-laboutique.com\/blog\/wp-content\/uploads\/2017\/05\/BeAstiev2.png?resize=350%2C200","width":350,"height":200,"srcset":"https:\/\/i0.wp.com\/www.fabriceeulry-laboutique.com\/blog\/wp-content\/uploads\/2017\/05\/BeAstiev2.png?resize=350%2C200 1x, https:\/\/i0.wp.com\/www.fabriceeulry-laboutique.com\/blog\/wp-content\/uploads\/2017\/05\/BeAstiev2.png?resize=525%2C300 1.5x"},"classes":[]},{"id":11681,"url":"http:\/\/www.fabriceeulry-laboutique.com\/blog\/?p=11681","url_meta":{"origin":11011,"position":3},"title":"RICKY NORTON ET FABRICE EULRY","author":"Le Canard du pianiste","date":"13 mars 2019","format":false,"excerpt":"... En concert au Petit-Journal Saint-Michel le dimanche 26 mai ! Ricky Norton, grand Monsieur du Rock'n roll qu'on a plut\u00f4t l'habitude d'entendre en grande formation ou en trio rockabilly sera accompagn\u00e9 au piano par Fabrice Eulry en effet celui qu'on appelait parfois Elvis au lyc\u00e9e n'a jamais oubli\u00e9 sa\u2026","rel":"","context":"Dans &quot;Non class\u00e9&quot;","block_context":{"text":"Non class\u00e9","link":"http:\/\/www.fabriceeulry-laboutique.com\/blog\/?cat=1"},"img":{"alt_text":"","src":"https:\/\/i0.wp.com\/www.fabriceeulry-laboutique.com\/blog\/wp-content\/uploads\/2019\/03\/NORTON-1.png?resize=350%2C200","width":350,"height":200,"srcset":"https:\/\/i0.wp.com\/www.fabriceeulry-laboutique.com\/blog\/wp-content\/uploads\/2019\/03\/NORTON-1.png?resize=350%2C200 1x, https:\/\/i0.wp.com\/www.fabriceeulry-laboutique.com\/blog\/wp-content\/uploads\/2019\/03\/NORTON-1.png?resize=525%2C300 1.5x"},"classes":[]},{"id":5163,"url":"http:\/\/www.fabriceeulry-laboutique.com\/blog\/?p=5163","url_meta":{"origin":11011,"position":4},"title":"COMPTE-RENDU DU CONCERT A LAUSANNE LE 24 JUIN","author":"Le Canard du pianiste","date":"20 juin 2014","format":false,"excerpt":"CONCERT FLORILEGE DE LA FONDATION RESONNANCE \u00a0le mardi 24 juin prochain \u00e0 20h00 Salle Paderewski Casino de Montbenon \u00e0\u00a0Lausanne \u00a0 Ce concert de soutien sera aussi l'occasion de d\u00e9couvrir la Fondation R\u00e9sonnance, ses professeurs et ses \u00e9tudiants. Pour tout renseignement ou r\u00e9servation: \u00a0+41 21 802 64 46 ou\u00a0reservation@resonnance.org Fabrice Eulry\u2026","rel":"","context":"Dans &quot;Non class\u00e9&quot;","block_context":{"text":"Non class\u00e9","link":"http:\/\/www.fabriceeulry-laboutique.com\/blog\/?cat=1"},"img":{"alt_text":"","src":"https:\/\/i0.wp.com\/fabriceeulryunblogfr.unblog.fr\/files\/2011\/06\/elisabethsombart.jpg?resize=350%2C200","width":350,"height":200,"srcset":"https:\/\/i0.wp.com\/fabriceeulryunblogfr.unblog.fr\/files\/2011\/06\/elisabethsombart.jpg?resize=350%2C200 1x, https:\/\/i0.wp.com\/fabriceeulryunblogfr.unblog.fr\/files\/2011\/06\/elisabethsombart.jpg?resize=525%2C300 1.5x"},"classes":[]},{"id":12669,"url":"http:\/\/www.fabriceeulry-laboutique.com\/blog\/?p=12669","url_meta":{"origin":11011,"position":5},"title":"TOURN\u00c9E DE NO\u00cbL 2022","author":"Le Canard du pianiste","date":"22 novembre 2022","format":false,"excerpt":"Fabrice Eulry nous d\u00e9crit sa tourn\u00e9e de No\u00ebl qui commence dans quelques jours ! : \"Je commence cette tourn\u00e9e de No\u00ebl en accompagnant la chorale des Anciens \u00e0 l'EHPAD La Corette, de Mur de Barrez, le samedi 3 d\u00e9cembre. Je donnerai un r\u00e9cital \"rockambolesque\"\u00a0le 4 d\u00e9cembre \u00e0 17h30\u00a0\u00e0 La Chapelle\u2026","rel":"","context":"Dans &quot;Non class\u00e9&quot;","block_context":{"text":"Non class\u00e9","link":"http:\/\/www.fabriceeulry-laboutique.com\/blog\/?cat=1"},"img":{"alt_text":"","src":"https:\/\/i0.wp.com\/www.fabriceeulry-laboutique.com\/blog\/wp-content\/uploads\/2022\/11\/MALI-1.png?resize=350%2C200","width":350,"height":200,"srcset":"https:\/\/i0.wp.com\/www.fabriceeulry-laboutique.com\/blog\/wp-content\/uploads\/2022\/11\/MALI-1.png?resize=350%2C200 1x, https:\/\/i0.wp.com\/www.fabriceeulry-laboutique.com\/blog\/wp-content\/uploads\/2022\/11\/MALI-1.png?resize=525%2C300 1.5x, https:\/\/i0.wp.com\/www.fabriceeulry-laboutique.com\/blog\/wp-content\/uploads\/2022\/11\/MALI-1.png?resize=700%2C400 2x, https:\/\/i0.wp.com\/www.fabriceeulry-laboutique.com\/blog\/wp-content\/uploads\/2022\/11\/MALI-1.png?resize=1050%2C600 3x"},"classes":[]}],"_links":{"self":[{"href":"http:\/\/www.fabriceeulry-laboutique.com\/blog\/index.php?rest_route=\/wp\/v2\/posts\/11011","targetHints":{"allow":["GET"]}}],"collection":[{"href":"http:\/\/www.fabriceeulry-laboutique.com\/blog\/index.php?rest_route=\/wp\/v2\/posts"}],"about":[{"href":"http:\/\/www.fabriceeulry-laboutique.com\/blog\/index.php?rest_route=\/wp\/v2\/types\/post"}],"author":[{"embeddable":true,"href":"http:\/\/www.fabriceeulry-laboutique.com\/blog\/index.php?rest_route=\/wp\/v2\/users\/2"}],"replies":[{"embeddable":true,"href":"http:\/\/www.fabriceeulry-laboutique.com\/blog\/index.php?rest_route=%2Fwp%2Fv2%2Fcomments&post=11011"}],"version-history":[{"count":6,"href":"http:\/\/www.fabriceeulry-laboutique.com\/blog\/index.php?rest_route=\/wp\/v2\/posts\/11011\/revisions"}],"predecessor-version":[{"id":11047,"href":"http:\/\/www.fabriceeulry-laboutique.com\/blog\/index.php?rest_route=\/wp\/v2\/posts\/11011\/revisions\/11047"}],"wp:attachment":[{"href":"http:\/\/www.fabriceeulry-laboutique.com\/blog\/index.php?rest_route=%2Fwp%2Fv2%2Fmedia&parent=11011"}],"wp:term":[{"taxonomy":"category","embeddable":true,"href":"http:\/\/www.fabriceeulry-laboutique.com\/blog\/index.php?rest_route=%2Fwp%2Fv2%2Fcategories&post=11011"},{"taxonomy":"post_tag","embeddable":true,"href":"http:\/\/www.fabriceeulry-laboutique.com\/blog\/index.php?rest_route=%2Fwp%2Fv2%2Ftags&post=11011"}],"curies":[{"name":"wp","href":"https:\/\/api.w.org\/{rel}","templated":true}]}}