{"id":11167,"date":"2018-12-06T00:03:01","date_gmt":"2018-12-06T00:03:01","guid":{"rendered":"http:\/\/www.fabriceeulry-laboutique.com\/blog\/?p=11167"},"modified":"2018-12-11T17:12:49","modified_gmt":"2018-12-11T17:12:49","slug":"cisco-herzaft-et-fabrice-eulry-chez-nadia-boulanger","status":"publish","type":"post","link":"http:\/\/www.fabriceeulry-laboutique.com\/blog\/?p=11167","title":{"rendered":"CISCO HERZAFT ET FABRICE EULRY CHEZ NADIA BOULANGER"},"content":{"rendered":"<h2 style=\"text-align: center;\"><span style=\"color: #000000;\">Pour le festival<\/span><\/h2>\n<h2 style=\"text-align: center;\"><span style=\"color: #000000;\"><strong><a style=\"color: #000000;\" href=\"http:\/\/www.blues-sur-seine.com\"><img data-recalc-dims=\"1\" loading=\"lazy\" decoding=\"async\" class=\"aligncenter size-full wp-image-10620\" src=\"https:\/\/i0.wp.com\/www.fabriceeulry-laboutique.com\/blog\/wp-content\/uploads\/2018\/04\/blues-sur-seine-logo.png?resize=270%2C167\" alt=\"blues sur seine logo\" width=\"270\" height=\"167\" srcset=\"https:\/\/i0.wp.com\/www.fabriceeulry-laboutique.com\/blog\/wp-content\/uploads\/2018\/04\/blues-sur-seine-logo.png?w=270 270w, https:\/\/i0.wp.com\/www.fabriceeulry-laboutique.com\/blog\/wp-content\/uploads\/2018\/04\/blues-sur-seine-logo.png?resize=260%2C160 260w\" sizes=\"auto, (max-width: 270px) 100vw, 270px\" \/><\/a>\u00a0Cisco Herzaft invitait Fabrice Eulry.<\/strong><\/span><\/h2>\n<h2 style=\"text-align: center;\"><span style=\"color: #000000;\">Mais laissons s&rsquo;exprimer ce t\u00e9moignage :<\/span><\/h2>\n<h2 style=\"text-align: center;\"><a href=\"https:\/\/i0.wp.com\/www.fabriceeulry-laboutique.com\/blog\/wp-content\/uploads\/2018\/11\/Cisco-3.png\"><img data-recalc-dims=\"1\" loading=\"lazy\" decoding=\"async\" class=\"aligncenter size-full wp-image-11168\" src=\"https:\/\/i0.wp.com\/www.fabriceeulry-laboutique.com\/blog\/wp-content\/uploads\/2018\/11\/Cisco-3.png?resize=567%2C574\" alt=\"Cisco 3\" width=\"567\" height=\"574\" srcset=\"https:\/\/i0.wp.com\/www.fabriceeulry-laboutique.com\/blog\/wp-content\/uploads\/2018\/11\/Cisco-3.png?w=567 567w, https:\/\/i0.wp.com\/www.fabriceeulry-laboutique.com\/blog\/wp-content\/uploads\/2018\/11\/Cisco-3.png?resize=296%2C300 296w, https:\/\/i0.wp.com\/www.fabriceeulry-laboutique.com\/blog\/wp-content\/uploads\/2018\/11\/Cisco-3.png?resize=300%2C304 300w\" sizes=\"auto, (max-width: 567px) 100vw, 567px\" \/><\/a><\/h2>\n<h2 style=\"text-align: center;\"><strong><span style=\"color: #000000;\">Le trio pause fi\u00e8rement devant le Pleyel des soeurs Boulanger qui tr\u00f4ne dans le salon depuis cent ans.<\/span><\/strong><\/h2>\n<h2 style=\"text-align: center;\"><span style=\"color: #000000;\"><strong><span id=\"yiv6016373704yui_3_16_0_ym19_1_1496434554988_68886\">Adh\u00e9rez \u00e0 l&rsquo;association BLUES EN AVEYRON pour promouvoir le blues et le patrimoine aveyronnais.\u00a0<a href=\"http:\/\/www.fabriceeulry-laboutique.com\/blog\/wp-content\/uploads\/2017\/03\/saint-c\u00f4me.jpg\"><br \/>\n<\/a><\/span><\/strong><\/span><\/h2>\n<p><a href=\"https:\/\/i0.wp.com\/www.fabriceeulry-laboutique.com\/blog\/wp-content\/uploads\/2017\/05\/BeA-5tet.png\"><img data-recalc-dims=\"1\" loading=\"lazy\" decoding=\"async\" class=\"size-full wp-image-9437 aligncenter\" src=\"https:\/\/i0.wp.com\/www.fabriceeulry-laboutique.com\/blog\/wp-content\/uploads\/2017\/05\/BeA-5tet.png?resize=538%2C405\" alt=\"BeA 5tet\" width=\"538\" height=\"405\" srcset=\"https:\/\/i0.wp.com\/www.fabriceeulry-laboutique.com\/blog\/wp-content\/uploads\/2017\/05\/BeA-5tet.png?w=538 538w, https:\/\/i0.wp.com\/www.fabriceeulry-laboutique.com\/blog\/wp-content\/uploads\/2017\/05\/BeA-5tet.png?resize=300%2C226 300w\" sizes=\"auto, (max-width: 538px) 100vw, 538px\" \/><\/a><\/p>\n<h2 id=\"yiv6016373704yui_3_16_0_ym19_1_1496434554988_68694\" dir=\"ltr\" style=\"text-align: center;\"><span style=\"color: #000000;\"><strong><span id=\"yiv6016373704yui_3_16_0_ym19_1_1496434554988_68934\">Et ne manquez le festival Blues en Aveyron 2019 (troisi\u00e8me \u00e9dition) dont le Canard du pianiste publiera prochainement le programme.<\/span><\/strong><\/span><\/h2>\n<h2 id=\"yiv6016373704yui_3_16_0_ym19_1_1496434554988_68694\" dir=\"ltr\" style=\"text-align: center;\"><span style=\"color: #000000;\"><strong><span id=\"yiv6016373704yui_3_16_0_ym19_1_1496434554988_69178\">Pour adh\u00e9rer il vous suffit d&rsquo;envoyer un ch\u00e8que de 20 \u20ac \u00e0 l&rsquo;ordre de Blues en Aveyron, et de le joindre au bulletin d&rsquo;adh\u00e9sion (ci-dessous) d\u00fbment rempli :<\/span><\/strong><\/span><\/h2>\n<div id=\"yiv6016373704yqtfd47329\" class=\"yiv6016373704yqt8853084425\">\n<h2 id=\"yiv6016373704yui_3_16_0_ym19_1_1496434554988_68694\" dir=\"ltr\" style=\"text-align: center;\"><span style=\"color: #000000;\"><strong><span id=\"yiv6016373704yui_3_16_0_1_1496508572906_34976\">\u00e0 l&rsquo;adresse suivante :<\/span><\/strong><\/span><\/h2>\n<h2 id=\"yiv6016373704yui_3_16_0_ym19_1_1496434554988_68694\" dir=\"ltr\" style=\"text-align: center;\"><span style=\"color: #000000;\"><strong><span id=\"yiv6016373704yui_3_16_0_ym19_1_1496434554988_69236\">BLUES EN AVEYRON<\/span><\/strong><\/span><\/h2>\n<h2 id=\"yiv6016373704yui_3_16_0_ym19_1_1496434554988_68694\" dir=\"ltr\" style=\"text-align: center;\"><span style=\"color: #000000;\">28 rue droite<\/span><\/h2>\n<h2 dir=\"ltr\" style=\"text-align: center;\"><span style=\"color: #000000;\"><strong><span id=\"yiv6016373704yui_3_16_0_ym19_1_1496434554988_69239\">12 500 Espalion<\/span><\/strong><\/span><\/h2>\n<h2 id=\"yiv6016373704yui_3_16_0_ym19_1_1496434554988_68694\" dir=\"ltr\" style=\"text-align: center;\"><span style=\"color: #000000;\"><strong><span id=\"yiv6016373704yui_3_16_0_ym19_1_1496434554988_69210\">Vous recevrez votre carte d&rsquo;adh\u00e9rent par retour de courriel<\/span><\/strong><\/span><\/h2>\n<h2 id=\"yiv6016373704yui_3_16_0_ym19_1_1496434554988_68859\"><span style=\"color: #000000;\"><strong>\u00a0 \u00a0 \u00a0 \u00a0 \u00a0 \u00a0 \u00a0 \u00a0 \u00a0 \u00a0 \u00a0 \u00a0 \u00a0 \u00a0 \u00a0 \u00a0 \u00a0 \u00a0 \u00a0 \u00a0 \u00a0 \u00a0 \u00a0 \u00a0 \u00a0 \u00a0Bien musicalement<\/strong><\/span><\/h2>\n<div id=\"yiv6016373704yui_3_16_0_ym19_1_1496434554988_68861\" class=\"yiv6016373704signature\">\n<div id=\"yiv6016373704yui_3_16_0_1_1411233096791_2560\">\n<h2 id=\"yiv6016373704yui_3_16_0_ym19_1_1496434554988_69054\"><span style=\"color: #000000;\"><strong><span id=\"yiv6016373704yui_3_16_0_ym19_1_1496434554988_69053\"><a id=\"yiv6016373704yui_3_16_0_ym19_1_1496434554988_69052\" style=\"color: #000000;\" href=\"http:\/\/www.fabriceeulry-laboutique.com\/blog\/?p=8844\" target=\"_blank\" rel=\"nofollow\" shape=\"rect\"><img data-recalc-dims=\"1\" loading=\"lazy\" decoding=\"async\" id=\"yiv6016373704yui_3_16_0_ym19_1_1496434554988_69064\" class=\"yiv6016373704 yiv6016373704size-full yiv6016373704wp-image-8415 yiv6016373704img-overlay-selected yiv6016373704img-overlay-selected aligncenter\" src=\"https:\/\/i0.wp.com\/www.fabriceeulry-laboutique.com\/blog\/wp-content\/uploads\/2016\/04\/visuel-fabrice-.jpg?resize=359%2C156\" alt=\"visuel fabrice\" width=\"359\" height=\"156\" srcset=\"https:\/\/i0.wp.com\/www.fabriceeulry-laboutique.com\/blog\/wp-content\/uploads\/2016\/04\/visuel-fabrice-.jpg?w=359 359w, https:\/\/i0.wp.com\/www.fabriceeulry-laboutique.com\/blog\/wp-content\/uploads\/2016\/04\/visuel-fabrice-.jpg?resize=300%2C130 300w\" sizes=\"auto, (max-width: 359px) 100vw, 359px\" \/><\/a><\/span><\/strong><\/span><\/h2>\n<h2 class=\"p1\" style=\"text-align: center;\">&#8212;&#8212;&#8212;&#8212;&#8212;&#8212;&#8212;&#8212;&#8212;&#8212;&#8212;&#8212;&#8212;&#8212;&#8212;&#8212;&#8212;&#8212;&#8212;&#8212;&#8212;&#8212;&#8212;&#8212;&#8212;&#8212;&#8212;&#8212;&#8212;&#8211;<\/h2>\n<h2 class=\"p1\" style=\"text-align: center;\"><span style=\"color: #000000;\">BULLETIN D&rsquo;ADH\u00c9SION<\/span><\/h2>\n<h2 class=\"p1\" style=\"text-align: center;\"><span style=\"color: #000000;\">\u00e0 L&rsquo;ASSOCIATION BLUES EN AVEYRON<\/span><\/h2>\n<h2 class=\"p1\" style=\"text-align: center;\"><span style=\"color: #000000;\">Association soumise \u00e0 la loi du 1er juillet 1901 et au d\u00e9cret du 16 ao\u00fbt 1901<\/span><\/h2>\n<h2 class=\"p3\" style=\"text-align: center;\"><span style=\"color: #000000;\">\u00c0 remplir par l&rsquo;adh\u00e9rent <i>(exemplaire \u00e0 conserver par l&rsquo;association) :<\/i><\/span><\/h2>\n<h2 class=\"p3\" style=\"text-align: center;\"><span style=\"color: #000000;\">Pr\u00e9nom :\u2026\u2026\u2026\u2026\u2026\u2026\u2026\u2026\u2026\u2026\u2026\u2026\u2026\u2026\u2026\u2026\u2026\u2026\u2026\u2026\u2026\u2026\u2026\u2026\u2026\u2026\u2026\u2026\u2026\u2026\u2026<\/span><\/h2>\n<h2 class=\"p3\" style=\"text-align: center;\"><span style=\"color: #000000;\">Nom :\u2026\u2026\u2026\u2026\u2026\u2026\u2026\u2026\u2026\u2026\u2026\u2026\u2026\u2026\u2026\u2026\u2026\u2026\u2026\u2026\u2026\u2026\u2026\u2026\u2026\u2026\u2026\u2026\u2026\u2026\u2026\u2026..<\/span><\/h2>\n<h2 class=\"p3\" style=\"text-align: center;\"><span style=\"color: #000000;\">Adresse internet :\u2026\u2026\u2026\u2026\u2026\u2026\u2026\u2026\u2026\u2026\u2026\u2026\u2026\u2026\u2026\u2026\u2026\u2026\u2026\u2026\u2026\u2026\u2026\u2026\u2026\u2026\u2026.<\/span><\/h2>\n<h2 class=\"p3\" style=\"text-align: center;\"><span style=\"color: #000000;\">Adresse postale :\u2026\u2026\u2026\u2026\u2026\u2026\u2026\u2026\u2026\u2026\u2026\u2026\u2026\u2026\u2026\u2026\u2026\u2026\u2026\u2026\u2026\u2026\u2026\u2026\u2026\u2026\u2026.<\/span><\/h2>\n<h2 class=\"p3\" style=\"text-align: center;\"><span style=\"color: #000000;\">Code postal :\u2026\u2026\u2026\u2026\u2026\u2026\u2026\u2026\u2026\u2026\u2026\u2026\u2026\u2026\u2026\u2026\u2026\u2026\u2026\u2026\u2026\u2026\u2026\u2026\u2026\u2026\u2026\u2026\u2026<\/span><\/h2>\n<h2 class=\"p3\" style=\"text-align: center;\"><span style=\"color: #000000;\">Ville :\u2026\u2026\u2026\u2026\u2026\u2026\u2026\u2026\u2026\u2026\u2026\u2026\u2026\u2026\u2026\u2026\u2026\u2026\u2026\u2026\u2026\u2026\u2026\u2026\u2026\u2026\u2026\u2026\u2026\u2026\u2026\u2026..<\/span><\/h2>\n<h2 class=\"p3\" style=\"text-align: center;\"><span style=\"color: #000000;\">Je d\u00e9clare par la pr\u00e9sente souhaiter devenir membre de l&rsquo;association BLUES EN AVEYRON.<\/span><\/h2>\n<h2 class=\"p3\" style=\"text-align: center;\"><span style=\"color: #000000;\">\u00c0 ce titre, je d\u00e9clare l&rsquo;objet de l&rsquo;association, et en avoir accept\u00e9 les statuts qui sont \u00e0 ma disposition dans les locaux de l&rsquo;association, et accepte de verser ma cotisation due pour l&rsquo;ann\u00e9e en cours.<\/span><\/h2>\n<h2 class=\"p3\" style=\"text-align: center;\"><span style=\"color: #000000;\">Le montant de la cotisation est de 20 \u20ac, payable par ch\u00e8que uniquement.<\/span><\/h2>\n<h2 class=\"p3\" style=\"text-align: center;\"><span style=\"color: #000000;\">Fait \u00e0\u2026\u2026\u2026\u2026\u2026\u2026\u2026\u2026\u2026.., le \u2026\u2026\u2026\u2026\u2026\u2026\u2026\u2026\u2026\u2026\u2026.<\/span><\/h2>\n<h2 class=\"p3\" style=\"text-align: center;\"><span style=\"color: #000000;\">Signature (faire pr\u00e9c\u00e9der de la mention \u00ab\u00a0Lu et approuv\u00e9\u00a0\u00bb)<\/span><\/h2>\n<h2 class=\"p1\" style=\"text-align: center;\"><span style=\"color: #000000;\"><i>Les informations recueillies sont n\u00e9cessaires pour votre adh\u00e9sion. Conform\u00e9ment \u00e0 la loi \u00ab\u00a0informatique et libert\u00e9s\u00a0\u00bb du 6 janvier 1978, vous disposez d&rsquo;un droit d&rsquo;acc\u00e8s et de rectification aux donn\u00e9es personnelles vous concernant. Pour l&rsquo;exercer, adressez-vous au secr\u00e9tariat de l&rsquo;association.<\/i><\/span><\/h2>\n<\/div>\n<\/div>\n<\/div>\n<h2 style=\"text-align: center;\"><\/h2>\n<h2 style=\"text-align: center;\"><\/h2>\n","protected":false},"excerpt":{"rendered":"<p>Pour le festival \u00a0Cisco Herzaft invitait Fabrice Eulry. Mais laissons s&rsquo;exprimer ce t\u00e9moignage : Le trio pause fi\u00e8rement devant le Pleyel des soeurs Boulanger qui tr\u00f4ne dans le salon depuis cent ans. Adh\u00e9rez \u00e0 l&rsquo;association BLUES EN AVEYRON pour promouvoir &hellip; <a href=\"http:\/\/www.fabriceeulry-laboutique.com\/blog\/?p=11167\">Continuer la lecture <span class=\"meta-nav\">&rarr;<\/span><\/a><\/p>\n","protected":false},"author":2,"featured_media":0,"comment_status":"open","ping_status":"open","sticky":false,"template":"","format":"standard","meta":{"jetpack_post_was_ever_published":false,"_jetpack_newsletter_access":"","_jetpack_dont_email_post_to_subs":true,"_jetpack_newsletter_tier_id":0,"_jetpack_memberships_contains_paywalled_content":false,"_jetpack_memberships_contains_paid_content":false,"footnotes":"","jetpack_publicize_message":"","jetpack_publicize_feature_enabled":true,"jetpack_social_post_already_shared":true,"jetpack_social_options":{"image_generator_settings":{"template":"highway","default_image_id":0,"font":"","enabled":false},"version":2}},"categories":[1],"tags":[8],"class_list":["post-11167","post","type-post","status-publish","format-standard","hentry","category-non-classe","tag-blues"],"jetpack_publicize_connections":[],"jetpack_featured_media_url":"","jetpack_sharing_enabled":true,"jetpack_shortlink":"https:\/\/wp.me\/p2D6dI-2U7","jetpack_likes_enabled":true,"jetpack-related-posts":[{"id":12873,"url":"http:\/\/www.fabriceeulry-laboutique.com\/blog\/?p=12873","url_meta":{"origin":11167,"position":0},"title":"#BLUES WURLITZER #BLUES","author":"Le Canard du pianiste","date":"9 avril 2024","format":false,"excerpt":"Le Canard du pianiste vous d\u00e9j\u00e0 parl\u00e9 du piano Wurlitzer. Ici en tourn\u00e9e en Bretagne entre deux confinements, le voici \u00e0 nouveau sous les doigts de Fabrice Eulry avant... ... les solos de Genevi\u00e8ve Dartevelle (harmonica) Cisco Herzaft (guitare chant et chef d'orchestre) de Fred Jouglas (contrebasse) sur Mean old\u2026","rel":"","context":"Dans &quot;Non class\u00e9&quot;","block_context":{"text":"Non class\u00e9","link":"http:\/\/www.fabriceeulry-laboutique.com\/blog\/?cat=1"},"img":{"alt_text":"","src":"https:\/\/i0.wp.com\/www.fabriceeulry-laboutique.com\/blog\/wp-content\/uploads\/2024\/04\/WURLITZER-BLUES.png?resize=350%2C200","width":350,"height":200,"srcset":"https:\/\/i0.wp.com\/www.fabriceeulry-laboutique.com\/blog\/wp-content\/uploads\/2024\/04\/WURLITZER-BLUES.png?resize=350%2C200 1x, https:\/\/i0.wp.com\/www.fabriceeulry-laboutique.com\/blog\/wp-content\/uploads\/2024\/04\/WURLITZER-BLUES.png?resize=525%2C300 1.5x, https:\/\/i0.wp.com\/www.fabriceeulry-laboutique.com\/blog\/wp-content\/uploads\/2024\/04\/WURLITZER-BLUES.png?resize=700%2C400 2x, https:\/\/i0.wp.com\/www.fabriceeulry-laboutique.com\/blog\/wp-content\/uploads\/2024\/04\/WURLITZER-BLUES.png?resize=1050%2C600 3x"},"classes":[]},{"id":12223,"url":"http:\/\/www.fabriceeulry-laboutique.com\/blog\/?p=12223","url_meta":{"origin":11167,"position":1},"title":"BLUES \u00c0 SAVINES LE LAC","author":"Le Canard du pianiste","date":"1 d\u00e9cembre 2019","format":false,"excerpt":"Savines le lac est un site magnifique mais il faut faire la route pour le d\u00e9couvrir ! Tout d'abord, en allant jusqu'\u00e0 Gap, puis en continuant \u00e0 travers les monts magnifiques des Alpes du sud. Le d\u00e9placement vaut aussi le coup pour la chaleur du public, comme souvent dans les\u2026","rel":"","context":"Dans &quot;Non class\u00e9&quot;","block_context":{"text":"Non class\u00e9","link":"http:\/\/www.fabriceeulry-laboutique.com\/blog\/?cat=1"},"img":{"alt_text":"","src":"https:\/\/i0.wp.com\/www.fabriceeulry-laboutique.com\/blog\/wp-content\/uploads\/2019\/12\/savines.png?resize=350%2C200","width":350,"height":200},"classes":[]},{"id":11498,"url":"http:\/\/www.fabriceeulry-laboutique.com\/blog\/?p=11498","url_meta":{"origin":11167,"position":2},"title":"LE FESTIVAL BLUES EN AVEYRON 2019 !","author":"Le Canard du pianiste","date":"14 janvier 2019","format":false,"excerpt":"Chers amis du blues,L'association Blues en Aveyron a d\u00e9j\u00e0 \u00e0 son actif deux \u00e9ditions du festival BLUES EN AVEYRON. Les Pr\u00e9ambules du Festival 2019 12 mars 2019 14h30 Concert pour le public scolaire Fabrice EULRY conte le Blues Entr\u00e9e Libre (Eglise St Pie X de Bozouls) * 19 avril 2019\u2026","rel":"","context":"Dans &quot;Non class\u00e9&quot;","block_context":{"text":"Non class\u00e9","link":"http:\/\/www.fabriceeulry-laboutique.com\/blog\/?cat=1"},"img":{"alt_text":"","src":"https:\/\/i0.wp.com\/www.fabriceeulry-laboutique.com\/blog\/wp-content\/uploads\/2019\/03\/milliet-eulry.png?resize=350%2C200","width":350,"height":200,"srcset":"https:\/\/i0.wp.com\/www.fabriceeulry-laboutique.com\/blog\/wp-content\/uploads\/2019\/03\/milliet-eulry.png?resize=350%2C200 1x, https:\/\/i0.wp.com\/www.fabriceeulry-laboutique.com\/blog\/wp-content\/uploads\/2019\/03\/milliet-eulry.png?resize=525%2C300 1.5x, https:\/\/i0.wp.com\/www.fabriceeulry-laboutique.com\/blog\/wp-content\/uploads\/2019\/03\/milliet-eulry.png?resize=700%2C400 2x"},"classes":[]},{"id":11102,"url":"http:\/\/www.fabriceeulry-laboutique.com\/blog\/?p=11102","url_meta":{"origin":11167,"position":3},"title":"FESTIVAL BLUES EN AVEYRON 2019 !!!","author":"Le Canard du pianiste","date":"18 novembre 2018","format":false,"excerpt":"Festival Blues en Aveyron 2018 Le programme sera seulement d\u00e9finitif et confirm\u00e9 le 3 d\u00e9cembre mardi 7 mai : R\u00e9cital Fabrice Eulry : Centre europ\u00e9en de Conques. 20h30. Tarif unique : ? \u20ac Bal de Blues en Aveyron \u00e0 Saint-Geniez avec Duo \u00e0 Deux \u00e0 partir de 21h30. Tarif unique\u2026","rel":"","context":"Dans &quot;Non class\u00e9&quot;","block_context":{"text":"Non class\u00e9","link":"http:\/\/www.fabriceeulry-laboutique.com\/blog\/?cat=1"},"img":{"alt_text":"","src":"https:\/\/i0.wp.com\/www.fabriceeulry-laboutique.com\/blog\/wp-content\/uploads\/2018\/11\/franck-mossler.png?resize=350%2C200","width":350,"height":200},"classes":[]},{"id":11666,"url":"http:\/\/www.fabriceeulry-laboutique.com\/blog\/?p=11666","url_meta":{"origin":11167,"position":4},"title":"L&rsquo;AGENDA DU FESTIVAL BLUES EN AVEYRON 2019","author":"Le Canard du pianiste","date":"4 mars 2019","format":false,"excerpt":"le Festival BLUES EN AVEYRON 2019 se d\u00e9roule sur 13 jours du 7 au 19 mai. L'association Blues en Aveyron vous propose aussi un PASSE de 39 \u20ac qui acc\u00e8s donne \u00e0\u00a0TOUS\u00a0les concerts du festival ! R\u00e9servez en ligne en cliquant sur ce lien https:\/\/www.weezevent.com\/blues-en-aveyron-2019 Autres points de vente \u00e0\u2026","rel":"","context":"Dans &quot;Non class\u00e9&quot;","block_context":{"text":"Non class\u00e9","link":"http:\/\/www.fabriceeulry-laboutique.com\/blog\/?cat=1"},"img":{"alt_text":"","src":"https:\/\/i0.wp.com\/www.fabriceeulry-laboutique.com\/blog\/wp-content\/uploads\/2019\/03\/Agenda-BenA-2019-2.png?resize=350%2C200","width":350,"height":200},"classes":[]},{"id":11628,"url":"http:\/\/www.fabriceeulry-laboutique.com\/blog\/?p=11628","url_meta":{"origin":11167,"position":5},"title":"BLUES EN AVEYRON 2019 : BILLETTERIE EN LIGNE","author":"Le Canard du pianiste","date":"2 mars 2019","format":false,"excerpt":"le Festival BLUES EN AVEYRON 2019 se d\u00e9roule sur 13 jours du 7 au 19 mai. L'association Blues en Aveyron vous propose entre autres un PASSE de 39 \u20ac qui acc\u00e8s donne \u00e0\u00a0TOUS\u00a0les concerts du festival ! R\u00e9servez en ligne en cliquant sur ce lien https:\/\/www.weezevent.com\/blues-en-aveyron-2019P Les Pr\u00e9ambules du Festival\u2026","rel":"","context":"Dans &quot;Non class\u00e9&quot;","block_context":{"text":"Non class\u00e9","link":"http:\/\/www.fabriceeulry-laboutique.com\/blog\/?cat=1"},"img":{"alt_text":"","src":"https:\/\/i0.wp.com\/www.fabriceeulry-laboutique.com\/blog\/wp-content\/uploads\/2019\/03\/Agenda-BenA-2019-1.png?resize=350%2C200","width":350,"height":200},"classes":[]}],"_links":{"self":[{"href":"http:\/\/www.fabriceeulry-laboutique.com\/blog\/index.php?rest_route=\/wp\/v2\/posts\/11167","targetHints":{"allow":["GET"]}}],"collection":[{"href":"http:\/\/www.fabriceeulry-laboutique.com\/blog\/index.php?rest_route=\/wp\/v2\/posts"}],"about":[{"href":"http:\/\/www.fabriceeulry-laboutique.com\/blog\/index.php?rest_route=\/wp\/v2\/types\/post"}],"author":[{"embeddable":true,"href":"http:\/\/www.fabriceeulry-laboutique.com\/blog\/index.php?rest_route=\/wp\/v2\/users\/2"}],"replies":[{"embeddable":true,"href":"http:\/\/www.fabriceeulry-laboutique.com\/blog\/index.php?rest_route=%2Fwp%2Fv2%2Fcomments&post=11167"}],"version-history":[{"count":2,"href":"http:\/\/www.fabriceeulry-laboutique.com\/blog\/index.php?rest_route=\/wp\/v2\/posts\/11167\/revisions"}],"predecessor-version":[{"id":11194,"href":"http:\/\/www.fabriceeulry-laboutique.com\/blog\/index.php?rest_route=\/wp\/v2\/posts\/11167\/revisions\/11194"}],"wp:attachment":[{"href":"http:\/\/www.fabriceeulry-laboutique.com\/blog\/index.php?rest_route=%2Fwp%2Fv2%2Fmedia&parent=11167"}],"wp:term":[{"taxonomy":"category","embeddable":true,"href":"http:\/\/www.fabriceeulry-laboutique.com\/blog\/index.php?rest_route=%2Fwp%2Fv2%2Fcategories&post=11167"},{"taxonomy":"post_tag","embeddable":true,"href":"http:\/\/www.fabriceeulry-laboutique.com\/blog\/index.php?rest_route=%2Fwp%2Fv2%2Ftags&post=11167"}],"curies":[{"name":"wp","href":"https:\/\/api.w.org\/{rel}","templated":true}]}}