{"id":11474,"date":"2019-01-05T20:25:45","date_gmt":"2019-01-05T20:25:45","guid":{"rendered":"http:\/\/www.fabriceeulry-laboutique.com\/blog\/?p=11474"},"modified":"2019-01-20T18:01:23","modified_gmt":"2019-01-20T18:01:23","slug":"les-gilets-jaunes-sement-ils-le-big-bazar","status":"publish","type":"post","link":"http:\/\/www.fabriceeulry-laboutique.com\/blog\/?p=11474","title":{"rendered":"LES GILETS JAUNES S\u00c8MENT-ILS LE BIG BAZAR ?"},"content":{"rendered":"\n<p><strong>&nbsp;  Dans quel sens entendre cette question ? Prenons-l\u00e0 d\u00e9j\u00e0 dans son sens musical : Marguerite et ses Gilets Jaunes de 2019 surclassent-ils Michel Fugain et son Big bazar de 1973 dans la pertinence de l&rsquo;engagement en y mettant de nouvelles paroles ?<\/strong><\/p>\n\n\n\n<p style=\"text-align:center\"><strong> \u00c0 vous de juger.&nbsp;<\/strong><\/p>\n\n\n\n<p style=\"text-align:center\"><strong>En&nbsp;1973&nbsp;justement,&nbsp;sorti&nbsp;cette&nbsp;fameuse&nbsp;loi&nbsp;\u00e0&nbsp;qui&nbsp;beaucoup de Gilets Jaunes&nbsp;reprochent d&rsquo;avoir&nbsp;multipli\u00e9&nbsp;la&nbsp;dette&nbsp;et appauvri les Fran\u00e7ais en&nbsp;obligeant&nbsp;l&rsquo;\u00c9tat&nbsp;\u00e0&nbsp;emprunter&nbsp;\u00e0&nbsp;des&nbsp;banques&nbsp;priv\u00e9es&nbsp;moyennant&nbsp;int\u00e9r\u00eat (plut\u00f4t qu&rsquo;\u00e0 la banque de France qui pr\u00eatait \u00e0 taux z\u00e9ro auparavant). <\/strong><\/p>\n\n\n\n<p style=\"text-align:center\"><strong> &nbsp;<\/strong><a href=\"https:\/\/www.youtube.com\/watch?v=cBiHJxGxz1g\">https:\/\/www.youtube.com\/watch?v=cBiHJxGxz1g<\/a><\/p>\n\n\n\n<figure class=\"wp-block-image is-resized\"><img data-recalc-dims=\"1\" loading=\"lazy\" decoding=\"async\" src=\"https:\/\/i0.wp.com\/www.fabriceeulry-laboutique.com\/blog\/wp-content\/uploads\/2019\/01\/les-gentils-1.png?resize=640%2C281\" alt=\"\" class=\"wp-image-11476\" width=\"640\" height=\"281\"\/><\/figure>\n\n\n\n<p><strong>\u00a0  Les effets pervers de cette loi n&rsquo;avaient pas encore s\u00e9vi en 1973, aussi, Michel\u00a0Fugain y moquait\u00a0d&rsquo;avantage le sabre\u00a0et\u00a0le\u00a0goupillon qui \u00e9taient pour lui les symboles du syst\u00e8me \u00e0 railler.\u00a0<\/strong><\/p>\n\n\n\n<p><strong>\u00a0  Entre la version de Fugain, dans la France de 1973 \u00e0 l&rsquo;apog\u00e9e de son bonheur consum\u00e9riste et festif d&rsquo;avant les chocs p\u00e9troliers, le ch\u00f4mage de masse et le cort\u00e8ge de morosit\u00e9 qui suivi, et celle de Marguerite dans la France de 2019 au bord du gouffre dans lequel ce processus a conduit le pays, nous notons au moins une cible commune : les profiteurs de guerre (civile ?) <\/strong><\/p>\n\n\n\n<p style=\"text-align:center\"><a href=\"https:\/\/www.youtube.com\/watch?v=SV7735AYnYE\">https:\/\/www.youtube.com\/watch?v=SV7735AYnYE<\/a><\/p>\n\n\n\n<figure class=\"wp-block-image\"><img data-recalc-dims=\"1\" loading=\"lazy\" decoding=\"async\" width=\"640\" height=\"298\" src=\"https:\/\/i0.wp.com\/www.fabriceeulry-laboutique.com\/blog\/wp-content\/uploads\/2019\/01\/fugain.png?resize=640%2C298\" alt=\"\" class=\"wp-image-11484\" srcset=\"https:\/\/i0.wp.com\/www.fabriceeulry-laboutique.com\/blog\/wp-content\/uploads\/2019\/01\/fugain.png?w=654 654w, https:\/\/i0.wp.com\/www.fabriceeulry-laboutique.com\/blog\/wp-content\/uploads\/2019\/01\/fugain.png?resize=300%2C140 300w\" sizes=\"auto, (max-width: 640px) 100vw, 640px\" \/><\/figure>\n\n\n\n<p><\/p>\n\n\n\n<p><strong>&nbsp;  Quant au Canard du pianiste, il peut au moins vous garantir une qualit\u00e9 musicale impeccable \u00e0 l&rsquo;\u00e9coute de ces versions, vos oreilles ne souffriront pas&nbsp;!&nbsp;<\/strong><\/p>\n\n\n\n<p> <strong>  Ah&nbsp;!&nbsp;Une&nbsp;derni\u00e8re&nbsp;chose&nbsp;:&nbsp;Soyez&nbsp;<em>gentils<\/em>&nbsp;dans&nbsp;vos&nbsp;commentaires,&nbsp;tout&nbsp;cela&nbsp;n&rsquo;est&nbsp;pas&nbsp;bien&nbsp;<em>m\u00e9chant<\/em>&nbsp;!&nbsp;<\/strong><\/p>\n\n\n\n<p style=\"text-align:center\"><strong>&nbsp;  C&rsquo;est juste de&nbsp;la&nbsp;chanson&nbsp;fran\u00e7aise&nbsp;:&nbsp;celle&nbsp;que&nbsp;nous&nbsp;aimons&nbsp;tous,<\/strong><\/p>\n\n\n\n<p style=\"text-align:center\"><strong>&nbsp;quelques&nbsp;soient&nbsp;nos&nbsp;penchants&nbsp;politiques.<\/strong><\/p>\n","protected":false},"excerpt":{"rendered":"<p>&nbsp; Dans quel sens entendre cette question ? Prenons-l\u00e0 d\u00e9j\u00e0 dans son sens musical : Marguerite et ses Gilets Jaunes de 2019 surclassent-ils Michel Fugain et son Big bazar de 1973 dans la pertinence de l&rsquo;engagement en y mettant de &hellip; <a href=\"http:\/\/www.fabriceeulry-laboutique.com\/blog\/?p=11474\">Continuer la lecture <span class=\"meta-nav\">&rarr;<\/span><\/a><\/p>\n","protected":false},"author":2,"featured_media":0,"comment_status":"open","ping_status":"open","sticky":false,"template":"","format":"standard","meta":{"jetpack_post_was_ever_published":false,"_jetpack_newsletter_access":"","_jetpack_dont_email_post_to_subs":false,"_jetpack_newsletter_tier_id":0,"_jetpack_memberships_contains_paywalled_content":false,"_jetpack_memberships_contains_paid_content":false,"footnotes":"","jetpack_publicize_message":"","jetpack_publicize_feature_enabled":true,"jetpack_social_post_already_shared":true,"jetpack_social_options":{"image_generator_settings":{"template":"highway","default_image_id":0,"font":"","enabled":false},"version":2}},"categories":[1],"tags":[52],"class_list":["post-11474","post","type-post","status-publish","format-standard","hentry","category-non-classe","tag-sociologie"],"jetpack_publicize_connections":[],"jetpack_featured_media_url":"","jetpack_sharing_enabled":true,"jetpack_shortlink":"https:\/\/wp.me\/p2D6dI-2Z4","jetpack_likes_enabled":true,"jetpack-related-posts":[{"id":11216,"url":"http:\/\/www.fabriceeulry-laboutique.com\/blog\/?p=11216","url_meta":{"origin":11474,"position":0},"title":"IMPRO SUR LES GILETS JAUNES (\u00c0 LA DEMANDE DES BRUXELLOIS)","author":"Le Canard du pianiste","date":"9 d\u00e9cembre 2018","format":false,"excerpt":"Deux mois apr\u00e8s la salle comble de Bozar o\u00f9 Fabrice Eulry avait donn\u00e9 la premi\u00e8re de son Concerto n\u00b03 \"supersonique\",\u00a0 c'est pour un r\u00e9cital que le Whalll recevait le \"Chopin du boogie\". Le programme annon\u00e7ait de Bach \u00e0 Hendrix... L'\u00e9clectisme fut donc \u00e0 l'honneur, et le r\u00e9pertoire de circonstance \u00e9galement\u2026","rel":"","context":"Dans &quot;Non class\u00e9&quot;","block_context":{"text":"Non class\u00e9","link":"http:\/\/www.fabriceeulry-laboutique.com\/blog\/?cat=1"},"img":{"alt_text":"","src":"https:\/\/i0.wp.com\/www.fabriceeulry-laboutique.com\/blog\/wp-content\/uploads\/2018\/12\/whalll3.png?resize=350%2C200","width":350,"height":200,"srcset":"https:\/\/i0.wp.com\/www.fabriceeulry-laboutique.com\/blog\/wp-content\/uploads\/2018\/12\/whalll3.png?resize=350%2C200 1x, https:\/\/i0.wp.com\/www.fabriceeulry-laboutique.com\/blog\/wp-content\/uploads\/2018\/12\/whalll3.png?resize=525%2C300 1.5x"},"classes":[]},{"id":7213,"url":"http:\/\/www.fabriceeulry-laboutique.com\/blog\/?p=7213","url_meta":{"origin":11474,"position":1},"title":"L&rsquo;IPSN ECRIT AU CANARD","author":"Le Canard du pianiste","date":"24 juin 2015","format":false,"excerpt":"\u00a0 \u00a0 \u00a0 \u00a0 \u00a0 \u00a0 Avis aux Belges : il reste encore des places pour la conf\u00e9rence exceptionnelle sur la m\u00e9decine du chou donn\u00e9e par le Dr Avendano, chirurgien de Cuzco, ce 26 Juin (c'est vendredi ! ). La conf\u00e9rence a lieu \u00e0 19 heures au 5 Place Cockerill\u2026","rel":"","context":"Dans &quot;Non class\u00e9&quot;","block_context":{"text":"Non class\u00e9","link":"http:\/\/www.fabriceeulry-laboutique.com\/blog\/?cat=1"},"img":{"alt_text":"","src":"","width":0,"height":0},"classes":[]},{"id":8948,"url":"http:\/\/www.fabriceeulry-laboutique.com\/blog\/?p=8948","url_meta":{"origin":11474,"position":2},"title":"LE FESTIVAL DE BOOGIE D&rsquo;USTER","author":"Le Canard du pianiste","date":"17 novembre 2016","format":false,"excerpt":"Ce festival a pu donner au public zurichois une revue vari\u00e9e, spontan\u00e9e, plus qu'un festival, puisque ces artistes ont su cr\u00e9er, par l'amour qu'il partagent pour le blues et le boogie-woogie, un moment fraternel d'\u00e9mulation qui n'avait rien \u00e0 voir avec les combats de coqs auxquels j'ai pu assister dans\u2026","rel":"","context":"Dans &quot;Non class\u00e9&quot;","block_context":{"text":"Non class\u00e9","link":"http:\/\/www.fabriceeulry-laboutique.com\/blog\/?cat=1"},"img":{"alt_text":"","src":"https:\/\/i0.wp.com\/www.fabriceeulry-laboutique.com\/blog\/wp-content\/uploads\/2012\/08\/Ricky-choisie-par-lui.jpg?resize=350%2C200","width":350,"height":200,"srcset":"https:\/\/i0.wp.com\/www.fabriceeulry-laboutique.com\/blog\/wp-content\/uploads\/2012\/08\/Ricky-choisie-par-lui.jpg?resize=350%2C200 1x, https:\/\/i0.wp.com\/www.fabriceeulry-laboutique.com\/blog\/wp-content\/uploads\/2012\/08\/Ricky-choisie-par-lui.jpg?resize=525%2C300 1.5x, https:\/\/i0.wp.com\/www.fabriceeulry-laboutique.com\/blog\/wp-content\/uploads\/2012\/08\/Ricky-choisie-par-lui.jpg?resize=700%2C400 2x, https:\/\/i0.wp.com\/www.fabriceeulry-laboutique.com\/blog\/wp-content\/uploads\/2012\/08\/Ricky-choisie-par-lui.jpg?resize=1050%2C600 3x, https:\/\/i0.wp.com\/www.fabriceeulry-laboutique.com\/blog\/wp-content\/uploads\/2012\/08\/Ricky-choisie-par-lui.jpg?resize=1400%2C800 4x"},"classes":[]},{"id":12491,"url":"http:\/\/www.fabriceeulry-laboutique.com\/blog\/?p=12491","url_meta":{"origin":11474,"position":3},"title":"TENEZ BON !","author":"Le Canard du pianiste","date":"10 janvier 2021","format":false,"excerpt":"Le Canard du pianiste souhaitait vous transmettre les voeux de quelques artistes, et notre attention est rest\u00e9e sur la mani\u00e8re circonstanci\u00e9e dont Fabrice Eulry a formul\u00e9 les siens : LE CANARD DU PIANISTE : Maestro, qu'avez-vous \u00e0 dire et \u00e0 souhaiter de particulier aux lecteurs du Canard du pianiste pour\u2026","rel":"","context":"Dans &quot;Non class\u00e9&quot;","block_context":{"text":"Non class\u00e9","link":"http:\/\/www.fabriceeulry-laboutique.com\/blog\/?cat=1"},"img":{"alt_text":"","src":"https:\/\/i0.wp.com\/img.youtube.com\/vi\/YTf3mhBbVrE\/0.jpg?resize=350%2C200","width":350,"height":200},"classes":[]},{"id":12319,"url":"http:\/\/www.fabriceeulry-laboutique.com\/blog\/?p=12319","url_meta":{"origin":11474,"position":4},"title":"REST IN PEACE, DEAR LITTLE RICHARD","author":"Le Canard du pianiste","date":"10 mai 2020","format":false,"excerpt":"Vous penserez peut-\u00eatre : \"Bon, 87 ans, il faut bien partir un jour\" mais tout aussi tristes que lorsqu'Elvis tira sa r\u00e9v\u00e9rence, nous ne dirons jamais assez tout ce que les autres doivent \u00e0 Little Richard. Par sa voix : James Brown, Tina Turner, Joe Cocker... : tous ceux qui\u2026","rel":"","context":"Dans &quot;Non class\u00e9&quot;","block_context":{"text":"Non class\u00e9","link":"http:\/\/www.fabriceeulry-laboutique.com\/blog\/?cat=1"},"img":{"alt_text":"","src":"https:\/\/i0.wp.com\/www.fabriceeulry-laboutique.com\/blog\/wp-content\/uploads\/2020\/05\/lit.png?resize=350%2C200","width":350,"height":200},"classes":[]},{"id":247,"url":"http:\/\/www.fabriceeulry-laboutique.com\/blog\/?p=247","url_meta":{"origin":11474,"position":5},"title":"ENTREVUE AVEC MARC LAFERRIERE","author":"Le Canard du pianiste","date":"1 f\u00e9vrier 2010","format":false,"excerpt":"\u00a0\u00a0En \u00e9coutant l'album de ton jubil\u00e9 (50 ans de carri\u00e8re musicale en 2006)\u00a0 je me r\u00e9gale autant que tu\u00a0as du le faire en s\u00e9lectionnant ces enregistrements qui retracent ton parcours. \u00a0\u00a0\u00a0Bien entendu, je n\u2019ai pas \u00e0 me plaindre\u00a0: 75 ans d\u2019\u00e2ge, et encore maintenant pr\u00e8s de soixante concerts par an\u2026","rel":"","context":"Dans &quot;Non class\u00e9&quot;","block_context":{"text":"Non class\u00e9","link":"http:\/\/www.fabriceeulry-laboutique.com\/blog\/?cat=1"},"img":{"alt_text":"eulry1.jpg","src":"https:\/\/i0.wp.com\/fabriceeulryunblogfr.unblog.fr\/files\/2010\/08\/eulry1.vignette.jpg?resize=350%2C200","width":350,"height":200},"classes":[]}],"_links":{"self":[{"href":"http:\/\/www.fabriceeulry-laboutique.com\/blog\/index.php?rest_route=\/wp\/v2\/posts\/11474","targetHints":{"allow":["GET"]}}],"collection":[{"href":"http:\/\/www.fabriceeulry-laboutique.com\/blog\/index.php?rest_route=\/wp\/v2\/posts"}],"about":[{"href":"http:\/\/www.fabriceeulry-laboutique.com\/blog\/index.php?rest_route=\/wp\/v2\/types\/post"}],"author":[{"embeddable":true,"href":"http:\/\/www.fabriceeulry-laboutique.com\/blog\/index.php?rest_route=\/wp\/v2\/users\/2"}],"replies":[{"embeddable":true,"href":"http:\/\/www.fabriceeulry-laboutique.com\/blog\/index.php?rest_route=%2Fwp%2Fv2%2Fcomments&post=11474"}],"version-history":[{"count":6,"href":"http:\/\/www.fabriceeulry-laboutique.com\/blog\/index.php?rest_route=\/wp\/v2\/posts\/11474\/revisions"}],"predecessor-version":[{"id":11490,"href":"http:\/\/www.fabriceeulry-laboutique.com\/blog\/index.php?rest_route=\/wp\/v2\/posts\/11474\/revisions\/11490"}],"wp:attachment":[{"href":"http:\/\/www.fabriceeulry-laboutique.com\/blog\/index.php?rest_route=%2Fwp%2Fv2%2Fmedia&parent=11474"}],"wp:term":[{"taxonomy":"category","embeddable":true,"href":"http:\/\/www.fabriceeulry-laboutique.com\/blog\/index.php?rest_route=%2Fwp%2Fv2%2Fcategories&post=11474"},{"taxonomy":"post_tag","embeddable":true,"href":"http:\/\/www.fabriceeulry-laboutique.com\/blog\/index.php?rest_route=%2Fwp%2Fv2%2Ftags&post=11474"}],"curies":[{"name":"wp","href":"https:\/\/api.w.org\/{rel}","templated":true}]}}