{"id":11666,"date":"2019-03-04T16:20:46","date_gmt":"2019-03-04T16:20:46","guid":{"rendered":"http:\/\/www.fabriceeulry-laboutique.com\/blog\/?p=11666"},"modified":"2019-03-04T16:20:54","modified_gmt":"2019-03-04T16:20:54","slug":"lagenda-du-festival-blues-en-aveyron-2019","status":"publish","type":"post","link":"http:\/\/www.fabriceeulry-laboutique.com\/blog\/?p=11666","title":{"rendered":"L&rsquo;AGENDA DU FESTIVAL BLUES EN AVEYRON 2019"},"content":{"rendered":"\n<p style=\"text-align:center\"> <strong>le Festival BLUES EN AVEYRON 2019 se d\u00e9roule sur 13 jours du 7 au 19 mai. L&rsquo;association Blues en Aveyron vous propose aussi un PASSE de 39 \u20ac qui acc\u00e8s donne \u00e0\u00a0TOUS\u00a0les concerts du festival ! <\/strong><\/p>\n\n\n\n<div class=\"wp-block-image\"><figure class=\"aligncenter\"><img data-recalc-dims=\"1\" loading=\"lazy\" decoding=\"async\" width=\"400\" height=\"588\" src=\"https:\/\/i0.wp.com\/www.fabriceeulry-laboutique.com\/blog\/wp-content\/uploads\/2019\/03\/Agenda-BenA-2019-2.png?resize=400%2C588\" alt=\"\" class=\"wp-image-11667\" srcset=\"https:\/\/i0.wp.com\/www.fabriceeulry-laboutique.com\/blog\/wp-content\/uploads\/2019\/03\/Agenda-BenA-2019-2.png?w=400 400w, https:\/\/i0.wp.com\/www.fabriceeulry-laboutique.com\/blog\/wp-content\/uploads\/2019\/03\/Agenda-BenA-2019-2.png?resize=204%2C300 204w, https:\/\/i0.wp.com\/www.fabriceeulry-laboutique.com\/blog\/wp-content\/uploads\/2019\/03\/Agenda-BenA-2019-2.png?resize=300%2C441 300w\" sizes=\"auto, (max-width: 400px) 100vw, 400px\" \/><\/figure><\/div>\n\n\n\n<p style=\"text-align:center\"><strong>R\u00e9servez en ligne en cliquant sur ce lien<\/strong><\/p>\n\n\n\n<p style=\"text-align:center\"><a href=\"https:\/\/www.weezevent.com\/blues-en-aveyron-2019\">https:\/\/www.weezevent.com\/blues-en-aveyron-2019<\/a><\/p>\n\n\n\n<p style=\"text-align:center\"><strong>Autres points de vente \u00e0 partir du 4 mars Librairie Pont-virgule Espalion, Maison de la presse Bozouls, Maison du livre Rodez&#8230;<br><\/strong><\/p>\n\n\n\n<p style=\"text-align:center\"><strong>Mardi 7 MAI : FABRICE EULRY&nbsp;<\/strong><\/p>\n\n\n\n<p style=\"text-align:center\"><strong>R\u00e9cital Blues,&nbsp;Boogie-woogie.&nbsp;20h30&nbsp;<\/strong><\/p>\n\n\n\n<p style=\"text-align:center\"> <strong>Centre Europ\u00e9en de Conques&nbsp;<br>12320 CONQUES-EN-ROUERGUE<br>Tarif : 10 et 15 \u20ac R\u00e9servations : <br><\/strong><a rel=\"noreferrer noopener\" target=\"_blank\" href=\"http:\/\/centre-europeen.com\/\"><strong>www.centre-europeen.com<\/strong><\/a><\/p>\n\n\n\n<div class=\"wp-block-image\"><figure class=\"aligncenter\"><img data-recalc-dims=\"1\" decoding=\"async\" src=\"https:\/\/i0.wp.com\/www.fabriceeulry-laboutique.com\/blog\/wp-content\/uploads\/2018\/07\/DEC10.png?w=640\" alt=\"L\u2019attribut alt de cette image est vide, son nom de fichier est DEC10.png.\"\/><figcaption><strong>\u00c9galement le m\u00eame soir : bal de soutien \u00e0 la salle de Saint-Geniez avec DUO \u00c0 DEUX.<\/strong><\/figcaption><\/figure><\/div>\n\n\n\n<p style=\"text-align:center\"><strong>Mercredi 8 MAI : TROPH\u00c9ES DU BLUES de 14h30 \u00e0 23h. Entr\u00e9e libre avant 18h45 puis entr\u00e9e \u00e0 15\u20ac. <\/strong><\/p>\n\n\n\n<div class=\"wp-block-image\"><figure class=\"aligncenter\"><img data-recalc-dims=\"1\" decoding=\"async\" src=\"https:\/\/i0.wp.com\/www.fabriceeulry-laboutique.com\/blog\/wp-content\/uploads\/2018\/05\/argence4.png?w=640\" alt=\"argence4\"\/><figcaption> <strong>Troph\u00e9es du blues : salle Poulenc Espalion de 16h \u00e0 22h.30. Auditions-coucours de blues l&rsquo;apr\u00e8s-midi, chorale blues des enfants de Bozouls, \u00e9l\u00e8ves de la section multii-arts du coll\u00e8ge Denayrouze et du lyc\u00e9e Immacul\u00e9e conception. Remise des prix \u00e0 20h30 et Concert du soir avec Fred Bonnet et le big band d&rsquo;Espalion. Invit\u00e9 sp\u00e9cial : Daniel Huck. Tarif unique 15 \u20ac (gratuit pour toute entr\u00e9e avant 18h30). Buffet sur place.<\/strong> <\/figcaption><\/figure><\/div>\n\n\n\n<p style=\"text-align:center\"><strong>Jeudi 9 MAI&nbsp;:&nbsp;CISCO HERZAFT&nbsp;<\/strong><\/p>\n\n\n\n<p style=\"text-align:center\"><strong>Conf\u00e9rence-concert sur le blues<\/strong><\/p>\n\n\n\n<p style=\"text-align:center\"><strong>Salle de Ste Genevi\u00e8ve sur Argence&nbsp;20h30&nbsp;Tarif&nbsp;:&nbsp;15 \u20ac<\/strong><\/p>\n\n\n\n<figure class=\"wp-block-image\"><img data-recalc-dims=\"1\" decoding=\"async\" src=\"https:\/\/i0.wp.com\/www.fabriceeulry-laboutique.com\/blog\/wp-content\/uploads\/2019\/01\/cisco.png?w=640\" alt=\"L\u2019attribut alt de cette image est vide, son nom de fichier est cisco.png.\"\/><\/figure>\n\n\n\n<p style=\"text-align:center\"><strong>vendredi 10 mai :  JACKY MILLIET, FABRICE EULRY&nbsp;invitent&nbsp;DANIEL HUCK<\/strong><br><\/p>\n\n\n\n<p style=\"text-align:center\"><strong>Salle des f\u00eates de Graissac (Ste Genevi\u00e8ve sur Argence)&nbsp;20h30&nbsp;Tarif&nbsp;:&nbsp;15 \u20ac<\/strong><\/p>\n\n\n\n<div class=\"wp-block-image\"><figure class=\"aligncenter\"><img data-recalc-dims=\"1\" decoding=\"async\" src=\"https:\/\/i0.wp.com\/www.fabriceeulry-laboutique.com\/blog\/wp-content\/uploads\/2019\/03\/milliet-eulry-1.png?w=640\" alt=\"L\u2019attribut alt de cette image est vide, son nom de fichier est milliet-eulry-1.png.\"\/><\/figure><\/div>\n\n\n\n<p style=\"text-align:center\"><strong>samedi 11 MAI<\/strong><\/p>\n\n\n\n<ul class=\"wp-block-list\"><li><strong>Eric Luter quartet, invit\u00e9 sp\u00e9cial : Jacky Milliet : Premi\u00e8re partie avec les laur\u00e9ats de Blues en Aveyron 2018. 20h30. Tarif 15 \u20ac<\/strong><\/li><\/ul>\n\n\n\n<div class=\"wp-block-image\"><figure class=\"aligncenter\"><img data-recalc-dims=\"1\" decoding=\"async\" src=\"https:\/\/i0.wp.com\/www.fabriceeulry-laboutique.com\/blog\/wp-content\/uploads\/2019\/01\/luter-eric.png?w=640\" alt=\"L\u2019attribut alt de cette image est vide, son nom de fichier est luter-eric.png.\"\/><\/figure><\/div>\n\n\n\n<p style=\"text-align:center\"><strong>Dimanche 12 MAI<\/strong><\/p>\n\n\n\n<div class=\"wp-block-image\"><figure class=\"aligncenter\"><img data-recalc-dims=\"1\" decoding=\"async\" src=\"https:\/\/i0.wp.com\/www.fabriceeulry-laboutique.com\/blog\/wp-content\/uploads\/2019\/01\/manso-affiche.png?w=640\" alt=\"L\u2019attribut alt de cette image est vide, son nom de fichier est manso-affiche.png.\"\/><\/figure><\/div>\n\n\n\n<p style=\"text-align:center\"><strong>Lundi 13 Mardi 14 MAI :<\/strong><\/p>\n\n\n\n<p style=\"text-align:center\"><strong> Interventions musicales de Fabrice Eulry :  blues en milieu hospitalier et scolaire.<\/strong><\/p>\n\n\n\n<p style=\"text-align:center\"><strong>Mercredi 15 MAI&nbsp;:&nbsp;<\/strong><\/p>\n\n\n\n<p style=\"text-align:center\"><strong>SUNNY SANDHU <\/strong><\/p>\n\n\n\n<p style=\"text-align:center\"><strong>28 rue droite<\/strong> <strong>ESPALION 18h45 <\/strong><\/p>\n\n\n\n<div class=\"wp-block-image\"><figure class=\"aligncenter\"><img data-recalc-dims=\"1\" decoding=\"async\" src=\"https:\/\/i0.wp.com\/www.fabriceeulry-laboutique.com\/blog\/wp-content\/uploads\/2019\/01\/sunny-sandhu.png?w=640\" alt=\"L\u2019attribut alt de cette image est vide, son nom de fichier est sunny-sandhu.png.\"\/><\/figure><\/div>\n\n\n\n<p style=\"text-align:center\"><strong>Vendredi 17 MAI : <\/strong><\/p>\n\n\n\n<p style=\"text-align:center\"><strong>LADY JANE GASMAN <\/strong><\/p>\n\n\n\n<p style=\"text-align:center\"><strong>accompagn\u00e9e par Fabrice Eulry et les Rolling twisters<\/strong><\/p>\n\n\n\n<p style=\"text-align:center\"><strong>20h30 salle des f\u00eates de Rignac. TARIF&nbsp;: 15\u20ac<\/strong><\/p>\n\n\n\n<div class=\"wp-block-image\"><figure class=\"aligncenter\"><img data-recalc-dims=\"1\" decoding=\"async\" src=\"https:\/\/i0.wp.com\/www.fabriceeulry-laboutique.com\/blog\/wp-content\/uploads\/2018\/11\/jane.png?w=640\" alt=\"L\u2019attribut alt de cette image est vide, son nom de fichier est jane.png.\"\/><\/figure><\/div>\n\n\n\n<p style=\"text-align:center\"><strong>Samedi 17 mai : <\/strong><\/p>\n\n\n\n<p style=\"text-align:center\"><strong>AL SANDERS<\/strong><\/p>\n\n\n\n<p style=\"text-align:center\"><strong>accompagn\u00e9 par Fabrice Eulry et les Rolling twisters<\/strong><\/p>\n\n\n\n<p style=\"text-align:center\"><strong>20h30 salle de Saint-Geniez. TARIF&nbsp;: 15\u20ac<\/strong><\/p>\n\n\n\n<div class=\"wp-block-image\"><figure class=\"aligncenter\"><img data-recalc-dims=\"1\" decoding=\"async\" src=\"https:\/\/i0.wp.com\/www.fabriceeulry-laboutique.com\/blog\/wp-content\/uploads\/2019\/01\/al-sanders.png?w=640\" alt=\"L\u2019attribut alt de cette image est vide, son nom de fichier est al-sanders.png.\"\/><\/figure><\/div>\n\n\n\n<p style=\"text-align:center\"><strong>19 MAI : FRANCK MOSSLER<\/strong><\/p>\n\n\n\n<p style=\"text-align:center\"><strong>accompagn\u00e9 par Fred Bonnet&nbsp;et&nbsp;Fabrice&nbsp;Eulry.&nbsp;Premi\u00e8re&nbsp;partie&nbsp;avec&nbsp;la&nbsp;chorale&nbsp;du&nbsp;Nayrac.<\/strong><\/p>\n\n\n\n<p style=\"text-align:center\"><strong>15h. Centre multiculturel du Nayrac.&nbsp;TARIF&nbsp;:&nbsp;15&nbsp;\u20ac.&nbsp;R\u00e9servations&nbsp;pour&nbsp;ce&nbsp;concert&nbsp;uniquement&nbsp;par&nbsp;t\u00e9l\u00e9phone&nbsp;au&nbsp;:&nbsp;06 98 16 41 52<\/strong><\/p>\n\n\n\n<div class=\"wp-block-image\"><figure class=\"aligncenter\"><img data-recalc-dims=\"1\" decoding=\"async\" src=\"https:\/\/i0.wp.com\/www.fabriceeulry-laboutique.com\/blog\/wp-content\/uploads\/2018\/11\/franck-mossler.png?w=640\" alt=\"L\u2019attribut alt de cette image est vide, son nom de fichier est franck-mossler.png.\"\/><\/figure><\/div>\n\n\n\n<div class=\"wp-block-image\"><figure class=\"aligncenter\"><img data-recalc-dims=\"1\" decoding=\"async\" src=\"https:\/\/i0.wp.com\/www.fabriceeulry-laboutique.com\/blog\/wp-content\/uploads\/2019\/01\/Logo-Blues-en-Aveyron.png?w=640\" alt=\"L\u2019attribut alt de cette image est vide, son nom de fichier est Logo-Blues-en-Aveyron.png.\"\/><\/figure><\/div>\n\n\n\n<p><strong>R\u00e9servez en ligne en cliquant sur ce lien<\/strong><\/p>\n","protected":false},"excerpt":{"rendered":"<p>le Festival BLUES EN AVEYRON 2019 se d\u00e9roule sur 13 jours du 7 au 19 mai. L&rsquo;association Blues en Aveyron vous propose aussi un PASSE de 39 \u20ac qui acc\u00e8s donne \u00e0\u00a0TOUS\u00a0les concerts du festival ! R\u00e9servez en ligne en &hellip; <a href=\"http:\/\/www.fabriceeulry-laboutique.com\/blog\/?p=11666\">Continuer la lecture <span class=\"meta-nav\">&rarr;<\/span><\/a><\/p>\n","protected":false},"author":2,"featured_media":0,"comment_status":"open","ping_status":"open","sticky":false,"template":"","format":"standard","meta":{"jetpack_post_was_ever_published":false,"_jetpack_newsletter_access":"","_jetpack_dont_email_post_to_subs":false,"_jetpack_newsletter_tier_id":0,"_jetpack_memberships_contains_paywalled_content":false,"_jetpack_memberships_contains_paid_content":false,"footnotes":"","jetpack_publicize_message":"","jetpack_publicize_feature_enabled":true,"jetpack_social_post_already_shared":true,"jetpack_social_options":{"image_generator_settings":{"template":"highway","default_image_id":0,"font":"","enabled":false},"version":2}},"categories":[1],"tags":[],"class_list":["post-11666","post","type-post","status-publish","format-standard","hentry","category-non-classe"],"jetpack_publicize_connections":[],"jetpack_featured_media_url":"","jetpack_sharing_enabled":true,"jetpack_shortlink":"https:\/\/wp.me\/p2D6dI-32a","jetpack_likes_enabled":true,"jetpack-related-posts":[{"id":11498,"url":"http:\/\/www.fabriceeulry-laboutique.com\/blog\/?p=11498","url_meta":{"origin":11666,"position":0},"title":"LE FESTIVAL BLUES EN AVEYRON 2019 !","author":"Le Canard du pianiste","date":"14 janvier 2019","format":false,"excerpt":"Chers amis du blues,L'association Blues en Aveyron a d\u00e9j\u00e0 \u00e0 son actif deux \u00e9ditions du festival BLUES EN AVEYRON. Les Pr\u00e9ambules du Festival 2019 12 mars 2019 14h30 Concert pour le public scolaire Fabrice EULRY conte le Blues Entr\u00e9e Libre (Eglise St Pie X de Bozouls) * 19 avril 2019\u2026","rel":"","context":"Dans &quot;Non class\u00e9&quot;","block_context":{"text":"Non class\u00e9","link":"http:\/\/www.fabriceeulry-laboutique.com\/blog\/?cat=1"},"img":{"alt_text":"","src":"https:\/\/i0.wp.com\/www.fabriceeulry-laboutique.com\/blog\/wp-content\/uploads\/2019\/03\/milliet-eulry.png?resize=350%2C200","width":350,"height":200,"srcset":"https:\/\/i0.wp.com\/www.fabriceeulry-laboutique.com\/blog\/wp-content\/uploads\/2019\/03\/milliet-eulry.png?resize=350%2C200 1x, https:\/\/i0.wp.com\/www.fabriceeulry-laboutique.com\/blog\/wp-content\/uploads\/2019\/03\/milliet-eulry.png?resize=525%2C300 1.5x, https:\/\/i0.wp.com\/www.fabriceeulry-laboutique.com\/blog\/wp-content\/uploads\/2019\/03\/milliet-eulry.png?resize=700%2C400 2x"},"classes":[]},{"id":11102,"url":"http:\/\/www.fabriceeulry-laboutique.com\/blog\/?p=11102","url_meta":{"origin":11666,"position":1},"title":"FESTIVAL BLUES EN AVEYRON 2019 !!!","author":"Le Canard du pianiste","date":"18 novembre 2018","format":false,"excerpt":"Festival Blues en Aveyron 2018 Le programme sera seulement d\u00e9finitif et confirm\u00e9 le 3 d\u00e9cembre mardi 7 mai : R\u00e9cital Fabrice Eulry : Centre europ\u00e9en de Conques. 20h30. Tarif unique : ? \u20ac Bal de Blues en Aveyron \u00e0 Saint-Geniez avec Duo \u00e0 Deux \u00e0 partir de 21h30. Tarif unique\u2026","rel":"","context":"Dans &quot;Non class\u00e9&quot;","block_context":{"text":"Non class\u00e9","link":"http:\/\/www.fabriceeulry-laboutique.com\/blog\/?cat=1"},"img":{"alt_text":"","src":"https:\/\/i0.wp.com\/www.fabriceeulry-laboutique.com\/blog\/wp-content\/uploads\/2018\/11\/franck-mossler.png?resize=350%2C200","width":350,"height":200},"classes":[]},{"id":9598,"url":"http:\/\/www.fabriceeulry-laboutique.com\/blog\/?p=9598","url_meta":{"origin":11666,"position":2},"title":"RICKY NORTON AU FESTIVAL BLUES EN AVEYRON 2018 !","author":"Le Canard du pianiste","date":"23 juillet 2017","format":false,"excerpt":"Chers amis du blues, le festival BLUES EN AVEYRON 2018 accueillera entre autres le chanteur RICKY NORTON ! L'association Blues en Aveyron a la joie de vous annoncer que cette t\u00eate d'affiche du rock'n roll (cliquez sur une image pour visionner la vid\u00e9o de son concert au casino de Bordeaux)\u2026","rel":"","context":"Dans &quot;Non class\u00e9&quot;","block_context":{"text":"Non class\u00e9","link":"http:\/\/www.fabriceeulry-laboutique.com\/blog\/?cat=1"},"img":{"alt_text":"Norton 1","src":"https:\/\/i0.wp.com\/www.fabriceeulry-laboutique.com\/blog\/wp-content\/uploads\/2017\/07\/Norton-1.jpg?resize=350%2C200","width":350,"height":200},"classes":[]},{"id":9702,"url":"http:\/\/www.fabriceeulry-laboutique.com\/blog\/?p=9702","url_meta":{"origin":11666,"position":3},"title":"DANS L&rsquo;AUBRAC CONF\u00c9RENCE SUR LE SWING !","author":"Le Canard du pianiste","date":"14 septembre 2017","format":false,"excerpt":"La d\u00e9licieuse petite ville de Sainte Genevi\u00e8ve sur Argence recevait ce 13 septembre Fabrice Eulry qui, pour l'association BLUES en AVEYRON, donna une conf\u00e9rence sur le swing. Le swing captive la jeunesse aveyronnaise ! \u00a0 \u00c0 ce sujet Blues en Aveyron remercie le conseil municipal pour ses efforts en la\u2026","rel":"","context":"Dans &quot;Non class\u00e9&quot;","block_context":{"text":"Non class\u00e9","link":"http:\/\/www.fabriceeulry-laboutique.com\/blog\/?cat=1"},"img":{"alt_text":"","src":"https:\/\/i0.wp.com\/www.fabriceeulry-laboutique.com\/blog\/wp-content\/uploads\/2017\/09\/con1.png?resize=350%2C200","width":350,"height":200},"classes":[]},{"id":10504,"url":"http:\/\/www.fabriceeulry-laboutique.com\/blog\/?p=10504","url_meta":{"origin":11666,"position":4},"title":"LES TROPH\u00c9ES DU BLUES","author":"Le Canard du pianiste","date":"20 mars 2018","format":false,"excerpt":"Dans le cadre du festival Blues en Aveyron 2018 dont voici le programme : \u00a0 l'association Blues en Aveyron organise et d'apr\u00e8s une id\u00e9e originale du chef d'orchestre Fred Bonnet, 6 MAI 2018 \u00e0\u00a0Saint C\u00f4med\u2019Olt \u2013 Salle des\u00a0f\u00eates partir de 16h00- : LES TROPH\u00c9ES DU BLUES 2018 16h \u2013 19h\u00a0:\u2026","rel":"","context":"Dans &quot;Non class\u00e9&quot;","block_context":{"text":"Non class\u00e9","link":"http:\/\/www.fabriceeulry-laboutique.com\/blog\/?cat=1"},"img":{"alt_text":"","src":"https:\/\/i0.wp.com\/www.fabriceeulry-laboutique.com\/blog\/wp-content\/uploads\/2018\/03\/BLUES-EN-AVEYRON-2018-affiche-verson.png?resize=350%2C200","width":350,"height":200},"classes":[]},{"id":11167,"url":"http:\/\/www.fabriceeulry-laboutique.com\/blog\/?p=11167","url_meta":{"origin":11666,"position":5},"title":"CISCO HERZAFT ET FABRICE EULRY CHEZ NADIA BOULANGER","author":"Le Canard du pianiste","date":"6 d\u00e9cembre 2018","format":false,"excerpt":"Pour le festival \u00a0Cisco Herzaft invitait Fabrice Eulry. Mais laissons s'exprimer ce t\u00e9moignage : Le trio pause fi\u00e8rement devant le Pleyel des soeurs Boulanger qui tr\u00f4ne dans le salon depuis cent ans. Adh\u00e9rez \u00e0 l'association BLUES EN AVEYRON pour promouvoir le blues et le patrimoine aveyronnais.\u00a0 Et ne manquez le\u2026","rel":"","context":"Dans &quot;Non class\u00e9&quot;","block_context":{"text":"Non class\u00e9","link":"http:\/\/www.fabriceeulry-laboutique.com\/blog\/?cat=1"},"img":{"alt_text":"","src":"https:\/\/i0.wp.com\/www.fabriceeulry-laboutique.com\/blog\/wp-content\/uploads\/2018\/11\/Cisco-3.png?resize=350%2C200","width":350,"height":200,"srcset":"https:\/\/i0.wp.com\/www.fabriceeulry-laboutique.com\/blog\/wp-content\/uploads\/2018\/11\/Cisco-3.png?resize=350%2C200 1x, https:\/\/i0.wp.com\/www.fabriceeulry-laboutique.com\/blog\/wp-content\/uploads\/2018\/11\/Cisco-3.png?resize=525%2C300 1.5x"},"classes":[]}],"_links":{"self":[{"href":"http:\/\/www.fabriceeulry-laboutique.com\/blog\/index.php?rest_route=\/wp\/v2\/posts\/11666","targetHints":{"allow":["GET"]}}],"collection":[{"href":"http:\/\/www.fabriceeulry-laboutique.com\/blog\/index.php?rest_route=\/wp\/v2\/posts"}],"about":[{"href":"http:\/\/www.fabriceeulry-laboutique.com\/blog\/index.php?rest_route=\/wp\/v2\/types\/post"}],"author":[{"embeddable":true,"href":"http:\/\/www.fabriceeulry-laboutique.com\/blog\/index.php?rest_route=\/wp\/v2\/users\/2"}],"replies":[{"embeddable":true,"href":"http:\/\/www.fabriceeulry-laboutique.com\/blog\/index.php?rest_route=%2Fwp%2Fv2%2Fcomments&post=11666"}],"version-history":[{"count":1,"href":"http:\/\/www.fabriceeulry-laboutique.com\/blog\/index.php?rest_route=\/wp\/v2\/posts\/11666\/revisions"}],"predecessor-version":[{"id":11668,"href":"http:\/\/www.fabriceeulry-laboutique.com\/blog\/index.php?rest_route=\/wp\/v2\/posts\/11666\/revisions\/11668"}],"wp:attachment":[{"href":"http:\/\/www.fabriceeulry-laboutique.com\/blog\/index.php?rest_route=%2Fwp%2Fv2%2Fmedia&parent=11666"}],"wp:term":[{"taxonomy":"category","embeddable":true,"href":"http:\/\/www.fabriceeulry-laboutique.com\/blog\/index.php?rest_route=%2Fwp%2Fv2%2Fcategories&post=11666"},{"taxonomy":"post_tag","embeddable":true,"href":"http:\/\/www.fabriceeulry-laboutique.com\/blog\/index.php?rest_route=%2Fwp%2Fv2%2Ftags&post=11666"}],"curies":[{"name":"wp","href":"https:\/\/api.w.org\/{rel}","templated":true}]}}