{"id":11692,"date":"2019-03-16T01:39:05","date_gmt":"2019-03-16T01:39:05","guid":{"rendered":"http:\/\/www.fabriceeulry-laboutique.com\/blog\/?p=11692"},"modified":"2019-03-16T01:39:14","modified_gmt":"2019-03-16T01:39:14","slug":"lhistoire-du-blues-a-lecole","status":"publish","type":"post","link":"http:\/\/www.fabriceeulry-laboutique.com\/blog\/?p=11692","title":{"rendered":"L&rsquo;HISTOIRE DU BLUES \u00c0 L&rsquo;\u00c9COLE"},"content":{"rendered":"\n<div class=\"wp-block-image\"><figure class=\"aligncenter\"><img data-recalc-dims=\"1\" loading=\"lazy\" decoding=\"async\" width=\"226\" height=\"174\" src=\"https:\/\/i0.wp.com\/www.fabriceeulry-laboutique.com\/blog\/wp-content\/uploads\/2019\/03\/Buddy-Guy-1936.png?resize=226%2C174\" alt=\"\" class=\"wp-image-11693\"\/><figcaption>Le g\u00e9nial Buddy Guy<\/figcaption><\/figure><\/div>\n\n\n\n<p style=\"text-align:center\"><strong>Fabrice Eulry offrait ce 11 mars deux conf\u00e9rences-concerts \u00e0 l&rsquo;\u00e9cole primaire Ars\u00e8ne Ratier de Bozouls : tout&nbsp;d&rsquo;abord&nbsp;pour&nbsp;les&nbsp;\u00ab\u00a0grands\u00a0\u00bb&nbsp;du&nbsp;CM1&nbsp;au&nbsp;CM2&nbsp;puis&nbsp;pour&nbsp;les&nbsp;tout&nbsp;petits&nbsp;maternelle&nbsp;CP&nbsp;CE1 CE2&nbsp;en&nbsp;version&nbsp;plus&nbsp;courte&nbsp;et&nbsp;expurg\u00e9e.&nbsp;<\/strong><\/p>\n\n\n\n<figure class=\"wp-block-image\"><img data-recalc-dims=\"1\" loading=\"lazy\" decoding=\"async\" width=\"640\" height=\"481\" src=\"https:\/\/i0.wp.com\/www.fabriceeulry-laboutique.com\/blog\/wp-content\/uploads\/2019\/03\/Blues-%C3%A0-l%C3%A9cole-2.png?resize=640%2C481\" alt=\"\" class=\"wp-image-11696\" srcset=\"https:\/\/i0.wp.com\/www.fabriceeulry-laboutique.com\/blog\/wp-content\/uploads\/2019\/03\/Blues-%C3%A0-l%C3%A9cole-2.png?w=641 641w, https:\/\/i0.wp.com\/www.fabriceeulry-laboutique.com\/blog\/wp-content\/uploads\/2019\/03\/Blues-%C3%A0-l%C3%A9cole-2.png?resize=300%2C226 300w\" sizes=\"auto, (max-width: 640px) 100vw, 640px\" \/><\/figure>\n\n\n\n<p style=\"text-align:center\"><strong>Mais, \u00e0 chaque fois, il raconte cette m\u00eame histoire en l&rsquo;adaptant \u00e0 ses jeunes publics, cette m\u00eame histoire incroyable qui commence par la d\u00e9portation, le d\u00e9racinement, l&rsquo;esclavage,\u00a0et\u00a0mute\u00a0dans\u00a0la\u00a0r\u00e9silience\u00a0qu&rsquo;offre\u00a0la\u00a0musique.<\/strong><\/p>\n\n\n\n<div class=\"wp-block-image\"><figure class=\"aligncenter\"><img data-recalc-dims=\"1\" loading=\"lazy\" decoding=\"async\" width=\"361\" height=\"271\" src=\"https:\/\/i0.wp.com\/www.fabriceeulry-laboutique.com\/blog\/wp-content\/uploads\/2019\/03\/Capture-des-esclaves.png?resize=361%2C271\" alt=\"\" class=\"wp-image-11694\" srcset=\"https:\/\/i0.wp.com\/www.fabriceeulry-laboutique.com\/blog\/wp-content\/uploads\/2019\/03\/Capture-des-esclaves.png?w=361 361w, https:\/\/i0.wp.com\/www.fabriceeulry-laboutique.com\/blog\/wp-content\/uploads\/2019\/03\/Capture-des-esclaves.png?resize=300%2C225 300w\" sizes=\"auto, (max-width: 361px) 100vw, 361px\" \/><figcaption>Des n\u00e9griers africains capturent des membres d&rsquo;autres tribus pour les r\u00e9duire en esclavage et \u00e9ventuellement les vendre \u00e0 des n\u00e9griers europ\u00e9ens qui n&rsquo;osent s&rsquo;aventurer \u00e0 l&rsquo;int\u00e9rieur du continent.<\/figcaption><\/figure><\/div>\n\n\n\n<figure class=\"wp-block-image\"><img data-recalc-dims=\"1\" loading=\"lazy\" decoding=\"async\" width=\"504\" height=\"378\" src=\"https:\/\/i0.wp.com\/www.fabriceeulry-laboutique.com\/blog\/wp-content\/uploads\/2019\/03\/brick.png?resize=504%2C378\" alt=\"\" class=\"wp-image-11695\" srcset=\"https:\/\/i0.wp.com\/www.fabriceeulry-laboutique.com\/blog\/wp-content\/uploads\/2019\/03\/brick.png?w=504 504w, https:\/\/i0.wp.com\/www.fabriceeulry-laboutique.com\/blog\/wp-content\/uploads\/2019\/03\/brick.png?resize=300%2C225 300w\" sizes=\"auto, (max-width: 504px) 100vw, 504px\" \/><\/figure>\n\n\n\n<p style=\"text-align:center\"><strong>Le pianiste illustre l&rsquo;histoire du blues au piano par des images et vid\u00e9os qui jalonnent les \u00e9tapes de son \u00e9volution ; avec un langage simple pour rester \u00e0 la port\u00e9e des enfants et des images parlantes pour susciter leur imagination&#8230;<\/strong><\/p>\n\n\n\n<div class=\"wp-block-image\"><figure class=\"aligncenter\"><img data-recalc-dims=\"1\" loading=\"lazy\" decoding=\"async\" width=\"184\" height=\"187\" src=\"https:\/\/i0.wp.com\/www.fabriceeulry-laboutique.com\/blog\/wp-content\/uploads\/2019\/03\/Robert-Johson-1911-1938.png?resize=184%2C187\" alt=\"\" class=\"wp-image-11710\"\/><figcaption>Robert Johnson<\/figcaption><\/figure><\/div>\n\n\n\n<figure class=\"wp-block-image\"><img data-recalc-dims=\"1\" loading=\"lazy\" decoding=\"async\" width=\"640\" height=\"481\" src=\"https:\/\/i0.wp.com\/www.fabriceeulry-laboutique.com\/blog\/wp-content\/uploads\/2019\/03\/blues-%C3%A0-l%C3%A9cole-7.png?resize=640%2C481\" alt=\"\" class=\"wp-image-11699\" srcset=\"https:\/\/i0.wp.com\/www.fabriceeulry-laboutique.com\/blog\/wp-content\/uploads\/2019\/03\/blues-%C3%A0-l%C3%A9cole-7.png?w=779 779w, https:\/\/i0.wp.com\/www.fabriceeulry-laboutique.com\/blog\/wp-content\/uploads\/2019\/03\/blues-%C3%A0-l%C3%A9cole-7.png?resize=300%2C225 300w, https:\/\/i0.wp.com\/www.fabriceeulry-laboutique.com\/blog\/wp-content\/uploads\/2019\/03\/blues-%C3%A0-l%C3%A9cole-7.png?resize=768%2C577 768w\" sizes=\"auto, (max-width: 640px) 100vw, 640px\" \/><\/figure>\n\n\n\n<p style=\"text-align:center\"><strong>&#8230; Mais aussi gr\u00e2ce au travail des instituteurs en amont, l&rsquo;auditoire captiv\u00e9 va n\u00e9anmoins s&#8217;emparer du sujet en participant activement \u00e0 la musique : on apprend \u00e0 claquer des doigts en rythme, et pendant la s\u00e9rie de questions finales une petite fille chantera m\u00eame la chanson de johnny :&nbsp;\u00ab\u00a0toute&nbsp;la&nbsp;musique&nbsp;que&nbsp;j&rsquo;aime\u00a0\u00bb<\/strong><\/p>\n\n\n\n<figure class=\"wp-block-image\"><img data-recalc-dims=\"1\" loading=\"lazy\" decoding=\"async\" width=\"640\" height=\"482\" src=\"https:\/\/i0.wp.com\/www.fabriceeulry-laboutique.com\/blog\/wp-content\/uploads\/2019\/03\/Blues-%C3%A0-l%C3%A9cole.png?resize=640%2C482\" alt=\"\" class=\"wp-image-11700\" srcset=\"https:\/\/i0.wp.com\/www.fabriceeulry-laboutique.com\/blog\/wp-content\/uploads\/2019\/03\/Blues-%C3%A0-l%C3%A9cole.png?w=643 643w, https:\/\/i0.wp.com\/www.fabriceeulry-laboutique.com\/blog\/wp-content\/uploads\/2019\/03\/Blues-%C3%A0-l%C3%A9cole.png?resize=300%2C226 300w\" sizes=\"auto, (max-width: 640px) 100vw, 640px\" \/><\/figure>\n\n\n\n<p style=\"text-align:center\"><strong>Et le lendemain, 12 mars c&rsquo;est le concert \u00e0 l&rsquo;\u00e9glise ST Pie X o\u00f9 les \u00e9coles priv\u00e9es et publiques de Bozouls ont rassembl\u00e9 leurs \u00e9l\u00e8ves\u00a0:<\/strong><\/p>\n\n\n\n<div class=\"wp-block-image\"><figure class=\"aligncenter\"><img data-recalc-dims=\"1\" loading=\"lazy\" decoding=\"async\" width=\"473\" height=\"477\" src=\"https:\/\/i0.wp.com\/www.fabriceeulry-laboutique.com\/blog\/wp-content\/uploads\/2019\/03\/Blues-%C3%A0-l%C3%A9cole-4.png?resize=473%2C477\" alt=\"\" class=\"wp-image-11698\" srcset=\"https:\/\/i0.wp.com\/www.fabriceeulry-laboutique.com\/blog\/wp-content\/uploads\/2019\/03\/Blues-%C3%A0-l%C3%A9cole-4.png?w=473 473w, https:\/\/i0.wp.com\/www.fabriceeulry-laboutique.com\/blog\/wp-content\/uploads\/2019\/03\/Blues-%C3%A0-l%C3%A9cole-4.png?resize=150%2C150 150w, https:\/\/i0.wp.com\/www.fabriceeulry-laboutique.com\/blog\/wp-content\/uploads\/2019\/03\/Blues-%C3%A0-l%C3%A9cole-4.png?resize=297%2C300 297w, https:\/\/i0.wp.com\/www.fabriceeulry-laboutique.com\/blog\/wp-content\/uploads\/2019\/03\/Blues-%C3%A0-l%C3%A9cole-4.png?resize=300%2C303 300w\" sizes=\"auto, (max-width: 473px) 100vw, 473px\" \/><figcaption>Ici dernier blues o\u00f9 une modulation en mi b\u00e9mol permet de faire jouer les jeunes volontaires de s&rsquo;essayer sur les touches noires !<\/figcaption><\/figure><\/div>\n\n\n\n<div class=\"wp-block-image\"><figure class=\"aligncenter\"><img data-recalc-dims=\"1\" loading=\"lazy\" decoding=\"async\" width=\"471\" height=\"629\" src=\"https:\/\/i0.wp.com\/www.fabriceeulry-laboutique.com\/blog\/wp-content\/uploads\/2019\/03\/Blues-%C3%A0-l%C3%A9cole-6.png?resize=471%2C629\" alt=\"\" class=\"wp-image-11701\" srcset=\"https:\/\/i0.wp.com\/www.fabriceeulry-laboutique.com\/blog\/wp-content\/uploads\/2019\/03\/Blues-%C3%A0-l%C3%A9cole-6.png?w=471 471w, https:\/\/i0.wp.com\/www.fabriceeulry-laboutique.com\/blog\/wp-content\/uploads\/2019\/03\/Blues-%C3%A0-l%C3%A9cole-6.png?resize=225%2C300 225w, https:\/\/i0.wp.com\/www.fabriceeulry-laboutique.com\/blog\/wp-content\/uploads\/2019\/03\/Blues-%C3%A0-l%C3%A9cole-6.png?resize=300%2C401 300w\" sizes=\"auto, (max-width: 471px) 100vw, 471px\" \/><figcaption><br><\/figcaption><\/figure><\/div>\n\n\n\n<div class=\"wp-block-image\"><figure class=\"aligncenter\"><img data-recalc-dims=\"1\" loading=\"lazy\" decoding=\"async\" width=\"473\" height=\"632\" src=\"https:\/\/i0.wp.com\/www.fabriceeulry-laboutique.com\/blog\/wp-content\/uploads\/2019\/03\/Blues-%C3%A0-l%C3%A9cole-3.png?resize=473%2C632\" alt=\"\" class=\"wp-image-11697\" srcset=\"https:\/\/i0.wp.com\/www.fabriceeulry-laboutique.com\/blog\/wp-content\/uploads\/2019\/03\/Blues-%C3%A0-l%C3%A9cole-3.png?w=473 473w, https:\/\/i0.wp.com\/www.fabriceeulry-laboutique.com\/blog\/wp-content\/uploads\/2019\/03\/Blues-%C3%A0-l%C3%A9cole-3.png?resize=225%2C300 225w, https:\/\/i0.wp.com\/www.fabriceeulry-laboutique.com\/blog\/wp-content\/uploads\/2019\/03\/Blues-%C3%A0-l%C3%A9cole-3.png?resize=300%2C401 300w\" sizes=\"auto, (max-width: 473px) 100vw, 473px\" \/><figcaption>S\u00e9ances d&rsquo;autographes \u00e0 la sortie du concert<\/figcaption><\/figure><\/div>\n","protected":false},"excerpt":{"rendered":"<p>Fabrice Eulry offrait ce 11 mars deux conf\u00e9rences-concerts \u00e0 l&rsquo;\u00e9cole primaire Ars\u00e8ne Ratier de Bozouls : tout&nbsp;d&rsquo;abord&nbsp;pour&nbsp;les&nbsp;\u00ab\u00a0grands\u00a0\u00bb&nbsp;du&nbsp;CM1&nbsp;au&nbsp;CM2&nbsp;puis&nbsp;pour&nbsp;les&nbsp;tout&nbsp;petits&nbsp;maternelle&nbsp;CP&nbsp;CE1 CE2&nbsp;en&nbsp;version&nbsp;plus&nbsp;courte&nbsp;et&nbsp;expurg\u00e9e.&nbsp; Mais, \u00e0 chaque fois, il raconte cette m\u00eame histoire en l&rsquo;adaptant \u00e0 ses jeunes publics, cette m\u00eame histoire incroyable qui commence par &hellip; <a href=\"http:\/\/www.fabriceeulry-laboutique.com\/blog\/?p=11692\">Continuer la lecture <span class=\"meta-nav\">&rarr;<\/span><\/a><\/p>\n","protected":false},"author":2,"featured_media":0,"comment_status":"open","ping_status":"open","sticky":false,"template":"","format":"standard","meta":{"jetpack_post_was_ever_published":false,"_jetpack_newsletter_access":"","_jetpack_dont_email_post_to_subs":false,"_jetpack_newsletter_tier_id":0,"_jetpack_memberships_contains_paywalled_content":false,"_jetpack_memberships_contains_paid_content":false,"footnotes":"","jetpack_publicize_message":"","jetpack_publicize_feature_enabled":true,"jetpack_social_post_already_shared":true,"jetpack_social_options":{"image_generator_settings":{"template":"highway","default_image_id":0,"font":"","enabled":false},"version":2}},"categories":[1],"tags":[],"class_list":["post-11692","post","type-post","status-publish","format-standard","hentry","category-non-classe"],"jetpack_publicize_connections":[],"jetpack_featured_media_url":"","jetpack_sharing_enabled":true,"jetpack_shortlink":"https:\/\/wp.me\/p2D6dI-32A","jetpack_likes_enabled":true,"jetpack-related-posts":[{"id":12831,"url":"http:\/\/www.fabriceeulry-laboutique.com\/blog\/?p=12831","url_meta":{"origin":11692,"position":0},"title":"WATERLOO SUR 88 TOUCHES","author":"Le Canard du pianiste","date":"23 janvier 2024","format":false,"excerpt":"\u00a0L'\u00c9COLE EUROP\u00c9ENNE DE BRUXELLES - ARGENTEUIL\u00a0 \u00a0 \u00a0\u00a0\u00a0 \u00a0 \u00a0 \u00a0 \u00a0 \u00a0 \u00a0 \u00a0 a le grand plaisir de vous proposer d'assister \u00e0 un R\u00c9CITAL du pianiste virtuose\u00a0 \u00a0 \u00a0 \u00a0 \u00a0 \u00a0 \u00a0 \u00a0 \u00a0 \u00a0 \u00a0 \u00a0 \u00a0 \u00a0 \u00a0 \u00a0 \u00a0 \u00a0 \u00a0\u00a0 \u00a0 \u00a0 \u00a0\u2026","rel":"","context":"Dans &quot;Non class\u00e9&quot;","block_context":{"text":"Non class\u00e9","link":"http:\/\/www.fabriceeulry-laboutique.com\/blog\/?cat=1"},"img":{"alt_text":"","src":"https:\/\/i0.wp.com\/www.fabriceeulry-laboutique.com\/blog\/wp-content\/uploads\/2022\/11\/JAZZABAR.png?resize=350%2C200","width":350,"height":200,"srcset":"https:\/\/i0.wp.com\/www.fabriceeulry-laboutique.com\/blog\/wp-content\/uploads\/2022\/11\/JAZZABAR.png?resize=350%2C200 1x, https:\/\/i0.wp.com\/www.fabriceeulry-laboutique.com\/blog\/wp-content\/uploads\/2022\/11\/JAZZABAR.png?resize=525%2C300 1.5x, https:\/\/i0.wp.com\/www.fabriceeulry-laboutique.com\/blog\/wp-content\/uploads\/2022\/11\/JAZZABAR.png?resize=700%2C400 2x, https:\/\/i0.wp.com\/www.fabriceeulry-laboutique.com\/blog\/wp-content\/uploads\/2022\/11\/JAZZABAR.png?resize=1050%2C600 3x, https:\/\/i0.wp.com\/www.fabriceeulry-laboutique.com\/blog\/wp-content\/uploads\/2022\/11\/JAZZABAR.png?resize=1400%2C800 4x"},"classes":[]},{"id":8045,"url":"http:\/\/www.fabriceeulry-laboutique.com\/blog\/?p=8045","url_meta":{"origin":11692,"position":1},"title":"\u00ab\u00a0NUL N&rsquo;EST PROPHETE EN SON PAYS\u00a0\u00bb : UN PREJUGE DEMAGOGIQUE.","author":"Le Canard du pianiste","date":"27 janvier 2016","format":false,"excerpt":"Le Canard du pianiste relaie r\u00e9guli\u00e8rement le blogue de Christine Sourgins qui nous propose un propos exempt de toute id\u00e9ologie. Pas de conservatisme frileux ni de modernisme b\u00e9at, mais un \u00e9clairage toujours inattendu et pertinent rendu possible par un sens des r\u00e9alit\u00e9s \u00e9conomiques (qui lib\u00e8re la pens\u00e9e de l'abstraction id\u00e9ologique)\u2026","rel":"","context":"Dans &quot;Non class\u00e9&quot;","block_context":{"text":"Non class\u00e9","link":"http:\/\/www.fabriceeulry-laboutique.com\/blog\/?cat=1"},"img":{"alt_text":"","src":"https:\/\/i0.wp.com\/www.sourgins.fr\/wp-content\/uploads\/2014\/08\/comic-maigre-1-sur-2-600x82.jpg?resize=350%2C200","width":350,"height":200,"srcset":"https:\/\/i0.wp.com\/www.sourgins.fr\/wp-content\/uploads\/2014\/08\/comic-maigre-1-sur-2-600x82.jpg?resize=350%2C200 1x, https:\/\/i0.wp.com\/www.sourgins.fr\/wp-content\/uploads\/2014\/08\/comic-maigre-1-sur-2-600x82.jpg?resize=525%2C300 1.5x"},"classes":[]},{"id":1379,"url":"http:\/\/www.fabriceeulry-laboutique.com\/blog\/?p=1379","url_meta":{"origin":11692,"position":2},"title":"VOTRE AVENIR","author":"Le Canard du pianiste","date":"3 d\u00e9cembre 2012","format":false,"excerpt":"Le temps o\u00f9 les esclaves \u00e9taient marqu\u00e9s au fer rouge est r\u00e9volu. Aujourd'hui l'\u00e9lectronique en s'en prenant aux plus faibles ( les enfants) peut r\u00e9duire l'humanit\u00e9 \u00e0 l'\u00e9tat de troupeau plus s\u00fbrement plus sournoisement. Ce n'est pas de la science-fiction c'est m\u00eame d\u00e9j\u00e0 le pr\u00e9sent, et l'avenir proche de vos\u2026","rel":"","context":"Dans &quot;Non class\u00e9&quot;","block_context":{"text":"Non class\u00e9","link":"http:\/\/www.fabriceeulry-laboutique.com\/blog\/?cat=1"},"img":{"alt_text":"","src":"","width":0,"height":0},"classes":[]},{"id":12825,"url":"http:\/\/www.fabriceeulry-laboutique.com\/blog\/?p=12825","url_meta":{"origin":11692,"position":3},"title":"CONCERT \u00c0 L&rsquo;\u00c9COLE","author":"Le Canard du pianiste","date":"27 d\u00e9cembre 2023","format":false,"excerpt":"Des \u00e9l\u00e8ves \u00e0 la fois disciplin\u00e9s et survolt\u00e9s pour \u00e9couter une musique \u00e0 la fois entra\u00eenante et nourrie d'influences diverses, c'est le r\u00eave pour rendre un musicien heureux ! https:\/\/www.youtube.com\/watch?v=U5Si-5jb5SQ Retrouvez Fabrice Eulry au Petit-journal Saint Michel les 28 et 31 d\u00e9cembre prochains : http:\/\/www.fabriceeulry-laboutique.com\/blog\/?p=12817","rel":"","context":"Dans &quot;Non class\u00e9&quot;","block_context":{"text":"Non class\u00e9","link":"http:\/\/www.fabriceeulry-laboutique.com\/blog\/?cat=1"},"img":{"alt_text":"","src":"https:\/\/i0.wp.com\/img.youtube.com\/vi\/U5Si-5jb5SQ\/0.jpg?resize=350%2C200","width":350,"height":200},"classes":[]},{"id":11803,"url":"http:\/\/www.fabriceeulry-laboutique.com\/blog\/?p=11803","url_meta":{"origin":11692,"position":4},"title":"CONCERT CONFIDENTIEL \u00c0 CH\u00c2LONS SUR SA\u00d4NE","author":"Le Canard du pianiste","date":"27 avril 2019","format":false,"excerpt":"La R\u00e9sidence\u00a0Jean Andr\u00e9 Laupr\u00eatre accueillait Fabrice Eulry le 4 avril pour un concert tr\u00e8s confidentiel. Ici Fabrice Eulry dans l'Aria de Bach sur un piano Rameau tr\u00e8s bien entretenu. \u00a0Situ\u00e9e \u00e0 deux pas de la place de l\u2019H\u00f4tel de ville de Ch\u00e2lons sur Sa\u00f4ne, la R\u00e9sidence b\u00e9n\u00e9ficie d\u2019un emplacement privil\u00e9gi\u00e9,\u2026","rel":"","context":"Dans &quot;Non class\u00e9&quot;","block_context":{"text":"Non class\u00e9","link":"http:\/\/www.fabriceeulry-laboutique.com\/blog\/?cat=1"},"img":{"alt_text":"","src":"https:\/\/i0.wp.com\/www.fabriceeulry-laboutique.com\/blog\/wp-content\/uploads\/2019\/04\/resid.png?resize=350%2C200","width":350,"height":200},"classes":[]},{"id":4371,"url":"http:\/\/www.fabriceeulry-laboutique.com\/blog\/?p=4371","url_meta":{"origin":11692,"position":5},"title":"MISE A MORT DE LA PEINTURE","author":"Le Canard du pianiste","date":"21 janvier 2014","format":false,"excerpt":"\u00a0 Dans le but de d\u00e9fendre l'Art Canard du pianiste propose de d\u00e9crypter l'imposture conceptuelle que les pouvoirs lui ont substitu\u00e9, et pour ce faire, accueillera toutes vos contributions. Source : Article r\u00e9dig\u00e9 par\u00a0Christine Sourgins, le\u00a013 d\u00e9cembre 2013 dans Libert\u00e9 politique.com Vient de para\u00eetre aux \u00e9ditions Pierre-Guillaume de Roux le\u2026","rel":"","context":"Dans &quot;Non class\u00e9&quot;","block_context":{"text":"Non class\u00e9","link":"http:\/\/www.fabriceeulry-laboutique.com\/blog\/?cat=1"},"img":{"alt_text":"","src":"https:\/\/i0.wp.com\/www.fabriceeulry-laboutique.com\/blog\/wp-content\/uploads\/2014\/01\/aude1.png?resize=350%2C200","width":350,"height":200,"srcset":"https:\/\/i0.wp.com\/www.fabriceeulry-laboutique.com\/blog\/wp-content\/uploads\/2014\/01\/aude1.png?resize=350%2C200 1x, https:\/\/i0.wp.com\/www.fabriceeulry-laboutique.com\/blog\/wp-content\/uploads\/2014\/01\/aude1.png?resize=525%2C300 1.5x"},"classes":[]}],"_links":{"self":[{"href":"http:\/\/www.fabriceeulry-laboutique.com\/blog\/index.php?rest_route=\/wp\/v2\/posts\/11692","targetHints":{"allow":["GET"]}}],"collection":[{"href":"http:\/\/www.fabriceeulry-laboutique.com\/blog\/index.php?rest_route=\/wp\/v2\/posts"}],"about":[{"href":"http:\/\/www.fabriceeulry-laboutique.com\/blog\/index.php?rest_route=\/wp\/v2\/types\/post"}],"author":[{"embeddable":true,"href":"http:\/\/www.fabriceeulry-laboutique.com\/blog\/index.php?rest_route=\/wp\/v2\/users\/2"}],"replies":[{"embeddable":true,"href":"http:\/\/www.fabriceeulry-laboutique.com\/blog\/index.php?rest_route=%2Fwp%2Fv2%2Fcomments&post=11692"}],"version-history":[{"count":2,"href":"http:\/\/www.fabriceeulry-laboutique.com\/blog\/index.php?rest_route=\/wp\/v2\/posts\/11692\/revisions"}],"predecessor-version":[{"id":11711,"href":"http:\/\/www.fabriceeulry-laboutique.com\/blog\/index.php?rest_route=\/wp\/v2\/posts\/11692\/revisions\/11711"}],"wp:attachment":[{"href":"http:\/\/www.fabriceeulry-laboutique.com\/blog\/index.php?rest_route=%2Fwp%2Fv2%2Fmedia&parent=11692"}],"wp:term":[{"taxonomy":"category","embeddable":true,"href":"http:\/\/www.fabriceeulry-laboutique.com\/blog\/index.php?rest_route=%2Fwp%2Fv2%2Fcategories&post=11692"},{"taxonomy":"post_tag","embeddable":true,"href":"http:\/\/www.fabriceeulry-laboutique.com\/blog\/index.php?rest_route=%2Fwp%2Fv2%2Ftags&post=11692"}],"curies":[{"name":"wp","href":"https:\/\/api.w.org\/{rel}","templated":true}]}}