{"id":11716,"date":"2019-03-26T03:26:16","date_gmt":"2019-03-26T03:26:16","guid":{"rendered":"http:\/\/www.fabriceeulry-laboutique.com\/blog\/?p=11716"},"modified":"2019-03-26T03:26:23","modified_gmt":"2019-03-26T03:26:23","slug":"en-avril-2-concerts-au-petit-journal-st-michel","status":"publish","type":"post","link":"http:\/\/www.fabriceeulry-laboutique.com\/blog\/?p=11716","title":{"rendered":"EN AVRIL : 2 CONCERTS AU PETIT-JOURNAL ST MICHEL !"},"content":{"rendered":"\n<div class=\"wp-block-image\"><figure class=\"aligncenter\"><img data-recalc-dims=\"1\" decoding=\"async\" src=\"https:\/\/i0.wp.com\/www.fabriceeulry-laboutique.com\/blog\/wp-content\/uploads\/2015\/04\/pj-.jpg?w=640\" alt=\"pj\"\/><\/figure><\/div>\n\n\n\n<p style=\"text-align:center\"><strong>Tout d&rsquo;abord le dimanche 21 avril, le banjo\u00efste Gr\u00e9goire Boyadjian, et Franck Mossler inviteront Fabrice Eulry pour une soir\u00e9e Nouvelle-Orl\u00e9ans. <\/strong><\/p>\n\n\n\n<figure class=\"wp-block-image\"><img data-recalc-dims=\"1\" height=\"858\" width=\"640\" decoding=\"async\" src=\"https:\/\/i0.wp.com\/www.fabriceeulry-laboutique.com\/blog\/wp-content\/uploads\/2012\/09\/fabrice-au-PJ.jpg?resize=640%2C858\" alt=\"fabrice au PJ\"\/><\/figure>\n\n\n\n<p style=\"text-align:center\"><strong><em>(Photo Carole Demolliens)<\/em><\/strong><\/p>\n\n\n\n<p style=\"text-align:center\"><strong>Et comme chaque dernier lundi du mois depuis 21 ans, vous y retrouverez Fabrice Eulry en solo : tous au Petit-journal Saint-Michel le lundi 29 avril !<\/strong><\/p>\n\n\n\n<p style=\"text-align:center\">Le pianiste en trio, cd enregistr\u00e9 au Petit-journal Saint-Michel<\/p>\n\n\n\n<div class=\"wp-block-image\"><figure class=\"aligncenter\"><img data-recalc-dims=\"1\" decoding=\"async\" src=\"https:\/\/i0.wp.com\/www.fabriceeulry-laboutique.com\/blog\/wp-content\/uploads\/2017\/12\/entrio.png?w=640\" alt=\"entrio\"\/><\/figure><\/div>\n\n\n\n<p>Paragraphe<\/p>\n\n\n\n<p style=\"text-align:center\"><em>(cliquez sur le lien pour \u00e9couter des extraits et le commander)<\/em><br><br><\/p>\n","protected":false},"excerpt":{"rendered":"<p>Tout d&rsquo;abord le dimanche 21 avril, le banjo\u00efste Gr\u00e9goire Boyadjian, et Franck Mossler inviteront Fabrice Eulry pour une soir\u00e9e Nouvelle-Orl\u00e9ans. (Photo Carole Demolliens) Et comme chaque dernier lundi du mois depuis 21 ans, vous y retrouverez Fabrice Eulry en solo &hellip; <a href=\"http:\/\/www.fabriceeulry-laboutique.com\/blog\/?p=11716\">Continuer la lecture <span class=\"meta-nav\">&rarr;<\/span><\/a><\/p>\n","protected":false},"author":2,"featured_media":0,"comment_status":"open","ping_status":"open","sticky":false,"template":"","format":"standard","meta":{"jetpack_post_was_ever_published":false,"_jetpack_newsletter_access":"","_jetpack_dont_email_post_to_subs":false,"_jetpack_newsletter_tier_id":0,"_jetpack_memberships_contains_paywalled_content":false,"_jetpack_memberships_contains_paid_content":false,"footnotes":"","jetpack_publicize_message":"","jetpack_publicize_feature_enabled":true,"jetpack_social_post_already_shared":true,"jetpack_social_options":{"image_generator_settings":{"template":"highway","default_image_id":0,"font":"","enabled":false},"version":2}},"categories":[1],"tags":[],"class_list":["post-11716","post","type-post","status-publish","format-standard","hentry","category-non-classe"],"jetpack_publicize_connections":[],"jetpack_featured_media_url":"","jetpack_sharing_enabled":true,"jetpack_shortlink":"https:\/\/wp.me\/p2D6dI-32Y","jetpack_likes_enabled":true,"jetpack-related-posts":[{"id":11821,"url":"http:\/\/www.fabriceeulry-laboutique.com\/blog\/?p=11821","url_meta":{"origin":11716,"position":0},"title":"FABRICE EULRY AU PETIT-JOURNAL ST MICHEL CE 29 AVRIL","author":"Le Canard du pianiste","date":"27 avril 2019","format":false,"excerpt":"Comme tous les derniers lundi du mois, Fabrice Eulry se produira en piano solo le lundi 29 AVRIL 2019 avec comme toujours des improvisations folles et des invit\u00e9s surprises. Le pianiste en trio, le cd enregistr\u00e9 au Petit-journal Saint-Michel (cliquez sur le lien pour \u00e9couter des extraits et le commander)\u2026","rel":"","context":"Dans &quot;Non class\u00e9&quot;","block_context":{"text":"Non class\u00e9","link":"http:\/\/www.fabriceeulry-laboutique.com\/blog\/?cat=1"},"img":{"alt_text":"entrio","src":"https:\/\/i0.wp.com\/www.fabriceeulry-laboutique.com\/blog\/wp-content\/uploads\/2017\/12\/entrio.png?resize=350%2C200","width":350,"height":200},"classes":[]},{"id":10649,"url":"http:\/\/www.fabriceeulry-laboutique.com\/blog\/?p=10649","url_meta":{"origin":11716,"position":1},"title":"FABRICE EULRY AU PETIT-JOURNAL FIN MAI","author":"Le Canard du pianiste","date":"9 mai 2018","format":false,"excerpt":"Comme tous les derniers lundi du mois, Fabrice Eulry se produira en piano solo le lundi 28 mai 2018 R\u00e9servez d\u00e8s \u00e0 pr\u00e9sent, car en avril dernier le\u00a0Petit-journal \u00e9tait complet pour \u00e9couter sa musique ! avec comme toujours des improvisations folles et des invit\u00e9s surprises. Le pianiste en trio, le\u2026","rel":"","context":"Dans &quot;Non class\u00e9&quot;","block_context":{"text":"Non class\u00e9","link":"http:\/\/www.fabriceeulry-laboutique.com\/blog\/?cat=1"},"img":{"alt_text":"PJ COORDONNEES","src":"https:\/\/i0.wp.com\/www.fabriceeulry-laboutique.com\/blog\/wp-content\/uploads\/2017\/01\/PJ-COORDONNEES.png?resize=350%2C200","width":350,"height":200},"classes":[]},{"id":10751,"url":"http:\/\/www.fabriceeulry-laboutique.com\/blog\/?p=10751","url_meta":{"origin":11716,"position":2},"title":"LE PETIT-JOURNAL SAINT-MICHEL VA-T-IL DISPARA\u00ceTRE ?","author":"Le Canard du pianiste","date":"23 mai 2018","format":false,"excerpt":"Comme tous les derniers lundi du mois, Fabrice Eulry se produira en piano solo le lundi 28 mai 2018 R\u00e9servez d\u00e8s \u00e0 pr\u00e9sent, car en avril dernier le\u00a0Petit-journal \u00e9tait complet pour \u00e9couter sa musique ! En effet Petit-journal Saint-Michel ne d\u00e9semplit pas depuis que le public a vent de son\u2026","rel":"","context":"Dans &quot;Non class\u00e9&quot;","block_context":{"text":"Non class\u00e9","link":"http:\/\/www.fabriceeulry-laboutique.com\/blog\/?cat=1"},"img":{"alt_text":"PJ COORDONNEES","src":"https:\/\/i0.wp.com\/www.fabriceeulry-laboutique.com\/blog\/wp-content\/uploads\/2017\/01\/PJ-COORDONNEES.png?resize=350%2C200","width":350,"height":200},"classes":[]},{"id":10757,"url":"http:\/\/www.fabriceeulry-laboutique.com\/blog\/?p=10757","url_meta":{"origin":11716,"position":3},"title":"DERNIERS (?) CONCERTS AU PETIT-JOURNAL SAINT-MICHEL ?","author":"Le Canard du pianiste","date":"23 mai 2018","format":false,"excerpt":"Derniers concerts avant la fermeture estivale ou derniers concerts avant la disparition d\u00e9finitive du Petit-journal Saint Michel ? C'est ce que La Canard du pianiste vous r\u00e9v\u00e8lera d\u00e8s que possible. Les renseignements de premi\u00e8re main que nous poss\u00e9dons ne sont cela dit pas tr\u00e8s rassurants. En attendant r\u00e9jouissez-vous de retrouver\u2026","rel":"","context":"Dans &quot;Non class\u00e9&quot;","block_context":{"text":"Non class\u00e9","link":"http:\/\/www.fabriceeulry-laboutique.com\/blog\/?cat=1"},"img":{"alt_text":"PJ COORDONNEES","src":"https:\/\/i0.wp.com\/www.fabriceeulry-laboutique.com\/blog\/wp-content\/uploads\/2017\/01\/PJ-COORDONNEES.png?resize=350%2C200","width":350,"height":200},"classes":[]},{"id":10013,"url":"http:\/\/www.fabriceeulry-laboutique.com\/blog\/?p=10013","url_meta":{"origin":11716,"position":4},"title":"FABRICE EULRY F\u00caTE SES VINGT ANS AU PETIT-JOURNAL SAINT-MICHEL","author":"Le Canard du pianiste","date":"7 janvier 2018","format":false,"excerpt":"\u00a0Vingt ans d\u00e9j\u00e0 ! ... Que Fabrice Eulry se produit tous les derniers lundi du mois au : N'oubliez pas que le Petit-journal Saint-Michel est menac\u00e9 par la sp\u00e9culation immobili\u00e8re. Avant qu'il soit transform\u00e9 en parking comme dans la chanson de Dutronc, profitez de ce petit jardin ! Vous retrouverez\u2026","rel":"","context":"Dans &quot;Non class\u00e9&quot;","block_context":{"text":"Non class\u00e9","link":"http:\/\/www.fabriceeulry-laboutique.com\/blog\/?cat=1"},"img":{"alt_text":"PJ COORDONNEES","src":"https:\/\/i0.wp.com\/www.fabriceeulry-laboutique.com\/blog\/wp-content\/uploads\/2017\/01\/PJ-COORDONNEES.png?resize=350%2C200","width":350,"height":200},"classes":[]},{"id":7099,"url":"http:\/\/www.fabriceeulry-laboutique.com\/blog\/?p=7099","url_meta":{"origin":11716,"position":5},"title":"FABRICE EULRY AU PETIT-JOURNAL SAINT-MICHEL","author":"Le Canard du pianiste","date":"14 juin 2015","format":false,"excerpt":"Prochain concert de Fabrice Eulry au Petit-journal Saint-Michel : \u00a0Lundi 7 septembre... Avant de reprendre les derniers lundi du mois \u00e0 partir d'octobre. Avec, comme toujours un programme improvis\u00e9 et des invit\u00e9s inattendus (et lundi 20 juillet il y aura une surprise de taille)... \u00a0Photo : Carole Demolliens \u00a0 Boogie\u2026","rel":"","context":"Dans &quot;Non class\u00e9&quot;","block_context":{"text":"Non class\u00e9","link":"http:\/\/www.fabriceeulry-laboutique.com\/blog\/?cat=1"},"img":{"alt_text":"","src":"https:\/\/i0.wp.com\/fabriceeulryunblogfr.unblog.fr\/files\/2010\/12\/pjs.jpg?resize=350%2C200","width":350,"height":200},"classes":[]}],"_links":{"self":[{"href":"http:\/\/www.fabriceeulry-laboutique.com\/blog\/index.php?rest_route=\/wp\/v2\/posts\/11716","targetHints":{"allow":["GET"]}}],"collection":[{"href":"http:\/\/www.fabriceeulry-laboutique.com\/blog\/index.php?rest_route=\/wp\/v2\/posts"}],"about":[{"href":"http:\/\/www.fabriceeulry-laboutique.com\/blog\/index.php?rest_route=\/wp\/v2\/types\/post"}],"author":[{"embeddable":true,"href":"http:\/\/www.fabriceeulry-laboutique.com\/blog\/index.php?rest_route=\/wp\/v2\/users\/2"}],"replies":[{"embeddable":true,"href":"http:\/\/www.fabriceeulry-laboutique.com\/blog\/index.php?rest_route=%2Fwp%2Fv2%2Fcomments&post=11716"}],"version-history":[{"count":2,"href":"http:\/\/www.fabriceeulry-laboutique.com\/blog\/index.php?rest_route=\/wp\/v2\/posts\/11716\/revisions"}],"predecessor-version":[{"id":11808,"href":"http:\/\/www.fabriceeulry-laboutique.com\/blog\/index.php?rest_route=\/wp\/v2\/posts\/11716\/revisions\/11808"}],"wp:attachment":[{"href":"http:\/\/www.fabriceeulry-laboutique.com\/blog\/index.php?rest_route=%2Fwp%2Fv2%2Fmedia&parent=11716"}],"wp:term":[{"taxonomy":"category","embeddable":true,"href":"http:\/\/www.fabriceeulry-laboutique.com\/blog\/index.php?rest_route=%2Fwp%2Fv2%2Fcategories&post=11716"},{"taxonomy":"post_tag","embeddable":true,"href":"http:\/\/www.fabriceeulry-laboutique.com\/blog\/index.php?rest_route=%2Fwp%2Fv2%2Ftags&post=11716"}],"curies":[{"name":"wp","href":"https:\/\/api.w.org\/{rel}","templated":true}]}}