{"id":11730,"date":"2019-03-30T23:28:32","date_gmt":"2019-03-30T23:28:32","guid":{"rendered":"http:\/\/www.fabriceeulry-laboutique.com\/blog\/?p=11730"},"modified":"2019-03-30T23:28:40","modified_gmt":"2019-03-30T23:28:40","slug":"concerts-de-solidarite","status":"publish","type":"post","link":"http:\/\/www.fabriceeulry-laboutique.com\/blog\/?p=11730","title":{"rendered":"CONCERTS DE SOLIDARIT\u00c9"},"content":{"rendered":"\n<p style=\"text-align:center\"><strong>La Fondation R\u00e9sonnance qui a f\u00eat\u00e9 ses 20 ans en 2018, a pour vocation de proposer dans ses 7 filiales (Suisse, France, Italie, Liban, Roumanie, Espagne, Belgique) des concerts d&rsquo;ordinaire r\u00e9serv\u00e9s \u00e0 des privil\u00e9gi\u00e9s, \u00e0 des publics qui en sont priv\u00e9s : Maisons de retraite prisons, h\u00f4pitaux, centre pour handicap\u00e9s, camps de r\u00e9fugi\u00e9s au Moyen-Orient, orphelinats de guerre&#8230; Et voici quelques traces des plus r\u00e9centes interventions de Fabrice Eulry pour le compte de cette Fondation cr\u00e9\u00e9e par Elizabeth Sombart :<\/strong><\/p>\n\n\n\n<figure class=\"wp-block-image\"><img data-recalc-dims=\"1\" loading=\"lazy\" decoding=\"async\" width=\"640\" height=\"454\" src=\"https:\/\/i0.wp.com\/www.fabriceeulry-laboutique.com\/blog\/wp-content\/uploads\/2019\/03\/epad4.png?resize=640%2C454\" alt=\"\" class=\"wp-image-11735\" srcset=\"https:\/\/i0.wp.com\/www.fabriceeulry-laboutique.com\/blog\/wp-content\/uploads\/2019\/03\/epad4.png?w=843 843w, https:\/\/i0.wp.com\/www.fabriceeulry-laboutique.com\/blog\/wp-content\/uploads\/2019\/03\/epad4.png?resize=300%2C213 300w, https:\/\/i0.wp.com\/www.fabriceeulry-laboutique.com\/blog\/wp-content\/uploads\/2019\/03\/epad4.png?resize=768%2C545 768w\" sizes=\"auto, (max-width: 640px) 100vw, 640px\" \/><figcaption>L&rsquo;association Un petit coin de ciel bleu emmen\u00e9e par Madame V\u00e9ronique Barbeau illustre bien la g\u00e9n\u00e9rosit\u00e9 de des Ch&#8217;tis. Ici ses membres qui, tout au long de l&rsquo;ann\u00e9e, cr\u00e9ent toutes sortes d&rsquo;activit\u00e9s et d&rsquo;animations cr\u00e9atives pour l&rsquo;EPAHD de Templeuve en R\u00e9v\u00e8le, posent avec Fabrice Eulry juste avant le concert.<\/figcaption><\/figure>\n\n\n\n<figure class=\"wp-block-image\"><img data-recalc-dims=\"1\" loading=\"lazy\" decoding=\"async\" width=\"640\" height=\"466\" src=\"https:\/\/i0.wp.com\/www.fabriceeulry-laboutique.com\/blog\/wp-content\/uploads\/2019\/03\/epad3.png?resize=640%2C466\" alt=\"\" class=\"wp-image-11734\" srcset=\"https:\/\/i0.wp.com\/www.fabriceeulry-laboutique.com\/blog\/wp-content\/uploads\/2019\/03\/epad3.png?w=864 864w, https:\/\/i0.wp.com\/www.fabriceeulry-laboutique.com\/blog\/wp-content\/uploads\/2019\/03\/epad3.png?resize=300%2C218 300w, https:\/\/i0.wp.com\/www.fabriceeulry-laboutique.com\/blog\/wp-content\/uploads\/2019\/03\/epad3.png?resize=768%2C559 768w\" sizes=\"auto, (max-width: 640px) 100vw, 640px\" \/><\/figure>\n\n\n\n<figure class=\"wp-block-image\"><img data-recalc-dims=\"1\" loading=\"lazy\" decoding=\"async\" width=\"640\" height=\"431\" src=\"https:\/\/i0.wp.com\/www.fabriceeulry-laboutique.com\/blog\/wp-content\/uploads\/2019\/03\/epad6.png?resize=640%2C431\" alt=\"\" class=\"wp-image-11736\" srcset=\"https:\/\/i0.wp.com\/www.fabriceeulry-laboutique.com\/blog\/wp-content\/uploads\/2019\/03\/epad6.png?w=823 823w, https:\/\/i0.wp.com\/www.fabriceeulry-laboutique.com\/blog\/wp-content\/uploads\/2019\/03\/epad6.png?resize=300%2C202 300w, https:\/\/i0.wp.com\/www.fabriceeulry-laboutique.com\/blog\/wp-content\/uploads\/2019\/03\/epad6.png?resize=768%2C517 768w\" sizes=\"auto, (max-width: 640px) 100vw, 640px\" \/><figcaption>De Bach \u00e0 Glenn Miller en passant par la java bleue, et bien s\u00fbr, terroir oblige : Roses de Picardie ! ! Une heure et quart pendant laquelle les regards s&rsquo;\u00e9clairent et les requ\u00eates fusent<\/figcaption><\/figure>\n\n\n\n<p style=\"text-align:center\"><strong>Le<\/strong> l<strong>endemain le Pas de Calais succ\u00e8de au Nord, et le centre P\u00e9do-psychiatrique CSPO (dont l&rsquo;\u00e9quipe emmen\u00e9e par Madame Lydie Fouquet pose elle aussi ci-dessous) accueille Fabrice Eulry \u00e0 l&rsquo;EPAHD de Daimville ce qui permet de donner un concert inter-g\u00e9n\u00e9rationnel.<\/strong><\/p>\n\n\n\n<figure class=\"wp-block-image\"><img data-recalc-dims=\"1\" loading=\"lazy\" decoding=\"async\" width=\"640\" height=\"426\" src=\"https:\/\/i0.wp.com\/www.fabriceeulry-laboutique.com\/blog\/wp-content\/uploads\/2019\/03\/epad.5.png?resize=640%2C426\" alt=\"\" class=\"wp-image-11731\" srcset=\"https:\/\/i0.wp.com\/www.fabriceeulry-laboutique.com\/blog\/wp-content\/uploads\/2019\/03\/epad.5.png?w=866 866w, https:\/\/i0.wp.com\/www.fabriceeulry-laboutique.com\/blog\/wp-content\/uploads\/2019\/03\/epad.5.png?resize=300%2C200 300w, https:\/\/i0.wp.com\/www.fabriceeulry-laboutique.com\/blog\/wp-content\/uploads\/2019\/03\/epad.5.png?resize=768%2C512 768w\" sizes=\"auto, (max-width: 640px) 100vw, 640px\" \/><figcaption>Le m\u00eame piano que la veille fourni par La Maison du piano \u00e0 Lille (qui a fait un gros effort tarifaire pour rendre possible les deux \u00e9v\u00e8nements) sera cette fois ouvert le public \u00e9tant plus nombreux<\/figcaption><\/figure>\n\n\n\n<div class=\"wp-block-image\"><figure class=\"aligncenter\"><img data-recalc-dims=\"1\" loading=\"lazy\" decoding=\"async\" width=\"489\" height=\"650\" src=\"https:\/\/i0.wp.com\/www.fabriceeulry-laboutique.com\/blog\/wp-content\/uploads\/2019\/03\/epad1.png?resize=489%2C650\" alt=\"\" class=\"wp-image-11732\" srcset=\"https:\/\/i0.wp.com\/www.fabriceeulry-laboutique.com\/blog\/wp-content\/uploads\/2019\/03\/epad1.png?w=489 489w, https:\/\/i0.wp.com\/www.fabriceeulry-laboutique.com\/blog\/wp-content\/uploads\/2019\/03\/epad1.png?resize=226%2C300 226w, https:\/\/i0.wp.com\/www.fabriceeulry-laboutique.com\/blog\/wp-content\/uploads\/2019\/03\/epad1.png?resize=300%2C399 300w\" sizes=\"auto, (max-width: 489px) 100vw, 489px\" \/><\/figure><\/div>\n\n\n\n<div class=\"wp-block-image\"><figure class=\"aligncenter\"><img data-recalc-dims=\"1\" loading=\"lazy\" decoding=\"async\" width=\"489\" height=\"651\" src=\"https:\/\/i0.wp.com\/www.fabriceeulry-laboutique.com\/blog\/wp-content\/uploads\/2019\/03\/epad2.png?resize=489%2C651\" alt=\"\" class=\"wp-image-11733\" srcset=\"https:\/\/i0.wp.com\/www.fabriceeulry-laboutique.com\/blog\/wp-content\/uploads\/2019\/03\/epad2.png?w=489 489w, https:\/\/i0.wp.com\/www.fabriceeulry-laboutique.com\/blog\/wp-content\/uploads\/2019\/03\/epad2.png?resize=225%2C300 225w, https:\/\/i0.wp.com\/www.fabriceeulry-laboutique.com\/blog\/wp-content\/uploads\/2019\/03\/epad2.png?resize=300%2C399 300w\" sizes=\"auto, (max-width: 489px) 100vw, 489px\" \/><figcaption>\u00ab\u00a0Je m&rsquo;appelle Etiennette, mon p\u00e8re s&rsquo;appelait Etienne, mon fr\u00e8re aussi ! Je ne peux plus marcher, mais je rigole toujours !\u00a0\u00bb Etiennette, d&rsquo;abord timidement a d&rsquo;abord demand\u00e9 plusieurs morceaux, puis est venue poser avec le pianiste \u00e0 la fin du concert !<\/figcaption><\/figure><\/div>\n","protected":false},"excerpt":{"rendered":"<p>La Fondation R\u00e9sonnance qui a f\u00eat\u00e9 ses 20 ans en 2018, a pour vocation de proposer dans ses 7 filiales (Suisse, France, Italie, Liban, Roumanie, Espagne, Belgique) des concerts d&rsquo;ordinaire r\u00e9serv\u00e9s \u00e0 des privil\u00e9gi\u00e9s, \u00e0 des publics qui en sont &hellip; <a href=\"http:\/\/www.fabriceeulry-laboutique.com\/blog\/?p=11730\">Continuer la lecture <span class=\"meta-nav\">&rarr;<\/span><\/a><\/p>\n","protected":false},"author":2,"featured_media":0,"comment_status":"open","ping_status":"open","sticky":false,"template":"","format":"standard","meta":{"jetpack_post_was_ever_published":false,"_jetpack_newsletter_access":"","_jetpack_dont_email_post_to_subs":false,"_jetpack_newsletter_tier_id":0,"_jetpack_memberships_contains_paywalled_content":false,"_jetpack_memberships_contains_paid_content":false,"footnotes":"","jetpack_publicize_message":"","jetpack_publicize_feature_enabled":true,"jetpack_social_post_already_shared":true,"jetpack_social_options":{"image_generator_settings":{"template":"highway","default_image_id":0,"font":"","enabled":false},"version":2}},"categories":[1],"tags":[],"class_list":["post-11730","post","type-post","status-publish","format-standard","hentry","category-non-classe"],"jetpack_publicize_connections":[],"jetpack_featured_media_url":"","jetpack_sharing_enabled":true,"jetpack_shortlink":"https:\/\/wp.me\/p2D6dI-33c","jetpack_likes_enabled":true,"jetpack-related-posts":[{"id":5870,"url":"http:\/\/www.fabriceeulry-laboutique.com\/blog\/?p=5870","url_meta":{"origin":11730,"position":0},"title":"RENAISSANCE DE RESONNANCE BELGIQUE","author":"Le Canard du pianiste","date":"6 novembre 2014","format":false,"excerpt":"\u00a0 \u00a0 Le ch\u00e2teau de Claydael dans les Flandres, accueillait le 31 octobre l'un des concerts de soutien \u00e0 la fondation R\u00e9sonnance dont la filiale belge n\u00e9cessitait un nouveau d\u00e9part.Un ch\u00e2teau m\u00e9di\u00e9val flamand avec de belles ouvertures pratiqu\u00e9es \u00e0 la Renaissance, et le voici pr\u00eat \u00e0 vous accueillir : \u00a0\u2026","rel":"","context":"Dans &quot;Non class\u00e9&quot;","block_context":{"text":"Non class\u00e9","link":"http:\/\/www.fabriceeulry-laboutique.com\/blog\/?cat=1"},"img":{"alt_text":"","src":"https:\/\/i0.wp.com\/www.fabriceeulry-laboutique.com\/blog\/wp-content\/uploads\/2014\/11\/CLY-5-.jpg?resize=350%2C200","width":350,"height":200,"srcset":"https:\/\/i0.wp.com\/www.fabriceeulry-laboutique.com\/blog\/wp-content\/uploads\/2014\/11\/CLY-5-.jpg?resize=350%2C200 1x, https:\/\/i0.wp.com\/www.fabriceeulry-laboutique.com\/blog\/wp-content\/uploads\/2014\/11\/CLY-5-.jpg?resize=525%2C300 1.5x"},"classes":[]},{"id":12061,"url":"http:\/\/www.fabriceeulry-laboutique.com\/blog\/?p=12061","url_meta":{"origin":11730,"position":1},"title":"8 CONCERTS EN 48 HEURES","author":"Le Canard du pianiste","date":"6 septembre 2019","format":false,"excerpt":"Marathonien du piano (on se souvient de ses 24 heures de jeu d'affil\u00e9e en 2005, seulement entre-coup\u00e9es de 3 pauses de 5 minutes) Fabrice Eulry d\u00e9crit parfois ses concerts comme une drogue dure, mais qui construit, et se partage. C'est un peu ce qu'ont illustr\u00e9 ses prestations de fin d'\u00e9t\u00e9\u2026","rel":"","context":"Dans &quot;Non class\u00e9&quot;","block_context":{"text":"Non class\u00e9","link":"http:\/\/www.fabriceeulry-laboutique.com\/blog\/?cat=1"},"img":{"alt_text":"","src":"https:\/\/i0.wp.com\/www.fabriceeulry-laboutique.com\/blog\/wp-content\/uploads\/2019\/09\/DOMITYS-PARIS-PLAISANCE.png?resize=350%2C200","width":350,"height":200},"classes":[]},{"id":5615,"url":"http:\/\/www.fabriceeulry-laboutique.com\/blog\/?p=5615","url_meta":{"origin":11730,"position":2},"title":"POUR NOS AMIS BELGES","author":"Le Canard du pianiste","date":"17 septembre 2014","format":false,"excerpt":"Prochains \u00e9v\u00e8nements de R\u00e9sonnance Belgique \u00a0 \u00a0 \u00a0 \u00a0 \u00a0 \u00a0 ELIZABETH SOMBART & FABRICE EULRY N'attendez pas la derni\u00e8re minute pour r\u00e9server vos places car il n'y en a que 100. ENCORE\u00a020 PLACES J'esp\u00e8re que vous pourrez nous y rejoindre ! A bient\u00f4t, LE VENDREDI 31 OCTOBRE 2014 \u2013\u2026","rel":"","context":"Dans &quot;Non class\u00e9&quot;","block_context":{"text":"Non class\u00e9","link":"http:\/\/www.fabriceeulry-laboutique.com\/blog\/?cat=1"},"img":{"alt_text":"","src":"https:\/\/i0.wp.com\/www.fabriceeulry-laboutique.com\/blog\/wp-content\/uploads\/2014\/09\/du-1.jpg?resize=350%2C200","width":350,"height":200,"srcset":"https:\/\/i0.wp.com\/www.fabriceeulry-laboutique.com\/blog\/wp-content\/uploads\/2014\/09\/du-1.jpg?resize=350%2C200 1x, https:\/\/i0.wp.com\/www.fabriceeulry-laboutique.com\/blog\/wp-content\/uploads\/2014\/09\/du-1.jpg?resize=525%2C300 1.5x"},"classes":[]},{"id":11980,"url":"http:\/\/www.fabriceeulry-laboutique.com\/blog\/?p=11980","url_meta":{"origin":11730,"position":3},"title":"DEUX CONCERTS LE M\u00caME JOUR.","author":"Le Canard du pianiste","date":"10 juin 2019","format":false,"excerpt":"\"La musique c'est 10% d'inspiration et 90% de transpiration\". Pour ne pas d\u00e9mentir le dicton, Fabrice Eulry a d'abord franchi 400 kilom\u00e8tres en 6 heures (dont 2 heures de bouchons en arrivant en r\u00e9gion parisienne va sans dire)... ... Et apr\u00e8s avoir miraculeusement trouv\u00e9 une place pour se garer, il\u2026","rel":"","context":"Dans &quot;Non class\u00e9&quot;","block_context":{"text":"Non class\u00e9","link":"http:\/\/www.fabriceeulry-laboutique.com\/blog\/?cat=1"},"img":{"alt_text":"","src":"https:\/\/i0.wp.com\/www.fabriceeulry-laboutique.com\/blog\/wp-content\/uploads\/2019\/06\/montsouris.png?resize=350%2C200","width":350,"height":200},"classes":[]},{"id":6908,"url":"http:\/\/www.fabriceeulry-laboutique.com\/blog\/?p=6908","url_meta":{"origin":11730,"position":4},"title":"FABRICE EULRY EN CONCERT AU LIBAN","author":"Le Canard du pianiste","date":"26 mai 2015","format":false,"excerpt":"\u00a0 Comme aime \u00e0 le dire Elizabeth Sombart : \"Il n'y a pas de petit concert.\" En effet, Le centre Saint-Vincent a beau avoir de petits moyens, le concert, auquel nous n'\u00e9chappons pas \u00e0 l'annonce m\u00eame dans l'ascenseur, est y est (d'autant) pris tr\u00e8s au s\u00e9rieux ! Son directeur, un\u2026","rel":"","context":"Dans &quot;Non class\u00e9&quot;","block_context":{"text":"Non class\u00e9","link":"http:\/\/www.fabriceeulry-laboutique.com\/blog\/?cat=1"},"img":{"alt_text":"","src":"https:\/\/i0.wp.com\/www.fabriceeulry-laboutique.com\/blog\/wp-content\/uploads\/2015\/05\/OLYMPIA-2015-ELIZABETH-1.jpg?resize=350%2C200","width":350,"height":200},"classes":[]},{"id":6080,"url":"http:\/\/www.fabriceeulry-laboutique.com\/blog\/?p=6080","url_meta":{"origin":11730,"position":5},"title":"ELIZABETH SOMBART JOUE POUR LES ENFANTS PALESTINIENS AU LIBAN","author":"Le Canard du pianiste","date":"19 d\u00e9cembre 2014","format":false,"excerpt":"\u00a0Apr\u00e8s le ciel de Toscane, \u00a0c'est un ciel bleu d'hiver mais aussi d'espoir qui accueille Elizabeth Sombart la cr\u00e9atrice de la Fondation R\u00e9sonnance, qui donne ici un concert pour les enfants palestiniens. Et tout le monde attend, impatient. Cliquez sur l'image pour visionnez cette courte mais chaleureuse vid\u00e9o. La marche\u2026","rel":"","context":"Dans &quot;Non class\u00e9&quot;","block_context":{"text":"Non class\u00e9","link":"http:\/\/www.fabriceeulry-laboutique.com\/blog\/?cat=1"},"img":{"alt_text":"","src":"https:\/\/i0.wp.com\/www.fabriceeulry-laboutique.com\/blog\/wp-content\/uploads\/2014\/12\/lia-.jpg?resize=350%2C200","width":350,"height":200,"srcset":"https:\/\/i0.wp.com\/www.fabriceeulry-laboutique.com\/blog\/wp-content\/uploads\/2014\/12\/lia-.jpg?resize=350%2C200 1x, https:\/\/i0.wp.com\/www.fabriceeulry-laboutique.com\/blog\/wp-content\/uploads\/2014\/12\/lia-.jpg?resize=525%2C300 1.5x, https:\/\/i0.wp.com\/www.fabriceeulry-laboutique.com\/blog\/wp-content\/uploads\/2014\/12\/lia-.jpg?resize=700%2C400 2x"},"classes":[]}],"_links":{"self":[{"href":"http:\/\/www.fabriceeulry-laboutique.com\/blog\/index.php?rest_route=\/wp\/v2\/posts\/11730","targetHints":{"allow":["GET"]}}],"collection":[{"href":"http:\/\/www.fabriceeulry-laboutique.com\/blog\/index.php?rest_route=\/wp\/v2\/posts"}],"about":[{"href":"http:\/\/www.fabriceeulry-laboutique.com\/blog\/index.php?rest_route=\/wp\/v2\/types\/post"}],"author":[{"embeddable":true,"href":"http:\/\/www.fabriceeulry-laboutique.com\/blog\/index.php?rest_route=\/wp\/v2\/users\/2"}],"replies":[{"embeddable":true,"href":"http:\/\/www.fabriceeulry-laboutique.com\/blog\/index.php?rest_route=%2Fwp%2Fv2%2Fcomments&post=11730"}],"version-history":[{"count":4,"href":"http:\/\/www.fabriceeulry-laboutique.com\/blog\/index.php?rest_route=\/wp\/v2\/posts\/11730\/revisions"}],"predecessor-version":[{"id":11742,"href":"http:\/\/www.fabriceeulry-laboutique.com\/blog\/index.php?rest_route=\/wp\/v2\/posts\/11730\/revisions\/11742"}],"wp:attachment":[{"href":"http:\/\/www.fabriceeulry-laboutique.com\/blog\/index.php?rest_route=%2Fwp%2Fv2%2Fmedia&parent=11730"}],"wp:term":[{"taxonomy":"category","embeddable":true,"href":"http:\/\/www.fabriceeulry-laboutique.com\/blog\/index.php?rest_route=%2Fwp%2Fv2%2Fcategories&post=11730"},{"taxonomy":"post_tag","embeddable":true,"href":"http:\/\/www.fabriceeulry-laboutique.com\/blog\/index.php?rest_route=%2Fwp%2Fv2%2Ftags&post=11730"}],"curies":[{"name":"wp","href":"https:\/\/api.w.org\/{rel}","templated":true}]}}