{"id":11823,"date":"2019-04-28T17:16:36","date_gmt":"2019-04-28T17:16:36","guid":{"rendered":"http:\/\/www.fabriceeulry-laboutique.com\/blog\/?p=11823"},"modified":"2019-05-31T23:28:23","modified_gmt":"2019-05-31T23:28:23","slug":"conference-sur-le-blues-pour-600-enfants","status":"publish","type":"post","link":"http:\/\/www.fabriceeulry-laboutique.com\/blog\/?p=11823","title":{"rendered":"CONF\u00c9RENCE SUR LE BLUES POUR 600 ENFANTS"},"content":{"rendered":"\n<p style=\"text-align:center\"><strong>La communaut\u00e9 de commune du Rignacois accueillait les \u00e9l\u00e8ves de plusieurs \u00e9coles dans la splendide salle de Rignac. La jeunesse de cette contr\u00e9e de l&rsquo;Aveyron qui pr\u00e9sente quelques bijoux (comme le village et le ch\u00e2teau de Bel Castel)&nbsp;va assister \u00e0 une conf\u00e9rence qui retrace la gen\u00e8se du blues mais explique aussi ses incidences sur la toute musique&nbsp;qu&rsquo;\u00e9coute&nbsp;la&nbsp;jeunesse.<\/strong><\/p>\n\n\n\n<figure class=\"wp-block-image\"><img loading=\"lazy\" decoding=\"async\" width=\"4000\" height=\"2256\" src=\"https:\/\/i2.wp.com\/www.fabriceeulry-laboutique.com\/blog\/wp-content\/uploads\/2019\/04\/scorignac.jpg?fit=640%2C361\" alt=\"\" class=\"wp-image-11824\" srcset=\"https:\/\/i0.wp.com\/www.fabriceeulry-laboutique.com\/blog\/wp-content\/uploads\/2019\/04\/scorignac.jpg?w=4000 4000w, https:\/\/i0.wp.com\/www.fabriceeulry-laboutique.com\/blog\/wp-content\/uploads\/2019\/04\/scorignac.jpg?resize=300%2C169 300w, https:\/\/i0.wp.com\/www.fabriceeulry-laboutique.com\/blog\/wp-content\/uploads\/2019\/04\/scorignac.jpg?resize=768%2C433 768w, https:\/\/i0.wp.com\/www.fabriceeulry-laboutique.com\/blog\/wp-content\/uploads\/2019\/04\/scorignac.jpg?resize=1024%2C578 1024w, https:\/\/i0.wp.com\/www.fabriceeulry-laboutique.com\/blog\/wp-content\/uploads\/2019\/04\/scorignac.jpg?w=1280 1280w, https:\/\/i0.wp.com\/www.fabriceeulry-laboutique.com\/blog\/wp-content\/uploads\/2019\/04\/scorignac.jpg?w=1920 1920w\" sizes=\"auto, (max-width: 640px) 100vw, 640px\" \/><figcaption>Les frimousses expriment des esprits curieux et captiv\u00e9s, les questions fusent&#8230;<\/figcaption><\/figure>\n\n\n\n<figure class=\"wp-block-image\"><img loading=\"lazy\" decoding=\"async\" width=\"4000\" height=\"2256\" src=\"https:\/\/i0.wp.com\/www.fabriceeulry-laboutique.com\/blog\/wp-content\/uploads\/2019\/04\/scorignac3.jpg?fit=640%2C361\" alt=\"\" class=\"wp-image-11826\" srcset=\"https:\/\/i0.wp.com\/www.fabriceeulry-laboutique.com\/blog\/wp-content\/uploads\/2019\/04\/scorignac3.jpg?w=4000 4000w, https:\/\/i0.wp.com\/www.fabriceeulry-laboutique.com\/blog\/wp-content\/uploads\/2019\/04\/scorignac3.jpg?resize=300%2C169 300w, https:\/\/i0.wp.com\/www.fabriceeulry-laboutique.com\/blog\/wp-content\/uploads\/2019\/04\/scorignac3.jpg?resize=768%2C433 768w, https:\/\/i0.wp.com\/www.fabriceeulry-laboutique.com\/blog\/wp-content\/uploads\/2019\/04\/scorignac3.jpg?resize=1024%2C578 1024w, https:\/\/i0.wp.com\/www.fabriceeulry-laboutique.com\/blog\/wp-content\/uploads\/2019\/04\/scorignac3.jpg?w=1280 1280w, https:\/\/i0.wp.com\/www.fabriceeulry-laboutique.com\/blog\/wp-content\/uploads\/2019\/04\/scorignac3.jpg?w=1920 1920w\" sizes=\"auto, (max-width: 640px) 100vw, 640px\" \/><figcaption>Apr\u00e8s une demie-heure d&rsquo;expos\u00e9s de diaporama, de visionnage de pionniers du blues, et de piano, le jeune public a besoin d&rsquo;entrer physiquement dans la musique et frappe des mains sur un boogie de Fabrice Eulry.<\/figcaption><\/figure>\n\n\n\n<figure class=\"wp-block-image\"><img loading=\"lazy\" decoding=\"async\" width=\"4000\" height=\"2256\" src=\"https:\/\/i0.wp.com\/www.fabriceeulry-laboutique.com\/blog\/wp-content\/uploads\/2019\/04\/scorignac4.jpg?fit=640%2C361\" alt=\"\" class=\"wp-image-11827\" srcset=\"https:\/\/i0.wp.com\/www.fabriceeulry-laboutique.com\/blog\/wp-content\/uploads\/2019\/04\/scorignac4.jpg?w=4000 4000w, https:\/\/i0.wp.com\/www.fabriceeulry-laboutique.com\/blog\/wp-content\/uploads\/2019\/04\/scorignac4.jpg?resize=300%2C169 300w, https:\/\/i0.wp.com\/www.fabriceeulry-laboutique.com\/blog\/wp-content\/uploads\/2019\/04\/scorignac4.jpg?resize=768%2C433 768w, https:\/\/i0.wp.com\/www.fabriceeulry-laboutique.com\/blog\/wp-content\/uploads\/2019\/04\/scorignac4.jpg?resize=1024%2C578 1024w, https:\/\/i0.wp.com\/www.fabriceeulry-laboutique.com\/blog\/wp-content\/uploads\/2019\/04\/scorignac4.jpg?w=1280 1280w, https:\/\/i0.wp.com\/www.fabriceeulry-laboutique.com\/blog\/wp-content\/uploads\/2019\/04\/scorignac4.jpg?w=1920 1920w\" sizes=\"auto, (max-width: 640px) 100vw, 640px\" \/><figcaption>Sur la proposition de Fabrice Eulry au piano, les enfants commencent \u00e0 danser sur son Honky-tonk train blues avec la projection de la progression du train \u00e0 vapeur sur grand \u00e9cran.<\/figcaption><\/figure>\n\n\n\n<figure class=\"wp-block-image\"><img loading=\"lazy\" decoding=\"async\" width=\"4000\" height=\"2256\" src=\"https:\/\/i1.wp.com\/www.fabriceeulry-laboutique.com\/blog\/wp-content\/uploads\/2019\/04\/scorignac5.jpg?fit=640%2C361\" alt=\"\" class=\"wp-image-11828\" srcset=\"https:\/\/i0.wp.com\/www.fabriceeulry-laboutique.com\/blog\/wp-content\/uploads\/2019\/04\/scorignac5.jpg?w=4000 4000w, https:\/\/i0.wp.com\/www.fabriceeulry-laboutique.com\/blog\/wp-content\/uploads\/2019\/04\/scorignac5.jpg?resize=300%2C169 300w, https:\/\/i0.wp.com\/www.fabriceeulry-laboutique.com\/blog\/wp-content\/uploads\/2019\/04\/scorignac5.jpg?resize=768%2C433 768w, https:\/\/i0.wp.com\/www.fabriceeulry-laboutique.com\/blog\/wp-content\/uploads\/2019\/04\/scorignac5.jpg?resize=1024%2C578 1024w, https:\/\/i0.wp.com\/www.fabriceeulry-laboutique.com\/blog\/wp-content\/uploads\/2019\/04\/scorignac5.jpg?w=1280 1280w, https:\/\/i0.wp.com\/www.fabriceeulry-laboutique.com\/blog\/wp-content\/uploads\/2019\/04\/scorignac5.jpg?w=1920 1920w\" sizes=\"auto, (max-width: 640px) 100vw, 640px\" \/><figcaption>C&rsquo;est le final ! On proj\u00e8te BB King dans une jam folle avec \u00c9ric Clapton, Etta James, Stevie Ray Vaughan et consorts, nos jeunes danseurs sont d\u00e9cha\u00een\u00e9s. <\/figcaption><\/figure>\n\n\n\n<figure class=\"wp-block-image\"><img loading=\"lazy\" decoding=\"async\" width=\"4000\" height=\"2256\" src=\"https:\/\/i1.wp.com\/www.fabriceeulry-laboutique.com\/blog\/wp-content\/uploads\/2019\/04\/scorignac6.jpg?fit=640%2C361\" alt=\"\" class=\"wp-image-11829\" srcset=\"https:\/\/i0.wp.com\/www.fabriceeulry-laboutique.com\/blog\/wp-content\/uploads\/2019\/04\/scorignac6.jpg?w=4000 4000w, https:\/\/i0.wp.com\/www.fabriceeulry-laboutique.com\/blog\/wp-content\/uploads\/2019\/04\/scorignac6.jpg?resize=300%2C169 300w, https:\/\/i0.wp.com\/www.fabriceeulry-laboutique.com\/blog\/wp-content\/uploads\/2019\/04\/scorignac6.jpg?resize=768%2C433 768w, https:\/\/i0.wp.com\/www.fabriceeulry-laboutique.com\/blog\/wp-content\/uploads\/2019\/04\/scorignac6.jpg?resize=1024%2C578 1024w, https:\/\/i0.wp.com\/www.fabriceeulry-laboutique.com\/blog\/wp-content\/uploads\/2019\/04\/scorignac6.jpg?w=1280 1280w, https:\/\/i0.wp.com\/www.fabriceeulry-laboutique.com\/blog\/wp-content\/uploads\/2019\/04\/scorignac6.jpg?w=1920 1920w\" sizes=\"auto, (max-width: 640px) 100vw, 640px\" \/><figcaption>Et m\u00eame les instituteurs se l\u00e8vent pour un tour de piste.<\/figcaption><\/figure>\n\n\n\n<figure class=\"wp-block-video\"><video controls src=\"blob:http:\/\/www.fabriceeulry-laboutique.com\/253cbaa2-ecbf-4318-9f2d-13420bc3eca2\"><\/video><\/figure>\n\n\n\n<p style=\"text-align:center\"><strong>Le public Rignacois retrouvera Fabrice Eulry dans le cadre du festival Blues en Aveyron qui passera dans cette salle avec les Rolling twisters le vendredi 17 mai&nbsp;pour&nbsp;accompagner&nbsp;Lady&nbsp;Jane.<\/strong><\/p>\n","protected":false},"excerpt":{"rendered":"<p>La communaut\u00e9 de commune du Rignacois accueillait les \u00e9l\u00e8ves de plusieurs \u00e9coles dans la splendide salle de Rignac. La jeunesse de cette contr\u00e9e de l&rsquo;Aveyron qui pr\u00e9sente quelques bijoux (comme le village et le ch\u00e2teau de Bel Castel)&nbsp;va assister \u00e0 &hellip; <a href=\"http:\/\/www.fabriceeulry-laboutique.com\/blog\/?p=11823\">Continuer la lecture <span class=\"meta-nav\">&rarr;<\/span><\/a><\/p>\n","protected":false},"author":2,"featured_media":0,"comment_status":"open","ping_status":"open","sticky":false,"template":"","format":"standard","meta":{"jetpack_post_was_ever_published":false,"_jetpack_newsletter_access":"","_jetpack_dont_email_post_to_subs":false,"_jetpack_newsletter_tier_id":0,"_jetpack_memberships_contains_paywalled_content":false,"_jetpack_memberships_contains_paid_content":false,"footnotes":"","jetpack_publicize_message":"","jetpack_publicize_feature_enabled":true,"jetpack_social_post_already_shared":true,"jetpack_social_options":{"image_generator_settings":{"template":"highway","default_image_id":0,"font":"","enabled":false},"version":2}},"categories":[1],"tags":[],"class_list":["post-11823","post","type-post","status-publish","format-standard","hentry","category-non-classe"],"jetpack_publicize_connections":[],"jetpack_featured_media_url":"","jetpack_sharing_enabled":true,"jetpack_shortlink":"https:\/\/wp.me\/p2D6dI-34H","jetpack_likes_enabled":true,"jetpack-related-posts":[{"id":9702,"url":"http:\/\/www.fabriceeulry-laboutique.com\/blog\/?p=9702","url_meta":{"origin":11823,"position":0},"title":"DANS L&rsquo;AUBRAC CONF\u00c9RENCE SUR LE SWING !","author":"Le Canard du pianiste","date":"14 septembre 2017","format":false,"excerpt":"La d\u00e9licieuse petite ville de Sainte Genevi\u00e8ve sur Argence recevait ce 13 septembre Fabrice Eulry qui, pour l'association BLUES en AVEYRON, donna une conf\u00e9rence sur le swing. Le swing captive la jeunesse aveyronnaise ! \u00a0 \u00c0 ce sujet Blues en Aveyron remercie le conseil municipal pour ses efforts en la\u2026","rel":"","context":"Dans &quot;Non class\u00e9&quot;","block_context":{"text":"Non class\u00e9","link":"http:\/\/www.fabriceeulry-laboutique.com\/blog\/?cat=1"},"img":{"alt_text":"","src":"https:\/\/i0.wp.com\/www.fabriceeulry-laboutique.com\/blog\/wp-content\/uploads\/2017\/09\/con1.png?resize=350%2C200","width":350,"height":200},"classes":[]},{"id":11859,"url":"http:\/\/www.fabriceeulry-laboutique.com\/blog\/?p=11859","url_meta":{"origin":11823,"position":1},"title":"LES TROPH\u00c9ES DU BLUES 2019","author":"Le Canard du pianiste","date":"18 mai 2019","format":false,"excerpt":"Dans le cadre du festival Blues en Aveyron, tout comme en 2018 \u00e0 St C\u00f4me, le 11 mai 2019 les Troph\u00e9es du blues ont rassembl\u00e9 plusieurs formations qui, apr\u00e8s les auditions publiques qui s'encha\u00eenent tout l'apr\u00e8s-midi et la d\u00e9lib\u00e9ration du jury, ont pu improviser ensemble sur sc\u00e8ne, dans la plus\u2026","rel":"","context":"Dans &quot;Non class\u00e9&quot;","block_context":{"text":"Non class\u00e9","link":"http:\/\/www.fabriceeulry-laboutique.com\/blog\/?cat=1"},"img":{"alt_text":"","src":"https:\/\/i0.wp.com\/www.fabriceeulry-laboutique.com\/blog\/wp-content\/uploads\/2019\/05\/IMG_20190508_214902.jpg?resize=350%2C200","width":350,"height":200,"srcset":"https:\/\/i0.wp.com\/www.fabriceeulry-laboutique.com\/blog\/wp-content\/uploads\/2019\/05\/IMG_20190508_214902.jpg?resize=350%2C200 1x, https:\/\/i0.wp.com\/www.fabriceeulry-laboutique.com\/blog\/wp-content\/uploads\/2019\/05\/IMG_20190508_214902.jpg?resize=525%2C300 1.5x, https:\/\/i0.wp.com\/www.fabriceeulry-laboutique.com\/blog\/wp-content\/uploads\/2019\/05\/IMG_20190508_214902.jpg?resize=700%2C400 2x, https:\/\/i0.wp.com\/www.fabriceeulry-laboutique.com\/blog\/wp-content\/uploads\/2019\/05\/IMG_20190508_214902.jpg?resize=1050%2C600 3x, https:\/\/i0.wp.com\/www.fabriceeulry-laboutique.com\/blog\/wp-content\/uploads\/2019\/05\/IMG_20190508_214902.jpg?resize=1400%2C800 4x"},"classes":[]},{"id":11554,"url":"http:\/\/www.fabriceeulry-laboutique.com\/blog\/?p=11554","url_meta":{"origin":11823,"position":2},"title":"LES TROPH\u00c9ES DU BLUES 2019","author":"Le Canard du pianiste","date":"3 f\u00e9vrier 2019","format":false,"excerpt":"Dans le cadre du festival Blues en Aveyron 2019 (3\u00e8me \u00e9dition) les Troph\u00e9es du blues accueilleront le mercredi 8 mai \u00e0 Espalion (salle Poulenc), la jeunesse et m\u00eame l'enfance du Blues. Venant d'Aveyron et d'ailleurs, on peut d\u00e9j\u00e0 affirmer qu'encore plus de formations qu'en 2018 seront sur les rangs. Elles\u2026","rel":"","context":"Dans &quot;Non class\u00e9&quot;","block_context":{"text":"Non class\u00e9","link":"http:\/\/www.fabriceeulry-laboutique.com\/blog\/?cat=1"},"img":{"alt_text":"","src":"https:\/\/i0.wp.com\/www.fabriceeulry-laboutique.com\/blog\/wp-content\/uploads\/2019\/02\/troph%C3%A9es-2019-affiche.png?resize=350%2C200","width":350,"height":200},"classes":[]},{"id":6807,"url":"http:\/\/www.fabriceeulry-laboutique.com\/blog\/?p=6807","url_meta":{"origin":11823,"position":3},"title":"CONFERENCE-CONCERT SUR LE BLUES","author":"Le Canard du pianiste","date":"29 avril 2015","format":false,"excerpt":"Le mardi 28 avril 2015, la Fondation R\u00e9sonnance a pr\u00e9sent\u00e9 une conf\u00e9rence-concert-d\u00e9bat sur le blues donn\u00e9e par Jacky Milliet et Fabrice Eulry. Jacky Milliet \u00e9voque le bouillon de culture louisianais et quelques anecdotes sur les pionniers du blues de la Nouvelle Orl\u00e9ans.\u00a0 \u00a0 Le blues illustr\u00e9 en musique avec Tin\u2026","rel":"","context":"Dans &quot;Non class\u00e9&quot;","block_context":{"text":"Non class\u00e9","link":"http:\/\/www.fabriceeulry-laboutique.com\/blog\/?cat=1"},"img":{"alt_text":"","src":"https:\/\/i0.wp.com\/www.fabriceeulry-laboutique.com\/blog\/wp-content\/uploads\/2015\/04\/conf-5-.jpg?resize=350%2C200","width":350,"height":200},"classes":[]},{"id":9399,"url":"http:\/\/www.fabriceeulry-laboutique.com\/blog\/?p=9399","url_meta":{"origin":11823,"position":4},"title":"LE BOOGIE-WOOGIE : SECRET DE LA JEUNESSE \u00c9TERNELLE","author":"Le Canard du pianiste","date":"17 avril 2017","format":false,"excerpt":"https:\/\/www.youtube.com\/watch?ytbChannel=SwingNellia&v=Ft99FKKsqqE&app=desktop ET LE BLUES AUSSI ! TOUS AU FESTIVAL BLUES EN AVEYRON LES 5 ET 6 \u00a0 Fabrice Eulry Tony Kazima Le big band de Fred Bonnet Fabrice Eulry et ses invit\u00e9s : le guitariste Jeff Monin... Enzo Mucci\u00a0 \u00a0Lionel Stievenard (cliquez sur l'image pour visionner la vid\u00e9o) Sur place\u2026","rel":"","context":"Dans &quot;Non class\u00e9&quot;","block_context":{"text":"Non class\u00e9","link":"http:\/\/www.fabriceeulry-laboutique.com\/blog\/?cat=1"},"img":{"alt_text":"visuel fabrice","src":"https:\/\/i0.wp.com\/www.fabriceeulry-laboutique.com\/blog\/wp-content\/uploads\/2016\/04\/visuel-fabrice-.jpg?resize=350%2C200","width":350,"height":200},"classes":[]},{"id":10653,"url":"http:\/\/www.fabriceeulry-laboutique.com\/blog\/?p=10653","url_meta":{"origin":11823,"position":5},"title":"TROPH\u00c9ES DU BLUES : LES LAUR\u00c9ATS COMPLOTENT !","author":"Le Canard du pianiste","date":"15 mai 2018","format":false,"excerpt":"Le festival Blues en\u00a0Aveyron pour sa deuxi\u00e8me ann\u00e9e, souhaitait encourager la jeunesse que le blues int\u00e9resse... Et pour une fois qu'un concours n'est pas bidouill\u00e9 \u00e0 l'avance, que le jury n'est pas corrompu par une maison de disques ou un groupe d'influence id\u00e9ologique qui chercher \u00e0 imposer un message, ce\u2026","rel":"","context":"Dans &quot;Non class\u00e9&quot;","block_context":{"text":"Non class\u00e9","link":"http:\/\/www.fabriceeulry-laboutique.com\/blog\/?cat=1"},"img":{"alt_text":"","src":"https:\/\/i0.wp.com\/www.fabriceeulry-laboutique.com\/blog\/wp-content\/uploads\/2018\/05\/Centre-presse-BenA-troph%C3%A9es-2018.png?resize=350%2C200","width":350,"height":200,"srcset":"https:\/\/i0.wp.com\/www.fabriceeulry-laboutique.com\/blog\/wp-content\/uploads\/2018\/05\/Centre-presse-BenA-troph%C3%A9es-2018.png?resize=350%2C200 1x, https:\/\/i0.wp.com\/www.fabriceeulry-laboutique.com\/blog\/wp-content\/uploads\/2018\/05\/Centre-presse-BenA-troph%C3%A9es-2018.png?resize=525%2C300 1.5x, https:\/\/i0.wp.com\/www.fabriceeulry-laboutique.com\/blog\/wp-content\/uploads\/2018\/05\/Centre-presse-BenA-troph%C3%A9es-2018.png?resize=700%2C400 2x"},"classes":[]}],"_links":{"self":[{"href":"http:\/\/www.fabriceeulry-laboutique.com\/blog\/index.php?rest_route=\/wp\/v2\/posts\/11823","targetHints":{"allow":["GET"]}}],"collection":[{"href":"http:\/\/www.fabriceeulry-laboutique.com\/blog\/index.php?rest_route=\/wp\/v2\/posts"}],"about":[{"href":"http:\/\/www.fabriceeulry-laboutique.com\/blog\/index.php?rest_route=\/wp\/v2\/types\/post"}],"author":[{"embeddable":true,"href":"http:\/\/www.fabriceeulry-laboutique.com\/blog\/index.php?rest_route=\/wp\/v2\/users\/2"}],"replies":[{"embeddable":true,"href":"http:\/\/www.fabriceeulry-laboutique.com\/blog\/index.php?rest_route=%2Fwp%2Fv2%2Fcomments&post=11823"}],"version-history":[{"count":6,"href":"http:\/\/www.fabriceeulry-laboutique.com\/blog\/index.php?rest_route=\/wp\/v2\/posts\/11823\/revisions"}],"predecessor-version":[{"id":11957,"href":"http:\/\/www.fabriceeulry-laboutique.com\/blog\/index.php?rest_route=\/wp\/v2\/posts\/11823\/revisions\/11957"}],"wp:attachment":[{"href":"http:\/\/www.fabriceeulry-laboutique.com\/blog\/index.php?rest_route=%2Fwp%2Fv2%2Fmedia&parent=11823"}],"wp:term":[{"taxonomy":"category","embeddable":true,"href":"http:\/\/www.fabriceeulry-laboutique.com\/blog\/index.php?rest_route=%2Fwp%2Fv2%2Fcategories&post=11823"},{"taxonomy":"post_tag","embeddable":true,"href":"http:\/\/www.fabriceeulry-laboutique.com\/blog\/index.php?rest_route=%2Fwp%2Fv2%2Ftags&post=11823"}],"curies":[{"name":"wp","href":"https:\/\/api.w.org\/{rel}","templated":true}]}}