{"id":11838,"date":"2019-05-12T01:37:24","date_gmt":"2019-05-12T01:37:24","guid":{"rendered":"http:\/\/www.fabriceeulry-laboutique.com\/blog\/?p=11838"},"modified":"2019-05-12T01:37:33","modified_gmt":"2019-05-12T01:37:33","slug":"fabrice-eulry-au-centre-europeen-de-conques","status":"publish","type":"post","link":"http:\/\/www.fabriceeulry-laboutique.com\/blog\/?p=11838","title":{"rendered":"FABRICE EULRY AU CENTRE EUROP\u00c9EN DE CONQUES"},"content":{"rendered":"\n<p style=\"text-align:center\"><strong>Fabrice Eulry a ouvert le festival Blues en Aveyron 2019 par un r\u00e9cital annonc\u00e9 par France Musique au centre Europ\u00e9en de Conques,<\/strong><\/p>\n\n\n\n<p style=\"text-align:center\"><\/p>\n\n\n\n<figure class=\"wp-block-image\"><img loading=\"lazy\" decoding=\"async\" width=\"1236\" height=\"588\" src=\"https:\/\/i2.wp.com\/www.fabriceeulry-laboutique.com\/blog\/wp-content\/uploads\/2019\/05\/Conques4.png?fit=640%2C304\" alt=\"\" class=\"wp-image-11841\" srcset=\"https:\/\/i0.wp.com\/www.fabriceeulry-laboutique.com\/blog\/wp-content\/uploads\/2019\/05\/Conques4.png?w=1236 1236w, https:\/\/i0.wp.com\/www.fabriceeulry-laboutique.com\/blog\/wp-content\/uploads\/2019\/05\/Conques4.png?resize=300%2C143 300w, https:\/\/i0.wp.com\/www.fabriceeulry-laboutique.com\/blog\/wp-content\/uploads\/2019\/05\/Conques4.png?resize=768%2C365 768w, https:\/\/i0.wp.com\/www.fabriceeulry-laboutique.com\/blog\/wp-content\/uploads\/2019\/05\/Conques4.png?resize=1024%2C487 1024w\" sizes=\"auto, (max-width: 640px) 100vw, 640px\" \/><\/figure>\n\n\n\n<figure class=\"wp-block-image\"><img data-recalc-dims=\"1\" loading=\"lazy\" decoding=\"async\" width=\"637\" height=\"427\" src=\"https:\/\/i0.wp.com\/www.fabriceeulry-laboutique.com\/blog\/wp-content\/uploads\/2019\/05\/Conques-1.png?resize=637%2C427\" alt=\"\" class=\"wp-image-11839\" srcset=\"https:\/\/i0.wp.com\/www.fabriceeulry-laboutique.com\/blog\/wp-content\/uploads\/2019\/05\/Conques-1.png?w=637 637w, https:\/\/i0.wp.com\/www.fabriceeulry-laboutique.com\/blog\/wp-content\/uploads\/2019\/05\/Conques-1.png?resize=300%2C201 300w\" sizes=\"auto, (max-width: 637px) 100vw, 637px\" \/><figcaption>Au programme : de Bach \u00e0 Hendrix !<\/figcaption><\/figure>\n\n\n\n<figure class=\"wp-block-image\"><img data-recalc-dims=\"1\" loading=\"lazy\" decoding=\"async\" width=\"639\" height=\"385\" src=\"https:\/\/i0.wp.com\/www.fabriceeulry-laboutique.com\/blog\/wp-content\/uploads\/2019\/05\/Conques-2.png?resize=639%2C385\" alt=\"\" class=\"wp-image-11840\" srcset=\"https:\/\/i0.wp.com\/www.fabriceeulry-laboutique.com\/blog\/wp-content\/uploads\/2019\/05\/Conques-2.png?w=639 639w, https:\/\/i0.wp.com\/www.fabriceeulry-laboutique.com\/blog\/wp-content\/uploads\/2019\/05\/Conques-2.png?resize=300%2C181 300w\" sizes=\"auto, (max-width: 639px) 100vw, 639px\" \/><figcaption>&#8230; en passant par les Cherokees ! Et les percussions du boogie expiatoire.<\/figcaption><\/figure>\n","protected":false},"excerpt":{"rendered":"<p>Fabrice Eulry a ouvert le festival Blues en Aveyron 2019 par un r\u00e9cital annonc\u00e9 par France Musique au centre Europ\u00e9en de Conques,<\/p>\n","protected":false},"author":2,"featured_media":0,"comment_status":"open","ping_status":"open","sticky":false,"template":"","format":"standard","meta":{"jetpack_post_was_ever_published":false,"_jetpack_newsletter_access":"","_jetpack_dont_email_post_to_subs":false,"_jetpack_newsletter_tier_id":0,"_jetpack_memberships_contains_paywalled_content":false,"_jetpack_memberships_contains_paid_content":false,"footnotes":"","jetpack_publicize_message":"","jetpack_publicize_feature_enabled":true,"jetpack_social_post_already_shared":true,"jetpack_social_options":{"image_generator_settings":{"template":"highway","default_image_id":0,"font":"","enabled":false},"version":2}},"categories":[1],"tags":[],"class_list":["post-11838","post","type-post","status-publish","format-standard","hentry","category-non-classe"],"jetpack_publicize_connections":[],"jetpack_featured_media_url":"","jetpack_sharing_enabled":true,"jetpack_shortlink":"https:\/\/wp.me\/p2D6dI-34W","jetpack_likes_enabled":true,"jetpack-related-posts":[{"id":12351,"url":"http:\/\/www.fabriceeulry-laboutique.com\/blog\/?p=12351","url_meta":{"origin":11838,"position":0},"title":"BLUES EN AVEYRON 2020 RESCAP\u00c9 !","author":"Le Canard du pianiste","date":"30 ao\u00fbt 2020","format":false,"excerpt":"Hommage \u00e0 Simone ANGLADE \u00c9glise d'Espalion le 15 jeudi octobre 20h30\u00a0r\u00e9cital Ca Blues de source avec\u00a0Cisco HERZHAFT (guitare-chant) Genevi\u00e8ve Dartevelle (harmonica) et Fabrice EULRY (piano) au centre europ\u00e9en de Conques le vendredi 16 octobre 20h30. Fabrice EULRY r\u00e9cital \u00e0 l'\u00c9glise de Sauveterre de Rouergue le samedi 17 octobre 20h30. \u00a0Spectacle\u2026","rel":"","context":"Dans &quot;Non class\u00e9&quot;","block_context":{"text":"Non class\u00e9","link":"http:\/\/www.fabriceeulry-laboutique.com\/blog\/?cat=1"},"img":{"alt_text":"","src":"","width":0,"height":0},"classes":[]},{"id":11498,"url":"http:\/\/www.fabriceeulry-laboutique.com\/blog\/?p=11498","url_meta":{"origin":11838,"position":1},"title":"LE FESTIVAL BLUES EN AVEYRON 2019 !","author":"Le Canard du pianiste","date":"14 janvier 2019","format":false,"excerpt":"Chers amis du blues,L'association Blues en Aveyron a d\u00e9j\u00e0 \u00e0 son actif deux \u00e9ditions du festival BLUES EN AVEYRON. Les Pr\u00e9ambules du Festival 2019 12 mars 2019 14h30 Concert pour le public scolaire Fabrice EULRY conte le Blues Entr\u00e9e Libre (Eglise St Pie X de Bozouls) * 19 avril 2019\u2026","rel":"","context":"Dans &quot;Non class\u00e9&quot;","block_context":{"text":"Non class\u00e9","link":"http:\/\/www.fabriceeulry-laboutique.com\/blog\/?cat=1"},"img":{"alt_text":"","src":"https:\/\/i0.wp.com\/www.fabriceeulry-laboutique.com\/blog\/wp-content\/uploads\/2019\/03\/milliet-eulry.png?resize=350%2C200","width":350,"height":200,"srcset":"https:\/\/i0.wp.com\/www.fabriceeulry-laboutique.com\/blog\/wp-content\/uploads\/2019\/03\/milliet-eulry.png?resize=350%2C200 1x, https:\/\/i0.wp.com\/www.fabriceeulry-laboutique.com\/blog\/wp-content\/uploads\/2019\/03\/milliet-eulry.png?resize=525%2C300 1.5x, https:\/\/i0.wp.com\/www.fabriceeulry-laboutique.com\/blog\/wp-content\/uploads\/2019\/03\/milliet-eulry.png?resize=700%2C400 2x"},"classes":[]},{"id":12643,"url":"http:\/\/www.fabriceeulry-laboutique.com\/blog\/?p=12643","url_meta":{"origin":11838,"position":2},"title":"BLUES EN AVEYRON F\u00caTE SES 5 ANS","author":"Le Canard du pianiste","date":"17 septembre 2022","format":false,"excerpt":"Voici la billetterie en ligne : https:\/\/my.weezevent.com\/blues-en-aveyron-2022 Les billets seront \u00e9galement disponibles \u00e0 la librairie du Pont-virgule d'Espalion \u00e0 partir du samedi 24 septembre Du 20 au 23 octobre 2022, la sixi\u00e8me \u00e9dition du festival vous propose : Emilie Hedou et Fabrice Eulry : \"Emilie Hedou et Fabrice Eulry :\u2026","rel":"","context":"Dans &quot;Non class\u00e9&quot;","block_context":{"text":"Non class\u00e9","link":"http:\/\/www.fabriceeulry-laboutique.com\/blog\/?cat=1"},"img":{"alt_text":"","src":"https:\/\/i0.wp.com\/www.fabriceeulry-laboutique.com\/blog\/wp-content\/uploads\/2022\/09\/Emilie-Fab.png?resize=350%2C200","width":350,"height":200,"srcset":"https:\/\/i0.wp.com\/www.fabriceeulry-laboutique.com\/blog\/wp-content\/uploads\/2022\/09\/Emilie-Fab.png?resize=350%2C200 1x, https:\/\/i0.wp.com\/www.fabriceeulry-laboutique.com\/blog\/wp-content\/uploads\/2022\/09\/Emilie-Fab.png?resize=525%2C300 1.5x, https:\/\/i0.wp.com\/www.fabriceeulry-laboutique.com\/blog\/wp-content\/uploads\/2022\/09\/Emilie-Fab.png?resize=700%2C400 2x, https:\/\/i0.wp.com\/www.fabriceeulry-laboutique.com\/blog\/wp-content\/uploads\/2022\/09\/Emilie-Fab.png?resize=1050%2C600 3x, https:\/\/i0.wp.com\/www.fabriceeulry-laboutique.com\/blog\/wp-content\/uploads\/2022\/09\/Emilie-Fab.png?resize=1400%2C800 4x"},"classes":[]},{"id":11666,"url":"http:\/\/www.fabriceeulry-laboutique.com\/blog\/?p=11666","url_meta":{"origin":11838,"position":3},"title":"L&rsquo;AGENDA DU FESTIVAL BLUES EN AVEYRON 2019","author":"Le Canard du pianiste","date":"4 mars 2019","format":false,"excerpt":"le Festival BLUES EN AVEYRON 2019 se d\u00e9roule sur 13 jours du 7 au 19 mai. L'association Blues en Aveyron vous propose aussi un PASSE de 39 \u20ac qui acc\u00e8s donne \u00e0\u00a0TOUS\u00a0les concerts du festival ! R\u00e9servez en ligne en cliquant sur ce lien https:\/\/www.weezevent.com\/blues-en-aveyron-2019 Autres points de vente \u00e0\u2026","rel":"","context":"Dans &quot;Non class\u00e9&quot;","block_context":{"text":"Non class\u00e9","link":"http:\/\/www.fabriceeulry-laboutique.com\/blog\/?cat=1"},"img":{"alt_text":"","src":"https:\/\/i0.wp.com\/www.fabriceeulry-laboutique.com\/blog\/wp-content\/uploads\/2019\/03\/Agenda-BenA-2019-2.png?resize=350%2C200","width":350,"height":200},"classes":[]},{"id":11628,"url":"http:\/\/www.fabriceeulry-laboutique.com\/blog\/?p=11628","url_meta":{"origin":11838,"position":4},"title":"BLUES EN AVEYRON 2019 : BILLETTERIE EN LIGNE","author":"Le Canard du pianiste","date":"2 mars 2019","format":false,"excerpt":"le Festival BLUES EN AVEYRON 2019 se d\u00e9roule sur 13 jours du 7 au 19 mai. L'association Blues en Aveyron vous propose entre autres un PASSE de 39 \u20ac qui acc\u00e8s donne \u00e0\u00a0TOUS\u00a0les concerts du festival ! R\u00e9servez en ligne en cliquant sur ce lien https:\/\/www.weezevent.com\/blues-en-aveyron-2019P Les Pr\u00e9ambules du Festival\u2026","rel":"","context":"Dans &quot;Non class\u00e9&quot;","block_context":{"text":"Non class\u00e9","link":"http:\/\/www.fabriceeulry-laboutique.com\/blog\/?cat=1"},"img":{"alt_text":"","src":"https:\/\/i0.wp.com\/www.fabriceeulry-laboutique.com\/blog\/wp-content\/uploads\/2019\/03\/Agenda-BenA-2019-1.png?resize=350%2C200","width":350,"height":200},"classes":[]},{"id":11102,"url":"http:\/\/www.fabriceeulry-laboutique.com\/blog\/?p=11102","url_meta":{"origin":11838,"position":5},"title":"FESTIVAL BLUES EN AVEYRON 2019 !!!","author":"Le Canard du pianiste","date":"18 novembre 2018","format":false,"excerpt":"Festival Blues en Aveyron 2018 Le programme sera seulement d\u00e9finitif et confirm\u00e9 le 3 d\u00e9cembre mardi 7 mai : R\u00e9cital Fabrice Eulry : Centre europ\u00e9en de Conques. 20h30. Tarif unique : ? \u20ac Bal de Blues en Aveyron \u00e0 Saint-Geniez avec Duo \u00e0 Deux \u00e0 partir de 21h30. Tarif unique\u2026","rel":"","context":"Dans &quot;Non class\u00e9&quot;","block_context":{"text":"Non class\u00e9","link":"http:\/\/www.fabriceeulry-laboutique.com\/blog\/?cat=1"},"img":{"alt_text":"","src":"https:\/\/i0.wp.com\/www.fabriceeulry-laboutique.com\/blog\/wp-content\/uploads\/2018\/11\/franck-mossler.png?resize=350%2C200","width":350,"height":200},"classes":[]}],"_links":{"self":[{"href":"http:\/\/www.fabriceeulry-laboutique.com\/blog\/index.php?rest_route=\/wp\/v2\/posts\/11838","targetHints":{"allow":["GET"]}}],"collection":[{"href":"http:\/\/www.fabriceeulry-laboutique.com\/blog\/index.php?rest_route=\/wp\/v2\/posts"}],"about":[{"href":"http:\/\/www.fabriceeulry-laboutique.com\/blog\/index.php?rest_route=\/wp\/v2\/types\/post"}],"author":[{"embeddable":true,"href":"http:\/\/www.fabriceeulry-laboutique.com\/blog\/index.php?rest_route=\/wp\/v2\/users\/2"}],"replies":[{"embeddable":true,"href":"http:\/\/www.fabriceeulry-laboutique.com\/blog\/index.php?rest_route=%2Fwp%2Fv2%2Fcomments&post=11838"}],"version-history":[{"count":1,"href":"http:\/\/www.fabriceeulry-laboutique.com\/blog\/index.php?rest_route=\/wp\/v2\/posts\/11838\/revisions"}],"predecessor-version":[{"id":11842,"href":"http:\/\/www.fabriceeulry-laboutique.com\/blog\/index.php?rest_route=\/wp\/v2\/posts\/11838\/revisions\/11842"}],"wp:attachment":[{"href":"http:\/\/www.fabriceeulry-laboutique.com\/blog\/index.php?rest_route=%2Fwp%2Fv2%2Fmedia&parent=11838"}],"wp:term":[{"taxonomy":"category","embeddable":true,"href":"http:\/\/www.fabriceeulry-laboutique.com\/blog\/index.php?rest_route=%2Fwp%2Fv2%2Fcategories&post=11838"},{"taxonomy":"post_tag","embeddable":true,"href":"http:\/\/www.fabriceeulry-laboutique.com\/blog\/index.php?rest_route=%2Fwp%2Fv2%2Ftags&post=11838"}],"curies":[{"name":"wp","href":"https:\/\/api.w.org\/{rel}","templated":true}]}}