{"id":11852,"date":"2019-05-15T21:00:35","date_gmt":"2019-05-15T21:00:35","guid":{"rendered":"http:\/\/www.fabriceeulry-laboutique.com\/blog\/?p=11852"},"modified":"2019-05-15T21:03:44","modified_gmt":"2019-05-15T21:03:44","slug":"un-concert-a-la-muette","status":"publish","type":"post","link":"http:\/\/www.fabriceeulry-laboutique.com\/blog\/?p=11852","title":{"rendered":"UN CONCERT \u00c0 LA MUETTE"},"content":{"rendered":"\n<figure class=\"wp-block-image\"><img data-recalc-dims=\"1\" loading=\"lazy\" decoding=\"async\" width=\"640\" height=\"564\" src=\"https:\/\/i0.wp.com\/www.fabriceeulry-laboutique.com\/blog\/wp-content\/uploads\/2019\/05\/muet1.png?resize=640%2C564\" alt=\"\" class=\"wp-image-11853\" srcset=\"https:\/\/i0.wp.com\/www.fabriceeulry-laboutique.com\/blog\/wp-content\/uploads\/2019\/05\/muet1.png?w=743 743w, https:\/\/i0.wp.com\/www.fabriceeulry-laboutique.com\/blog\/wp-content\/uploads\/2019\/05\/muet1.png?resize=300%2C264 300w\" sizes=\"auto, (max-width: 640px) 100vw, 640px\" \/><\/figure>\n\n\n\n<p style=\"text-align:center\"><strong>\u00c0 nouveau invit\u00e9 pour jouer dans La Chapelle de l&rsquo;\u00e9tablissement protestant de Paris-Nation, Fabrice Eulry a cette fois fait salle comble : les r\u00e9sidents de la Maison de retraite se passant le mot, c&rsquo;est unanimement qu&rsquo;ils vinrent l&rsquo;\u00e9couter dans une grande \u00e9tendue de son r\u00e9pertoire le lundi 29 avril dernier, pour ce concert offert par la Fondation R\u00e9sonnance&nbsp;avant&nbsp;qu&rsquo;il&nbsp;encha\u00eene&nbsp;avec&nbsp;son&nbsp;concert&nbsp;mensuel&nbsp;du&nbsp;Petit-journal&nbsp;!<\/strong><\/p>\n\n\n\n<figure class=\"wp-block-image\"><img data-recalc-dims=\"1\" loading=\"lazy\" decoding=\"async\" width=\"640\" height=\"482\" src=\"https:\/\/i0.wp.com\/www.fabriceeulry-laboutique.com\/blog\/wp-content\/uploads\/2019\/05\/muet2.png?resize=640%2C482\" alt=\"\" class=\"wp-image-11854\" srcset=\"https:\/\/i0.wp.com\/www.fabriceeulry-laboutique.com\/blog\/wp-content\/uploads\/2019\/05\/muet2.png?w=963 963w, https:\/\/i0.wp.com\/www.fabriceeulry-laboutique.com\/blog\/wp-content\/uploads\/2019\/05\/muet2.png?resize=300%2C226 300w, https:\/\/i0.wp.com\/www.fabriceeulry-laboutique.com\/blog\/wp-content\/uploads\/2019\/05\/muet2.png?resize=768%2C579 768w\" sizes=\"auto, (max-width: 640px) 100vw, 640px\" \/><figcaption>Une version de : \u00ab\u00a0Les mauvais gar\u00e7ons\u00a0\u00bb !<\/figcaption><\/figure>\n\n\n\n<figure class=\"wp-block-image\"><img data-recalc-dims=\"1\" loading=\"lazy\" decoding=\"async\" width=\"640\" height=\"495\" src=\"https:\/\/i0.wp.com\/www.fabriceeulry-laboutique.com\/blog\/wp-content\/uploads\/2019\/05\/Muet3.png?resize=640%2C495\" alt=\"\" class=\"wp-image-11855\" srcset=\"https:\/\/i0.wp.com\/www.fabriceeulry-laboutique.com\/blog\/wp-content\/uploads\/2019\/05\/Muet3.png?w=934 934w, https:\/\/i0.wp.com\/www.fabriceeulry-laboutique.com\/blog\/wp-content\/uploads\/2019\/05\/Muet3.png?resize=300%2C232 300w, https:\/\/i0.wp.com\/www.fabriceeulry-laboutique.com\/blog\/wp-content\/uploads\/2019\/05\/Muet3.png?resize=768%2C594 768w\" sizes=\"auto, (max-width: 640px) 100vw, 640px\" \/><figcaption><br><\/figcaption><\/figure>\n\n\n\n<p style=\"text-align:center\"><strong>Le r\u00e9pertoire populaire parisien tr\u00e8s pris au s\u00e9rieux, avec des transcriptions pour piano parfois improvis\u00e9es, n&#8217;emp\u00eachera pas d&rsquo;enlever la veste pour le swing final !<\/strong><\/p>\n\n\n\n<figure class=\"wp-block-image\"><img data-recalc-dims=\"1\" loading=\"lazy\" decoding=\"async\" width=\"640\" height=\"322\" src=\"https:\/\/i0.wp.com\/www.fabriceeulry-laboutique.com\/blog\/wp-content\/uploads\/2019\/05\/muet4.png?resize=640%2C322\" alt=\"\" class=\"wp-image-11856\" srcset=\"https:\/\/i0.wp.com\/www.fabriceeulry-laboutique.com\/blog\/wp-content\/uploads\/2019\/05\/muet4.png?w=930 930w, https:\/\/i0.wp.com\/www.fabriceeulry-laboutique.com\/blog\/wp-content\/uploads\/2019\/05\/muet4.png?resize=300%2C151 300w, https:\/\/i0.wp.com\/www.fabriceeulry-laboutique.com\/blog\/wp-content\/uploads\/2019\/05\/muet4.png?resize=768%2C386 768w\" sizes=\"auto, (max-width: 640px) 100vw, 640px\" \/><figcaption>Merci \u00e0 Luc pur les photos.<\/figcaption><\/figure>\n","protected":false},"excerpt":{"rendered":"<p>\u00c0 nouveau invit\u00e9 pour jouer dans La Chapelle de l&rsquo;\u00e9tablissement protestant de Paris-Nation, Fabrice Eulry a cette fois fait salle comble : les r\u00e9sidents de la Maison de retraite se passant le mot, c&rsquo;est unanimement qu&rsquo;ils vinrent l&rsquo;\u00e9couter dans une &hellip; <a href=\"http:\/\/www.fabriceeulry-laboutique.com\/blog\/?p=11852\">Continuer la lecture <span class=\"meta-nav\">&rarr;<\/span><\/a><\/p>\n","protected":false},"author":2,"featured_media":0,"comment_status":"open","ping_status":"open","sticky":false,"template":"","format":"standard","meta":{"jetpack_post_was_ever_published":false,"_jetpack_newsletter_access":"","_jetpack_dont_email_post_to_subs":false,"_jetpack_newsletter_tier_id":0,"_jetpack_memberships_contains_paywalled_content":false,"_jetpack_memberships_contains_paid_content":false,"footnotes":"","jetpack_publicize_message":"","jetpack_publicize_feature_enabled":true,"jetpack_social_post_already_shared":true,"jetpack_social_options":{"image_generator_settings":{"template":"highway","default_image_id":0,"font":"","enabled":false},"version":2}},"categories":[1],"tags":[],"class_list":["post-11852","post","type-post","status-publish","format-standard","hentry","category-non-classe"],"jetpack_publicize_connections":[],"jetpack_featured_media_url":"","jetpack_sharing_enabled":true,"jetpack_shortlink":"https:\/\/wp.me\/p2D6dI-35a","jetpack_likes_enabled":true,"jetpack-related-posts":[{"id":13108,"url":"http:\/\/www.fabriceeulry-laboutique.com\/blog\/?p=13108","url_meta":{"origin":11852,"position":0},"title":"POUR R\u00c9SONNANCE ITALIE","author":"Le Canard du pianiste","date":"22 novembre 2024","format":false,"excerpt":"Fabrice Eulry joue \u00e0 Rome, pour plusieurs concerts o\u00f9 sont rassembl\u00e9s les pensionnaires de plusieurs maisons de retraite avec leur proches. Une tourn\u00e9e bien organis\u00e9e par son pr\u00e9sident Gianluca, avec des pianos \u00e0 queue bien accord\u00e9es et un public toujours aussi vivant qui sait comme toujours, \u00e9couter et manifester \u00e0\u2026","rel":"","context":"Dans &quot;Non class\u00e9&quot;","block_context":{"text":"Non class\u00e9","link":"http:\/\/www.fabriceeulry-laboutique.com\/blog\/?cat=1"},"img":{"alt_text":"","src":"https:\/\/i0.wp.com\/www.fabriceeulry-laboutique.com\/blog\/wp-content\/uploads\/2024\/11\/IMG_5494-scaled.jpg?resize=350%2C200","width":350,"height":200,"srcset":"https:\/\/i0.wp.com\/www.fabriceeulry-laboutique.com\/blog\/wp-content\/uploads\/2024\/11\/IMG_5494-scaled.jpg?resize=350%2C200 1x, https:\/\/i0.wp.com\/www.fabriceeulry-laboutique.com\/blog\/wp-content\/uploads\/2024\/11\/IMG_5494-scaled.jpg?resize=525%2C300 1.5x, https:\/\/i0.wp.com\/www.fabriceeulry-laboutique.com\/blog\/wp-content\/uploads\/2024\/11\/IMG_5494-scaled.jpg?resize=700%2C400 2x, https:\/\/i0.wp.com\/www.fabriceeulry-laboutique.com\/blog\/wp-content\/uploads\/2024\/11\/IMG_5494-scaled.jpg?resize=1050%2C600 3x, https:\/\/i0.wp.com\/www.fabriceeulry-laboutique.com\/blog\/wp-content\/uploads\/2024\/11\/IMG_5494-scaled.jpg?resize=1400%2C800 4x"},"classes":[]},{"id":5915,"url":"http:\/\/www.fabriceeulry-laboutique.com\/blog\/?p=5915","url_meta":{"origin":11852,"position":1},"title":"CONCERT HOMMAGE A GUILLAUME PERROT (SUITE) ET NOUVELLES DU DVD","author":"Le Canard du pianiste","date":"10 novembre 2014","format":false,"excerpt":"Voici le texte de l'article sur le pays.fr\u00a0: C\u2019est une histoire \u00e0 la fois belle et tragique qui est \u00e0 l\u2019origine du concert qu\u2019accueillera le th\u00e9\u00e2tre dimanche. Guillaume Perrot, Roannais, jeune pianiste du conservatoire de Saint-Etienne, disparaissait \u00e0 l'\u00e2ge de 26 ans, atteint d'un ost\u00e9osarcome. N\u00e9 \u00e0 S\u00e9oul en 1987,\u2026","rel":"","context":"Dans &quot;Non class\u00e9&quot;","block_context":{"text":"Non class\u00e9","link":"http:\/\/www.fabriceeulry-laboutique.com\/blog\/?cat=1"},"img":{"alt_text":"","src":"https:\/\/i0.wp.com\/www.fabriceeulry-laboutique.com\/blog\/wp-content\/uploads\/2014\/11\/st-.jpg?resize=350%2C200","width":350,"height":200,"srcset":"https:\/\/i0.wp.com\/www.fabriceeulry-laboutique.com\/blog\/wp-content\/uploads\/2014\/11\/st-.jpg?resize=350%2C200 1x, https:\/\/i0.wp.com\/www.fabriceeulry-laboutique.com\/blog\/wp-content\/uploads\/2014\/11\/st-.jpg?resize=525%2C300 1.5x, https:\/\/i0.wp.com\/www.fabriceeulry-laboutique.com\/blog\/wp-content\/uploads\/2014\/11\/st-.jpg?resize=700%2C400 2x"},"classes":[]},{"id":11915,"url":"http:\/\/www.fabriceeulry-laboutique.com\/blog\/?p=11915","url_meta":{"origin":11852,"position":2},"title":"LES AVENTURES D&rsquo;UN PETIT PIANO ABANDONN\u00c9","author":"Le Canard du pianiste","date":"26 mai 2019","format":false,"excerpt":"Il \u00e9tait au rebus, dans une remise ou personne ne passait. Il portait toujours son \u00e9criteau \"\u00c0 VENDRE : 150 CHF\" qui n'avait attir\u00e9 personne. Fabrice Eulry s'en souvenait pourtant : c'\u00e9tait sur lui qu'il avait donn\u00e9 son premier concert pour la Fondation R\u00e9sonnance en 2011.\u00a0 Et\u00a0lorsque\u00a0qu'il\u00a0revint\u00a0jouer\u00a0dans\u00a0cette\u00a0maison\u00a0de\u00a0retraite\u00a0il l'acheta\u00a0en\u00a0attendant\u00a0de\u00a0pouvoir\u00a0l'emmener.\u00a0 Plus tard,\u2026","rel":"","context":"Dans &quot;Non class\u00e9&quot;","block_context":{"text":"Non class\u00e9","link":"http:\/\/www.fabriceeulry-laboutique.com\/blog\/?cat=1"},"img":{"alt_text":"","src":"https:\/\/i0.wp.com\/www.fabriceeulry-laboutique.com\/blog\/wp-content\/uploads\/2019\/05\/caze4.png?resize=350%2C200","width":350,"height":200,"srcset":"https:\/\/i0.wp.com\/www.fabriceeulry-laboutique.com\/blog\/wp-content\/uploads\/2019\/05\/caze4.png?resize=350%2C200 1x, https:\/\/i0.wp.com\/www.fabriceeulry-laboutique.com\/blog\/wp-content\/uploads\/2019\/05\/caze4.png?resize=525%2C300 1.5x"},"classes":[]},{"id":5138,"url":"http:\/\/www.fabriceeulry-laboutique.com\/blog\/?p=5138","url_meta":{"origin":11852,"position":3},"title":"DISQUE DE GUILLAUME PERROT CONTRE L&rsquo;OSTEOSARCOME","author":"Le Canard du pianiste","date":"5 juillet 2014","format":false,"excerpt":"ENCORE UNE SURPRISE DE GUILLAUME ! \"En \u00e9coutant les bandes et les vid\u00e9os qu'il nous a laiss\u00e9es de ci de l\u00e0 avant de partir dans l'au-del\u00e0, je suis all\u00e9 vais de surprise en surprise : bien s\u00fbr je n'ai cess\u00e9 de clamer son talent mais je dois confier quelque chose\u2026","rel":"","context":"Dans &quot;Non class\u00e9&quot;","block_context":{"text":"Non class\u00e9","link":"http:\/\/www.fabriceeulry-laboutique.com\/blog\/?cat=1"},"img":{"alt_text":"","src":"https:\/\/i0.wp.com\/www.fabriceeulry-laboutique.com\/blog\/wp-content\/uploads\/2014\/06\/souririre.jpg?resize=350%2C200","width":350,"height":200,"srcset":"https:\/\/i0.wp.com\/www.fabriceeulry-laboutique.com\/blog\/wp-content\/uploads\/2014\/06\/souririre.jpg?resize=350%2C200 1x, https:\/\/i0.wp.com\/www.fabriceeulry-laboutique.com\/blog\/wp-content\/uploads\/2014\/06\/souririre.jpg?resize=525%2C300 1.5x"},"classes":[]},{"id":10949,"url":"http:\/\/www.fabriceeulry-laboutique.com\/blog\/?p=10949","url_meta":{"origin":11852,"position":4},"title":"QUAND UN CONCERT MUTE EN FIESTA","author":"Le Canard du pianiste","date":"7 septembre 2018","format":false,"excerpt":"Il fallait respecter l'horaire car les handicap\u00e9s lourds devaient aller au dodo \u00e0 heure fixe ; on se posa aussi beaucoup de questions sur le son, pour que les 200 personnes entendent le piano en plein air, en ce 2 septembre au\u00a0Centre d\u2019accueil pour les personnes handicap\u00e9es de l\u2019ordre de\u2026","rel":"","context":"Dans &quot;Non class\u00e9&quot;","block_context":{"text":"Non class\u00e9","link":"http:\/\/www.fabriceeulry-laboutique.com\/blog\/?cat=1"},"img":{"alt_text":"","src":"https:\/\/i0.wp.com\/www.fabriceeulry-laboutique.com\/blog\/wp-content\/uploads\/2018\/09\/chab2-.png?resize=350%2C200","width":350,"height":200},"classes":[]},{"id":4243,"url":"http:\/\/www.fabriceeulry-laboutique.com\/blog\/?p=4243","url_meta":{"origin":11852,"position":5},"title":"DEUX PIANOS POUR UNE CHAPELLE","author":"Le Canard du pianiste","date":"29 d\u00e9cembre 2013","format":false,"excerpt":"\u00a0Une petite r\u00e9trospective sur un duo de pianos Claude Bolling-Fabrice Eulry de 2010 \u00e0 Reims : Lu dans L'union L'ardennais du 28 avril 2010 \u00a0Bien s\u00fbr, la motivation premi\u00e8re du concert pr\u00e9vu \u00e0 Saint-Joseph \u00e9tait connue : \u00ab deux pianos pour une chapelle \u00bb\u2026 \u00e0 sauver. Mais quelle ambiance !\u2026","rel":"","context":"Dans &quot;Non class\u00e9&quot;","block_context":{"text":"Non class\u00e9","link":"http:\/\/www.fabriceeulry-laboutique.com\/blog\/?cat=1"},"img":{"alt_text":"","src":"https:\/\/i0.wp.com\/www.fabriceeulry-laboutique.com\/blog\/wp-content\/uploads\/2013\/12\/Chapelle-St-Joseph.jpg?resize=350%2C200","width":350,"height":200,"srcset":"https:\/\/i0.wp.com\/www.fabriceeulry-laboutique.com\/blog\/wp-content\/uploads\/2013\/12\/Chapelle-St-Joseph.jpg?resize=350%2C200 1x, https:\/\/i0.wp.com\/www.fabriceeulry-laboutique.com\/blog\/wp-content\/uploads\/2013\/12\/Chapelle-St-Joseph.jpg?resize=525%2C300 1.5x"},"classes":[]}],"_links":{"self":[{"href":"http:\/\/www.fabriceeulry-laboutique.com\/blog\/index.php?rest_route=\/wp\/v2\/posts\/11852","targetHints":{"allow":["GET"]}}],"collection":[{"href":"http:\/\/www.fabriceeulry-laboutique.com\/blog\/index.php?rest_route=\/wp\/v2\/posts"}],"about":[{"href":"http:\/\/www.fabriceeulry-laboutique.com\/blog\/index.php?rest_route=\/wp\/v2\/types\/post"}],"author":[{"embeddable":true,"href":"http:\/\/www.fabriceeulry-laboutique.com\/blog\/index.php?rest_route=\/wp\/v2\/users\/2"}],"replies":[{"embeddable":true,"href":"http:\/\/www.fabriceeulry-laboutique.com\/blog\/index.php?rest_route=%2Fwp%2Fv2%2Fcomments&post=11852"}],"version-history":[{"count":2,"href":"http:\/\/www.fabriceeulry-laboutique.com\/blog\/index.php?rest_route=\/wp\/v2\/posts\/11852\/revisions"}],"predecessor-version":[{"id":11858,"href":"http:\/\/www.fabriceeulry-laboutique.com\/blog\/index.php?rest_route=\/wp\/v2\/posts\/11852\/revisions\/11858"}],"wp:attachment":[{"href":"http:\/\/www.fabriceeulry-laboutique.com\/blog\/index.php?rest_route=%2Fwp%2Fv2%2Fmedia&parent=11852"}],"wp:term":[{"taxonomy":"category","embeddable":true,"href":"http:\/\/www.fabriceeulry-laboutique.com\/blog\/index.php?rest_route=%2Fwp%2Fv2%2Fcategories&post=11852"},{"taxonomy":"post_tag","embeddable":true,"href":"http:\/\/www.fabriceeulry-laboutique.com\/blog\/index.php?rest_route=%2Fwp%2Fv2%2Ftags&post=11852"}],"curies":[{"name":"wp","href":"https:\/\/api.w.org\/{rel}","templated":true}]}}