{"id":11859,"date":"2019-05-18T10:03:49","date_gmt":"2019-05-18T10:03:49","guid":{"rendered":"http:\/\/www.fabriceeulry-laboutique.com\/blog\/?p=11859"},"modified":"2019-05-18T10:04:57","modified_gmt":"2019-05-18T10:04:57","slug":"les-trophees-du-blues-2019-2","status":"publish","type":"post","link":"http:\/\/www.fabriceeulry-laboutique.com\/blog\/?p=11859","title":{"rendered":"LES TROPH\u00c9ES DU BLUES 2019"},"content":{"rendered":"\n<p style=\"text-align:center\"><strong>Dans le cadre du festival Blues en Aveyron, tout comme en 2018 \u00e0 St C\u00f4me, le 11 mai 2019 les Troph\u00e9es du blues ont rassembl\u00e9 plusieurs formations qui, apr\u00e8s les auditions publiques qui s&rsquo;encha\u00eenent tout l&rsquo;apr\u00e8s-midi et la d\u00e9lib\u00e9ration du jury, ont pu improviser ensemble sur sc\u00e8ne, dans la plus grande fraternit\u00e9 qui caract\u00e9rise l&rsquo;esprit du blues.<\/strong><\/p>\n\n\n\n<figure class=\"wp-block-image\"><img loading=\"lazy\" decoding=\"async\" width=\"4160\" height=\"3120\" src=\"https:\/\/i0.wp.com\/www.fabriceeulry-laboutique.com\/blog\/wp-content\/uploads\/2019\/05\/IMG_20190508_214902.jpg?fit=640%2C480\" alt=\"\" class=\"wp-image-11860\" srcset=\"https:\/\/i0.wp.com\/www.fabriceeulry-laboutique.com\/blog\/wp-content\/uploads\/2019\/05\/IMG_20190508_214902.jpg?w=4160 4160w, https:\/\/i0.wp.com\/www.fabriceeulry-laboutique.com\/blog\/wp-content\/uploads\/2019\/05\/IMG_20190508_214902.jpg?resize=300%2C225 300w, https:\/\/i0.wp.com\/www.fabriceeulry-laboutique.com\/blog\/wp-content\/uploads\/2019\/05\/IMG_20190508_214902.jpg?resize=768%2C576 768w, https:\/\/i0.wp.com\/www.fabriceeulry-laboutique.com\/blog\/wp-content\/uploads\/2019\/05\/IMG_20190508_214902.jpg?resize=1024%2C768 1024w, https:\/\/i0.wp.com\/www.fabriceeulry-laboutique.com\/blog\/wp-content\/uploads\/2019\/05\/IMG_20190508_214902.jpg?w=1280 1280w, https:\/\/i0.wp.com\/www.fabriceeulry-laboutique.com\/blog\/wp-content\/uploads\/2019\/05\/IMG_20190508_214902.jpg?w=1920 1920w\" sizes=\"auto, (max-width: 640px) 100vw, 640px\" \/><figcaption>Laurianne Recoulles et Fabrice Eulry pr\u00e9sentent le trio de Victor Demange<\/figcaption><\/figure>\n\n\n\n<p style=\"text-align:center\"><strong>La r\u00e8gle \u00e9tait simple : en 25 maximum pr\u00e9senter une version libre de Ca jam blues, et un morceau au choix.<\/strong><\/p>\n\n\n\n<figure class=\"wp-block-image\"><img loading=\"lazy\" decoding=\"async\" width=\"4160\" height=\"3120\" src=\"https:\/\/i0.wp.com\/www.fabriceeulry-laboutique.com\/blog\/wp-content\/uploads\/2019\/05\/IMG_20190508_215815.jpg?fit=640%2C480\" alt=\"\" class=\"wp-image-11861\" srcset=\"https:\/\/i0.wp.com\/www.fabriceeulry-laboutique.com\/blog\/wp-content\/uploads\/2019\/05\/IMG_20190508_215815.jpg?w=4160 4160w, https:\/\/i0.wp.com\/www.fabriceeulry-laboutique.com\/blog\/wp-content\/uploads\/2019\/05\/IMG_20190508_215815.jpg?resize=300%2C225 300w, https:\/\/i0.wp.com\/www.fabriceeulry-laboutique.com\/blog\/wp-content\/uploads\/2019\/05\/IMG_20190508_215815.jpg?resize=768%2C576 768w, https:\/\/i0.wp.com\/www.fabriceeulry-laboutique.com\/blog\/wp-content\/uploads\/2019\/05\/IMG_20190508_215815.jpg?resize=1024%2C768 1024w, https:\/\/i0.wp.com\/www.fabriceeulry-laboutique.com\/blog\/wp-content\/uploads\/2019\/05\/IMG_20190508_215815.jpg?w=1280 1280w, https:\/\/i0.wp.com\/www.fabriceeulry-laboutique.com\/blog\/wp-content\/uploads\/2019\/05\/IMG_20190508_215815.jpg?w=1920 1920w\" sizes=\"auto, (max-width: 640px) 100vw, 640px\" \/><figcaption>Le trio de Victor Demange, pour f\u00eater la remise de leur prix du professionnalisme, donne une jam session avec Timour Abitov \u00e0 l&rsquo;extr\u00eame droite, qui a d\u00e9croch\u00e9 le prix de l&rsquo;improvisation.<\/figcaption><\/figure>\n\n\n\n<figure class=\"wp-block-image\"><img loading=\"lazy\" decoding=\"async\" width=\"4160\" height=\"3120\" src=\"https:\/\/i2.wp.com\/www.fabriceeulry-laboutique.com\/blog\/wp-content\/uploads\/2019\/05\/IMG_20190508_220143.jpg?fit=640%2C480\" alt=\"\" class=\"wp-image-11862\" srcset=\"https:\/\/i0.wp.com\/www.fabriceeulry-laboutique.com\/blog\/wp-content\/uploads\/2019\/05\/IMG_20190508_220143.jpg?w=4160 4160w, https:\/\/i0.wp.com\/www.fabriceeulry-laboutique.com\/blog\/wp-content\/uploads\/2019\/05\/IMG_20190508_220143.jpg?resize=300%2C225 300w, https:\/\/i0.wp.com\/www.fabriceeulry-laboutique.com\/blog\/wp-content\/uploads\/2019\/05\/IMG_20190508_220143.jpg?resize=768%2C576 768w, https:\/\/i0.wp.com\/www.fabriceeulry-laboutique.com\/blog\/wp-content\/uploads\/2019\/05\/IMG_20190508_220143.jpg?resize=1024%2C768 1024w, https:\/\/i0.wp.com\/www.fabriceeulry-laboutique.com\/blog\/wp-content\/uploads\/2019\/05\/IMG_20190508_220143.jpg?w=1280 1280w, https:\/\/i0.wp.com\/www.fabriceeulry-laboutique.com\/blog\/wp-content\/uploads\/2019\/05\/IMG_20190508_220143.jpg?w=1920 1920w\" sizes=\"auto, (max-width: 640px) 100vw, 640px\" \/><figcaption>Victor Demange au piano assure les basses avec une main gauche solide sur un boogie-woogie improvis\u00e9 pendant que Pierre Desax au saxophone t\u00e9nor et Timour Abitov improvisent des riffs. Les chorales Yeah yeah immacul\u00e9e et ayant gagn\u00e9 le prix de la pr\u00e9sentation notamment gr\u00e2ce \u00e0 des chor\u00e9graphies impeccables r\u00e9gl\u00e9es par Fred Bonnet.<\/figcaption><\/figure>\n\n\n\n<figure class=\"wp-block-image\"><img loading=\"lazy\" decoding=\"async\" width=\"3120\" height=\"4160\" src=\"https:\/\/i2.wp.com\/www.fabriceeulry-laboutique.com\/blog\/wp-content\/uploads\/2019\/05\/IMG_20190508_230236.jpg?fit=640%2C853\" alt=\"\" class=\"wp-image-11864\" srcset=\"https:\/\/i0.wp.com\/www.fabriceeulry-laboutique.com\/blog\/wp-content\/uploads\/2019\/05\/IMG_20190508_230236.jpg?w=3120 3120w, https:\/\/i0.wp.com\/www.fabriceeulry-laboutique.com\/blog\/wp-content\/uploads\/2019\/05\/IMG_20190508_230236.jpg?resize=225%2C300 225w, https:\/\/i0.wp.com\/www.fabriceeulry-laboutique.com\/blog\/wp-content\/uploads\/2019\/05\/IMG_20190508_230236.jpg?resize=768%2C1024 768w, https:\/\/i0.wp.com\/www.fabriceeulry-laboutique.com\/blog\/wp-content\/uploads\/2019\/05\/IMG_20190508_230236.jpg?resize=300%2C400 300w, https:\/\/i0.wp.com\/www.fabriceeulry-laboutique.com\/blog\/wp-content\/uploads\/2019\/05\/IMG_20190508_230236.jpg?w=1280 1280w, https:\/\/i0.wp.com\/www.fabriceeulry-laboutique.com\/blog\/wp-content\/uploads\/2019\/05\/IMG_20190508_230236.jpg?w=1920 1920w\" sizes=\"auto, (max-width: 640px) 100vw, 640px\" \/><figcaption>Apr\u00e8s le concours et  remise des prix, ce marathon musical continue avec le big band de Fred Bonnet qui invite Daniel Huck (\u00e0 gauche) et une surprise de marque : Samuel Berthod \u00e0 la clarinette !<\/figcaption><\/figure>\n\n\n\n<p style=\"text-align:center\"><strong>Lors de ce concours, malgr\u00e9 la gratuit\u00e9 du spectacle, la pr\u00e9sence des jeunes chorales cit\u00e9es, et celle de Bozouls (9 kms d&rsquo;Espalion) dirig\u00e9e par Patricia Cuparis qui pr\u00e9senta un travail de grande qualit\u00e9, et malgr\u00e9 la gratuit\u00e9 du spectacle, en ce 8 mai f\u00e9ri\u00e9, on peut regretter que le public d&rsquo;Espalion ne se soit gu\u00e8re d\u00e9plac\u00e9 pour encourager sa jeunesse. Pour autant les musiciens en herbe n&rsquo;en con\u00e7urent aucune g\u00eane, preuve que le m\u00e9tier rentre vite !<\/strong><\/p>\n","protected":false},"excerpt":{"rendered":"<p>Dans le cadre du festival Blues en Aveyron, tout comme en 2018 \u00e0 St C\u00f4me, le 11 mai 2019 les Troph\u00e9es du blues ont rassembl\u00e9 plusieurs formations qui, apr\u00e8s les auditions publiques qui s&rsquo;encha\u00eenent tout l&rsquo;apr\u00e8s-midi et la d\u00e9lib\u00e9ration du &hellip; <a href=\"http:\/\/www.fabriceeulry-laboutique.com\/blog\/?p=11859\">Continuer la lecture <span class=\"meta-nav\">&rarr;<\/span><\/a><\/p>\n","protected":false},"author":2,"featured_media":0,"comment_status":"open","ping_status":"open","sticky":false,"template":"","format":"standard","meta":{"jetpack_post_was_ever_published":false,"_jetpack_newsletter_access":"","_jetpack_dont_email_post_to_subs":false,"_jetpack_newsletter_tier_id":0,"_jetpack_memberships_contains_paywalled_content":false,"_jetpack_memberships_contains_paid_content":false,"footnotes":"","jetpack_publicize_message":"","jetpack_publicize_feature_enabled":true,"jetpack_social_post_already_shared":true,"jetpack_social_options":{"image_generator_settings":{"template":"highway","default_image_id":0,"font":"","enabled":false},"version":2}},"categories":[1],"tags":[],"class_list":["post-11859","post","type-post","status-publish","format-standard","hentry","category-non-classe"],"jetpack_publicize_connections":[],"jetpack_featured_media_url":"","jetpack_sharing_enabled":true,"jetpack_shortlink":"https:\/\/wp.me\/p2D6dI-35h","jetpack_likes_enabled":true,"jetpack-related-posts":[{"id":11554,"url":"http:\/\/www.fabriceeulry-laboutique.com\/blog\/?p=11554","url_meta":{"origin":11859,"position":0},"title":"LES TROPH\u00c9ES DU BLUES 2019","author":"Le Canard du pianiste","date":"3 f\u00e9vrier 2019","format":false,"excerpt":"Dans le cadre du festival Blues en Aveyron 2019 (3\u00e8me \u00e9dition) les Troph\u00e9es du blues accueilleront le mercredi 8 mai \u00e0 Espalion (salle Poulenc), la jeunesse et m\u00eame l'enfance du Blues. Venant d'Aveyron et d'ailleurs, on peut d\u00e9j\u00e0 affirmer qu'encore plus de formations qu'en 2018 seront sur les rangs. Elles\u2026","rel":"","context":"Dans &quot;Non class\u00e9&quot;","block_context":{"text":"Non class\u00e9","link":"http:\/\/www.fabriceeulry-laboutique.com\/blog\/?cat=1"},"img":{"alt_text":"","src":"https:\/\/i0.wp.com\/www.fabriceeulry-laboutique.com\/blog\/wp-content\/uploads\/2019\/02\/troph%C3%A9es-2019-affiche.png?resize=350%2C200","width":350,"height":200},"classes":[]},{"id":10653,"url":"http:\/\/www.fabriceeulry-laboutique.com\/blog\/?p=10653","url_meta":{"origin":11859,"position":1},"title":"TROPH\u00c9ES DU BLUES : LES LAUR\u00c9ATS COMPLOTENT !","author":"Le Canard du pianiste","date":"15 mai 2018","format":false,"excerpt":"Le festival Blues en\u00a0Aveyron pour sa deuxi\u00e8me ann\u00e9e, souhaitait encourager la jeunesse que le blues int\u00e9resse... Et pour une fois qu'un concours n'est pas bidouill\u00e9 \u00e0 l'avance, que le jury n'est pas corrompu par une maison de disques ou un groupe d'influence id\u00e9ologique qui chercher \u00e0 imposer un message, ce\u2026","rel":"","context":"Dans &quot;Non class\u00e9&quot;","block_context":{"text":"Non class\u00e9","link":"http:\/\/www.fabriceeulry-laboutique.com\/blog\/?cat=1"},"img":{"alt_text":"","src":"https:\/\/i0.wp.com\/www.fabriceeulry-laboutique.com\/blog\/wp-content\/uploads\/2018\/05\/Centre-presse-BenA-troph%C3%A9es-2018.png?resize=350%2C200","width":350,"height":200,"srcset":"https:\/\/i0.wp.com\/www.fabriceeulry-laboutique.com\/blog\/wp-content\/uploads\/2018\/05\/Centre-presse-BenA-troph%C3%A9es-2018.png?resize=350%2C200 1x, https:\/\/i0.wp.com\/www.fabriceeulry-laboutique.com\/blog\/wp-content\/uploads\/2018\/05\/Centre-presse-BenA-troph%C3%A9es-2018.png?resize=525%2C300 1.5x, https:\/\/i0.wp.com\/www.fabriceeulry-laboutique.com\/blog\/wp-content\/uploads\/2018\/05\/Centre-presse-BenA-troph%C3%A9es-2018.png?resize=700%2C400 2x"},"classes":[]},{"id":11498,"url":"http:\/\/www.fabriceeulry-laboutique.com\/blog\/?p=11498","url_meta":{"origin":11859,"position":2},"title":"LE FESTIVAL BLUES EN AVEYRON 2019 !","author":"Le Canard du pianiste","date":"14 janvier 2019","format":false,"excerpt":"Chers amis du blues,L'association Blues en Aveyron a d\u00e9j\u00e0 \u00e0 son actif deux \u00e9ditions du festival BLUES EN AVEYRON. Les Pr\u00e9ambules du Festival 2019 12 mars 2019 14h30 Concert pour le public scolaire Fabrice EULRY conte le Blues Entr\u00e9e Libre (Eglise St Pie X de Bozouls) * 19 avril 2019\u2026","rel":"","context":"Dans &quot;Non class\u00e9&quot;","block_context":{"text":"Non class\u00e9","link":"http:\/\/www.fabriceeulry-laboutique.com\/blog\/?cat=1"},"img":{"alt_text":"","src":"https:\/\/i0.wp.com\/www.fabriceeulry-laboutique.com\/blog\/wp-content\/uploads\/2019\/03\/milliet-eulry.png?resize=350%2C200","width":350,"height":200,"srcset":"https:\/\/i0.wp.com\/www.fabriceeulry-laboutique.com\/blog\/wp-content\/uploads\/2019\/03\/milliet-eulry.png?resize=350%2C200 1x, https:\/\/i0.wp.com\/www.fabriceeulry-laboutique.com\/blog\/wp-content\/uploads\/2019\/03\/milliet-eulry.png?resize=525%2C300 1.5x, https:\/\/i0.wp.com\/www.fabriceeulry-laboutique.com\/blog\/wp-content\/uploads\/2019\/03\/milliet-eulry.png?resize=700%2C400 2x"},"classes":[]},{"id":10504,"url":"http:\/\/www.fabriceeulry-laboutique.com\/blog\/?p=10504","url_meta":{"origin":11859,"position":3},"title":"LES TROPH\u00c9ES DU BLUES","author":"Le Canard du pianiste","date":"20 mars 2018","format":false,"excerpt":"Dans le cadre du festival Blues en Aveyron 2018 dont voici le programme : \u00a0 l'association Blues en Aveyron organise et d'apr\u00e8s une id\u00e9e originale du chef d'orchestre Fred Bonnet, 6 MAI 2018 \u00e0\u00a0Saint C\u00f4med\u2019Olt \u2013 Salle des\u00a0f\u00eates partir de 16h00- : LES TROPH\u00c9ES DU BLUES 2018 16h \u2013 19h\u00a0:\u2026","rel":"","context":"Dans &quot;Non class\u00e9&quot;","block_context":{"text":"Non class\u00e9","link":"http:\/\/www.fabriceeulry-laboutique.com\/blog\/?cat=1"},"img":{"alt_text":"","src":"https:\/\/i0.wp.com\/www.fabriceeulry-laboutique.com\/blog\/wp-content\/uploads\/2018\/03\/BLUES-EN-AVEYRON-2018-affiche-verson.png?resize=350%2C200","width":350,"height":200},"classes":[]},{"id":10625,"url":"http:\/\/www.fabriceeulry-laboutique.com\/blog\/?p=10625","url_meta":{"origin":11859,"position":4},"title":"LES TROPH\u00c9ES DU BLUES PR\u00c9SENTENT LEURS FORMATIONS","author":"Le Canard du pianiste","date":"29 avril 2018","format":false,"excerpt":"\u00a0 LES TROPH\u00c9ES DU BLUES 2018 METTRONT EN LICE : Le pianiste Kevin Luche en duo avec Louis Brassac (batterie) Ainsi que la chanteuse Natacha Luche (accompagn\u00e9e par son fr\u00e8re Kevin), le duo de Baptiste Canvel, et enfin le groupe TAXI ici en vid\u00e9o, emmen\u00e9 par Mathis Platon (guitare et\u2026","rel":"","context":"Dans &quot;Non class\u00e9&quot;","block_context":{"text":"Non class\u00e9","link":"http:\/\/www.fabriceeulry-laboutique.com\/blog\/?cat=1"},"img":{"alt_text":"BeAsimonkevin","src":"https:\/\/i0.wp.com\/www.fabriceeulry-laboutique.com\/blog\/wp-content\/uploads\/2017\/05\/BeAsimonkevin.png?resize=350%2C200","width":350,"height":200,"srcset":"https:\/\/i0.wp.com\/www.fabriceeulry-laboutique.com\/blog\/wp-content\/uploads\/2017\/05\/BeAsimonkevin.png?resize=350%2C200 1x, https:\/\/i0.wp.com\/www.fabriceeulry-laboutique.com\/blog\/wp-content\/uploads\/2017\/05\/BeAsimonkevin.png?resize=525%2C300 1.5x"},"classes":[]},{"id":10675,"url":"http:\/\/www.fabriceeulry-laboutique.com\/blog\/?p=10675","url_meta":{"origin":11859,"position":5},"title":"BLUES EN AVEYRON 2018 A CLOTUR\u00c9 \u00c0 St GENEVI\u00c8VE\/ARGENCE","author":"Le Canard du pianiste","date":"20 mai 2018","format":false,"excerpt":"Quelques observations : On remarque la sc\u00e8ne haute le piano Wurlitzer attend Fabrice Eulry pour What'd I say qui va cl\u00f4turer ce concert en hommage \u00e0 Ray Charles. En attendant, c'est Daniel Huck qui comme \u00e0 Bozouls, va mettre la salle debout une\u00a0seconde fois d\u00e8s avant l'entracte, jouant I can't\u2026","rel":"","context":"Dans &quot;Non class\u00e9&quot;","block_context":{"text":"Non class\u00e9","link":"http:\/\/www.fabriceeulry-laboutique.com\/blog\/?cat=1"},"img":{"alt_text":"","src":"https:\/\/i0.wp.com\/www.fabriceeulry-laboutique.com\/blog\/wp-content\/uploads\/2018\/05\/Argence5.png?resize=350%2C200","width":350,"height":200,"srcset":"https:\/\/i0.wp.com\/www.fabriceeulry-laboutique.com\/blog\/wp-content\/uploads\/2018\/05\/Argence5.png?resize=350%2C200 1x, https:\/\/i0.wp.com\/www.fabriceeulry-laboutique.com\/blog\/wp-content\/uploads\/2018\/05\/Argence5.png?resize=525%2C300 1.5x, https:\/\/i0.wp.com\/www.fabriceeulry-laboutique.com\/blog\/wp-content\/uploads\/2018\/05\/Argence5.png?resize=700%2C400 2x"},"classes":[]}],"_links":{"self":[{"href":"http:\/\/www.fabriceeulry-laboutique.com\/blog\/index.php?rest_route=\/wp\/v2\/posts\/11859","targetHints":{"allow":["GET"]}}],"collection":[{"href":"http:\/\/www.fabriceeulry-laboutique.com\/blog\/index.php?rest_route=\/wp\/v2\/posts"}],"about":[{"href":"http:\/\/www.fabriceeulry-laboutique.com\/blog\/index.php?rest_route=\/wp\/v2\/types\/post"}],"author":[{"embeddable":true,"href":"http:\/\/www.fabriceeulry-laboutique.com\/blog\/index.php?rest_route=\/wp\/v2\/users\/2"}],"replies":[{"embeddable":true,"href":"http:\/\/www.fabriceeulry-laboutique.com\/blog\/index.php?rest_route=%2Fwp%2Fv2%2Fcomments&post=11859"}],"version-history":[{"count":3,"href":"http:\/\/www.fabriceeulry-laboutique.com\/blog\/index.php?rest_route=\/wp\/v2\/posts\/11859\/revisions"}],"predecessor-version":[{"id":11868,"href":"http:\/\/www.fabriceeulry-laboutique.com\/blog\/index.php?rest_route=\/wp\/v2\/posts\/11859\/revisions\/11868"}],"wp:attachment":[{"href":"http:\/\/www.fabriceeulry-laboutique.com\/blog\/index.php?rest_route=%2Fwp%2Fv2%2Fmedia&parent=11859"}],"wp:term":[{"taxonomy":"category","embeddable":true,"href":"http:\/\/www.fabriceeulry-laboutique.com\/blog\/index.php?rest_route=%2Fwp%2Fv2%2Fcategories&post=11859"},{"taxonomy":"post_tag","embeddable":true,"href":"http:\/\/www.fabriceeulry-laboutique.com\/blog\/index.php?rest_route=%2Fwp%2Fv2%2Ftags&post=11859"}],"curies":[{"name":"wp","href":"https:\/\/api.w.org\/{rel}","templated":true}]}}