{"id":11872,"date":"2019-05-20T16:49:01","date_gmt":"2019-05-20T16:49:01","guid":{"rendered":"http:\/\/www.fabriceeulry-laboutique.com\/blog\/?p=11872"},"modified":"2019-05-20T20:37:28","modified_gmt":"2019-05-20T20:37:28","slug":"les-rolling-twisters-sement-la-panique-a-st-geniez","status":"publish","type":"post","link":"http:\/\/www.fabriceeulry-laboutique.com\/blog\/?p=11872","title":{"rendered":"LES ROLLING TWISTERS S\u00c8MENT LA PANIQUE \u00c0 ST GENIEZ"},"content":{"rendered":"\n<p style=\"text-align:center\"><strong>Les Rolling twisters emmen\u00e9s par Fabrice Eulry ont tout d&rsquo;abord fait leur entr\u00e9e en jouant, en p\u00e9n\u00e9trant \u00e0 l&rsquo;int\u00e9rieur \u00e0 bord de leur Fiat 500. <\/strong><\/p>\n\n\n\n<figure class=\"wp-block-image\"><img data-recalc-dims=\"1\" loading=\"lazy\" decoding=\"async\" width=\"640\" height=\"238\" src=\"https:\/\/i0.wp.com\/www.fabriceeulry-laboutique.com\/blog\/wp-content\/uploads\/2019\/05\/gen7.png?resize=640%2C238\" alt=\"\" class=\"wp-image-11876\" srcset=\"https:\/\/i0.wp.com\/www.fabriceeulry-laboutique.com\/blog\/wp-content\/uploads\/2019\/05\/gen7.png?w=959 959w, https:\/\/i0.wp.com\/www.fabriceeulry-laboutique.com\/blog\/wp-content\/uploads\/2019\/05\/gen7.png?resize=300%2C111 300w, https:\/\/i0.wp.com\/www.fabriceeulry-laboutique.com\/blog\/wp-content\/uploads\/2019\/05\/gen7.png?resize=768%2C285 768w\" sizes=\"auto, (max-width: 640px) 100vw, 640px\" \/><\/figure>\n\n\n\n<p style=\"text-align:center\"><strong>Apr\u00e8s avoir chauff\u00e9 la salle avec quelques twists, ils ont pr\u00e9sent\u00e9 Al Sanders, qui \u00e0 la basse et au chant a soulev\u00e9 l&rsquo;enthousiasme avec un r\u00e9pertoire plus ax\u00e9 sur le gospel \u00e9lectrique et binaire, ainsi que quelques rythm&rsquo;n blues blues traditionnels.<\/strong><\/p>\n\n\n\n<figure class=\"wp-block-image\"><img data-recalc-dims=\"1\" loading=\"lazy\" decoding=\"async\" width=\"640\" height=\"328\" src=\"https:\/\/i0.wp.com\/www.fabriceeulry-laboutique.com\/blog\/wp-content\/uploads\/2019\/05\/gen.6.png?resize=640%2C328\" alt=\"\" class=\"wp-image-11874\" srcset=\"https:\/\/i0.wp.com\/www.fabriceeulry-laboutique.com\/blog\/wp-content\/uploads\/2019\/05\/gen.6.png?w=843 843w, https:\/\/i0.wp.com\/www.fabriceeulry-laboutique.com\/blog\/wp-content\/uploads\/2019\/05\/gen.6.png?resize=300%2C154 300w, https:\/\/i0.wp.com\/www.fabriceeulry-laboutique.com\/blog\/wp-content\/uploads\/2019\/05\/gen.6.png?resize=768%2C394 768w\" sizes=\"auto, (max-width: 640px) 100vw, 640px\" \/><figcaption>De gauche \u00e0 droite, Fabrice Eulry, Al Sanders, les Rolling twisters : Lionel Stievenard et Thomas Caserus.<\/figcaption><\/figure>\n\n\n\n<figure class=\"wp-block-image\"><img data-recalc-dims=\"1\" loading=\"lazy\" decoding=\"async\" width=\"640\" height=\"321\" src=\"https:\/\/i0.wp.com\/www.fabriceeulry-laboutique.com\/blog\/wp-content\/uploads\/2019\/05\/gen3.png?resize=640%2C321\" alt=\"\" class=\"wp-image-11873\" srcset=\"https:\/\/i0.wp.com\/www.fabriceeulry-laboutique.com\/blog\/wp-content\/uploads\/2019\/05\/gen3.png?w=874 874w, https:\/\/i0.wp.com\/www.fabriceeulry-laboutique.com\/blog\/wp-content\/uploads\/2019\/05\/gen3.png?resize=300%2C150 300w, https:\/\/i0.wp.com\/www.fabriceeulry-laboutique.com\/blog\/wp-content\/uploads\/2019\/05\/gen3.png?resize=768%2C385 768w\" sizes=\"auto, (max-width: 640px) 100vw, 640px\" \/><\/figure>\n\n\n\n<p style=\"text-align:center\">.<strong>.. Sur lesquels le public a eu du mal \u00e0 rester assis !<\/strong><\/p>\n\n\n\n<figure class=\"wp-block-image\"><img data-recalc-dims=\"1\" loading=\"lazy\" decoding=\"async\" width=\"640\" height=\"284\" src=\"https:\/\/i0.wp.com\/www.fabriceeulry-laboutique.com\/blog\/wp-content\/uploads\/2019\/05\/gen5.png?resize=640%2C284\" alt=\"\" class=\"wp-image-11875\" srcset=\"https:\/\/i0.wp.com\/www.fabriceeulry-laboutique.com\/blog\/wp-content\/uploads\/2019\/05\/gen5.png?w=738 738w, https:\/\/i0.wp.com\/www.fabriceeulry-laboutique.com\/blog\/wp-content\/uploads\/2019\/05\/gen5.png?resize=300%2C133 300w\" sizes=\"auto, (max-width: 640px) 100vw, 640px\" \/><\/figure>\n\n\n\n<div class=\"wp-block-image\"><figure class=\"aligncenter\"><img data-recalc-dims=\"1\" loading=\"lazy\" decoding=\"async\" width=\"507\" height=\"321\" src=\"https:\/\/i0.wp.com\/www.fabriceeulry-laboutique.com\/blog\/wp-content\/uploads\/2019\/05\/gen9.png?resize=507%2C321\" alt=\"\" class=\"wp-image-11880\" srcset=\"https:\/\/i0.wp.com\/www.fabriceeulry-laboutique.com\/blog\/wp-content\/uploads\/2019\/05\/gen9.png?w=507 507w, https:\/\/i0.wp.com\/www.fabriceeulry-laboutique.com\/blog\/wp-content\/uploads\/2019\/05\/gen9.png?resize=300%2C190 300w\" sizes=\"auto, (max-width: 507px) 100vw, 507px\" \/><figcaption>La difficult\u00e9 technique de monter le piano sur la sc\u00e8ne n&rsquo;existait pas, la salle \u00e9tant \u00e9quip\u00e9e d&rsquo;un \u00e9l\u00e9vateur. Mais l&rsquo;option de jouer dans la fosse fut tout de m\u00eame gard\u00e9e afin de cr\u00e9er la proximit\u00e9 avec le public.<\/figcaption><\/figure><\/div>\n\n\n\n<figure class=\"wp-block-image\"><img data-recalc-dims=\"1\" loading=\"lazy\" decoding=\"async\" width=\"640\" height=\"371\" src=\"https:\/\/i0.wp.com\/www.fabriceeulry-laboutique.com\/blog\/wp-content\/uploads\/2019\/05\/Gen10.png?resize=640%2C371\" alt=\"\" class=\"wp-image-11884\" srcset=\"https:\/\/i0.wp.com\/www.fabriceeulry-laboutique.com\/blog\/wp-content\/uploads\/2019\/05\/Gen10.png?w=936 936w, https:\/\/i0.wp.com\/www.fabriceeulry-laboutique.com\/blog\/wp-content\/uploads\/2019\/05\/Gen10.png?resize=300%2C174 300w, https:\/\/i0.wp.com\/www.fabriceeulry-laboutique.com\/blog\/wp-content\/uploads\/2019\/05\/Gen10.png?resize=768%2C446 768w\" sizes=\"auto, (max-width: 640px) 100vw, 640px\" \/><figcaption>La fin du deuxi\u00e8me rappel<\/figcaption><\/figure>\n\n\n\n<p style=\"text-align:center\"><strong>L&rsquo;album le plus soul de Fabrice Eulry :<\/strong><\/p>\n\n\n\n<p style=\"text-align:center\"><strong>Avec Al Sanders \u00e0 la basse, Gary Wiggins au saxophone t\u00e9nor, et Gerard Marmet \u00e0 la batterie<\/strong><\/p>\n\n\n\n<p style=\"text-align:center\"><strong><em>(cliq<\/em><em>uez sur la pochette pour le commander)<\/em><\/strong><\/p>\n\n\n\n<div class=\"wp-block-image\"><figure class=\"aligncenter\"><a href=\"http:\/\/www.fabriceeulry.com\/discographie.html\"><img data-recalc-dims=\"1\" loading=\"lazy\" decoding=\"async\" width=\"358\" height=\"357\" src=\"https:\/\/i0.wp.com\/www.fabriceeulry-laboutique.com\/blog\/wp-content\/uploads\/2015\/02\/jook-.jpg?resize=358%2C357\" alt=\"jook\" class=\"wp-image-6454\" srcset=\"https:\/\/i0.wp.com\/www.fabriceeulry-laboutique.com\/blog\/wp-content\/uploads\/2015\/02\/jook-.jpg?w=358 358w, https:\/\/i0.wp.com\/www.fabriceeulry-laboutique.com\/blog\/wp-content\/uploads\/2015\/02\/jook-.jpg?resize=150%2C150 150w, https:\/\/i0.wp.com\/www.fabriceeulry-laboutique.com\/blog\/wp-content\/uploads\/2015\/02\/jook-.jpg?resize=300%2C300 300w\" sizes=\"auto, (max-width: 358px) 100vw, 358px\" \/><\/a><\/figure><\/div>\n","protected":false},"excerpt":{"rendered":"<p>Les Rolling twisters emmen\u00e9s par Fabrice Eulry ont tout d&rsquo;abord fait leur entr\u00e9e en jouant, en p\u00e9n\u00e9trant \u00e0 l&rsquo;int\u00e9rieur \u00e0 bord de leur Fiat 500. Apr\u00e8s avoir chauff\u00e9 la salle avec quelques twists, ils ont pr\u00e9sent\u00e9 Al Sanders, qui \u00e0 &hellip; <a href=\"http:\/\/www.fabriceeulry-laboutique.com\/blog\/?p=11872\">Continuer la lecture <span class=\"meta-nav\">&rarr;<\/span><\/a><\/p>\n","protected":false},"author":2,"featured_media":0,"comment_status":"open","ping_status":"open","sticky":false,"template":"","format":"standard","meta":{"jetpack_post_was_ever_published":false,"_jetpack_newsletter_access":"","_jetpack_dont_email_post_to_subs":false,"_jetpack_newsletter_tier_id":0,"_jetpack_memberships_contains_paywalled_content":false,"_jetpack_memberships_contains_paid_content":false,"footnotes":"","jetpack_publicize_message":"","jetpack_publicize_feature_enabled":true,"jetpack_social_post_already_shared":true,"jetpack_social_options":{"image_generator_settings":{"template":"highway","default_image_id":0,"font":"","enabled":false},"version":2}},"categories":[1],"tags":[],"class_list":["post-11872","post","type-post","status-publish","format-standard","hentry","category-non-classe"],"jetpack_publicize_connections":[],"jetpack_featured_media_url":"","jetpack_sharing_enabled":true,"jetpack_shortlink":"https:\/\/wp.me\/p2D6dI-35u","jetpack_likes_enabled":true,"jetpack-related-posts":[{"id":11885,"url":"http:\/\/www.fabriceeulry-laboutique.com\/blog\/?p=11885","url_meta":{"origin":11872,"position":0},"title":"LADY JANE \u00e0 RIGNAC","author":"Le Canard du pianiste","date":"23 mai 2019","format":false,"excerpt":"Avant de diriger les Rolling twisters pour accompagner Lady Jane, Fabrice Eulry a propos\u00e9 un boogie expiatoire en solo : cette pi\u00e8ce de r\u00e9sistance qui d'habitude conclu plut\u00f4t ses r\u00e9citals a donn\u00e9 le ton de la soir\u00e9e : pas de round d'observation ! Fabrice Eulry en pleine action d\u00e8s la\u2026","rel":"","context":"Dans &quot;Non class\u00e9&quot;","block_context":{"text":"Non class\u00e9","link":"http:\/\/www.fabriceeulry-laboutique.com\/blog\/?cat=1"},"img":{"alt_text":"","src":"https:\/\/i0.wp.com\/www.fabriceeulry-laboutique.com\/blog\/wp-content\/uploads\/2019\/05\/Jane4.png?resize=350%2C200","width":350,"height":200,"srcset":"https:\/\/i0.wp.com\/www.fabriceeulry-laboutique.com\/blog\/wp-content\/uploads\/2019\/05\/Jane4.png?resize=350%2C200 1x, https:\/\/i0.wp.com\/www.fabriceeulry-laboutique.com\/blog\/wp-content\/uploads\/2019\/05\/Jane4.png?resize=525%2C300 1.5x"},"classes":[]},{"id":11823,"url":"http:\/\/www.fabriceeulry-laboutique.com\/blog\/?p=11823","url_meta":{"origin":11872,"position":1},"title":"CONF\u00c9RENCE SUR LE BLUES POUR 600 ENFANTS","author":"Le Canard du pianiste","date":"28 avril 2019","format":false,"excerpt":"La communaut\u00e9 de commune du Rignacois accueillait les \u00e9l\u00e8ves de plusieurs \u00e9coles dans la splendide salle de Rignac. La jeunesse de cette contr\u00e9e de l'Aveyron qui pr\u00e9sente quelques bijoux (comme le village et le ch\u00e2teau de Bel Castel)\u00a0va assister \u00e0 une conf\u00e9rence qui retrace la gen\u00e8se du blues mais explique\u2026","rel":"","context":"Dans &quot;Non class\u00e9&quot;","block_context":{"text":"Non class\u00e9","link":"http:\/\/www.fabriceeulry-laboutique.com\/blog\/?cat=1"},"img":{"alt_text":"","src":"https:\/\/i0.wp.com\/www.fabriceeulry-laboutique.com\/blog\/wp-content\/uploads\/2019\/04\/scorignac.jpg?resize=350%2C200","width":350,"height":200,"srcset":"https:\/\/i0.wp.com\/www.fabriceeulry-laboutique.com\/blog\/wp-content\/uploads\/2019\/04\/scorignac.jpg?resize=350%2C200 1x, https:\/\/i0.wp.com\/www.fabriceeulry-laboutique.com\/blog\/wp-content\/uploads\/2019\/04\/scorignac.jpg?resize=525%2C300 1.5x, https:\/\/i0.wp.com\/www.fabriceeulry-laboutique.com\/blog\/wp-content\/uploads\/2019\/04\/scorignac.jpg?resize=700%2C400 2x, https:\/\/i0.wp.com\/www.fabriceeulry-laboutique.com\/blog\/wp-content\/uploads\/2019\/04\/scorignac.jpg?resize=1050%2C600 3x, https:\/\/i0.wp.com\/www.fabriceeulry-laboutique.com\/blog\/wp-content\/uploads\/2019\/04\/scorignac.jpg?resize=1400%2C800 4x"},"classes":[]},{"id":5770,"url":"http:\/\/www.fabriceeulry-laboutique.com\/blog\/?p=5770","url_meta":{"origin":11872,"position":2},"title":"ULTRASUEDE STUDIO CINCINNATI","author":"Le Canard du pianiste","date":"22 octobre 2014","format":false,"excerpt":"C'est ici que Fabrice Eulry a enregistr\u00e9 en octobre 2014 le moment le volume 2 de Twistin' at Ray's avec les Rolling twisters. Jusqu'en 1972 les : \u00a0records, utilisaient ce studio pour leur enregistrements magiques (James Brown) avant que le fameux label ne soit rachet\u00e9. L'usine de pressage de disques\u2026","rel":"","context":"Dans &quot;Non class\u00e9&quot;","block_context":{"text":"Non class\u00e9","link":"http:\/\/www.fabriceeulry-laboutique.com\/blog\/?cat=1"},"img":{"alt_text":"","src":"https:\/\/i0.wp.com\/www.fabriceeulry-laboutique.com\/blog\/wp-content\/uploads\/2014\/10\/ultra-.jpg?resize=350%2C200","width":350,"height":200},"classes":[]},{"id":11498,"url":"http:\/\/www.fabriceeulry-laboutique.com\/blog\/?p=11498","url_meta":{"origin":11872,"position":3},"title":"LE FESTIVAL BLUES EN AVEYRON 2019 !","author":"Le Canard du pianiste","date":"14 janvier 2019","format":false,"excerpt":"Chers amis du blues,L'association Blues en Aveyron a d\u00e9j\u00e0 \u00e0 son actif deux \u00e9ditions du festival BLUES EN AVEYRON. Les Pr\u00e9ambules du Festival 2019 12 mars 2019 14h30 Concert pour le public scolaire Fabrice EULRY conte le Blues Entr\u00e9e Libre (Eglise St Pie X de Bozouls) * 19 avril 2019\u2026","rel":"","context":"Dans &quot;Non class\u00e9&quot;","block_context":{"text":"Non class\u00e9","link":"http:\/\/www.fabriceeulry-laboutique.com\/blog\/?cat=1"},"img":{"alt_text":"","src":"https:\/\/i0.wp.com\/www.fabriceeulry-laboutique.com\/blog\/wp-content\/uploads\/2019\/03\/milliet-eulry.png?resize=350%2C200","width":350,"height":200,"srcset":"https:\/\/i0.wp.com\/www.fabriceeulry-laboutique.com\/blog\/wp-content\/uploads\/2019\/03\/milliet-eulry.png?resize=350%2C200 1x, https:\/\/i0.wp.com\/www.fabriceeulry-laboutique.com\/blog\/wp-content\/uploads\/2019\/03\/milliet-eulry.png?resize=525%2C300 1.5x, https:\/\/i0.wp.com\/www.fabriceeulry-laboutique.com\/blog\/wp-content\/uploads\/2019\/03\/milliet-eulry.png?resize=700%2C400 2x"},"classes":[]},{"id":10826,"url":"http:\/\/www.fabriceeulry-laboutique.com\/blog\/?p=10826","url_meta":{"origin":11872,"position":4},"title":"FRANCE 1 URUGUAY 0","author":"Le Canard du pianiste","date":"6 juillet 2018","format":false,"excerpt":"Si ce pronostic se r\u00e9v\u00e8le exact, vous le savez, il sera presque impossible de circuler \u00e0 Paris ce vendredi 5 juillet, et de trouver un coin calme sauf \u00e0 vous rendre \u00e0 L'Archipel o\u00f9 il reste encore quelques place pour \u00e9couter Fabrice Eulry et les Rolling twisters. Vendredi 6 et\u2026","rel":"","context":"Dans &quot;Non class\u00e9&quot;","block_context":{"text":"Non class\u00e9","link":"http:\/\/www.fabriceeulry-laboutique.com\/blog\/?cat=1"},"img":{"alt_text":"BeAstiev2","src":"https:\/\/i0.wp.com\/www.fabriceeulry-laboutique.com\/blog\/wp-content\/uploads\/2017\/05\/BeAstiev2.png?resize=350%2C200","width":350,"height":200,"srcset":"https:\/\/i0.wp.com\/www.fabriceeulry-laboutique.com\/blog\/wp-content\/uploads\/2017\/05\/BeAstiev2.png?resize=350%2C200 1x, https:\/\/i0.wp.com\/www.fabriceeulry-laboutique.com\/blog\/wp-content\/uploads\/2017\/05\/BeAstiev2.png?resize=525%2C300 1.5x"},"classes":[]},{"id":10834,"url":"http:\/\/www.fabriceeulry-laboutique.com\/blog\/?p=10834","url_meta":{"origin":11872,"position":5},"title":"FABRICE EULRY &#038; LES ROLLING TWISTERS CE SOIR","author":"Le Canard du pianiste","date":"7 juillet 2018","format":false,"excerpt":"Ce soir samedi 7 juillet avec Lionel Stievenard au saxo et Thomas Caserus \u00e0 la batterie \u00e0 L'ARCHIPEL 16 bld de Strasbourg 75 010 Paris (Cliquez sur l'image pour visionner la vid\u00e9o) Pour r\u00e9server : www.larchipel.net Le trio en disque : Le final d\u00e9jant\u00e9 d'un festival de boogie en 2005\u2026","rel":"","context":"Dans &quot;Non class\u00e9&quot;","block_context":{"text":"Non class\u00e9","link":"http:\/\/www.fabriceeulry-laboutique.com\/blog\/?cat=1"},"img":{"alt_text":"ROLLING TWISTERS ARCHIPEL","src":"https:\/\/i0.wp.com\/www.fabriceeulry-laboutique.com\/blog\/wp-content\/uploads\/2018\/07\/ROLLING-TWISTERS-ARCHIPEL-1024x546.png?resize=350%2C200","width":350,"height":200,"srcset":"https:\/\/i0.wp.com\/www.fabriceeulry-laboutique.com\/blog\/wp-content\/uploads\/2018\/07\/ROLLING-TWISTERS-ARCHIPEL-1024x546.png?resize=350%2C200 1x, https:\/\/i0.wp.com\/www.fabriceeulry-laboutique.com\/blog\/wp-content\/uploads\/2018\/07\/ROLLING-TWISTERS-ARCHIPEL-1024x546.png?resize=525%2C300 1.5x, https:\/\/i0.wp.com\/www.fabriceeulry-laboutique.com\/blog\/wp-content\/uploads\/2018\/07\/ROLLING-TWISTERS-ARCHIPEL-1024x546.png?resize=700%2C400 2x"},"classes":[]}],"_links":{"self":[{"href":"http:\/\/www.fabriceeulry-laboutique.com\/blog\/index.php?rest_route=\/wp\/v2\/posts\/11872","targetHints":{"allow":["GET"]}}],"collection":[{"href":"http:\/\/www.fabriceeulry-laboutique.com\/blog\/index.php?rest_route=\/wp\/v2\/posts"}],"about":[{"href":"http:\/\/www.fabriceeulry-laboutique.com\/blog\/index.php?rest_route=\/wp\/v2\/types\/post"}],"author":[{"embeddable":true,"href":"http:\/\/www.fabriceeulry-laboutique.com\/blog\/index.php?rest_route=\/wp\/v2\/users\/2"}],"replies":[{"embeddable":true,"href":"http:\/\/www.fabriceeulry-laboutique.com\/blog\/index.php?rest_route=%2Fwp%2Fv2%2Fcomments&post=11872"}],"version-history":[{"count":5,"href":"http:\/\/www.fabriceeulry-laboutique.com\/blog\/index.php?rest_route=\/wp\/v2\/posts\/11872\/revisions"}],"predecessor-version":[{"id":11889,"href":"http:\/\/www.fabriceeulry-laboutique.com\/blog\/index.php?rest_route=\/wp\/v2\/posts\/11872\/revisions\/11889"}],"wp:attachment":[{"href":"http:\/\/www.fabriceeulry-laboutique.com\/blog\/index.php?rest_route=%2Fwp%2Fv2%2Fmedia&parent=11872"}],"wp:term":[{"taxonomy":"category","embeddable":true,"href":"http:\/\/www.fabriceeulry-laboutique.com\/blog\/index.php?rest_route=%2Fwp%2Fv2%2Fcategories&post=11872"},{"taxonomy":"post_tag","embeddable":true,"href":"http:\/\/www.fabriceeulry-laboutique.com\/blog\/index.php?rest_route=%2Fwp%2Fv2%2Ftags&post=11872"}],"curies":[{"name":"wp","href":"https:\/\/api.w.org\/{rel}","templated":true}]}}