{"id":11941,"date":"2019-06-02T23:44:36","date_gmt":"2019-06-02T23:44:36","guid":{"rendered":"http:\/\/www.fabriceeulry-laboutique.com\/blog\/?p=11941"},"modified":"2019-06-02T23:44:44","modified_gmt":"2019-06-02T23:44:44","slug":"rockn-roll-au-petit-journal","status":"publish","type":"post","link":"http:\/\/www.fabriceeulry-laboutique.com\/blog\/?p=11941","title":{"rendered":"ROCK&rsquo;N ROLL AU PETIT-JOURNAL"},"content":{"rendered":"\n<figure class=\"wp-block-image\"><img data-recalc-dims=\"1\" loading=\"lazy\" decoding=\"async\" width=\"640\" height=\"462\" src=\"https:\/\/i0.wp.com\/www.fabriceeulry-laboutique.com\/blog\/wp-content\/uploads\/2019\/05\/ric7.png?resize=640%2C462\" alt=\"\" class=\"wp-image-11949\" srcset=\"https:\/\/i0.wp.com\/www.fabriceeulry-laboutique.com\/blog\/wp-content\/uploads\/2019\/05\/ric7.png?w=963 963w, https:\/\/i0.wp.com\/www.fabriceeulry-laboutique.com\/blog\/wp-content\/uploads\/2019\/05\/ric7.png?resize=300%2C217 300w, https:\/\/i0.wp.com\/www.fabriceeulry-laboutique.com\/blog\/wp-content\/uploads\/2019\/05\/ric7.png?resize=768%2C554 768w\" sizes=\"auto, (max-width: 640px) 100vw, 640px\" \/><\/figure>\n\n\n\n<p style=\"text-align:center\"><strong>Ricky Norton et Fabrice Eulry ont anim\u00e9 la soir\u00e9e du 26 mai au Petit-journal St Michel. Pendant que le gros public gobait avec ennui la grand messe \u00e9lectorale et son cort\u00e8ge de vains discours \u00e0 la t\u00e9loche, d&rsquo;autres avaient d\u00e9cid\u00e9 d&rsquo;\u00e9chapper \u00e0 ce d\u00e9soeuvrement, venant passer un moment authentique en \u00e9coutant les deux complices.<\/strong><\/p>\n\n\n\n<figure class=\"wp-block-image\"><img data-recalc-dims=\"1\" loading=\"lazy\" decoding=\"async\" width=\"640\" height=\"414\" src=\"https:\/\/i0.wp.com\/www.fabriceeulry-laboutique.com\/blog\/wp-content\/uploads\/2019\/05\/ric8-1.png?resize=640%2C414\" alt=\"\" class=\"wp-image-11948\" srcset=\"https:\/\/i0.wp.com\/www.fabriceeulry-laboutique.com\/blog\/wp-content\/uploads\/2019\/05\/ric8-1.png?w=960 960w, https:\/\/i0.wp.com\/www.fabriceeulry-laboutique.com\/blog\/wp-content\/uploads\/2019\/05\/ric8-1.png?resize=300%2C194 300w, https:\/\/i0.wp.com\/www.fabriceeulry-laboutique.com\/blog\/wp-content\/uploads\/2019\/05\/ric8-1.png?resize=768%2C497 768w\" sizes=\"auto, (max-width: 640px) 100vw, 640px\" \/><\/figure>\n\n\n\n<figure class=\"wp-block-image\"><img data-recalc-dims=\"1\" loading=\"lazy\" decoding=\"async\" width=\"640\" height=\"474\" src=\"https:\/\/i0.wp.com\/www.fabriceeulry-laboutique.com\/blog\/wp-content\/uploads\/2019\/05\/ric6.png?resize=640%2C474\" alt=\"\" class=\"wp-image-11946\" srcset=\"https:\/\/i0.wp.com\/www.fabriceeulry-laboutique.com\/blog\/wp-content\/uploads\/2019\/05\/ric6.png?w=959 959w, https:\/\/i0.wp.com\/www.fabriceeulry-laboutique.com\/blog\/wp-content\/uploads\/2019\/05\/ric6.png?resize=300%2C222 300w, https:\/\/i0.wp.com\/www.fabriceeulry-laboutique.com\/blog\/wp-content\/uploads\/2019\/05\/ric6.png?resize=768%2C569 768w\" sizes=\"auto, (max-width: 640px) 100vw, 640px\" \/><figcaption><br><\/figcaption><\/figure>\n\n\n\n<p style=\"text-align:center\"><strong>Beaucoup de fans d&rsquo;Elvis lors de cette soir\u00e9e sp\u00e9ciale au Petit-journal St Michel, plus connu pour honorer la musique de la Nouvelle-Orl\u00e9ans&#8230;<\/strong><\/p>\n\n\n\n<figure class=\"wp-block-image\"><img data-recalc-dims=\"1\" loading=\"lazy\" decoding=\"async\" width=\"640\" height=\"413\" src=\"https:\/\/i0.wp.com\/www.fabriceeulry-laboutique.com\/blog\/wp-content\/uploads\/2019\/05\/ric1.png?resize=640%2C413\" alt=\"\" class=\"wp-image-11942\" srcset=\"https:\/\/i0.wp.com\/www.fabriceeulry-laboutique.com\/blog\/wp-content\/uploads\/2019\/05\/ric1.png?w=842 842w, https:\/\/i0.wp.com\/www.fabriceeulry-laboutique.com\/blog\/wp-content\/uploads\/2019\/05\/ric1.png?resize=300%2C194 300w, https:\/\/i0.wp.com\/www.fabriceeulry-laboutique.com\/blog\/wp-content\/uploads\/2019\/05\/ric1.png?resize=768%2C496 768w\" sizes=\"auto, (max-width: 640px) 100vw, 640px\" \/><\/figure>\n\n\n\n<p style=\"text-align:center\"><strong>Mais qu&rsquo;\u00e0 cela ne tienne, les deux comp\u00e8res entre deux anecdotes sur le monde du Rock&rsquo;nroll&#8230; <\/strong><\/p>\n\n\n\n<figure class=\"wp-block-image\"><img data-recalc-dims=\"1\" loading=\"lazy\" decoding=\"async\" width=\"525\" height=\"720\" src=\"https:\/\/i0.wp.com\/www.fabriceeulry-laboutique.com\/blog\/wp-content\/uploads\/2019\/05\/ric3.png?resize=525%2C720\" alt=\"\" class=\"wp-image-11944\" srcset=\"https:\/\/i0.wp.com\/www.fabriceeulry-laboutique.com\/blog\/wp-content\/uploads\/2019\/05\/ric3.png?w=525 525w, https:\/\/i0.wp.com\/www.fabriceeulry-laboutique.com\/blog\/wp-content\/uploads\/2019\/05\/ric3.png?resize=219%2C300 219w, https:\/\/i0.wp.com\/www.fabriceeulry-laboutique.com\/blog\/wp-content\/uploads\/2019\/05\/ric3.png?resize=300%2C411 300w\" sizes=\"auto, (max-width: 525px) 100vw, 525px\" \/><\/figure>\n\n\n\n<p style=\"text-align:center\"><strong>en ont profit\u00e9 pour reprendre quelques morceaux de King cr\u00e9ole, fils d&rsquo;Elvis empreint de rock&rsquo;n roll certes , mais \u00e0 la sauce louisianaise, tr\u00e8s \u00e9pic\u00e9e !<\/strong><\/p>\n\n\n\n<figure class=\"wp-block-image\"><img data-recalc-dims=\"1\" loading=\"lazy\" decoding=\"async\" width=\"542\" height=\"692\" src=\"https:\/\/i0.wp.com\/www.fabriceeulry-laboutique.com\/blog\/wp-content\/uploads\/2019\/05\/ric5.png?resize=542%2C692\" alt=\"\" class=\"wp-image-11945\" srcset=\"https:\/\/i0.wp.com\/www.fabriceeulry-laboutique.com\/blog\/wp-content\/uploads\/2019\/05\/ric5.png?w=542 542w, https:\/\/i0.wp.com\/www.fabriceeulry-laboutique.com\/blog\/wp-content\/uploads\/2019\/05\/ric5.png?resize=235%2C300 235w, https:\/\/i0.wp.com\/www.fabriceeulry-laboutique.com\/blog\/wp-content\/uploads\/2019\/05\/ric5.png?resize=300%2C383 300w\" sizes=\"auto, (max-width: 542px) 100vw, 542px\" \/><\/figure>\n\n\n\n<h2 class=\"wp-block-heading\">Un album de twist de Fabrice Eulry :<\/h2>\n\n\n\n<div class=\"wp-block-image\"><figure class=\"aligncenter\"><a href=\"https:\/\/i0.wp.com\/www.fabriceeulry-laboutique.com\/blog\/wp-content\/uploads\/2012\/10\/POCHETTE-TWIST4.jpg\"><img data-recalc-dims=\"1\" decoding=\"async\" src=\"https:\/\/i0.wp.com\/www.fabriceeulry-laboutique.com\/blog\/wp-content\/uploads\/2012\/10\/POCHETTE-TWIST4.jpg?w=640\" alt=\"\"\/><\/a><\/figure><\/div>\n\n\n\n<p style=\"text-align:center\"><em><strong>Cliquez sur ce lien pour le commander :<\/strong><\/em><\/p>\n\n\n\n<p><a href=\"http:\/\/www.fabriceeulry-laboutique.com\/fr\/albums-cd\/256-twistin-at-ray-s.html\">http:\/\/www.fabriceeulry-laboutique.com\/fr\/albums-cd\/256-twistin-at-ray-s.html<\/a><br><\/p>\n\n\n\n<p style=\"text-align:center\"><strong>Paru dans Soul bag magazine, cette chronique du disque Twistin&rsquo; at Ray&rsquo;s \u00e9crite par Andr\u00e9 Hobus, traduite du flamand par le Canard du pianiste.<\/strong><\/p>\n\n\n\n<h4 class=\"wp-block-heading\"><strong>&nbsp; &nbsp;\u00ab\u00a0C&rsquo;est une surprise totale, m\u00eame compte tenu de l&rsquo;\u00e9clectisme de Fabrice Eulry, son go\u00fbt pour la pop et son implication subtile \u00e0 trouver des compromis entre les genres. &nbsp;<\/strong><\/h4>\n\n\n\n<h3 class=\"wp-block-heading\"><strong>&nbsp; &nbsp;Ce CD instrumental est richement orchestr\u00e9 dans le style de la musique de film des ann\u00e9es 60. Je pense \u00e0 John Barry, Herb Alpert ou surtout, Henri Mancini (La Panth\u00e8re rose) Sur d&rsquo;autres pi\u00e8ces, on retrouve Floyd Cramer (pianiste d&rsquo;Elvis).<\/strong><\/h3>\n\n\n\n<h2 class=\"wp-block-heading\"><strong>&nbsp; La signature musicale Fabrice Eulry est cependant omnipr\u00e9sente, tant on sent ses grondantes notes de basse toujours aller crescendo. <\/strong><\/h2>\n\n\n\n<h2 class=\"wp-block-heading\"><strong>&nbsp; C&rsquo;est un CD remarquable sous une forme attrayante, avec les pas de danse sur le twist et le madison comme jadis. Autre remarque, Ricky Nye est co-producteur de ce disque enregistr\u00e9 \u00e0 Cincinnati .<\/strong><\/h2>\n\n\n\n<h2 class=\"wp-block-heading\"><strong>&nbsp; Superbe &nbsp;!\u00a0\u00bb<\/strong><\/h2>\n\n\n\n<h2 class=\"wp-block-heading\">Andr\u00e9 Hobus<\/h2>\n\n\n\n<h2 class=\"wp-block-heading\"><strong><em>Sorti en magasin l&rsquo;\u00e9t\u00e9 dernier aux Etats-unis, ce disque en hommage \u00e0 Ray Charles est disponible en France !<\/em><\/strong><\/h2>\n\n\n\n<h2 class=\"wp-block-heading\"><strong>Vous pouvez d\u00e9j\u00e0 le commander en version cd &nbsp;ou en num\u00e9rique sur ce site ! Sur la boutique de&nbsp;<\/strong><\/h2>\n\n\n\n<h3 class=\"wp-block-heading\"><strong><a href=\"http:\/\/www.\/fabriceeulry.com\">http:\/\/www.fabriceeulry.com<\/a>&nbsp;&nbsp;en&nbsp;cliquant&nbsp;sur&nbsp;ce&nbsp;lien&nbsp;:<\/strong>http:\/\/www.fabriceeulry-laboutique.com\/fr\/albums-cd\/256-twistin-at-ray-s.html<\/h3>\n\n\n\n<h3 class=\"wp-block-heading\">&nbsp;&nbsp; le r\u00e9pertoire de ce disque n&rsquo;est pas ax\u00e9 sur le r\u00e9pertoire de Ray Charles mais sur le son d&rsquo;une des directions musicales qu&rsquo;il a prises.<\/h3>\n\n\n\n<h3 class=\"wp-block-heading\">&nbsp;&nbsp; Il comprend des compositions de Fabrice Eulry, (Isabelle Madison, You&rsquo;ll never twist alone un morceau siffl\u00e9) des reprises de traditionnels am\u00e9ricains (Swanee river) des reprises du pianiste Ken Jones (Blusesville) ou de Floyd Cramer (On th\u00e9 rebond) le tout orchestr\u00e9 par Fabrice Eulry ou Ken Jones (arrangements de 1960 relev\u00e9s &nbsp;2002 par Jean-Claude Naude) pour un orchestre d&rsquo;une douzaine de musiciens, suivant les morceaux : 4 trompettistes, 4 trombonistes dont Marc Fields<\/h3>\n\n\n\n<h3 class=\"wp-block-heading\"><a href=\"http:\/\/www.fabriceeulry-laboutique.com\/blog\/wp-content\/uploads\/2012\/08\/Marc-Fields1.tif\"><\/a>&nbsp;tromboniste de Ray Charles, piano, contrebasse, batterie, guitare, et parfois vibraphone.<\/h3>\n","protected":false},"excerpt":{"rendered":"<p>Ricky Norton et Fabrice Eulry ont anim\u00e9 la soir\u00e9e du 26 mai au Petit-journal St Michel. Pendant que le gros public gobait avec ennui la grand messe \u00e9lectorale et son cort\u00e8ge de vains discours \u00e0 la t\u00e9loche, d&rsquo;autres avaient d\u00e9cid\u00e9 &hellip; <a href=\"http:\/\/www.fabriceeulry-laboutique.com\/blog\/?p=11941\">Continuer la lecture <span class=\"meta-nav\">&rarr;<\/span><\/a><\/p>\n","protected":false},"author":2,"featured_media":0,"comment_status":"open","ping_status":"open","sticky":false,"template":"","format":"standard","meta":{"jetpack_post_was_ever_published":false,"_jetpack_newsletter_access":"","_jetpack_dont_email_post_to_subs":false,"_jetpack_newsletter_tier_id":0,"_jetpack_memberships_contains_paywalled_content":false,"_jetpack_memberships_contains_paid_content":false,"footnotes":"","jetpack_publicize_message":"","jetpack_publicize_feature_enabled":true,"jetpack_social_post_already_shared":true,"jetpack_social_options":{"image_generator_settings":{"template":"highway","default_image_id":0,"font":"","enabled":false},"version":2}},"categories":[1],"tags":[],"class_list":["post-11941","post","type-post","status-publish","format-standard","hentry","category-non-classe"],"jetpack_publicize_connections":[],"jetpack_featured_media_url":"","jetpack_sharing_enabled":true,"jetpack_shortlink":"https:\/\/wp.me\/p2D6dI-36B","jetpack_likes_enabled":true,"jetpack-related-posts":[{"id":10147,"url":"http:\/\/www.fabriceeulry-laboutique.com\/blog\/?p=10147","url_meta":{"origin":11941,"position":0},"title":"VINGT ANS AU PETIT-JOURNAL SAINT-MICHEL","author":"Le Canard du pianiste","date":"30 janvier 2018","format":false,"excerpt":"\"Merci aux fid\u00e8les qui ont f\u00eat\u00e9 cet anniversaire avec moi !\" Fabrice Eulry Parmi les surprises que les m\u00e9lomanes ont r\u00e9serv\u00e9es \u00e0 Fabrice Eulry pour ce 240 \u00e8me concert au Petit-journal depuis 1997 : Un g\u00e2teau et une bougie \"20\" que lui fait souffler Danielle la g\u00e9rante du Petit-Journal Saint-Michel\u2026","rel":"","context":"Dans &quot;Non class\u00e9&quot;","block_context":{"text":"Non class\u00e9","link":"http:\/\/www.fabriceeulry-laboutique.com\/blog\/?cat=1"},"img":{"alt_text":"","src":"https:\/\/i0.wp.com\/www.fabriceeulry-laboutique.com\/blog\/wp-content\/uploads\/2018\/01\/Pj202.png?resize=350%2C200","width":350,"height":200,"srcset":"https:\/\/i0.wp.com\/www.fabriceeulry-laboutique.com\/blog\/wp-content\/uploads\/2018\/01\/Pj202.png?resize=350%2C200 1x, https:\/\/i0.wp.com\/www.fabriceeulry-laboutique.com\/blog\/wp-content\/uploads\/2018\/01\/Pj202.png?resize=525%2C300 1.5x"},"classes":[]},{"id":10978,"url":"http:\/\/www.fabriceeulry-laboutique.com\/blog\/?p=10978","url_meta":{"origin":11941,"position":1},"title":"LE PETIT-JOURNAL SAUV\u00c9 ?","author":"Le Canard du pianiste","date":"11 septembre 2018","format":false,"excerpt":"\u00a0 Le Canard du pianiste vous avait r\u00e9v\u00e9l\u00e9 en exclusivit\u00e9 que suite \u00e0 la mise en vente du lieu\u00a0mythique, une promesse de vente avait \u00e9t\u00e9 sign\u00e9e au printemps dernier avec un nouvel acqu\u00e9reur, dont les\u00a0intentions de prolonger la musique \u00e9taient plus que floues, et on a craint que la musique\u2026","rel":"","context":"Dans &quot;Non class\u00e9&quot;","block_context":{"text":"Non class\u00e9","link":"http:\/\/www.fabriceeulry-laboutique.com\/blog\/?cat=1"},"img":{"alt_text":"pj","src":"https:\/\/i0.wp.com\/www.fabriceeulry-laboutique.com\/blog\/wp-content\/uploads\/2015\/04\/pj-.jpg?resize=350%2C200","width":350,"height":200},"classes":[]},{"id":10013,"url":"http:\/\/www.fabriceeulry-laboutique.com\/blog\/?p=10013","url_meta":{"origin":11941,"position":2},"title":"FABRICE EULRY F\u00caTE SES VINGT ANS AU PETIT-JOURNAL SAINT-MICHEL","author":"Le Canard du pianiste","date":"7 janvier 2018","format":false,"excerpt":"\u00a0Vingt ans d\u00e9j\u00e0 ! ... Que Fabrice Eulry se produit tous les derniers lundi du mois au : N'oubliez pas que le Petit-journal Saint-Michel est menac\u00e9 par la sp\u00e9culation immobili\u00e8re. Avant qu'il soit transform\u00e9 en parking comme dans la chanson de Dutronc, profitez de ce petit jardin ! Vous retrouverez\u2026","rel":"","context":"Dans &quot;Non class\u00e9&quot;","block_context":{"text":"Non class\u00e9","link":"http:\/\/www.fabriceeulry-laboutique.com\/blog\/?cat=1"},"img":{"alt_text":"PJ COORDONNEES","src":"https:\/\/i0.wp.com\/www.fabriceeulry-laboutique.com\/blog\/wp-content\/uploads\/2017\/01\/PJ-COORDONNEES.png?resize=350%2C200","width":350,"height":200},"classes":[]},{"id":11716,"url":"http:\/\/www.fabriceeulry-laboutique.com\/blog\/?p=11716","url_meta":{"origin":11941,"position":3},"title":"EN AVRIL : 2 CONCERTS AU PETIT-JOURNAL ST MICHEL !","author":"Le Canard du pianiste","date":"26 mars 2019","format":false,"excerpt":"Tout d'abord le dimanche 21 avril, le banjo\u00efste Gr\u00e9goire Boyadjian, et Franck Mossler inviteront Fabrice Eulry pour une soir\u00e9e Nouvelle-Orl\u00e9ans. (Photo Carole Demolliens) Et comme chaque dernier lundi du mois depuis 21 ans, vous y retrouverez Fabrice Eulry en solo : tous au Petit-journal Saint-Michel le lundi 29 avril !\u2026","rel":"","context":"Dans &quot;Non class\u00e9&quot;","block_context":{"text":"Non class\u00e9","link":"http:\/\/www.fabriceeulry-laboutique.com\/blog\/?cat=1"},"img":{"alt_text":"fabrice au PJ","src":"https:\/\/i0.wp.com\/www.fabriceeulry-laboutique.com\/blog\/wp-content\/uploads\/2012\/09\/fabrice-au-PJ-764x1024.jpg?resize=350%2C200","width":350,"height":200,"srcset":"https:\/\/i0.wp.com\/www.fabriceeulry-laboutique.com\/blog\/wp-content\/uploads\/2012\/09\/fabrice-au-PJ-764x1024.jpg?resize=350%2C200 1x, https:\/\/i0.wp.com\/www.fabriceeulry-laboutique.com\/blog\/wp-content\/uploads\/2012\/09\/fabrice-au-PJ-764x1024.jpg?resize=525%2C300 1.5x, https:\/\/i0.wp.com\/www.fabriceeulry-laboutique.com\/blog\/wp-content\/uploads\/2012\/09\/fabrice-au-PJ-764x1024.jpg?resize=700%2C400 2x"},"classes":[]},{"id":10649,"url":"http:\/\/www.fabriceeulry-laboutique.com\/blog\/?p=10649","url_meta":{"origin":11941,"position":4},"title":"FABRICE EULRY AU PETIT-JOURNAL FIN MAI","author":"Le Canard du pianiste","date":"9 mai 2018","format":false,"excerpt":"Comme tous les derniers lundi du mois, Fabrice Eulry se produira en piano solo le lundi 28 mai 2018 R\u00e9servez d\u00e8s \u00e0 pr\u00e9sent, car en avril dernier le\u00a0Petit-journal \u00e9tait complet pour \u00e9couter sa musique ! avec comme toujours des improvisations folles et des invit\u00e9s surprises. Le pianiste en trio, le\u2026","rel":"","context":"Dans &quot;Non class\u00e9&quot;","block_context":{"text":"Non class\u00e9","link":"http:\/\/www.fabriceeulry-laboutique.com\/blog\/?cat=1"},"img":{"alt_text":"PJ COORDONNEES","src":"https:\/\/i0.wp.com\/www.fabriceeulry-laboutique.com\/blog\/wp-content\/uploads\/2017\/01\/PJ-COORDONNEES.png?resize=350%2C200","width":350,"height":200},"classes":[]},{"id":10841,"url":"http:\/\/www.fabriceeulry-laboutique.com\/blog\/?p=10841","url_meta":{"origin":11941,"position":5},"title":"LE DERNIER CONCERT AU PETIT-JOURNAL SAINT-MICHEL","author":"Le Canard du pianiste","date":"8 juillet 2018","format":false,"excerpt":"Le club mythique apr\u00e8s 50 ans de musique devrait dispara\u00eetre cet \u00e9t\u00e9 suite \u00e0 sa vente. En attendant r\u00e9jouissez-vous de retrouver Fabrice Eulry une derni\u00e8re fois au Petit-journal Saint-Michel le : mardi 17 juillet Le pianiste en trio, le cd enregistr\u00e9 au Petit-journal Saint-Michel (cliquez sur le lien pour \u00e9couter\u2026","rel":"","context":"Dans &quot;Non class\u00e9&quot;","block_context":{"text":"Non class\u00e9","link":"http:\/\/www.fabriceeulry-laboutique.com\/blog\/?cat=1"},"img":{"alt_text":"PJ COORDONNEES","src":"https:\/\/i0.wp.com\/www.fabriceeulry-laboutique.com\/blog\/wp-content\/uploads\/2017\/01\/PJ-COORDONNEES.png?resize=350%2C200","width":350,"height":200},"classes":[]}],"_links":{"self":[{"href":"http:\/\/www.fabriceeulry-laboutique.com\/blog\/index.php?rest_route=\/wp\/v2\/posts\/11941","targetHints":{"allow":["GET"]}}],"collection":[{"href":"http:\/\/www.fabriceeulry-laboutique.com\/blog\/index.php?rest_route=\/wp\/v2\/posts"}],"about":[{"href":"http:\/\/www.fabriceeulry-laboutique.com\/blog\/index.php?rest_route=\/wp\/v2\/types\/post"}],"author":[{"embeddable":true,"href":"http:\/\/www.fabriceeulry-laboutique.com\/blog\/index.php?rest_route=\/wp\/v2\/users\/2"}],"replies":[{"embeddable":true,"href":"http:\/\/www.fabriceeulry-laboutique.com\/blog\/index.php?rest_route=%2Fwp%2Fv2%2Fcomments&post=11941"}],"version-history":[{"count":4,"href":"http:\/\/www.fabriceeulry-laboutique.com\/blog\/index.php?rest_route=\/wp\/v2\/posts\/11941\/revisions"}],"predecessor-version":[{"id":11961,"href":"http:\/\/www.fabriceeulry-laboutique.com\/blog\/index.php?rest_route=\/wp\/v2\/posts\/11941\/revisions\/11961"}],"wp:attachment":[{"href":"http:\/\/www.fabriceeulry-laboutique.com\/blog\/index.php?rest_route=%2Fwp%2Fv2%2Fmedia&parent=11941"}],"wp:term":[{"taxonomy":"category","embeddable":true,"href":"http:\/\/www.fabriceeulry-laboutique.com\/blog\/index.php?rest_route=%2Fwp%2Fv2%2Fcategories&post=11941"},{"taxonomy":"post_tag","embeddable":true,"href":"http:\/\/www.fabriceeulry-laboutique.com\/blog\/index.php?rest_route=%2Fwp%2Fv2%2Ftags&post=11941"}],"curies":[{"name":"wp","href":"https:\/\/api.w.org\/{rel}","templated":true}]}}