{"id":12046,"date":"2019-08-27T21:36:38","date_gmt":"2019-08-27T21:36:38","guid":{"rendered":"http:\/\/www.fabriceeulry-laboutique.com\/blog\/?p=12046"},"modified":"2019-09-06T22:32:24","modified_gmt":"2019-09-06T22:32:24","slug":"concert-philharmonique-pour-4-ehpad","status":"publish","type":"post","link":"http:\/\/www.fabriceeulry-laboutique.com\/blog\/?p=12046","title":{"rendered":"CONCERT PHILHARMONIQUE POUR 4  EHPAD !"},"content":{"rendered":"\n<p style=\"text-align:center\"><strong>M.Pierre Roux avait rassembl\u00e9 dans un bus les r\u00e9sidents de quatre de ses EHPAD pour leur offrir un concert avec l&rsquo;orchestre philharmonique de Kharkiv sous la baguette de Yuri Yanko. Tout d&rsquo;abord les ouvertures d&rsquo;op\u00e9ras avec Carmen, puis les musiques de films&#8230;<\/strong><\/p>\n\n\n\n<figure class=\"wp-block-image\"><img data-recalc-dims=\"1\" loading=\"lazy\" decoding=\"async\" width=\"640\" height=\"421\" src=\"https:\/\/i0.wp.com\/www.fabriceeulry-laboutique.com\/blog\/wp-content\/uploads\/2019\/08\/Sebazac2.png?resize=640%2C421\" alt=\"\" class=\"wp-image-12048\" srcset=\"https:\/\/i0.wp.com\/www.fabriceeulry-laboutique.com\/blog\/wp-content\/uploads\/2019\/08\/Sebazac2.png?w=900 900w, https:\/\/i0.wp.com\/www.fabriceeulry-laboutique.com\/blog\/wp-content\/uploads\/2019\/08\/Sebazac2.png?resize=300%2C197 300w, https:\/\/i0.wp.com\/www.fabriceeulry-laboutique.com\/blog\/wp-content\/uploads\/2019\/08\/Sebazac2.png?resize=768%2C505 768w\" sizes=\"auto, (max-width: 640px) 100vw, 640px\" \/><\/figure>\n\n\n\n<p style=\"text-align:center\"><strong>Fabrice Eulry invit\u00e9 comme soliste pr\u00e9senta le programme&#8230;<\/strong><\/p>\n\n\n\n<figure class=\"wp-block-image\"><img data-recalc-dims=\"1\" loading=\"lazy\" decoding=\"async\" width=\"640\" height=\"483\" src=\"https:\/\/i0.wp.com\/www.fabriceeulry-laboutique.com\/blog\/wp-content\/uploads\/2019\/08\/Sebazac5.png?resize=640%2C483\" alt=\"\" class=\"wp-image-12051\" srcset=\"https:\/\/i0.wp.com\/www.fabriceeulry-laboutique.com\/blog\/wp-content\/uploads\/2019\/08\/Sebazac5.png?w=955 955w, https:\/\/i0.wp.com\/www.fabriceeulry-laboutique.com\/blog\/wp-content\/uploads\/2019\/08\/Sebazac5.png?resize=300%2C226 300w, https:\/\/i0.wp.com\/www.fabriceeulry-laboutique.com\/blog\/wp-content\/uploads\/2019\/08\/Sebazac5.png?resize=768%2C579 768w\" sizes=\"auto, (max-width: 640px) 100vw, 640px\" \/><\/figure>\n\n\n\n<p style=\"text-align:center\"><strong>&#8230; Et apr\u00e8s Les parapluies de Cherbourg<\/strong><\/p>\n\n\n\n<figure class=\"wp-block-image\"><img data-recalc-dims=\"1\" loading=\"lazy\" decoding=\"async\" width=\"640\" height=\"477\" src=\"https:\/\/i0.wp.com\/www.fabriceeulry-laboutique.com\/blog\/wp-content\/uploads\/2019\/08\/Sebazac3.png?resize=640%2C477\" alt=\"\" class=\"wp-image-12049\" srcset=\"https:\/\/i0.wp.com\/www.fabriceeulry-laboutique.com\/blog\/wp-content\/uploads\/2019\/08\/Sebazac3.png?w=968 968w, https:\/\/i0.wp.com\/www.fabriceeulry-laboutique.com\/blog\/wp-content\/uploads\/2019\/08\/Sebazac3.png?resize=300%2C224 300w, https:\/\/i0.wp.com\/www.fabriceeulry-laboutique.com\/blog\/wp-content\/uploads\/2019\/08\/Sebazac3.png?resize=768%2C573 768w\" sizes=\"auto, (max-width: 640px) 100vw, 640px\" \/><\/figure>\n\n\n\n<figure class=\"wp-block-image\"><img data-recalc-dims=\"1\" loading=\"lazy\" decoding=\"async\" width=\"640\" height=\"452\" src=\"https:\/\/i0.wp.com\/www.fabriceeulry-laboutique.com\/blog\/wp-content\/uploads\/2019\/08\/Sebazac1.png?resize=640%2C452\" alt=\"\" class=\"wp-image-12047\" srcset=\"https:\/\/i0.wp.com\/www.fabriceeulry-laboutique.com\/blog\/wp-content\/uploads\/2019\/08\/Sebazac1.png?w=968 968w, https:\/\/i0.wp.com\/www.fabriceeulry-laboutique.com\/blog\/wp-content\/uploads\/2019\/08\/Sebazac1.png?resize=300%2C212 300w, https:\/\/i0.wp.com\/www.fabriceeulry-laboutique.com\/blog\/wp-content\/uploads\/2019\/08\/Sebazac1.png?resize=768%2C542 768w\" sizes=\"auto, (max-width: 640px) 100vw, 640px\" \/><\/figure>\n\n\n\n<figure class=\"wp-block-image\"><img data-recalc-dims=\"1\" loading=\"lazy\" decoding=\"async\" width=\"640\" height=\"478\" src=\"https:\/\/i0.wp.com\/www.fabriceeulry-laboutique.com\/blog\/wp-content\/uploads\/2019\/08\/Sebazac4.png?resize=640%2C478\" alt=\"\" class=\"wp-image-12050\" srcset=\"https:\/\/i0.wp.com\/www.fabriceeulry-laboutique.com\/blog\/wp-content\/uploads\/2019\/08\/Sebazac4.png?w=973 973w, https:\/\/i0.wp.com\/www.fabriceeulry-laboutique.com\/blog\/wp-content\/uploads\/2019\/08\/Sebazac4.png?resize=300%2C224 300w, https:\/\/i0.wp.com\/www.fabriceeulry-laboutique.com\/blog\/wp-content\/uploads\/2019\/08\/Sebazac4.png?resize=768%2C574 768w\" sizes=\"auto, (max-width: 640px) 100vw, 640px\" \/><\/figure>\n\n\n\n<p style=\"text-align:center\"><strong>&#8230; fut rappel\u00e9 pour donner son concerto n\u00b02 (Expiatoire)<\/strong><\/p>\n\n\n\n<figure class=\"wp-block-image\"><img data-recalc-dims=\"1\" loading=\"lazy\" decoding=\"async\" width=\"640\" height=\"461\" src=\"https:\/\/i0.wp.com\/www.fabriceeulry-laboutique.com\/blog\/wp-content\/uploads\/2019\/08\/Sebazac6.png?resize=640%2C461\" alt=\"\" class=\"wp-image-12052\" srcset=\"https:\/\/i0.wp.com\/www.fabriceeulry-laboutique.com\/blog\/wp-content\/uploads\/2019\/08\/Sebazac6.png?w=969 969w, https:\/\/i0.wp.com\/www.fabriceeulry-laboutique.com\/blog\/wp-content\/uploads\/2019\/08\/Sebazac6.png?resize=300%2C216 300w, https:\/\/i0.wp.com\/www.fabriceeulry-laboutique.com\/blog\/wp-content\/uploads\/2019\/08\/Sebazac6.png?resize=768%2C553 768w\" sizes=\"auto, (max-width: 640px) 100vw, 640px\" \/><\/figure>\n\n\n\n<p style=\"text-align:center\"><strong>L&rsquo;auditoire eu du mal a remonter dans le bus, mais l&rsquo;orchestre et le soliste avaient un concert dans l&rsquo;\u00e9glise paroissiale d&rsquo;Espalion deux heures plus tard !&#8230;<\/strong><\/p>\n","protected":false},"excerpt":{"rendered":"<p>M.Pierre Roux avait rassembl\u00e9 dans un bus les r\u00e9sidents de quatre de ses EHPAD pour leur offrir un concert avec l&rsquo;orchestre philharmonique de Kharkiv sous la baguette de Yuri Yanko. Tout d&rsquo;abord les ouvertures d&rsquo;op\u00e9ras avec Carmen, puis les musiques &hellip; <a href=\"http:\/\/www.fabriceeulry-laboutique.com\/blog\/?p=12046\">Continuer la lecture <span class=\"meta-nav\">&rarr;<\/span><\/a><\/p>\n","protected":false},"author":2,"featured_media":0,"comment_status":"open","ping_status":"open","sticky":false,"template":"","format":"standard","meta":{"jetpack_post_was_ever_published":false,"_jetpack_newsletter_access":"","_jetpack_dont_email_post_to_subs":false,"_jetpack_newsletter_tier_id":0,"_jetpack_memberships_contains_paywalled_content":false,"_jetpack_memberships_contains_paid_content":false,"footnotes":"","jetpack_publicize_message":"","jetpack_publicize_feature_enabled":true,"jetpack_social_post_already_shared":true,"jetpack_social_options":{"image_generator_settings":{"template":"highway","default_image_id":0,"font":"","enabled":false},"version":2}},"categories":[1],"tags":[],"class_list":["post-12046","post","type-post","status-publish","format-standard","hentry","category-non-classe"],"jetpack_publicize_connections":[],"jetpack_featured_media_url":"","jetpack_sharing_enabled":true,"jetpack_shortlink":"https:\/\/wp.me\/p2D6dI-38i","jetpack_likes_enabled":true,"jetpack-related-posts":[{"id":10498,"url":"http:\/\/www.fabriceeulry-laboutique.com\/blog\/?p=10498","url_meta":{"origin":12046,"position":0},"title":"POUR LES ENFANTS D&rsquo;UKRAINE \u00c0 LYON","author":"Le Canard du pianiste","date":"16 mars 2018","format":false,"excerpt":"Le concert au profit des enfants bless\u00e9s de guerre en Ukraine organis\u00e9 par l'association Lyon Ukraine\u00a0a contre toute attente, connu une belle affluence, beaucoup n'ayant pas r\u00e9serv\u00e9, s'\u00e9tant d\u00e9cid\u00e9s au dernier moment. Ce miracle n'avait pas eu lieu \u00e0 Lons le Saunier l'avant-veille, mardi 11 mars o\u00f9 le th\u00e9\u00e2tre \u00e9tait\u2026","rel":"","context":"Dans &quot;Non class\u00e9&quot;","block_context":{"text":"Non class\u00e9","link":"http:\/\/www.fabriceeulry-laboutique.com\/blog\/?cat=1"},"img":{"alt_text":"carmen","src":"https:\/\/i0.wp.com\/www.fabriceeulry-laboutique.com\/blog\/wp-content\/uploads\/2018\/02\/carmen.png?resize=350%2C200","width":350,"height":200,"srcset":"https:\/\/i0.wp.com\/www.fabriceeulry-laboutique.com\/blog\/wp-content\/uploads\/2018\/02\/carmen.png?resize=350%2C200 1x, https:\/\/i0.wp.com\/www.fabriceeulry-laboutique.com\/blog\/wp-content\/uploads\/2018\/02\/carmen.png?resize=525%2C300 1.5x, https:\/\/i0.wp.com\/www.fabriceeulry-laboutique.com\/blog\/wp-content\/uploads\/2018\/02\/carmen.png?resize=700%2C400 2x, https:\/\/i0.wp.com\/www.fabriceeulry-laboutique.com\/blog\/wp-content\/uploads\/2018\/02\/carmen.png?resize=1050%2C600 3x"},"classes":[]},{"id":11023,"url":"http:\/\/www.fabriceeulry-laboutique.com\/blog\/?p=11023","url_meta":{"origin":12046,"position":1},"title":"POUR LES M\u00c9LOMANES DE BELGIQUE","author":"Le Canard du pianiste","date":"29 septembre 2018","format":false,"excerpt":"\u00a0 Concerto en fa mineur (Fr\u00e9d\u00e9ric\u00a0Chopin) au piano Elizabeth Sombart et l'orchestre\u00a0philharmonique de\u00a0Kharkiv Concerto en fa mineur n\u00b03 \"supersonique\" (Fabrice Eulry) et Rhapsodie in blue : au piano Fabrice Eulry et l'orchestre\u00a0philharmonique de\u00a0Kharkiv \u00a0 Toutes les dates de la tourn\u00e9e\u00a0sur une seule affiche : \u00c0 noter qu'\u00e0 Suze la Rousse\u2026","rel":"","context":"Dans &quot;Non class\u00e9&quot;","block_context":{"text":"Non class\u00e9","link":"http:\/\/www.fabriceeulry-laboutique.com\/blog\/?cat=1"},"img":{"alt_text":"","src":"https:\/\/i0.wp.com\/www.fabriceeulry-laboutique.com\/blog\/wp-content\/uploads\/2018\/09\/bozart-aff.png?resize=350%2C200","width":350,"height":200,"srcset":"https:\/\/i0.wp.com\/www.fabriceeulry-laboutique.com\/blog\/wp-content\/uploads\/2018\/09\/bozart-aff.png?resize=350%2C200 1x, https:\/\/i0.wp.com\/www.fabriceeulry-laboutique.com\/blog\/wp-content\/uploads\/2018\/09\/bozart-aff.png?resize=525%2C300 1.5x, https:\/\/i0.wp.com\/www.fabriceeulry-laboutique.com\/blog\/wp-content\/uploads\/2018\/09\/bozart-aff.png?resize=700%2C400 2x"},"classes":[]},{"id":9584,"url":"http:\/\/www.fabriceeulry-laboutique.com\/blog\/?p=9584","url_meta":{"origin":12046,"position":2},"title":"L&rsquo;ORCHESTRE PHILHARMONIQUE DE KHARKOV","author":"Le Canard du pianiste","date":"15 juillet 2017","format":false,"excerpt":"Le Canard du pianiste propose quelques liens des concerts de ce prestigieux orchestre. Le premier est celui d'un concert incroyable offert par la ville de Kharkov : dans cette station de m\u00e9tro qui pour l'occasion a interrompu le trafic \u00e0 minuit, notez l'\u00e9coute respectueuse et passionn\u00e9e du public, l'un des\u2026","rel":"","context":"Dans &quot;Non class\u00e9&quot;","block_context":{"text":"Non class\u00e9","link":"http:\/\/www.fabriceeulry-laboutique.com\/blog\/?cat=1"},"img":{"alt_text":"","src":"https:\/\/i0.wp.com\/img.youtube.com\/vi\/0-CvcRwC6c0\/0.jpg?resize=350%2C200","width":350,"height":200},"classes":[]},{"id":9686,"url":"http:\/\/www.fabriceeulry-laboutique.com\/blog\/?p=9686","url_meta":{"origin":12046,"position":3},"title":"CONCERTO N\u00b02 \u00c0 KHARKOV","author":"Le Canard du pianiste","date":"8 septembre 2017","format":false,"excerpt":"\u00a0 En concert \u00e0 Kharkov le samedi 9 septembre 2017, dans la salle d'orgue\u00a0de la Philharmonie de Kharkov Quelques gammes sur le Bosend\u00f6rfer imp\u00e9rial en attendant l'arriv\u00e9e de l'orchestre D'ici quelques heures Le Canard du pianiste diffusera en exclusivit\u00e9 quelques extraits des r\u00e9p\u00e9titions... Au programme du concert : le Concerto\u2026","rel":"","context":"Dans &quot;Non class\u00e9&quot;","block_context":{"text":"Non class\u00e9","link":"http:\/\/www.fabriceeulry-laboutique.com\/blog\/?cat=1"},"img":{"alt_text":"","src":"https:\/\/i0.wp.com\/www.fabriceeulry-laboutique.com\/blog\/wp-content\/uploads\/2017\/09\/Kharkov-adffche-e1504891523700.jpg?resize=350%2C200","width":350,"height":200,"srcset":"https:\/\/i0.wp.com\/www.fabriceeulry-laboutique.com\/blog\/wp-content\/uploads\/2017\/09\/Kharkov-adffche-e1504891523700.jpg?resize=350%2C200 1x, https:\/\/i0.wp.com\/www.fabriceeulry-laboutique.com\/blog\/wp-content\/uploads\/2017\/09\/Kharkov-adffche-e1504891523700.jpg?resize=525%2C300 1.5x"},"classes":[]},{"id":9634,"url":"http:\/\/www.fabriceeulry-laboutique.com\/blog\/?p=9634","url_meta":{"origin":12046,"position":4},"title":"LE PHILHARMONIQUE DE KHARKOV ET FABRICE EULRY","author":"Le Canard du pianiste","date":"4 ao\u00fbt 2017","format":false,"excerpt":"En concert \u00e0 Kharkov le samedi 9 septembre 2017, dans la salle d'orgue\u00a0de la Philharmonie de Kharkov \u00a0\u00e9quip\u00e9e d'un plafond mobile pour r\u00e9gler l'acoustique\u00a0 \u00a0 Au programme le Concerto pour piano n\u00b0 2 en sol majeur \"Expiatoire\" compos\u00e9 par Fabrice Eulry et quelques airs populaires symphonis\u00e9s (Summertime...). Ci-dessous un extrait\u2026","rel":"","context":"Dans &quot;Non class\u00e9&quot;","block_context":{"text":"Non class\u00e9","link":"http:\/\/www.fabriceeulry-laboutique.com\/blog\/?cat=1"},"img":{"alt_text":"KHA4","src":"https:\/\/i0.wp.com\/www.fabriceeulry-laboutique.com\/blog\/wp-content\/uploads\/2017\/08\/KHA4.jpg?resize=350%2C200","width":350,"height":200},"classes":[]},{"id":11034,"url":"http:\/\/www.fabriceeulry-laboutique.com\/blog\/?p=11034","url_meta":{"origin":12046,"position":5},"title":"SALLE COMBLE POUR LE CONCERTO SUPERSONIQUE","author":"Le Canard du pianiste","date":"7 octobre 2018","format":false,"excerpt":"Les m\u00e9lomanes de Belgique ont offert un accueil massif \u00e0 la premi\u00e8re publique du troisi\u00e8me concerto de Fabrice Eulry en Europe de l'ouest !\u00a0 La salle des Beaux arts de Bruxelles \u00e9tait compl\u00e8te pour ce lundi 8 octobre. Au programme : Concerto en fa mineur (Fr\u00e9d\u00e9ric\u00a0Chopin) au piano Elizabeth Sombart\u2026","rel":"","context":"Dans &quot;Non class\u00e9&quot;","block_context":{"text":"Non class\u00e9","link":"http:\/\/www.fabriceeulry-laboutique.com\/blog\/?cat=1"},"img":{"alt_text":"bozart aff","src":"https:\/\/i0.wp.com\/www.fabriceeulry-laboutique.com\/blog\/wp-content\/uploads\/2018\/09\/bozart-aff.png?resize=350%2C200","width":350,"height":200,"srcset":"https:\/\/i0.wp.com\/www.fabriceeulry-laboutique.com\/blog\/wp-content\/uploads\/2018\/09\/bozart-aff.png?resize=350%2C200 1x, https:\/\/i0.wp.com\/www.fabriceeulry-laboutique.com\/blog\/wp-content\/uploads\/2018\/09\/bozart-aff.png?resize=525%2C300 1.5x, https:\/\/i0.wp.com\/www.fabriceeulry-laboutique.com\/blog\/wp-content\/uploads\/2018\/09\/bozart-aff.png?resize=700%2C400 2x"},"classes":[]}],"_links":{"self":[{"href":"http:\/\/www.fabriceeulry-laboutique.com\/blog\/index.php?rest_route=\/wp\/v2\/posts\/12046","targetHints":{"allow":["GET"]}}],"collection":[{"href":"http:\/\/www.fabriceeulry-laboutique.com\/blog\/index.php?rest_route=\/wp\/v2\/posts"}],"about":[{"href":"http:\/\/www.fabriceeulry-laboutique.com\/blog\/index.php?rest_route=\/wp\/v2\/types\/post"}],"author":[{"embeddable":true,"href":"http:\/\/www.fabriceeulry-laboutique.com\/blog\/index.php?rest_route=\/wp\/v2\/users\/2"}],"replies":[{"embeddable":true,"href":"http:\/\/www.fabriceeulry-laboutique.com\/blog\/index.php?rest_route=%2Fwp%2Fv2%2Fcomments&post=12046"}],"version-history":[{"count":4,"href":"http:\/\/www.fabriceeulry-laboutique.com\/blog\/index.php?rest_route=\/wp\/v2\/posts\/12046\/revisions"}],"predecessor-version":[{"id":12084,"href":"http:\/\/www.fabriceeulry-laboutique.com\/blog\/index.php?rest_route=\/wp\/v2\/posts\/12046\/revisions\/12084"}],"wp:attachment":[{"href":"http:\/\/www.fabriceeulry-laboutique.com\/blog\/index.php?rest_route=%2Fwp%2Fv2%2Fmedia&parent=12046"}],"wp:term":[{"taxonomy":"category","embeddable":true,"href":"http:\/\/www.fabriceeulry-laboutique.com\/blog\/index.php?rest_route=%2Fwp%2Fv2%2Fcategories&post=12046"},{"taxonomy":"post_tag","embeddable":true,"href":"http:\/\/www.fabriceeulry-laboutique.com\/blog\/index.php?rest_route=%2Fwp%2Fv2%2Ftags&post=12046"}],"curies":[{"name":"wp","href":"https:\/\/api.w.org\/{rel}","templated":true}]}}