{"id":12061,"date":"2019-09-06T22:14:37","date_gmt":"2019-09-06T22:14:37","guid":{"rendered":"http:\/\/www.fabriceeulry-laboutique.com\/blog\/?p=12061"},"modified":"2019-09-06T22:14:45","modified_gmt":"2019-09-06T22:14:45","slug":"8-concerts-en-48-heures","status":"publish","type":"post","link":"http:\/\/www.fabriceeulry-laboutique.com\/blog\/?p=12061","title":{"rendered":"8 CONCERTS EN 48 HEURES"},"content":{"rendered":"\n<p style=\"text-align:center\"><strong>Marathonien du piano (on se souvient de ses 24 heures de jeu d&rsquo;affil\u00e9e en 2005, seulement entre-coup\u00e9es de 3 pauses de 5 minutes) Fabrice Eulry d\u00e9crit parfois ses concerts comme une drogue dure, mais qui construit, et se partage. C&rsquo;est un peu ce qu&rsquo;ont illustr\u00e9 ses prestations de fin d&rsquo;\u00e9t\u00e9 en Ile de France pour la Fondation R\u00e9sonnance d&rsquo;Elisabeth Sombart.<\/strong><\/p>\n\n\n\n<figure class=\"wp-block-image\"><img loading=\"lazy\" decoding=\"async\" width=\"4160\" height=\"3120\" src=\"https:\/\/i2.wp.com\/www.fabriceeulry-laboutique.com\/blog\/wp-content\/uploads\/2019\/09\/EHPAD-Boulogne.jpg?fit=640%2C480\" alt=\"\" class=\"wp-image-12068\" srcset=\"https:\/\/i0.wp.com\/www.fabriceeulry-laboutique.com\/blog\/wp-content\/uploads\/2019\/09\/EHPAD-Boulogne.jpg?w=4160 4160w, https:\/\/i0.wp.com\/www.fabriceeulry-laboutique.com\/blog\/wp-content\/uploads\/2019\/09\/EHPAD-Boulogne.jpg?resize=300%2C225 300w, https:\/\/i0.wp.com\/www.fabriceeulry-laboutique.com\/blog\/wp-content\/uploads\/2019\/09\/EHPAD-Boulogne.jpg?resize=768%2C576 768w, https:\/\/i0.wp.com\/www.fabriceeulry-laboutique.com\/blog\/wp-content\/uploads\/2019\/09\/EHPAD-Boulogne.jpg?resize=1024%2C768 1024w, https:\/\/i0.wp.com\/www.fabriceeulry-laboutique.com\/blog\/wp-content\/uploads\/2019\/09\/EHPAD-Boulogne.jpg?w=1280 1280w, https:\/\/i0.wp.com\/www.fabriceeulry-laboutique.com\/blog\/wp-content\/uploads\/2019\/09\/EHPAD-Boulogne.jpg?w=1920 1920w\" sizes=\"auto, (max-width: 640px) 100vw, 640px\" \/><figcaption>L&rsquo;animatrice Magali pr\u00e9sente l&rsquo;artiste pour ce premier concert tr\u00e8s matinal en EHPAD \u00e0 Boulogne Billancourt.<\/figcaption><\/figure>\n\n\n\n<figure class=\"wp-block-image\"><img loading=\"lazy\" decoding=\"async\" width=\"4160\" height=\"3120\" src=\"https:\/\/i0.wp.com\/www.fabriceeulry-laboutique.com\/blog\/wp-content\/uploads\/2019\/09\/EHPAD-Boulogne-2.jpg?fit=640%2C480\" alt=\"\" class=\"wp-image-12075\" srcset=\"https:\/\/i0.wp.com\/www.fabriceeulry-laboutique.com\/blog\/wp-content\/uploads\/2019\/09\/EHPAD-Boulogne-2.jpg?w=4160 4160w, https:\/\/i0.wp.com\/www.fabriceeulry-laboutique.com\/blog\/wp-content\/uploads\/2019\/09\/EHPAD-Boulogne-2.jpg?resize=300%2C225 300w, https:\/\/i0.wp.com\/www.fabriceeulry-laboutique.com\/blog\/wp-content\/uploads\/2019\/09\/EHPAD-Boulogne-2.jpg?resize=768%2C576 768w, https:\/\/i0.wp.com\/www.fabriceeulry-laboutique.com\/blog\/wp-content\/uploads\/2019\/09\/EHPAD-Boulogne-2.jpg?resize=1024%2C768 1024w, https:\/\/i0.wp.com\/www.fabriceeulry-laboutique.com\/blog\/wp-content\/uploads\/2019\/09\/EHPAD-Boulogne-2.jpg?w=1280 1280w, https:\/\/i0.wp.com\/www.fabriceeulry-laboutique.com\/blog\/wp-content\/uploads\/2019\/09\/EHPAD-Boulogne-2.jpg?w=1920 1920w\" sizes=\"auto, (max-width: 640px) 100vw, 640px\" \/><figcaption>Comment glisser de Bach \u00e0 Glenn Miller de morceau en morceau&#8230;.<\/figcaption><\/figure>\n\n\n\n<figure class=\"wp-block-image\"><img loading=\"lazy\" decoding=\"async\" width=\"4160\" height=\"3120\" src=\"https:\/\/i0.wp.com\/www.fabriceeulry-laboutique.com\/blog\/wp-content\/uploads\/2019\/09\/Les-heures-claires-ST-Cloud.jpg?fit=640%2C480\" alt=\"\" class=\"wp-image-12069\" srcset=\"https:\/\/i0.wp.com\/www.fabriceeulry-laboutique.com\/blog\/wp-content\/uploads\/2019\/09\/Les-heures-claires-ST-Cloud.jpg?w=4160 4160w, https:\/\/i0.wp.com\/www.fabriceeulry-laboutique.com\/blog\/wp-content\/uploads\/2019\/09\/Les-heures-claires-ST-Cloud.jpg?resize=300%2C225 300w, https:\/\/i0.wp.com\/www.fabriceeulry-laboutique.com\/blog\/wp-content\/uploads\/2019\/09\/Les-heures-claires-ST-Cloud.jpg?resize=768%2C576 768w, https:\/\/i0.wp.com\/www.fabriceeulry-laboutique.com\/blog\/wp-content\/uploads\/2019\/09\/Les-heures-claires-ST-Cloud.jpg?resize=1024%2C768 1024w, https:\/\/i0.wp.com\/www.fabriceeulry-laboutique.com\/blog\/wp-content\/uploads\/2019\/09\/Les-heures-claires-ST-Cloud.jpg?w=1280 1280w, https:\/\/i0.wp.com\/www.fabriceeulry-laboutique.com\/blog\/wp-content\/uploads\/2019\/09\/Les-heures-claires-ST-Cloud.jpg?w=1920 1920w\" sizes=\"auto, (max-width: 640px) 100vw, 640px\" \/><figcaption>Au tour des Heures claires de St Cloud de pr\u00eater son piano certes modeste, mais pourtant plein de vibrations, sur lequel Fabrice Eulry utilisera les frottements des marteaux pour un effet de saturation agr\u00e9able lors du final sur In the mood, qui fera danser des r\u00e9sidents !<\/figcaption><\/figure>\n\n\n\n<figure class=\"wp-block-image\"><img loading=\"lazy\" decoding=\"async\" width=\"4160\" height=\"3120\" src=\"https:\/\/i0.wp.com\/www.fabriceeulry-laboutique.com\/blog\/wp-content\/uploads\/2019\/09\/La-Pirendelle-3.jpg?fit=640%2C480\" alt=\"\" class=\"wp-image-12071\" srcset=\"https:\/\/i0.wp.com\/www.fabriceeulry-laboutique.com\/blog\/wp-content\/uploads\/2019\/09\/La-Pirendelle-3.jpg?w=4160 4160w, https:\/\/i0.wp.com\/www.fabriceeulry-laboutique.com\/blog\/wp-content\/uploads\/2019\/09\/La-Pirendelle-3.jpg?resize=300%2C225 300w, https:\/\/i0.wp.com\/www.fabriceeulry-laboutique.com\/blog\/wp-content\/uploads\/2019\/09\/La-Pirendelle-3.jpg?resize=768%2C576 768w, https:\/\/i0.wp.com\/www.fabriceeulry-laboutique.com\/blog\/wp-content\/uploads\/2019\/09\/La-Pirendelle-3.jpg?resize=1024%2C768 1024w, https:\/\/i0.wp.com\/www.fabriceeulry-laboutique.com\/blog\/wp-content\/uploads\/2019\/09\/La-Pirendelle-3.jpg?w=1280 1280w, https:\/\/i0.wp.com\/www.fabriceeulry-laboutique.com\/blog\/wp-content\/uploads\/2019\/09\/La-Pirendelle-3.jpg?w=1920 1920w\" sizes=\"auto, (max-width: 640px) 100vw, 640px\" \/><figcaption>L&rsquo;\u00e9tablissement a m\u00eame pens\u00e9 \u00e0 faire une petite donation \u00e0 R\u00e9sonnance France qui offre ces concerts ; donation d\u00e9ductible bien s\u00fbr (\u00e0 bon entendeur !)<\/figcaption><\/figure>\n\n\n\n<figure class=\"wp-block-image\"><img loading=\"lazy\" decoding=\"async\" width=\"4160\" height=\"3120\" src=\"https:\/\/i0.wp.com\/www.fabriceeulry-laboutique.com\/blog\/wp-content\/uploads\/2019\/09\/IMG_20190830_194850.jpg?fit=640%2C480\" alt=\"\" class=\"wp-image-12065\" srcset=\"https:\/\/i0.wp.com\/www.fabriceeulry-laboutique.com\/blog\/wp-content\/uploads\/2019\/09\/IMG_20190830_194850.jpg?w=4160 4160w, https:\/\/i0.wp.com\/www.fabriceeulry-laboutique.com\/blog\/wp-content\/uploads\/2019\/09\/IMG_20190830_194850.jpg?resize=300%2C225 300w, https:\/\/i0.wp.com\/www.fabriceeulry-laboutique.com\/blog\/wp-content\/uploads\/2019\/09\/IMG_20190830_194850.jpg?resize=768%2C576 768w, https:\/\/i0.wp.com\/www.fabriceeulry-laboutique.com\/blog\/wp-content\/uploads\/2019\/09\/IMG_20190830_194850.jpg?resize=1024%2C768 1024w, https:\/\/i0.wp.com\/www.fabriceeulry-laboutique.com\/blog\/wp-content\/uploads\/2019\/09\/IMG_20190830_194850.jpg?w=1280 1280w, https:\/\/i0.wp.com\/www.fabriceeulry-laboutique.com\/blog\/wp-content\/uploads\/2019\/09\/IMG_20190830_194850.jpg?w=1920 1920w\" sizes=\"auto, (max-width: 640px) 100vw, 640px\" \/><figcaption>Plus tard dans l&rsquo;apr\u00e8s-midi, un deuxi\u00e8me \u00e9tablissement de St Cloud (Les Jardins de St Cloud) offre un piano \u00e0 queue : une opportunit\u00e9 pour faire sonner les valses de Chopin !<\/figcaption><\/figure>\n\n\n\n<figure class=\"wp-block-image\"><img loading=\"lazy\" decoding=\"async\" width=\"4160\" height=\"3120\" src=\"https:\/\/i1.wp.com\/www.fabriceeulry-laboutique.com\/blog\/wp-content\/uploads\/2019\/09\/IMG_20190830_194904.jpg?fit=640%2C480\" alt=\"\" class=\"wp-image-12064\" srcset=\"https:\/\/i0.wp.com\/www.fabriceeulry-laboutique.com\/blog\/wp-content\/uploads\/2019\/09\/IMG_20190830_194904.jpg?w=4160 4160w, https:\/\/i0.wp.com\/www.fabriceeulry-laboutique.com\/blog\/wp-content\/uploads\/2019\/09\/IMG_20190830_194904.jpg?resize=300%2C225 300w, https:\/\/i0.wp.com\/www.fabriceeulry-laboutique.com\/blog\/wp-content\/uploads\/2019\/09\/IMG_20190830_194904.jpg?resize=768%2C576 768w, https:\/\/i0.wp.com\/www.fabriceeulry-laboutique.com\/blog\/wp-content\/uploads\/2019\/09\/IMG_20190830_194904.jpg?resize=1024%2C768 1024w, https:\/\/i0.wp.com\/www.fabriceeulry-laboutique.com\/blog\/wp-content\/uploads\/2019\/09\/IMG_20190830_194904.jpg?w=1280 1280w, https:\/\/i0.wp.com\/www.fabriceeulry-laboutique.com\/blog\/wp-content\/uploads\/2019\/09\/IMG_20190830_194904.jpg?w=1920 1920w\" sizes=\"auto, (max-width: 640px) 100vw, 640px\" \/><figcaption><br><\/figcaption><\/figure>\n\n\n\n<figure class=\"wp-block-image\"><img loading=\"lazy\" decoding=\"async\" width=\"4160\" height=\"3120\" src=\"https:\/\/i2.wp.com\/www.fabriceeulry-laboutique.com\/blog\/wp-content\/uploads\/2019\/09\/La-prirendelle.jpg?fit=640%2C480\" alt=\"\" class=\"wp-image-12070\" srcset=\"https:\/\/i0.wp.com\/www.fabriceeulry-laboutique.com\/blog\/wp-content\/uploads\/2019\/09\/La-prirendelle.jpg?w=4160 4160w, https:\/\/i0.wp.com\/www.fabriceeulry-laboutique.com\/blog\/wp-content\/uploads\/2019\/09\/La-prirendelle.jpg?resize=300%2C225 300w, https:\/\/i0.wp.com\/www.fabriceeulry-laboutique.com\/blog\/wp-content\/uploads\/2019\/09\/La-prirendelle.jpg?resize=768%2C576 768w, https:\/\/i0.wp.com\/www.fabriceeulry-laboutique.com\/blog\/wp-content\/uploads\/2019\/09\/La-prirendelle.jpg?resize=1024%2C768 1024w, https:\/\/i0.wp.com\/www.fabriceeulry-laboutique.com\/blog\/wp-content\/uploads\/2019\/09\/La-prirendelle.jpg?w=1280 1280w, https:\/\/i0.wp.com\/www.fabriceeulry-laboutique.com\/blog\/wp-content\/uploads\/2019\/09\/La-prirendelle.jpg?w=1920 1920w\" sizes=\"auto, (max-width: 640px) 100vw, 640px\" \/><figcaption>Le marathon de ce 30 ao\u00fbt s&rsquo;ach\u00e8ve Aux Pirendelles dans le XIII \u00e8me Arrondissement de Paris&#8230;<\/figcaption><\/figure>\n\n\n\n<figure class=\"wp-block-image\"><img loading=\"lazy\" decoding=\"async\" width=\"4160\" height=\"3120\" src=\"https:\/\/i0.wp.com\/www.fabriceeulry-laboutique.com\/blog\/wp-content\/uploads\/2019\/09\/La-Pirendelle-1.jpg?fit=640%2C480\" alt=\"\" class=\"wp-image-12067\" srcset=\"https:\/\/i0.wp.com\/www.fabriceeulry-laboutique.com\/blog\/wp-content\/uploads\/2019\/09\/La-Pirendelle-1.jpg?w=4160 4160w, https:\/\/i0.wp.com\/www.fabriceeulry-laboutique.com\/blog\/wp-content\/uploads\/2019\/09\/La-Pirendelle-1.jpg?resize=300%2C225 300w, https:\/\/i0.wp.com\/www.fabriceeulry-laboutique.com\/blog\/wp-content\/uploads\/2019\/09\/La-Pirendelle-1.jpg?resize=768%2C576 768w, https:\/\/i0.wp.com\/www.fabriceeulry-laboutique.com\/blog\/wp-content\/uploads\/2019\/09\/La-Pirendelle-1.jpg?resize=1024%2C768 1024w, https:\/\/i0.wp.com\/www.fabriceeulry-laboutique.com\/blog\/wp-content\/uploads\/2019\/09\/La-Pirendelle-1.jpg?w=1280 1280w, https:\/\/i0.wp.com\/www.fabriceeulry-laboutique.com\/blog\/wp-content\/uploads\/2019\/09\/La-Pirendelle-1.jpg?w=1920 1920w\" sizes=\"auto, (max-width: 640px) 100vw, 640px\" \/><figcaption>&#8230;. Devant un parterre de v\u00e9ritables m\u00e9lomanes qui n&rsquo;h\u00e9siteront pas \u00e0 formuler des requ\u00eates dans tous les registres !<\/figcaption><\/figure>\n\n\n\n<figure class=\"wp-block-image\"><img loading=\"lazy\" decoding=\"async\" width=\"4160\" height=\"3120\" src=\"https:\/\/i0.wp.com\/www.fabriceeulry-laboutique.com\/blog\/wp-content\/uploads\/2019\/09\/La-Pirendelle-4.jpg?fit=640%2C480\" alt=\"\" class=\"wp-image-12072\" srcset=\"https:\/\/i0.wp.com\/www.fabriceeulry-laboutique.com\/blog\/wp-content\/uploads\/2019\/09\/La-Pirendelle-4.jpg?w=4160 4160w, https:\/\/i0.wp.com\/www.fabriceeulry-laboutique.com\/blog\/wp-content\/uploads\/2019\/09\/La-Pirendelle-4.jpg?resize=300%2C225 300w, https:\/\/i0.wp.com\/www.fabriceeulry-laboutique.com\/blog\/wp-content\/uploads\/2019\/09\/La-Pirendelle-4.jpg?resize=768%2C576 768w, https:\/\/i0.wp.com\/www.fabriceeulry-laboutique.com\/blog\/wp-content\/uploads\/2019\/09\/La-Pirendelle-4.jpg?resize=1024%2C768 1024w, https:\/\/i0.wp.com\/www.fabriceeulry-laboutique.com\/blog\/wp-content\/uploads\/2019\/09\/La-Pirendelle-4.jpg?w=1280 1280w, https:\/\/i0.wp.com\/www.fabriceeulry-laboutique.com\/blog\/wp-content\/uploads\/2019\/09\/La-Pirendelle-4.jpg?w=1920 1920w\" sizes=\"auto, (max-width: 640px) 100vw, 640px\" \/><figcaption><br><\/figcaption><\/figure>\n\n\n\n<figure class=\"wp-block-image\"><img loading=\"lazy\" decoding=\"async\" width=\"4160\" height=\"3120\" src=\"https:\/\/i0.wp.com\/www.fabriceeulry-laboutique.com\/blog\/wp-content\/uploads\/2019\/09\/IMG_20190831_152838.jpg?fit=640%2C480\" alt=\"\" class=\"wp-image-12062\" srcset=\"https:\/\/i0.wp.com\/www.fabriceeulry-laboutique.com\/blog\/wp-content\/uploads\/2019\/09\/IMG_20190831_152838.jpg?w=4160 4160w, https:\/\/i0.wp.com\/www.fabriceeulry-laboutique.com\/blog\/wp-content\/uploads\/2019\/09\/IMG_20190831_152838.jpg?resize=300%2C225 300w, https:\/\/i0.wp.com\/www.fabriceeulry-laboutique.com\/blog\/wp-content\/uploads\/2019\/09\/IMG_20190831_152838.jpg?resize=768%2C576 768w, https:\/\/i0.wp.com\/www.fabriceeulry-laboutique.com\/blog\/wp-content\/uploads\/2019\/09\/IMG_20190831_152838.jpg?resize=1024%2C768 1024w, https:\/\/i0.wp.com\/www.fabriceeulry-laboutique.com\/blog\/wp-content\/uploads\/2019\/09\/IMG_20190831_152838.jpg?w=1280 1280w, https:\/\/i0.wp.com\/www.fabriceeulry-laboutique.com\/blog\/wp-content\/uploads\/2019\/09\/IMG_20190831_152838.jpg?w=1920 1920w\" sizes=\"auto, (max-width: 640px) 100vw, 640px\" \/><figcaption>D\u00e8s le lendemain, au r\u00e9cent EHPAD Annie Girardot du XIII \u00e8me \u00e9galement,, en d\u00e9but d&rsquo;apr\u00e8s-midi, on assiste \u00e0 un programme tr\u00e8s vari\u00e9 : Debussy, tangos, chanson fran\u00e7aise, et swing&#8230;<\/figcaption><\/figure>\n\n\n\n<figure class=\"wp-block-image\"><img loading=\"lazy\" decoding=\"async\" width=\"4160\" height=\"3120\" src=\"https:\/\/i2.wp.com\/www.fabriceeulry-laboutique.com\/blog\/wp-content\/uploads\/2019\/09\/IMG_20190831_152828.jpg?fit=640%2C480\" alt=\"\" class=\"wp-image-12063\" srcset=\"https:\/\/i0.wp.com\/www.fabriceeulry-laboutique.com\/blog\/wp-content\/uploads\/2019\/09\/IMG_20190831_152828.jpg?w=4160 4160w, https:\/\/i0.wp.com\/www.fabriceeulry-laboutique.com\/blog\/wp-content\/uploads\/2019\/09\/IMG_20190831_152828.jpg?resize=300%2C225 300w, https:\/\/i0.wp.com\/www.fabriceeulry-laboutique.com\/blog\/wp-content\/uploads\/2019\/09\/IMG_20190831_152828.jpg?resize=768%2C576 768w, https:\/\/i0.wp.com\/www.fabriceeulry-laboutique.com\/blog\/wp-content\/uploads\/2019\/09\/IMG_20190831_152828.jpg?resize=1024%2C768 1024w, https:\/\/i0.wp.com\/www.fabriceeulry-laboutique.com\/blog\/wp-content\/uploads\/2019\/09\/IMG_20190831_152828.jpg?w=1280 1280w, https:\/\/i0.wp.com\/www.fabriceeulry-laboutique.com\/blog\/wp-content\/uploads\/2019\/09\/IMG_20190831_152828.jpg?w=1920 1920w\" sizes=\"auto, (max-width: 640px) 100vw, 640px\" \/><figcaption>Selon l&rsquo;animatrice de l&rsquo;\u00e9tablissement Sandrine Tsong, Une dame de 103 ans attendait ce concert avec h\u00e2te !<\/figcaption><\/figure>\n\n\n\n<figure class=\"wp-block-image\"><img data-recalc-dims=\"1\" loading=\"lazy\" decoding=\"async\" width=\"451\" height=\"419\" src=\"https:\/\/i0.wp.com\/www.fabriceeulry-laboutique.com\/blog\/wp-content\/uploads\/2019\/09\/DOMITYS-PARIS-PLAISANCE.png?resize=451%2C419\" alt=\"\" class=\"wp-image-12077\" srcset=\"https:\/\/i0.wp.com\/www.fabriceeulry-laboutique.com\/blog\/wp-content\/uploads\/2019\/09\/DOMITYS-PARIS-PLAISANCE.png?w=451 451w, https:\/\/i0.wp.com\/www.fabriceeulry-laboutique.com\/blog\/wp-content\/uploads\/2019\/09\/DOMITYS-PARIS-PLAISANCE.png?resize=300%2C279 300w\" sizes=\"auto, (max-width: 451px) 100vw, 451px\" \/><figcaption>En fin d&rsquo;apr\u00e8s-midi les r\u00e9sidents de Domitys Paris Plaisance dans une salle chaleureuse, vont patienter cinq minutes le temps que la piano soit d\u00e9plac\u00e9 pour appr\u00e9cier la vue autant que le son, et reprendront en choeur quelques chansons (photos en attente)<\/figcaption><\/figure>\n\n\n\n<figure class=\"wp-block-image\"><img loading=\"lazy\" decoding=\"async\" width=\"1399\" height=\"612\" src=\"https:\/\/i1.wp.com\/www.fabriceeulry-laboutique.com\/blog\/wp-content\/uploads\/2019\/09\/KORIAN-LES-AMANDIERS-1.png?fit=640%2C280\" alt=\"\" class=\"wp-image-12074\" srcset=\"https:\/\/i0.wp.com\/www.fabriceeulry-laboutique.com\/blog\/wp-content\/uploads\/2019\/09\/KORIAN-LES-AMANDIERS-1.png?w=1399 1399w, https:\/\/i0.wp.com\/www.fabriceeulry-laboutique.com\/blog\/wp-content\/uploads\/2019\/09\/KORIAN-LES-AMANDIERS-1.png?resize=300%2C131 300w, https:\/\/i0.wp.com\/www.fabriceeulry-laboutique.com\/blog\/wp-content\/uploads\/2019\/09\/KORIAN-LES-AMANDIERS-1.png?resize=768%2C336 768w, https:\/\/i0.wp.com\/www.fabriceeulry-laboutique.com\/blog\/wp-content\/uploads\/2019\/09\/KORIAN-LES-AMANDIERS-1.png?resize=1024%2C448 1024w, https:\/\/i0.wp.com\/www.fabriceeulry-laboutique.com\/blog\/wp-content\/uploads\/2019\/09\/KORIAN-LES-AMANDIERS-1.png?w=1280 1280w\" sizes=\"auto, (max-width: 640px) 100vw, 640px\" \/><figcaption>Enfin le 1er septembre, dans le XX\u00e8me, le bon vieux piano \u00e0 chandeliers du Korian Les Amandiers, joue Piaf et les chansons de Belleville et M\u00e9nilmontant dans leur jus. Merci \u00e0 \u00a9Sabrina Marcelli pour la photo, qui tient aussi un journal qui annon\u00e7ait ci dessous la venue l&rsquo;artiste. L&rsquo;\u00e9tablissement propose \u00e9norm\u00e9ment d&rsquo;activit\u00e9s et d&rsquo;animations culturelles.<\/figcaption><\/figure>\n\n\n\n<figure class=\"wp-block-image\"><img data-recalc-dims=\"1\" loading=\"lazy\" decoding=\"async\" width=\"499\" height=\"238\" src=\"https:\/\/i0.wp.com\/www.fabriceeulry-laboutique.com\/blog\/wp-content\/uploads\/2019\/09\/Villa-Beausoleil-Levallois.png?resize=499%2C238\" alt=\"\" class=\"wp-image-12076\" srcset=\"https:\/\/i0.wp.com\/www.fabriceeulry-laboutique.com\/blog\/wp-content\/uploads\/2019\/09\/Villa-Beausoleil-Levallois.png?w=499 499w, https:\/\/i0.wp.com\/www.fabriceeulry-laboutique.com\/blog\/wp-content\/uploads\/2019\/09\/Villa-Beausoleil-Levallois.png?resize=300%2C143 300w\" sizes=\"auto, (max-width: 499px) 100vw, 499px\" \/><figcaption>La villa Beausoleil de Levallois (photos en attente) cl\u00f4turera le marathon pianistique dans la joie. En effet le pianiste non press\u00e9 par l&rsquo;horaire aura pu donner cours \u00e0 des variations, et satisfaire des requ\u00eates, notamment de r\u00e9pertoire italien&#8230; En attendant de trouver des r\u00e9sidents d&rsquo;un autre \u00e9tablissement Beausoleil&#8230; \u00c0 Lyon d\u00e8s le surlendemain !!!<\/figcaption><\/figure>\n","protected":false},"excerpt":{"rendered":"<p>Marathonien du piano (on se souvient de ses 24 heures de jeu d&rsquo;affil\u00e9e en 2005, seulement entre-coup\u00e9es de 3 pauses de 5 minutes) Fabrice Eulry d\u00e9crit parfois ses concerts comme une drogue dure, mais qui construit, et se partage. C&rsquo;est &hellip; <a href=\"http:\/\/www.fabriceeulry-laboutique.com\/blog\/?p=12061\">Continuer la lecture <span class=\"meta-nav\">&rarr;<\/span><\/a><\/p>\n","protected":false},"author":2,"featured_media":0,"comment_status":"open","ping_status":"open","sticky":false,"template":"","format":"standard","meta":{"jetpack_post_was_ever_published":false,"_jetpack_newsletter_access":"","_jetpack_dont_email_post_to_subs":false,"_jetpack_newsletter_tier_id":0,"_jetpack_memberships_contains_paywalled_content":false,"_jetpack_memberships_contains_paid_content":false,"footnotes":"","jetpack_publicize_message":"","jetpack_publicize_feature_enabled":true,"jetpack_social_post_already_shared":true,"jetpack_social_options":{"image_generator_settings":{"template":"highway","default_image_id":0,"font":"","enabled":false},"version":2}},"categories":[1],"tags":[],"class_list":["post-12061","post","type-post","status-publish","format-standard","hentry","category-non-classe"],"jetpack_publicize_connections":[],"jetpack_featured_media_url":"","jetpack_sharing_enabled":true,"jetpack_shortlink":"https:\/\/wp.me\/p2D6dI-38x","jetpack_likes_enabled":true,"jetpack-related-posts":[{"id":11980,"url":"http:\/\/www.fabriceeulry-laboutique.com\/blog\/?p=11980","url_meta":{"origin":12061,"position":0},"title":"DEUX CONCERTS LE M\u00caME JOUR.","author":"Le Canard du pianiste","date":"10 juin 2019","format":false,"excerpt":"\"La musique c'est 10% d'inspiration et 90% de transpiration\". Pour ne pas d\u00e9mentir le dicton, Fabrice Eulry a d'abord franchi 400 kilom\u00e8tres en 6 heures (dont 2 heures de bouchons en arrivant en r\u00e9gion parisienne va sans dire)... ... Et apr\u00e8s avoir miraculeusement trouv\u00e9 une place pour se garer, il\u2026","rel":"","context":"Dans &quot;Non class\u00e9&quot;","block_context":{"text":"Non class\u00e9","link":"http:\/\/www.fabriceeulry-laboutique.com\/blog\/?cat=1"},"img":{"alt_text":"","src":"https:\/\/i0.wp.com\/www.fabriceeulry-laboutique.com\/blog\/wp-content\/uploads\/2019\/06\/montsouris.png?resize=350%2C200","width":350,"height":200},"classes":[]},{"id":5328,"url":"http:\/\/www.fabriceeulry-laboutique.com\/blog\/?p=5328","url_meta":{"origin":12061,"position":1},"title":"24 HEURES AU MANS","author":"Le Canard du pianiste","date":"15 juillet 2014","format":false,"excerpt":"Une ruelle du vieux Mans, un magnifique porche ouvrag\u00e9, et c'est l\u00e0 que vous accueille le th\u00e9\u00e2tre Achtalia. \u00a0 \u00a0Les organisateurs Elisabeth et Philippe me font visiter ce lieu enchant\u00e9 mais trop petit pour accueillir le nombreux public qui j'esp\u00e8re, viendra applaudir mon spectacle dans quelques heures\u00a0. \u00a0 Adorable cave\u2026","rel":"","context":"Dans &quot;Non class\u00e9&quot;","block_context":{"text":"Non class\u00e9","link":"http:\/\/www.fabriceeulry-laboutique.com\/blog\/?cat=1"},"img":{"alt_text":"","src":"https:\/\/i0.wp.com\/www.fabriceeulry-laboutique.com\/blog\/wp-content\/uploads\/2014\/07\/ms-.jpg?resize=350%2C200","width":350,"height":200,"srcset":"https:\/\/i0.wp.com\/www.fabriceeulry-laboutique.com\/blog\/wp-content\/uploads\/2014\/07\/ms-.jpg?resize=350%2C200 1x, https:\/\/i0.wp.com\/www.fabriceeulry-laboutique.com\/blog\/wp-content\/uploads\/2014\/07\/ms-.jpg?resize=525%2C300 1.5x, https:\/\/i0.wp.com\/www.fabriceeulry-laboutique.com\/blog\/wp-content\/uploads\/2014\/07\/ms-.jpg?resize=700%2C400 2x"},"classes":[]},{"id":12313,"url":"http:\/\/www.fabriceeulry-laboutique.com\/blog\/?p=12313","url_meta":{"origin":12061,"position":2},"title":"LA VID\u00c9O DE CONFINEMENT","author":"Le Canard du pianiste","date":"5 mai 2020","format":false,"excerpt":"Fabrice Eulry \u00e9crit sans cryptage pour le Canard du pianiste : Chers amis m\u00e9lomanes, Certains d'entre vous m'ont demand\u00e9 ou sugg\u00e9r\u00e9 d'enregistrer une vid\u00e9o pendant le confinement. Celles que j'ai pu visionner au hasard et partager, font chaud au coeur (je pense entre autres \u00e0 celle du guitariste Jeff Monin,\u2026","rel":"","context":"Dans &quot;Non class\u00e9&quot;","block_context":{"text":"Non class\u00e9","link":"http:\/\/www.fabriceeulry-laboutique.com\/blog\/?cat=1"},"img":{"alt_text":"","src":"https:\/\/i0.wp.com\/www.fabriceeulry-laboutique.com\/blog\/wp-content\/uploads\/2019\/03\/Blues-%C3%A0-l%C3%A9cole-4.png?resize=350%2C200","width":350,"height":200},"classes":[]},{"id":9376,"url":"http:\/\/www.fabriceeulry-laboutique.com\/blog\/?p=9376","url_meta":{"origin":12061,"position":3},"title":"SAINT-COME D&rsquo;OLT UN DES PLUS BEAUX VILLAGES DE FRANCE","author":"Le Canard du pianiste","date":"13 avril 2017","format":false,"excerpt":"\u00a0 \u00a0 \u00a0 \u00a0 \u00a0 \u00a0 \u00a0 \u00a0 \u00a0 \u00a0 \u00a0 \u00a0 \u00a0 \u00a0 \u00a0 \u00a0 \u00a0 \u00a0 \u00a0 \u00a0 \u00a0 \u00a0 \u00a0 \u00a0 \u00a0 \u00a0 \u00a0 \u00a0 \u00a0 \u00a0En plus d'\u00eatre un des plus beaux villages de France, Saint-C\u00f4me d'Olt propose un festival de blues au mois de mai\u2026","rel":"","context":"Dans &quot;Non class\u00e9&quot;","block_context":{"text":"Non class\u00e9","link":"http:\/\/www.fabriceeulry-laboutique.com\/blog\/?cat=1"},"img":{"alt_text":"","src":"https:\/\/i0.wp.com\/www.fabriceeulry-laboutique.com\/blog\/wp-content\/uploads\/2017\/04\/sincom8.jpg?resize=350%2C200","width":350,"height":200,"srcset":"https:\/\/i0.wp.com\/www.fabriceeulry-laboutique.com\/blog\/wp-content\/uploads\/2017\/04\/sincom8.jpg?resize=350%2C200 1x, https:\/\/i0.wp.com\/www.fabriceeulry-laboutique.com\/blog\/wp-content\/uploads\/2017\/04\/sincom8.jpg?resize=525%2C300 1.5x, https:\/\/i0.wp.com\/www.fabriceeulry-laboutique.com\/blog\/wp-content\/uploads\/2017\/04\/sincom8.jpg?resize=700%2C400 2x, https:\/\/i0.wp.com\/www.fabriceeulry-laboutique.com\/blog\/wp-content\/uploads\/2017\/04\/sincom8.jpg?resize=1050%2C600 3x"},"classes":[]},{"id":12518,"url":"http:\/\/www.fabriceeulry-laboutique.com\/blog\/?p=12518","url_meta":{"origin":12061,"position":4},"title":"JOUER POUR LES ANCIENS MALGR\u00c9 TOUT","author":"Le Canard du pianiste","date":"14 mars 2021","format":false,"excerpt":"R\u00e9sonnance France ne l\u00e2che rien ! Et continue malgr\u00e9 tout, ses concerts de solidarit\u00e9 en maison de retraite partout o\u00f9 cela est possible. Travailler sur le terrain des maisons de retraite et interroger le personnel permet de le constater : Les restrictions sanitaires sont des d\u00e9cisions politiques ou technocratiques qui\u2026","rel":"","context":"Dans &quot;Non class\u00e9&quot;","block_context":{"text":"Non class\u00e9","link":"http:\/\/www.fabriceeulry-laboutique.com\/blog\/?cat=1"},"img":{"alt_text":"","src":"https:\/\/i0.wp.com\/www.fabriceeulry-laboutique.com\/blog\/wp-content\/uploads\/2021\/03\/caselles2021.png?resize=350%2C200","width":350,"height":200,"srcset":"https:\/\/i0.wp.com\/www.fabriceeulry-laboutique.com\/blog\/wp-content\/uploads\/2021\/03\/caselles2021.png?resize=350%2C200 1x, https:\/\/i0.wp.com\/www.fabriceeulry-laboutique.com\/blog\/wp-content\/uploads\/2021\/03\/caselles2021.png?resize=525%2C300 1.5x, https:\/\/i0.wp.com\/www.fabriceeulry-laboutique.com\/blog\/wp-content\/uploads\/2021\/03\/caselles2021.png?resize=700%2C400 2x"},"classes":[]},{"id":13265,"url":"http:\/\/www.fabriceeulry-laboutique.com\/blog\/?p=13265","url_meta":{"origin":12061,"position":5},"title":"HUCKLEBUCK","author":"Le Canard du pianiste","date":"19 juin 2025","format":false,"excerpt":"Cet air \u00e0 danser qui fit les beaux jours des orchestres instrumentaux dans les ann\u00e9es cinquante fut repris en twist par Chubby Checker puis en 1964 dans une version britannique insouciante. Ce morceaux compte deux th\u00e8mes de 12 mesures. Le premier th\u00e8me subit un emprunt vers 1976 lorsque Didier Barbelivien\u2026","rel":"","context":"Dans &quot;Non class\u00e9&quot;","block_context":{"text":"Non class\u00e9","link":"http:\/\/www.fabriceeulry-laboutique.com\/blog\/?cat=1"},"img":{"alt_text":"","src":"https:\/\/i0.wp.com\/img.youtube.com\/vi\/Jb0hM6YlGdk\/0.jpg?resize=350%2C200","width":350,"height":200},"classes":[]}],"_links":{"self":[{"href":"http:\/\/www.fabriceeulry-laboutique.com\/blog\/index.php?rest_route=\/wp\/v2\/posts\/12061","targetHints":{"allow":["GET"]}}],"collection":[{"href":"http:\/\/www.fabriceeulry-laboutique.com\/blog\/index.php?rest_route=\/wp\/v2\/posts"}],"about":[{"href":"http:\/\/www.fabriceeulry-laboutique.com\/blog\/index.php?rest_route=\/wp\/v2\/types\/post"}],"author":[{"embeddable":true,"href":"http:\/\/www.fabriceeulry-laboutique.com\/blog\/index.php?rest_route=\/wp\/v2\/users\/2"}],"replies":[{"embeddable":true,"href":"http:\/\/www.fabriceeulry-laboutique.com\/blog\/index.php?rest_route=%2Fwp%2Fv2%2Fcomments&post=12061"}],"version-history":[{"count":2,"href":"http:\/\/www.fabriceeulry-laboutique.com\/blog\/index.php?rest_route=\/wp\/v2\/posts\/12061\/revisions"}],"predecessor-version":[{"id":12078,"href":"http:\/\/www.fabriceeulry-laboutique.com\/blog\/index.php?rest_route=\/wp\/v2\/posts\/12061\/revisions\/12078"}],"wp:attachment":[{"href":"http:\/\/www.fabriceeulry-laboutique.com\/blog\/index.php?rest_route=%2Fwp%2Fv2%2Fmedia&parent=12061"}],"wp:term":[{"taxonomy":"category","embeddable":true,"href":"http:\/\/www.fabriceeulry-laboutique.com\/blog\/index.php?rest_route=%2Fwp%2Fv2%2Fcategories&post=12061"},{"taxonomy":"post_tag","embeddable":true,"href":"http:\/\/www.fabriceeulry-laboutique.com\/blog\/index.php?rest_route=%2Fwp%2Fv2%2Ftags&post=12061"}],"curies":[{"name":"wp","href":"https:\/\/api.w.org\/{rel}","templated":true}]}}