{"id":12095,"date":"2019-09-15T19:09:58","date_gmt":"2019-09-15T19:09:58","guid":{"rendered":"http:\/\/www.fabriceeulry-laboutique.com\/blog\/?p=12095"},"modified":"2019-09-15T19:10:06","modified_gmt":"2019-09-15T19:10:06","slug":"pierrelatte-en-fete","status":"publish","type":"post","link":"http:\/\/www.fabriceeulry-laboutique.com\/blog\/?p=12095","title":{"rendered":"PIERRELATTE EN F\u00caTE"},"content":{"rendered":"\n<p style=\"text-align:center\"><strong>\u00c0 Pierrelatte, \u00e0 la fin d&rsquo;un concert de solidarit\u00e9 offert par la Fondation R\u00e9sonnance d&rsquo;Elisabeth Sombart, Fabrice Eulry, \u00e0 la demande de M. Plat, un ancien combattant de la France libre qui a \u00e9cout\u00e9 l&rsquo;illustre orchestre en 1944, a jou\u00e9 quelques tubes de Glenn Miller qu&rsquo;il transcrits pour piano.<\/strong><\/p>\n\n\n\n<figure class=\"wp-block-image\"><img data-recalc-dims=\"1\" loading=\"lazy\" decoding=\"async\" width=\"552\" height=\"734\" src=\"https:\/\/i0.wp.com\/www.fabriceeulry-laboutique.com\/blog\/wp-content\/uploads\/2019\/09\/PIERRELATTE.png?resize=552%2C734\" alt=\"\" class=\"wp-image-12098\" srcset=\"https:\/\/i0.wp.com\/www.fabriceeulry-laboutique.com\/blog\/wp-content\/uploads\/2019\/09\/PIERRELATTE.png?w=552 552w, https:\/\/i0.wp.com\/www.fabriceeulry-laboutique.com\/blog\/wp-content\/uploads\/2019\/09\/PIERRELATTE.png?resize=226%2C300 226w, https:\/\/i0.wp.com\/www.fabriceeulry-laboutique.com\/blog\/wp-content\/uploads\/2019\/09\/PIERRELATTE.png?resize=300%2C399 300w\" sizes=\"auto, (max-width: 552px) 100vw, 552px\" \/><figcaption> Apr\u00e8s le concert, le pianiste s&rsquo;est entretenu avec une spectatrice r\u00e9sidente de l&rsquo;EHPAD des Pastourelles, dont il avait rep\u00e9r\u00e9 le sens du rythme. Elle r\u00e9pond ici \u00e0 ses questions en lui confirmant qu&rsquo;elle fut une danseuse de Lindy hop (le rock&rsquo;n roll avant l&rsquo;heure) lui faisant partager quelques souvenirs.<\/figcaption><\/figure>\n","protected":false},"excerpt":{"rendered":"<p>\u00c0 Pierrelatte, \u00e0 la fin d&rsquo;un concert de solidarit\u00e9 offert par la Fondation R\u00e9sonnance d&rsquo;Elisabeth Sombart, Fabrice Eulry, \u00e0 la demande de M. Plat, un ancien combattant de la France libre qui a \u00e9cout\u00e9 l&rsquo;illustre orchestre en 1944, a jou\u00e9 &hellip; <a href=\"http:\/\/www.fabriceeulry-laboutique.com\/blog\/?p=12095\">Continuer la lecture <span class=\"meta-nav\">&rarr;<\/span><\/a><\/p>\n","protected":false},"author":2,"featured_media":0,"comment_status":"open","ping_status":"open","sticky":false,"template":"","format":"standard","meta":{"jetpack_post_was_ever_published":false,"_jetpack_newsletter_access":"","_jetpack_dont_email_post_to_subs":false,"_jetpack_newsletter_tier_id":0,"_jetpack_memberships_contains_paywalled_content":false,"_jetpack_memberships_contains_paid_content":false,"footnotes":"","jetpack_publicize_message":"","jetpack_publicize_feature_enabled":true,"jetpack_social_post_already_shared":true,"jetpack_social_options":{"image_generator_settings":{"template":"highway","default_image_id":0,"font":"","enabled":false},"version":2}},"categories":[1],"tags":[],"class_list":["post-12095","post","type-post","status-publish","format-standard","hentry","category-non-classe"],"jetpack_publicize_connections":[],"jetpack_featured_media_url":"","jetpack_sharing_enabled":true,"jetpack_shortlink":"https:\/\/wp.me\/p2D6dI-395","jetpack_likes_enabled":true,"jetpack-related-posts":[{"id":8881,"url":"http:\/\/www.fabriceeulry-laboutique.com\/blog\/?p=8881","url_meta":{"origin":12095,"position":0},"title":"CONF\u00c9RENCE-CONCERT SUR LE RAGTIME","author":"Le Canard du pianiste","date":"11 octobre 2016","format":false,"excerpt":"Tr\u00e8s prochainement le Canard du pianiste publiera la vid\u00e9o d'une conf\u00e9rence-concert qui a \u00e9t\u00e9 donn\u00e9e gracieusement \u00e0 la Fondation R\u00e9sonnance de Morges : Le 25 mai 2016 la Fondation R\u00e9sonnance\u00a0a pr\u00e9sent\u00e9 une conf\u00e9rence-concert sur le Ragtime anim\u00e9e par Jacky Milliet et Fabrice Eulry. Ils ont \u00e9voqu\u00e9 en musique et par\u2026","rel":"","context":"Dans &quot;Non class\u00e9&quot;","block_context":{"text":"Non class\u00e9","link":"http:\/\/www.fabriceeulry-laboutique.com\/blog\/?cat=1"},"img":{"alt_text":"","src":"https:\/\/i0.wp.com\/www.fabriceeulry-laboutique.com\/blog\/wp-content\/uploads\/2015\/04\/conf-.3-1.jpg?resize=350%2C200","width":350,"height":200,"srcset":"https:\/\/i0.wp.com\/www.fabriceeulry-laboutique.com\/blog\/wp-content\/uploads\/2015\/04\/conf-.3-1.jpg?resize=350%2C200 1x, https:\/\/i0.wp.com\/www.fabriceeulry-laboutique.com\/blog\/wp-content\/uploads\/2015\/04\/conf-.3-1.jpg?resize=525%2C300 1.5x, https:\/\/i0.wp.com\/www.fabriceeulry-laboutique.com\/blog\/wp-content\/uploads\/2015\/04\/conf-.3-1.jpg?resize=700%2C400 2x, https:\/\/i0.wp.com\/www.fabriceeulry-laboutique.com\/blog\/wp-content\/uploads\/2015\/04\/conf-.3-1.jpg?resize=1050%2C600 3x"},"classes":[]},{"id":6908,"url":"http:\/\/www.fabriceeulry-laboutique.com\/blog\/?p=6908","url_meta":{"origin":12095,"position":1},"title":"FABRICE EULRY EN CONCERT AU LIBAN","author":"Le Canard du pianiste","date":"26 mai 2015","format":false,"excerpt":"\u00a0 Comme aime \u00e0 le dire Elizabeth Sombart : \"Il n'y a pas de petit concert.\" En effet, Le centre Saint-Vincent a beau avoir de petits moyens, le concert, auquel nous n'\u00e9chappons pas \u00e0 l'annonce m\u00eame dans l'ascenseur, est y est (d'autant) pris tr\u00e8s au s\u00e9rieux ! Son directeur, un\u2026","rel":"","context":"Dans &quot;Non class\u00e9&quot;","block_context":{"text":"Non class\u00e9","link":"http:\/\/www.fabriceeulry-laboutique.com\/blog\/?cat=1"},"img":{"alt_text":"","src":"https:\/\/i0.wp.com\/www.fabriceeulry-laboutique.com\/blog\/wp-content\/uploads\/2015\/05\/OLYMPIA-2015-ELIZABETH-1.jpg?resize=350%2C200","width":350,"height":200},"classes":[]},{"id":5138,"url":"http:\/\/www.fabriceeulry-laboutique.com\/blog\/?p=5138","url_meta":{"origin":12095,"position":2},"title":"DISQUE DE GUILLAUME PERROT CONTRE L&rsquo;OSTEOSARCOME","author":"Le Canard du pianiste","date":"5 juillet 2014","format":false,"excerpt":"ENCORE UNE SURPRISE DE GUILLAUME ! \"En \u00e9coutant les bandes et les vid\u00e9os qu'il nous a laiss\u00e9es de ci de l\u00e0 avant de partir dans l'au-del\u00e0, je suis all\u00e9 vais de surprise en surprise : bien s\u00fbr je n'ai cess\u00e9 de clamer son talent mais je dois confier quelque chose\u2026","rel":"","context":"Dans &quot;Non class\u00e9&quot;","block_context":{"text":"Non class\u00e9","link":"http:\/\/www.fabriceeulry-laboutique.com\/blog\/?cat=1"},"img":{"alt_text":"","src":"https:\/\/i0.wp.com\/www.fabriceeulry-laboutique.com\/blog\/wp-content\/uploads\/2014\/06\/souririre.jpg?resize=350%2C200","width":350,"height":200,"srcset":"https:\/\/i0.wp.com\/www.fabriceeulry-laboutique.com\/blog\/wp-content\/uploads\/2014\/06\/souririre.jpg?resize=350%2C200 1x, https:\/\/i0.wp.com\/www.fabriceeulry-laboutique.com\/blog\/wp-content\/uploads\/2014\/06\/souririre.jpg?resize=525%2C300 1.5x"},"classes":[]},{"id":5985,"url":"http:\/\/www.fabriceeulry-laboutique.com\/blog\/?p=5985","url_meta":{"origin":12095,"position":3},"title":"TOURNEE EN CATALOGNE","author":"Le Canard du pianiste","date":"30 novembre 2014","format":false,"excerpt":"cliquez sur l'image pour acc\u00e9der \u00e0 la vid\u00e9o de Lluis Coloma (\u00e0 droite sur la photo) en action avec son trio pour vous donner une id\u00e9e de sa musique \u00a0 Apr\u00e8s un concert en solo ici au premier centre culturel Golferichs\u00a0pendant l'essai du piano, et un autre en duo de\u2026","rel":"","context":"Dans &quot;Non class\u00e9&quot;","block_context":{"text":"Non class\u00e9","link":"http:\/\/www.fabriceeulry-laboutique.com\/blog\/?cat=1"},"img":{"alt_text":"","src":"https:\/\/i0.wp.com\/www.fabriceeulry-laboutique.com\/blog\/wp-content\/uploads\/2014\/11\/luuu-.jpg?resize=350%2C200","width":350,"height":200,"srcset":"https:\/\/i0.wp.com\/www.fabriceeulry-laboutique.com\/blog\/wp-content\/uploads\/2014\/11\/luuu-.jpg?resize=350%2C200 1x, https:\/\/i0.wp.com\/www.fabriceeulry-laboutique.com\/blog\/wp-content\/uploads\/2014\/11\/luuu-.jpg?resize=525%2C300 1.5x, https:\/\/i0.wp.com\/www.fabriceeulry-laboutique.com\/blog\/wp-content\/uploads\/2014\/11\/luuu-.jpg?resize=700%2C400 2x"},"classes":[]},{"id":869,"url":"http:\/\/www.fabriceeulry-laboutique.com\/blog\/?p=869","url_meta":{"origin":12095,"position":4},"title":"CHRONIQUES DU PETIT-JOURNAL ST MICHEL","author":"Le Canard du pianiste","date":"8 mars 2016","format":false,"excerpt":"\u00a0 Pour ceux qui ne sont jamais venus au Petit-journal St Michel (\u00e0 ne pas confondre avec le Petit-journal Montparnasse), notez la proximit\u00e9 du public autour de l'artiste, qui cr\u00e9e une intimit\u00e9, voire certains soirs, une communion toute particuli\u00e8re au lieu. \u00a0 \u00a0C'est l'unique rendez-vous r\u00e9gulier mensuel de Fabrice Eulry\u2026","rel":"","context":"Dans &quot;Non class\u00e9&quot;","block_context":{"text":"Non class\u00e9","link":"http:\/\/www.fabriceeulry-laboutique.com\/blog\/?cat=1"},"img":{"alt_text":"dasha","src":"https:\/\/i0.wp.com\/www.fabriceeulry-laboutique.com\/blog\/wp-content\/uploads\/2015\/12\/dasha-.jpg?resize=350%2C200","width":350,"height":200},"classes":[]}],"_links":{"self":[{"href":"http:\/\/www.fabriceeulry-laboutique.com\/blog\/index.php?rest_route=\/wp\/v2\/posts\/12095","targetHints":{"allow":["GET"]}}],"collection":[{"href":"http:\/\/www.fabriceeulry-laboutique.com\/blog\/index.php?rest_route=\/wp\/v2\/posts"}],"about":[{"href":"http:\/\/www.fabriceeulry-laboutique.com\/blog\/index.php?rest_route=\/wp\/v2\/types\/post"}],"author":[{"embeddable":true,"href":"http:\/\/www.fabriceeulry-laboutique.com\/blog\/index.php?rest_route=\/wp\/v2\/users\/2"}],"replies":[{"embeddable":true,"href":"http:\/\/www.fabriceeulry-laboutique.com\/blog\/index.php?rest_route=%2Fwp%2Fv2%2Fcomments&post=12095"}],"version-history":[{"count":2,"href":"http:\/\/www.fabriceeulry-laboutique.com\/blog\/index.php?rest_route=\/wp\/v2\/posts\/12095\/revisions"}],"predecessor-version":[{"id":12099,"href":"http:\/\/www.fabriceeulry-laboutique.com\/blog\/index.php?rest_route=\/wp\/v2\/posts\/12095\/revisions\/12099"}],"wp:attachment":[{"href":"http:\/\/www.fabriceeulry-laboutique.com\/blog\/index.php?rest_route=%2Fwp%2Fv2%2Fmedia&parent=12095"}],"wp:term":[{"taxonomy":"category","embeddable":true,"href":"http:\/\/www.fabriceeulry-laboutique.com\/blog\/index.php?rest_route=%2Fwp%2Fv2%2Fcategories&post=12095"},{"taxonomy":"post_tag","embeddable":true,"href":"http:\/\/www.fabriceeulry-laboutique.com\/blog\/index.php?rest_route=%2Fwp%2Fv2%2Ftags&post=12095"}],"curies":[{"name":"wp","href":"https:\/\/api.w.org\/{rel}","templated":true}]}}