{"id":12122,"date":"2019-10-01T17:26:58","date_gmt":"2019-10-01T17:26:58","guid":{"rendered":"http:\/\/www.fabriceeulry-laboutique.com\/blog\/?p=12122"},"modified":"2019-10-01T17:27:05","modified_gmt":"2019-10-01T17:27:05","slug":"boogie-woogie-a-trivy","status":"publish","type":"post","link":"http:\/\/www.fabriceeulry-laboutique.com\/blog\/?p=12122","title":{"rendered":"BOOGIE-WOOGIE \u00c0 TRIVY"},"content":{"rendered":"\n<figure class=\"wp-block-image\"><img data-recalc-dims=\"1\" loading=\"lazy\" decoding=\"async\" width=\"591\" height=\"592\" src=\"https:\/\/i0.wp.com\/www.fabriceeulry-laboutique.com\/blog\/wp-content\/uploads\/2019\/10\/TRIVY-2019.png?resize=591%2C592\" alt=\"\" class=\"wp-image-12123\" srcset=\"https:\/\/i0.wp.com\/www.fabriceeulry-laboutique.com\/blog\/wp-content\/uploads\/2019\/10\/TRIVY-2019.png?w=591 591w, https:\/\/i0.wp.com\/www.fabriceeulry-laboutique.com\/blog\/wp-content\/uploads\/2019\/10\/TRIVY-2019.png?resize=150%2C150 150w, https:\/\/i0.wp.com\/www.fabriceeulry-laboutique.com\/blog\/wp-content\/uploads\/2019\/10\/TRIVY-2019.png?resize=300%2C301 300w\" sizes=\"auto, (max-width: 591px) 100vw, 591px\" \/><figcaption>Les trois comp\u00e8res seront \u00e0 l&rsquo;\u00e9glise de Trivy le vendredi 11 octobre \u00e0 20h30 (Sa\u00f4ne et Loire) pour la cl\u00f4ture de ce festival.<\/figcaption><\/figure>\n\n\n\n<p style=\"text-align:center\"><strong>Les voici lors d&rsquo;une pr\u00e9c\u00e9dente rencontre en Espagne pour vous donner un aper\u00e7u de l&rsquo;ambiance&nbsp;:<\/strong><\/p>\n\n\n\n<p style=\"text-align:center\"><a href=\"https:\/\/www.youtube.com\/watch?v=k5f1YcxYXKM\">https:\/\/www.youtube.com\/watch?v=k5f1YcxYXKM<\/a><\/p>\n\n\n\n<p style=\"text-align:center\"><em>(Cliquez sur le lien ci-dessus pour visionner la vid\u00e9o)<\/em><\/p>\n\n\n\n<figure class=\"wp-block-image\"><img data-recalc-dims=\"1\" loading=\"lazy\" decoding=\"async\" width=\"640\" height=\"444\" src=\"https:\/\/i0.wp.com\/www.fabriceeulry-laboutique.com\/blog\/wp-content\/uploads\/2019\/10\/terrassa.png?resize=640%2C444\" alt=\"\" class=\"wp-image-12124\" srcset=\"https:\/\/i0.wp.com\/www.fabriceeulry-laboutique.com\/blog\/wp-content\/uploads\/2019\/10\/terrassa.png?w=659 659w, https:\/\/i0.wp.com\/www.fabriceeulry-laboutique.com\/blog\/wp-content\/uploads\/2019\/10\/terrassa.png?resize=300%2C208 300w\" sizes=\"auto, (max-width: 640px) 100vw, 640px\" \/><\/figure>\n\n\n\n<p style=\"text-align:center\"><strong>Et pour r\u00e9server :<\/strong><\/p>\n\n\n\n<p style=\"text-align:center\"><a href=\"https:\/\/www.jazzintrivy.fr\/reservations\/\">https:\/\/www.jazzintrivy.fr\/reservations\/<\/a><\/p>\n\n\n\n<p style=\"text-align:center\"><em><strong>Ecoutez int\u00e9gralement le premier morceau de l&rsquo;album de Ricky Nye Fabrice Eulry et <\/strong><a href=\"http:\/\/www.fabriceeulry-laboutique.com\/blog\/?p=299\"><strong>Renaud Patigny<\/strong><\/a><strong> :<\/strong><\/em><\/p>\n\n\n\n<div class=\"wp-block-image\"><figure class=\"aligncenter\"><a href=\"http:\/\/www.fabriceeulry.com\/discographie.html\"><img data-recalc-dims=\"1\" loading=\"lazy\" decoding=\"async\" width=\"535\" height=\"524\" src=\"https:\/\/i0.wp.com\/www.fabriceeulry-laboutique.com\/blog\/wp-content\/uploads\/2015\/10\/kil-.jpg?resize=535%2C524\" alt=\"kil\" class=\"wp-image-7706\" srcset=\"https:\/\/i0.wp.com\/www.fabriceeulry-laboutique.com\/blog\/wp-content\/uploads\/2015\/10\/kil-.jpg?w=535 535w, https:\/\/i0.wp.com\/www.fabriceeulry-laboutique.com\/blog\/wp-content\/uploads\/2015\/10\/kil-.jpg?resize=300%2C294 300w\" sizes=\"auto, (max-width: 535px) 100vw, 535px\" \/><\/a><\/figure><\/div>\n\n\n\n<p><br><\/p>\n\n\n\n<p><\/p>\n\n\n\n<p><\/p>\n","protected":false},"excerpt":{"rendered":"<p>Les voici lors d&rsquo;une pr\u00e9c\u00e9dente rencontre en Espagne pour vous donner un aper\u00e7u de l&rsquo;ambiance&nbsp;: https:\/\/www.youtube.com\/watch?v=k5f1YcxYXKM (Cliquez sur le lien ci-dessus pour visionner la vid\u00e9o) Et pour r\u00e9server : https:\/\/www.jazzintrivy.fr\/reservations\/ Ecoutez int\u00e9gralement le premier morceau de l&rsquo;album de Ricky Nye &hellip; <a href=\"http:\/\/www.fabriceeulry-laboutique.com\/blog\/?p=12122\">Continuer la lecture <span class=\"meta-nav\">&rarr;<\/span><\/a><\/p>\n","protected":false},"author":2,"featured_media":0,"comment_status":"open","ping_status":"open","sticky":false,"template":"","format":"standard","meta":{"jetpack_post_was_ever_published":false,"_jetpack_newsletter_access":"","_jetpack_dont_email_post_to_subs":false,"_jetpack_newsletter_tier_id":0,"_jetpack_memberships_contains_paywalled_content":false,"_jetpack_memberships_contains_paid_content":false,"footnotes":"","jetpack_publicize_message":"","jetpack_publicize_feature_enabled":true,"jetpack_social_post_already_shared":true,"jetpack_social_options":{"image_generator_settings":{"template":"highway","default_image_id":0,"font":"","enabled":false},"version":2}},"categories":[1],"tags":[],"class_list":["post-12122","post","type-post","status-publish","format-standard","hentry","category-non-classe"],"jetpack_publicize_connections":[],"jetpack_featured_media_url":"","jetpack_sharing_enabled":true,"jetpack_shortlink":"https:\/\/wp.me\/p2D6dI-39w","jetpack_likes_enabled":true,"jetpack-related-posts":[{"id":831,"url":"http:\/\/www.fabriceeulry-laboutique.com\/blog\/?p=831","url_meta":{"origin":12122,"position":0},"title":"LE CONCERTO POUR PIANO N\u00b02","author":"Le Canard du pianiste","date":"23 octobre 2012","format":false,"excerpt":"LE JOURNAL DE SAONE ET LOIRE DU 21 OCTOBRE Une fin de festival en apoth\u00e9ose le 19\/10\/2012\u00a0 C\u2019est \u00e0 guichet ferm\u00e9 que la saison des nuits musicales de Trivy s\u2019est achev\u00e9e. Une salle comble donc mais pas seulement. Il y avait \u00e9galement beaucoup de monde sur sc\u00e8ne, puisque pour ce\u2026","rel":"","context":"Dans &quot;Non class\u00e9&quot;","block_context":{"text":"Non class\u00e9","link":"http:\/\/www.fabriceeulry-laboutique.com\/blog\/?cat=1"},"img":{"alt_text":"","src":"https:\/\/i0.wp.com\/www.fabriceeulry-laboutique.com\/blog\/wp-content\/uploads\/2012\/10\/Krypiec.jpg?resize=350%2C200","width":350,"height":200,"srcset":"https:\/\/i0.wp.com\/www.fabriceeulry-laboutique.com\/blog\/wp-content\/uploads\/2012\/10\/Krypiec.jpg?resize=350%2C200 1x, https:\/\/i0.wp.com\/www.fabriceeulry-laboutique.com\/blog\/wp-content\/uploads\/2012\/10\/Krypiec.jpg?resize=525%2C300 1.5x, https:\/\/i0.wp.com\/www.fabriceeulry-laboutique.com\/blog\/wp-content\/uploads\/2012\/10\/Krypiec.jpg?resize=700%2C400 2x, https:\/\/i0.wp.com\/www.fabriceeulry-laboutique.com\/blog\/wp-content\/uploads\/2012\/10\/Krypiec.jpg?resize=1050%2C600 3x, https:\/\/i0.wp.com\/www.fabriceeulry-laboutique.com\/blog\/wp-content\/uploads\/2012\/10\/Krypiec.jpg?resize=1400%2C800 4x"},"classes":[]},{"id":7579,"url":"http:\/\/www.fabriceeulry-laboutique.com\/blog\/?p=7579","url_meta":{"origin":12122,"position":1},"title":"TRIVY LE 9 OCTOBRE : TRIO PLUS UN !","author":"Le Canard du pianiste","date":"26 septembre 2015","format":false,"excerpt":"Un quartet avec deux pianistes, et les deux comp\u00e8res Carl Schlosser et St\u00e9phane Roger Le vendredi 9 octobre 20h30 \u00e0 l'\u00e9glise de Trivy (Sa\u00f4ne et Loire)","rel":"","context":"Dans &quot;Non class\u00e9&quot;","block_context":{"text":"Non class\u00e9","link":"http:\/\/www.fabriceeulry-laboutique.com\/blog\/?cat=1"},"img":{"alt_text":"","src":"https:\/\/i0.wp.com\/www.fabriceeulry-laboutique.com\/blog\/wp-content\/uploads\/2015\/09\/triv-.jpg?resize=350%2C200","width":350,"height":200},"classes":[]},{"id":12147,"url":"http:\/\/www.fabriceeulry-laboutique.com\/blog\/?p=12147","url_meta":{"origin":12122,"position":2},"title":"BOOGIE \u00c0 TRIVY","author":"Le Canard du pianiste","date":"19 octobre 2019","format":false,"excerpt":"Lluis Coloma Ricky Nye et Fabrice Eulry essayaient ici les pianos en arrivant l'apr\u00e8s-midi du concert (Merci \u00e0 Jean Lech\u00e8re pour les photos). Ils d\u00e9cid\u00e8rent ensuite de changer leur disposition et l'\u00e9clairage en fonction de ce qu'ils projetaient de jouer et de leur mani\u00e8re d'articuler leur spectacle. Les trois comp\u00e8res\u2026","rel":"","context":"Dans &quot;Non class\u00e9&quot;","block_context":{"text":"Non class\u00e9","link":"http:\/\/www.fabriceeulry-laboutique.com\/blog\/?cat=1"},"img":{"alt_text":"","src":"https:\/\/i0.wp.com\/www.fabriceeulry-laboutique.com\/blog\/wp-content\/uploads\/2019\/10\/tr2.png?resize=350%2C200","width":350,"height":200,"srcset":"https:\/\/i0.wp.com\/www.fabriceeulry-laboutique.com\/blog\/wp-content\/uploads\/2019\/10\/tr2.png?resize=350%2C200 1x, https:\/\/i0.wp.com\/www.fabriceeulry-laboutique.com\/blog\/wp-content\/uploads\/2019\/10\/tr2.png?resize=525%2C300 1.5x"},"classes":[]},{"id":13062,"url":"http:\/\/www.fabriceeulry-laboutique.com\/blog\/?p=13062","url_meta":{"origin":12122,"position":3},"title":"D&rsquo;AUTRES PRECISIONS SUR BLUES EN AVEYRON","author":"Le Canard du pianiste","date":"7 septembre 2024","format":false,"excerpt":"Le 28 septembre au Prieur\u00e9 du sauvage, les duels de pianistes mettront \u00e0 l'honneur, outre les classiques du boogie et des reprises de Ray Charles, des blues et boogie issus d'improvisations et de compositions personnelles qui donnent lieu \u00e0 des 2, 4, ou 6 mains accompagn\u00e9s parfois \u00e0 la batterie,\u2026","rel":"","context":"Dans &quot;Non class\u00e9&quot;","block_context":{"text":"Non class\u00e9","link":"http:\/\/www.fabriceeulry-laboutique.com\/blog\/?cat=1"},"img":{"alt_text":"","src":"https:\/\/i0.wp.com\/www.fabriceeulry-laboutique.com\/blog\/wp-content\/uploads\/2024\/09\/Anne-Cadilhac.jpg?resize=350%2C200","width":350,"height":200,"srcset":"https:\/\/i0.wp.com\/www.fabriceeulry-laboutique.com\/blog\/wp-content\/uploads\/2024\/09\/Anne-Cadilhac.jpg?resize=350%2C200 1x, https:\/\/i0.wp.com\/www.fabriceeulry-laboutique.com\/blog\/wp-content\/uploads\/2024\/09\/Anne-Cadilhac.jpg?resize=525%2C300 1.5x, https:\/\/i0.wp.com\/www.fabriceeulry-laboutique.com\/blog\/wp-content\/uploads\/2024\/09\/Anne-Cadilhac.jpg?resize=700%2C400 2x"},"classes":[]},{"id":9720,"url":"http:\/\/www.fabriceeulry-laboutique.com\/blog\/?p=9720","url_meta":{"origin":12122,"position":4},"title":"DASHA PEARL","author":"Le Canard du pianiste","date":"22 septembre 2017","format":false,"excerpt":"N\u00e9e \u00e0 New York, Californienne, puis parisienne\u00a0d'adoption, Dasha Pearl se produira tr\u00e8s bient\u00f4t au festival de Trivy avec le pianiste Fabrice Eulry et le batteur Octave le vendredi 6 octobre 2017 ! \u00a0 \u00a0","rel":"","context":"Dans &quot;Non class\u00e9&quot;","block_context":{"text":"Non class\u00e9","link":"http:\/\/www.fabriceeulry-laboutique.com\/blog\/?cat=1"},"img":{"alt_text":"","src":"https:\/\/i0.wp.com\/www.fabriceeulry-laboutique.com\/blog\/wp-content\/uploads\/2017\/09\/Dasha3.png?resize=350%2C200","width":350,"height":200},"classes":[]},{"id":7674,"url":"http:\/\/www.fabriceeulry-laboutique.com\/blog\/?p=7674","url_meta":{"origin":12122,"position":5},"title":"DU KENTUCKY A LA BOURGOGNE","author":"Le Canard du pianiste","date":"9 octobre 2015","format":false,"excerpt":"Honeysuckle rose \u00e0 deux pianos avec Ricky Nye, en avant-go\u00fbt du festival de Trivy ce soir vendredi 9 octobre (vid\u00e9o enregistr\u00e9e \u00e0 Newport Kentucky en 2008) https:\/\/www.youtube.com\/watch?v=JyRxTya-Y6E \u00a0","rel":"","context":"Dans &quot;Non class\u00e9&quot;","block_context":{"text":"Non class\u00e9","link":"http:\/\/www.fabriceeulry-laboutique.com\/blog\/?cat=1"},"img":{"alt_text":"","src":"https:\/\/i0.wp.com\/img.youtube.com\/vi\/JyRxTya-Y6E\/0.jpg?resize=350%2C200","width":350,"height":200},"classes":[]}],"_links":{"self":[{"href":"http:\/\/www.fabriceeulry-laboutique.com\/blog\/index.php?rest_route=\/wp\/v2\/posts\/12122","targetHints":{"allow":["GET"]}}],"collection":[{"href":"http:\/\/www.fabriceeulry-laboutique.com\/blog\/index.php?rest_route=\/wp\/v2\/posts"}],"about":[{"href":"http:\/\/www.fabriceeulry-laboutique.com\/blog\/index.php?rest_route=\/wp\/v2\/types\/post"}],"author":[{"embeddable":true,"href":"http:\/\/www.fabriceeulry-laboutique.com\/blog\/index.php?rest_route=\/wp\/v2\/users\/2"}],"replies":[{"embeddable":true,"href":"http:\/\/www.fabriceeulry-laboutique.com\/blog\/index.php?rest_route=%2Fwp%2Fv2%2Fcomments&post=12122"}],"version-history":[{"count":3,"href":"http:\/\/www.fabriceeulry-laboutique.com\/blog\/index.php?rest_route=\/wp\/v2\/posts\/12122\/revisions"}],"predecessor-version":[{"id":12127,"href":"http:\/\/www.fabriceeulry-laboutique.com\/blog\/index.php?rest_route=\/wp\/v2\/posts\/12122\/revisions\/12127"}],"wp:attachment":[{"href":"http:\/\/www.fabriceeulry-laboutique.com\/blog\/index.php?rest_route=%2Fwp%2Fv2%2Fmedia&parent=12122"}],"wp:term":[{"taxonomy":"category","embeddable":true,"href":"http:\/\/www.fabriceeulry-laboutique.com\/blog\/index.php?rest_route=%2Fwp%2Fv2%2Fcategories&post=12122"},{"taxonomy":"post_tag","embeddable":true,"href":"http:\/\/www.fabriceeulry-laboutique.com\/blog\/index.php?rest_route=%2Fwp%2Fv2%2Ftags&post=12122"}],"curies":[{"name":"wp","href":"https:\/\/api.w.org\/{rel}","templated":true}]}}