{"id":12182,"date":"2019-10-28T14:34:08","date_gmt":"2019-10-28T14:34:08","guid":{"rendered":"http:\/\/www.fabriceeulry-laboutique.com\/blog\/?p=12182"},"modified":"2019-10-28T14:34:17","modified_gmt":"2019-10-28T14:34:17","slug":"linvitee-surprise-du-petit-journal","status":"publish","type":"post","link":"http:\/\/www.fabriceeulry-laboutique.com\/blog\/?p=12182","title":{"rendered":"L&rsquo;INVIT\u00c9E SURPRISE DU PETIT-JOURNAL"},"content":{"rendered":"\n<p style=\"text-align:center\"><strong>\u00c0 CE SOIR !<\/strong><\/p>\n\n\n\n<div class=\"wp-block-image\"><figure class=\"aligncenter\"><img data-recalc-dims=\"1\" loading=\"lazy\" decoding=\"async\" width=\"510\" height=\"714\" src=\"https:\/\/i0.wp.com\/www.fabriceeulry-laboutique.com\/blog\/wp-content\/uploads\/2019\/10\/PJane.png?resize=510%2C714\" alt=\"\" class=\"wp-image-12183\" srcset=\"https:\/\/i0.wp.com\/www.fabriceeulry-laboutique.com\/blog\/wp-content\/uploads\/2019\/10\/PJane.png?w=510 510w, https:\/\/i0.wp.com\/www.fabriceeulry-laboutique.com\/blog\/wp-content\/uploads\/2019\/10\/PJane.png?resize=214%2C300 214w, https:\/\/i0.wp.com\/www.fabriceeulry-laboutique.com\/blog\/wp-content\/uploads\/2019\/10\/PJane.png?resize=300%2C420 300w\" sizes=\"auto, (max-width: 510px) 100vw, 510px\" \/><\/figure><\/div>\n","protected":false},"excerpt":{"rendered":"<p>\u00c0 CE SOIR !<\/p>\n","protected":false},"author":2,"featured_media":0,"comment_status":"open","ping_status":"open","sticky":false,"template":"","format":"standard","meta":{"jetpack_post_was_ever_published":false,"_jetpack_newsletter_access":"","_jetpack_dont_email_post_to_subs":false,"_jetpack_newsletter_tier_id":0,"_jetpack_memberships_contains_paywalled_content":false,"_jetpack_memberships_contains_paid_content":false,"footnotes":"","jetpack_publicize_message":"","jetpack_publicize_feature_enabled":true,"jetpack_social_post_already_shared":true,"jetpack_social_options":{"image_generator_settings":{"template":"highway","default_image_id":0,"font":"","enabled":false},"version":2}},"categories":[1],"tags":[],"class_list":["post-12182","post","type-post","status-publish","format-standard","hentry","category-non-classe"],"jetpack_publicize_connections":[],"jetpack_featured_media_url":"","jetpack_sharing_enabled":true,"jetpack_shortlink":"https:\/\/wp.me\/p2D6dI-3au","jetpack_likes_enabled":true,"jetpack-related-posts":[{"id":12136,"url":"http:\/\/www.fabriceeulry-laboutique.com\/blog\/?p=12136","url_meta":{"origin":12182,"position":0},"title":"FABRICE EULRY REVIENT AU PETIT-JOURNAL !!!","author":"Le Canard du pianiste","date":"8 octobre 2019","format":false,"excerpt":"Suite \u00e0 de nombreuses r\u00e9clamations des fans de sa musique, la direction du Petit-journal Saint-Michel a accept\u00e9\u00a0de\u00a0r\u00e9ouvrir\u00a0le\u00a0lundi\u00a0sp\u00e9cialement\u00a0pour\u00a0Fabrice\u00a0Eulry.\u00a0 Les\u00a0derniers\u00a0lundi\u00a0du\u00a0mois\u00a0qu'il\u00a0a\u00a0anim\u00e9s\u00a0pendant\u00a021\u00a0ans vont-ils\u00a0d\u00e9j\u00e0 ressusciter\u00a0apr\u00e8s seulement un mois d'arr\u00eat ? \u00a0Toute\u00a0la\u00a0question\u00a0est\u00a0de\u00a0savoir\u00a0s'il y aura assez de monde\u00a0ce lundi 28 octobre pour\u00a0prouver\u00a0\u00e0\u00a0la\u00a0direction\u00a0qu'elle\u00a0a\u00a0eu raison\u00a0d'ouvrir \u00e0 nouveau.\u00a0Alors\u00a0tous\u00a0au\u00a0Petit-journal\u00a0le\u00a0lundi 28 octobre\u00a0!\u00a0Pour\u00a0cette\u00a0soir\u00e9e exceptionnelle et d\u00e9cisive, Fabrice Eulry invite quelques amis sur sc\u00e8ne\u2026","rel":"","context":"Dans &quot;Non class\u00e9&quot;","block_context":{"text":"Non class\u00e9","link":"http:\/\/www.fabriceeulry-laboutique.com\/blog\/?cat=1"},"img":{"alt_text":"","src":"https:\/\/i0.wp.com\/www.fabriceeulry-laboutique.com\/blog\/wp-content\/uploads\/2019\/04\/Gatsby-3.jpg?resize=350%2C200","width":350,"height":200,"srcset":"https:\/\/i0.wp.com\/www.fabriceeulry-laboutique.com\/blog\/wp-content\/uploads\/2019\/04\/Gatsby-3.jpg?resize=350%2C200 1x, https:\/\/i0.wp.com\/www.fabriceeulry-laboutique.com\/blog\/wp-content\/uploads\/2019\/04\/Gatsby-3.jpg?resize=525%2C300 1.5x, https:\/\/i0.wp.com\/www.fabriceeulry-laboutique.com\/blog\/wp-content\/uploads\/2019\/04\/Gatsby-3.jpg?resize=700%2C400 2x, https:\/\/i0.wp.com\/www.fabriceeulry-laboutique.com\/blog\/wp-content\/uploads\/2019\/04\/Gatsby-3.jpg?resize=1050%2C600 3x, https:\/\/i0.wp.com\/www.fabriceeulry-laboutique.com\/blog\/wp-content\/uploads\/2019\/04\/Gatsby-3.jpg?resize=1400%2C800 4x"},"classes":[]},{"id":11600,"url":"http:\/\/www.fabriceeulry-laboutique.com\/blog\/?p=11600","url_meta":{"origin":12182,"position":1},"title":"FABRICE EULRY AU PETIT-JOURNAL CE LUNDI 25 F\u00c9VRIER!","author":"Le Canard du pianiste","date":"24 f\u00e9vrier 2019","format":false,"excerpt":"... a enfin \u00e9t\u00e9 rachet\u00e9 par un acqu\u00e9reur plein de bonne volont\u00e9 pour sa vocation de lieu artistique ! C'est tout d'abord par votre\u00a0pr\u00e9sence que le Petit-journal Saint-Michel pourra justifier sa vocation musicale ! notamment gr\u00e2ce \u00e0 la demande de la mairie du V\u00e8me (gr\u00e2ce lui en soit rendue) de\u2026","rel":"","context":"Dans &quot;Non class\u00e9&quot;","block_context":{"text":"Non class\u00e9","link":"http:\/\/www.fabriceeulry-laboutique.com\/blog\/?cat=1"},"img":{"alt_text":"fabrice au PJ","src":"https:\/\/i0.wp.com\/www.fabriceeulry-laboutique.com\/blog\/wp-content\/uploads\/2012\/09\/fabrice-au-PJ-764x1024.jpg?resize=350%2C200","width":350,"height":200,"srcset":"https:\/\/i0.wp.com\/www.fabriceeulry-laboutique.com\/blog\/wp-content\/uploads\/2012\/09\/fabrice-au-PJ-764x1024.jpg?resize=350%2C200 1x, https:\/\/i0.wp.com\/www.fabriceeulry-laboutique.com\/blog\/wp-content\/uploads\/2012\/09\/fabrice-au-PJ-764x1024.jpg?resize=525%2C300 1.5x, https:\/\/i0.wp.com\/www.fabriceeulry-laboutique.com\/blog\/wp-content\/uploads\/2012\/09\/fabrice-au-PJ-764x1024.jpg?resize=700%2C400 2x"},"classes":[]},{"id":7099,"url":"http:\/\/www.fabriceeulry-laboutique.com\/blog\/?p=7099","url_meta":{"origin":12182,"position":2},"title":"FABRICE EULRY AU PETIT-JOURNAL SAINT-MICHEL","author":"Le Canard du pianiste","date":"14 juin 2015","format":false,"excerpt":"Prochain concert de Fabrice Eulry au Petit-journal Saint-Michel : \u00a0Lundi 7 septembre... Avant de reprendre les derniers lundi du mois \u00e0 partir d'octobre. Avec, comme toujours un programme improvis\u00e9 et des invit\u00e9s inattendus (et lundi 20 juillet il y aura une surprise de taille)... \u00a0Photo : Carole Demolliens \u00a0 Boogie\u2026","rel":"","context":"Dans &quot;Non class\u00e9&quot;","block_context":{"text":"Non class\u00e9","link":"http:\/\/www.fabriceeulry-laboutique.com\/blog\/?cat=1"},"img":{"alt_text":"","src":"https:\/\/i0.wp.com\/fabriceeulryunblogfr.unblog.fr\/files\/2010\/12\/pjs.jpg?resize=350%2C200","width":350,"height":200},"classes":[]},{"id":10147,"url":"http:\/\/www.fabriceeulry-laboutique.com\/blog\/?p=10147","url_meta":{"origin":12182,"position":3},"title":"VINGT ANS AU PETIT-JOURNAL SAINT-MICHEL","author":"Le Canard du pianiste","date":"30 janvier 2018","format":false,"excerpt":"\"Merci aux fid\u00e8les qui ont f\u00eat\u00e9 cet anniversaire avec moi !\" Fabrice Eulry Parmi les surprises que les m\u00e9lomanes ont r\u00e9serv\u00e9es \u00e0 Fabrice Eulry pour ce 240 \u00e8me concert au Petit-journal depuis 1997 : Un g\u00e2teau et une bougie \"20\" que lui fait souffler Danielle la g\u00e9rante du Petit-Journal Saint-Michel\u2026","rel":"","context":"Dans &quot;Non class\u00e9&quot;","block_context":{"text":"Non class\u00e9","link":"http:\/\/www.fabriceeulry-laboutique.com\/blog\/?cat=1"},"img":{"alt_text":"","src":"https:\/\/i0.wp.com\/www.fabriceeulry-laboutique.com\/blog\/wp-content\/uploads\/2018\/01\/Pj202.png?resize=350%2C200","width":350,"height":200,"srcset":"https:\/\/i0.wp.com\/www.fabriceeulry-laboutique.com\/blog\/wp-content\/uploads\/2018\/01\/Pj202.png?resize=350%2C200 1x, https:\/\/i0.wp.com\/www.fabriceeulry-laboutique.com\/blog\/wp-content\/uploads\/2018\/01\/Pj202.png?resize=525%2C300 1.5x"},"classes":[]},{"id":11821,"url":"http:\/\/www.fabriceeulry-laboutique.com\/blog\/?p=11821","url_meta":{"origin":12182,"position":4},"title":"FABRICE EULRY AU PETIT-JOURNAL ST MICHEL CE 29 AVRIL","author":"Le Canard du pianiste","date":"27 avril 2019","format":false,"excerpt":"Comme tous les derniers lundi du mois, Fabrice Eulry se produira en piano solo le lundi 29 AVRIL 2019 avec comme toujours des improvisations folles et des invit\u00e9s surprises. Le pianiste en trio, le cd enregistr\u00e9 au Petit-journal Saint-Michel (cliquez sur le lien pour \u00e9couter des extraits et le commander)\u2026","rel":"","context":"Dans &quot;Non class\u00e9&quot;","block_context":{"text":"Non class\u00e9","link":"http:\/\/www.fabriceeulry-laboutique.com\/blog\/?cat=1"},"img":{"alt_text":"entrio","src":"https:\/\/i0.wp.com\/www.fabriceeulry-laboutique.com\/blog\/wp-content\/uploads\/2017\/12\/entrio.png?resize=350%2C200","width":350,"height":200},"classes":[]},{"id":10013,"url":"http:\/\/www.fabriceeulry-laboutique.com\/blog\/?p=10013","url_meta":{"origin":12182,"position":5},"title":"FABRICE EULRY F\u00caTE SES VINGT ANS AU PETIT-JOURNAL SAINT-MICHEL","author":"Le Canard du pianiste","date":"7 janvier 2018","format":false,"excerpt":"\u00a0Vingt ans d\u00e9j\u00e0 ! ... Que Fabrice Eulry se produit tous les derniers lundi du mois au : N'oubliez pas que le Petit-journal Saint-Michel est menac\u00e9 par la sp\u00e9culation immobili\u00e8re. Avant qu'il soit transform\u00e9 en parking comme dans la chanson de Dutronc, profitez de ce petit jardin ! Vous retrouverez\u2026","rel":"","context":"Dans &quot;Non class\u00e9&quot;","block_context":{"text":"Non class\u00e9","link":"http:\/\/www.fabriceeulry-laboutique.com\/blog\/?cat=1"},"img":{"alt_text":"PJ COORDONNEES","src":"https:\/\/i0.wp.com\/www.fabriceeulry-laboutique.com\/blog\/wp-content\/uploads\/2017\/01\/PJ-COORDONNEES.png?resize=350%2C200","width":350,"height":200},"classes":[]}],"_links":{"self":[{"href":"http:\/\/www.fabriceeulry-laboutique.com\/blog\/index.php?rest_route=\/wp\/v2\/posts\/12182","targetHints":{"allow":["GET"]}}],"collection":[{"href":"http:\/\/www.fabriceeulry-laboutique.com\/blog\/index.php?rest_route=\/wp\/v2\/posts"}],"about":[{"href":"http:\/\/www.fabriceeulry-laboutique.com\/blog\/index.php?rest_route=\/wp\/v2\/types\/post"}],"author":[{"embeddable":true,"href":"http:\/\/www.fabriceeulry-laboutique.com\/blog\/index.php?rest_route=\/wp\/v2\/users\/2"}],"replies":[{"embeddable":true,"href":"http:\/\/www.fabriceeulry-laboutique.com\/blog\/index.php?rest_route=%2Fwp%2Fv2%2Fcomments&post=12182"}],"version-history":[{"count":1,"href":"http:\/\/www.fabriceeulry-laboutique.com\/blog\/index.php?rest_route=\/wp\/v2\/posts\/12182\/revisions"}],"predecessor-version":[{"id":12184,"href":"http:\/\/www.fabriceeulry-laboutique.com\/blog\/index.php?rest_route=\/wp\/v2\/posts\/12182\/revisions\/12184"}],"wp:attachment":[{"href":"http:\/\/www.fabriceeulry-laboutique.com\/blog\/index.php?rest_route=%2Fwp%2Fv2%2Fmedia&parent=12182"}],"wp:term":[{"taxonomy":"category","embeddable":true,"href":"http:\/\/www.fabriceeulry-laboutique.com\/blog\/index.php?rest_route=%2Fwp%2Fv2%2Fcategories&post=12182"},{"taxonomy":"post_tag","embeddable":true,"href":"http:\/\/www.fabriceeulry-laboutique.com\/blog\/index.php?rest_route=%2Fwp%2Fv2%2Ftags&post=12182"}],"curies":[{"name":"wp","href":"https:\/\/api.w.org\/{rel}","templated":true}]}}