{"id":12223,"date":"2019-12-01T13:32:42","date_gmt":"2019-12-01T13:32:42","guid":{"rendered":"http:\/\/www.fabriceeulry-laboutique.com\/blog\/?p=12223"},"modified":"2019-12-01T13:49:00","modified_gmt":"2019-12-01T13:49:00","slug":"blues-a-savines-le-lac","status":"publish","type":"post","link":"http:\/\/www.fabriceeulry-laboutique.com\/blog\/?p=12223","title":{"rendered":"BLUES \u00c0 SAVINES LE LAC"},"content":{"rendered":"\n<p style=\"text-align:center\"><strong>Savines le lac est un site magnifique mais il faut faire la route pour le d\u00e9couvrir ! Tout d&rsquo;abord, en allant jusqu&rsquo;\u00e0 Gap, puis en continuant \u00e0 travers les monts magnifiques des Alpes du sud. Le d\u00e9placement vaut aussi le coup pour la chaleur du public, comme souvent dans les lieux isol\u00e9s (ce n&rsquo;est pas un clich\u00e9 !).<\/strong><\/p>\n\n\n\n<div class=\"wp-block-image\"><figure class=\"aligncenter\"><img data-recalc-dims=\"1\" loading=\"lazy\" decoding=\"async\" width=\"466\" height=\"259\" src=\"https:\/\/i0.wp.com\/www.fabriceeulry-laboutique.com\/blog\/wp-content\/uploads\/2019\/12\/savines.png?resize=466%2C259\" alt=\"\" class=\"wp-image-12227\" srcset=\"https:\/\/i0.wp.com\/www.fabriceeulry-laboutique.com\/blog\/wp-content\/uploads\/2019\/12\/savines.png?w=466 466w, https:\/\/i0.wp.com\/www.fabriceeulry-laboutique.com\/blog\/wp-content\/uploads\/2019\/12\/savines.png?resize=300%2C167 300w\" sizes=\"auto, (max-width: 466px) 100vw, 466px\" \/><figcaption><strong>L&rsquo;ancien village de Savines est noy\u00e9 par un lac de barrage cr\u00e9\u00e9 dans les ann\u00e9es 1950 pour r\u00e9guler la Durance. La plus vieille maison du nouveau Savines le lac date donc de 1960 environ. <\/strong><\/figcaption><\/figure><\/div>\n\n\n\n<figure class=\"wp-block-image\"><img loading=\"lazy\" decoding=\"async\" width=\"3120\" height=\"4160\" src=\"https:\/\/i2.wp.com\/www.fabriceeulry-laboutique.com\/blog\/wp-content\/uploads\/2019\/11\/IMG_20191129_175720.jpg?fit=640%2C853\" alt=\"\" class=\"wp-image-12224\" srcset=\"https:\/\/i0.wp.com\/www.fabriceeulry-laboutique.com\/blog\/wp-content\/uploads\/2019\/11\/IMG_20191129_175720.jpg?w=3120 3120w, https:\/\/i0.wp.com\/www.fabriceeulry-laboutique.com\/blog\/wp-content\/uploads\/2019\/11\/IMG_20191129_175720.jpg?resize=225%2C300 225w, https:\/\/i0.wp.com\/www.fabriceeulry-laboutique.com\/blog\/wp-content\/uploads\/2019\/11\/IMG_20191129_175720.jpg?resize=768%2C1024 768w, https:\/\/i0.wp.com\/www.fabriceeulry-laboutique.com\/blog\/wp-content\/uploads\/2019\/11\/IMG_20191129_175720.jpg?resize=300%2C400 300w, https:\/\/i0.wp.com\/www.fabriceeulry-laboutique.com\/blog\/wp-content\/uploads\/2019\/11\/IMG_20191129_175720.jpg?w=1280 1280w, https:\/\/i0.wp.com\/www.fabriceeulry-laboutique.com\/blog\/wp-content\/uploads\/2019\/11\/IMG_20191129_175720.jpg?w=1920 1920w\" sizes=\"auto, (max-width: 640px) 100vw, 640px\" \/><figcaption><strong>L&rsquo;affiche du concert qui cl\u00f4turait la saison.<\/strong><\/figcaption><\/figure>\n\n\n\n<p style=\"text-align:center\"><strong>Un accueil triomphal a \u00e9t\u00e9 r\u00e9serv\u00e9 \u00e0 Cisco Herzaft qui joue et chante un blues des racines, entra\u00eenant et ponctu\u00e9 d&rsquo;anecdotes et d&rsquo;humour, commen\u00e7ant son spectacle&nbsp;par&nbsp;le&nbsp;Shake&nbsp;it&nbsp;baby&nbsp;de&nbsp;John&nbsp;lee&nbsp;Hooker&nbsp;(avec&nbsp;qui&nbsp;il&nbsp;a&nbsp;enregistr\u00e9&nbsp;en&nbsp;1970)&nbsp;et&nbsp;la&nbsp;composition&nbsp;phare&nbsp;de&nbsp;son&nbsp;nouvel&nbsp;album&nbsp;I&rsquo;m&nbsp;just&nbsp;a&nbsp;man.<\/strong><br><\/p>\n\n\n\n<figure class=\"wp-block-image\"><img loading=\"lazy\" decoding=\"async\" width=\"4160\" height=\"3120\" src=\"https:\/\/i2.wp.com\/www.fabriceeulry-laboutique.com\/blog\/wp-content\/uploads\/2019\/11\/IMG_20191129_210018.jpg?fit=640%2C480\" alt=\"\" class=\"wp-image-12225\" srcset=\"https:\/\/i0.wp.com\/www.fabriceeulry-laboutique.com\/blog\/wp-content\/uploads\/2019\/11\/IMG_20191129_210018.jpg?w=4160 4160w, https:\/\/i0.wp.com\/www.fabriceeulry-laboutique.com\/blog\/wp-content\/uploads\/2019\/11\/IMG_20191129_210018.jpg?resize=300%2C225 300w, https:\/\/i0.wp.com\/www.fabriceeulry-laboutique.com\/blog\/wp-content\/uploads\/2019\/11\/IMG_20191129_210018.jpg?resize=768%2C576 768w, https:\/\/i0.wp.com\/www.fabriceeulry-laboutique.com\/blog\/wp-content\/uploads\/2019\/11\/IMG_20191129_210018.jpg?resize=1024%2C768 1024w, https:\/\/i0.wp.com\/www.fabriceeulry-laboutique.com\/blog\/wp-content\/uploads\/2019\/11\/IMG_20191129_210018.jpg?w=1280 1280w, https:\/\/i0.wp.com\/www.fabriceeulry-laboutique.com\/blog\/wp-content\/uploads\/2019\/11\/IMG_20191129_210018.jpg?w=1920 1920w\" sizes=\"auto, (max-width: 640px) 100vw, 640px\" \/><figcaption>A<strong>ccompagnant Cisco, Fabrice Eulry \u00e0 droite<\/strong><br><strong> <\/strong><\/figcaption><\/figure>\n\n\n\n<p style=\"text-align:center\"><strong>Fabrice Eulry jouait sur un Wurlitzer le piano que Ray Charles utilise dans What&rsquo;d I say (un clavier de la m\u00eame \u00e9poque que le nouveau Savines la lac !) au son tr\u00e8s typ\u00e9, qui limite la couleur des morceaux solos mais qui est id\u00e9al pour accompagner Cisco : \u00e0 la demande de celui-ci, le pianiste a plac\u00e9 trois morceaux en solo : Kansas City, What&rsquo;d I say de Ray Charles (bien s\u00fbr) et Boogie roussette, une composition personnelle.<\/strong><\/p>\n","protected":false},"excerpt":{"rendered":"<p>Savines le lac est un site magnifique mais il faut faire la route pour le d\u00e9couvrir ! Tout d&rsquo;abord, en allant jusqu&rsquo;\u00e0 Gap, puis en continuant \u00e0 travers les monts magnifiques des Alpes du sud. Le d\u00e9placement vaut aussi le &hellip; <a href=\"http:\/\/www.fabriceeulry-laboutique.com\/blog\/?p=12223\">Continuer la lecture <span class=\"meta-nav\">&rarr;<\/span><\/a><\/p>\n","protected":false},"author":2,"featured_media":0,"comment_status":"open","ping_status":"open","sticky":false,"template":"","format":"standard","meta":{"jetpack_post_was_ever_published":false,"_jetpack_newsletter_access":"","_jetpack_dont_email_post_to_subs":false,"_jetpack_newsletter_tier_id":0,"_jetpack_memberships_contains_paywalled_content":false,"_jetpack_memberships_contains_paid_content":false,"footnotes":"","jetpack_publicize_message":"","jetpack_publicize_feature_enabled":true,"jetpack_social_post_already_shared":true,"jetpack_social_options":{"image_generator_settings":{"template":"highway","default_image_id":0,"font":"","enabled":false},"version":2}},"categories":[1],"tags":[],"class_list":["post-12223","post","type-post","status-publish","format-standard","hentry","category-non-classe"],"jetpack_publicize_connections":[],"jetpack_featured_media_url":"","jetpack_sharing_enabled":true,"jetpack_shortlink":"https:\/\/wp.me\/p2D6dI-3b9","jetpack_likes_enabled":true,"jetpack-related-posts":[{"id":831,"url":"http:\/\/www.fabriceeulry-laboutique.com\/blog\/?p=831","url_meta":{"origin":12223,"position":0},"title":"LE CONCERTO POUR PIANO N\u00b02","author":"Le Canard du pianiste","date":"23 octobre 2012","format":false,"excerpt":"LE JOURNAL DE SAONE ET LOIRE DU 21 OCTOBRE Une fin de festival en apoth\u00e9ose le 19\/10\/2012\u00a0 C\u2019est \u00e0 guichet ferm\u00e9 que la saison des nuits musicales de Trivy s\u2019est achev\u00e9e. Une salle comble donc mais pas seulement. Il y avait \u00e9galement beaucoup de monde sur sc\u00e8ne, puisque pour ce\u2026","rel":"","context":"Dans &quot;Non class\u00e9&quot;","block_context":{"text":"Non class\u00e9","link":"http:\/\/www.fabriceeulry-laboutique.com\/blog\/?cat=1"},"img":{"alt_text":"","src":"https:\/\/i0.wp.com\/www.fabriceeulry-laboutique.com\/blog\/wp-content\/uploads\/2012\/10\/Krypiec.jpg?resize=350%2C200","width":350,"height":200,"srcset":"https:\/\/i0.wp.com\/www.fabriceeulry-laboutique.com\/blog\/wp-content\/uploads\/2012\/10\/Krypiec.jpg?resize=350%2C200 1x, https:\/\/i0.wp.com\/www.fabriceeulry-laboutique.com\/blog\/wp-content\/uploads\/2012\/10\/Krypiec.jpg?resize=525%2C300 1.5x, https:\/\/i0.wp.com\/www.fabriceeulry-laboutique.com\/blog\/wp-content\/uploads\/2012\/10\/Krypiec.jpg?resize=700%2C400 2x, https:\/\/i0.wp.com\/www.fabriceeulry-laboutique.com\/blog\/wp-content\/uploads\/2012\/10\/Krypiec.jpg?resize=1050%2C600 3x, https:\/\/i0.wp.com\/www.fabriceeulry-laboutique.com\/blog\/wp-content\/uploads\/2012\/10\/Krypiec.jpg?resize=1400%2C800 4x"},"classes":[]},{"id":6628,"url":"http:\/\/www.fabriceeulry-laboutique.com\/blog\/?p=6628","url_meta":{"origin":12223,"position":1},"title":"LE DEBIT DU LAIT EST-IL LAID ?","author":"Le Canard du pianiste","date":"25 mars 2015","format":false,"excerpt":"Devez-vous cesser d\u2019urgence de consommer du lait\u00a0? Ch\u00e8re amie, cher ami, Avant de vous parler du lait et des produits laitiers, sachez qu'il reste encore des places pour nos deux prochains \u00e9v\u00e9nements\u00a0: La conf\u00e9rence de Luc\u00a0Bodin le 28\u00a0mars 2015\u00a0: \u00ab\u00a0Soigner avec l'\u00e9nergie\u00a0\u00bb, \u00e0 Louvain-la-Neuve (Belgique).\u00a0Programme et inscriptions ici. Plus d'informations\u2026","rel":"","context":"Dans &quot;Non class\u00e9&quot;","block_context":{"text":"Non class\u00e9","link":"http:\/\/www.fabriceeulry-laboutique.com\/blog\/?cat=1"},"img":{"alt_text":"","src":"","width":0,"height":0},"classes":[]},{"id":6418,"url":"http:\/\/www.fabriceeulry-laboutique.com\/blog\/?p=6418","url_meta":{"origin":12223,"position":2},"title":"QUAND LE PATRIMOINE DEVIENT UN PANNEAU PUBLICITAIRE","author":"Le Canard du pianiste","date":"17 f\u00e9vrier 2015","format":false,"excerpt":"\u00a0Quand le patrimoine devient un panneau publicitaire pour produits financiers mardi\u00a0 17 f\u00e9vrier 2015 : Versailles, laboratoire du malaise patrimonial \u00ab Versailles, ce passionnant laboratoire de notre malaise patrimonial \u00bb, la formule est d\u2019Alexandre Gady, universitaire et pr\u00e9sident de la SPPEF (1) dans une tribune libre parue dans le dernier\u2026","rel":"","context":"Dans &quot;Non class\u00e9&quot;","block_context":{"text":"Non class\u00e9","link":"http:\/\/www.fabriceeulry-laboutique.com\/blog\/?cat=1"},"img":{"alt_text":"Les fruits de l'AC \u00e0 Versailles","src":"https:\/\/i0.wp.com\/www.sourgins.fr\/wp-content\/uploads\/2015\/02\/Les-fruits-de-lAC-%C3%A0-Versailles-192x300.jpg?resize=350%2C200","width":350,"height":200},"classes":[]},{"id":3009,"url":"http:\/\/www.fabriceeulry-laboutique.com\/blog\/?p=3009","url_meta":{"origin":12223,"position":3},"title":"MISE AU POINT SUR LA MARSEILLAISE","author":"Le Canard du pianiste","date":"15 mai 2014","format":false,"excerpt":"\u00a0 \u00a0 \u00a0Suite \u00e0 de nouvelles tentatives de d\u00e9sinformation sur l'hymne national nous r\u00e9\u00e9ditons cette article : \u00a0 \u00a0 \u00a0 \u00a0La Marseillaise a \u00e9t\u00e9 cr\u00e9\u00e9e en 1792 pour\u00a0galvaniser le peuple contre les arm\u00e9es coalis\u00e9es (Prusse Autriche Angleterre)\u00a0et les nobles \u00e9migr\u00e9s \u00a0d\u00e9sirant r\u00e9tablir l'ancien r\u00e9gime. Mais bien au-del\u00e0 de ce contexte\u2026","rel":"","context":"Dans &quot;Non class\u00e9&quot;","block_context":{"text":"Non class\u00e9","link":"http:\/\/www.fabriceeulry-laboutique.com\/blog\/?cat=1"},"img":{"alt_text":"","src":"https:\/\/i0.wp.com\/www.fabriceeulry-laboutique.com\/blog\/wp-content\/uploads\/2013\/06\/Capture-d%E2%80%99%C3%A9cran-2001-01-01-%C3%A0-03.54.05.png?resize=350%2C200","width":350,"height":200},"classes":[]},{"id":11472,"url":"http:\/\/www.fabriceeulry-laboutique.com\/blog\/?p=11472","url_meta":{"origin":12223,"position":4},"title":"LES BO\u00ceTES DE NUIT VONT-ELLES DISPARA\u00ceTRE ?","author":"Le Canard du pianiste","date":"12 janvier 2019","format":false,"excerpt":"Nous reproduisons un extrait d'un article paru en 2018 dans Sputniknews, que nous ponctuons de nos commentaires\u00a0en\u00a0demi-teinte\u00a0et\u00a0sans\u00a0concession. [Article initialement publi\u00e9 le 27 juillet 2018] En 30 ans, pr\u00e8s de deux tiers des discoth\u00e8ques ont disparu, elles \u00e9taient pr\u00e8s de 4.000 au d\u00e9but des ann\u00e9es 80, aujourd'hui on\u00a0en recense environ 1.500.\u2026","rel":"","context":"Dans &quot;Non class\u00e9&quot;","block_context":{"text":"Non class\u00e9","link":"http:\/\/www.fabriceeulry-laboutique.com\/blog\/?cat=1"},"img":{"alt_text":"","src":"https:\/\/i0.wp.com\/www.fabriceeulry-laboutique.com\/blog\/wp-content\/uploads\/2019\/01\/boite-de-nuit-1.png?resize=350%2C200","width":350,"height":200,"srcset":"https:\/\/i0.wp.com\/www.fabriceeulry-laboutique.com\/blog\/wp-content\/uploads\/2019\/01\/boite-de-nuit-1.png?resize=350%2C200 1x, https:\/\/i0.wp.com\/www.fabriceeulry-laboutique.com\/blog\/wp-content\/uploads\/2019\/01\/boite-de-nuit-1.png?resize=525%2C300 1.5x"},"classes":[]},{"id":6829,"url":"http:\/\/www.fabriceeulry-laboutique.com\/blog\/?p=6829","url_meta":{"origin":12223,"position":5},"title":"ENORMES EMEUTES XENOPHOBES EN AFRIQUE DU SUD","author":"Le Canard du pianiste","date":"2 mai 2015","format":false,"excerpt":"Pourquoi l'Afrique du Sud est-elle en proie \u00e0 des \u00e9meutes x\u00e9nophobes ? Article de Bernard Lugan publi\u00e9 dans le Huffington Post, le 27\/04\/2015 Depuis les ann\u00e9es 2000, en Afrique du Sud, les \u00e9meutes x\u00e9nophobes constituent un ph\u00e9nom\u00e8ne r\u00e9current[1], inscrit dans un contexte de crise \u00e9conomique, de ch\u00f4mage, d'ins\u00e9curit\u00e9, de crise\u2026","rel":"","context":"Dans &quot;Non class\u00e9&quot;","block_context":{"text":"Non class\u00e9","link":"http:\/\/www.fabriceeulry-laboutique.com\/blog\/?cat=1"},"img":{"alt_text":"","src":"https:\/\/i0.wp.com\/www.fabriceeulry-laboutique.com\/img\/c\/7-medium.jpg?resize=350%2C200","width":350,"height":200},"classes":[]}],"_links":{"self":[{"href":"http:\/\/www.fabriceeulry-laboutique.com\/blog\/index.php?rest_route=\/wp\/v2\/posts\/12223","targetHints":{"allow":["GET"]}}],"collection":[{"href":"http:\/\/www.fabriceeulry-laboutique.com\/blog\/index.php?rest_route=\/wp\/v2\/posts"}],"about":[{"href":"http:\/\/www.fabriceeulry-laboutique.com\/blog\/index.php?rest_route=\/wp\/v2\/types\/post"}],"author":[{"embeddable":true,"href":"http:\/\/www.fabriceeulry-laboutique.com\/blog\/index.php?rest_route=\/wp\/v2\/users\/2"}],"replies":[{"embeddable":true,"href":"http:\/\/www.fabriceeulry-laboutique.com\/blog\/index.php?rest_route=%2Fwp%2Fv2%2Fcomments&post=12223"}],"version-history":[{"count":4,"href":"http:\/\/www.fabriceeulry-laboutique.com\/blog\/index.php?rest_route=\/wp\/v2\/posts\/12223\/revisions"}],"predecessor-version":[{"id":12230,"href":"http:\/\/www.fabriceeulry-laboutique.com\/blog\/index.php?rest_route=\/wp\/v2\/posts\/12223\/revisions\/12230"}],"wp:attachment":[{"href":"http:\/\/www.fabriceeulry-laboutique.com\/blog\/index.php?rest_route=%2Fwp%2Fv2%2Fmedia&parent=12223"}],"wp:term":[{"taxonomy":"category","embeddable":true,"href":"http:\/\/www.fabriceeulry-laboutique.com\/blog\/index.php?rest_route=%2Fwp%2Fv2%2Fcategories&post=12223"},{"taxonomy":"post_tag","embeddable":true,"href":"http:\/\/www.fabriceeulry-laboutique.com\/blog\/index.php?rest_route=%2Fwp%2Fv2%2Ftags&post=12223"}],"curies":[{"name":"wp","href":"https:\/\/api.w.org\/{rel}","templated":true}]}}