{"id":12262,"date":"2020-02-11T17:00:44","date_gmt":"2020-02-11T17:00:44","guid":{"rendered":"http:\/\/www.fabriceeulry-laboutique.com\/blog\/?p=12262"},"modified":"2020-03-04T01:48:59","modified_gmt":"2020-03-04T01:48:59","slug":"blues-en-aveyron-2020","status":"publish","type":"post","link":"http:\/\/www.fabriceeulry-laboutique.com\/blog\/?p=12262","title":{"rendered":"BLUES EN AVEYRON 2020"},"content":{"rendered":"\n<p style=\"text-align:center\"><strong>Le programme du festival vient de sortir :<\/strong><\/p>\n\n\n\n<figure class=\"wp-block-image\"><img data-recalc-dims=\"1\" loading=\"lazy\" decoding=\"async\" width=\"566\" height=\"579\" src=\"https:\/\/i0.wp.com\/www.fabriceeulry-laboutique.com\/blog\/wp-content\/uploads\/2020\/03\/bena.png?resize=566%2C579\" alt=\"\" class=\"wp-image-12279\" srcset=\"https:\/\/i0.wp.com\/www.fabriceeulry-laboutique.com\/blog\/wp-content\/uploads\/2020\/03\/bena.png?w=566 566w, https:\/\/i0.wp.com\/www.fabriceeulry-laboutique.com\/blog\/wp-content\/uploads\/2020\/03\/bena.png?resize=293%2C300 293w, https:\/\/i0.wp.com\/www.fabriceeulry-laboutique.com\/blog\/wp-content\/uploads\/2020\/03\/bena.png?resize=300%2C307 300w\" sizes=\"auto, (max-width: 566px) 100vw, 566px\" \/><\/figure>\n\n\n\n<p style=\"text-align:center\"><strong>Les tickets ne sont pas en vente&#8230; Sauf pour les lecteurs du Canard du pianiste ! R\u00e9servez vos places en \u00e9crivant sur le Fb de Blues en Aveyron. Soyez les premiers \u00e0 vous les procurer pour \u00e9viter la cohue ! (pour le concert Fabienne Thibeault-Fabrice Eulry il est conseill\u00e9 de r\u00e9server tr\u00e8s \u00e0 l&rsquo;avance)<\/strong><\/p>\n","protected":false},"excerpt":{"rendered":"<p>Le programme du festival vient de sortir : Les tickets ne sont pas en vente&#8230; Sauf pour les lecteurs du Canard du pianiste ! R\u00e9servez vos places en \u00e9crivant sur le Fb de Blues en Aveyron. Soyez les premiers \u00e0 &hellip; <a href=\"http:\/\/www.fabriceeulry-laboutique.com\/blog\/?p=12262\">Continuer la lecture <span class=\"meta-nav\">&rarr;<\/span><\/a><\/p>\n","protected":false},"author":2,"featured_media":0,"comment_status":"open","ping_status":"open","sticky":false,"template":"","format":"standard","meta":{"jetpack_post_was_ever_published":false,"_jetpack_newsletter_access":"","_jetpack_dont_email_post_to_subs":false,"_jetpack_newsletter_tier_id":0,"_jetpack_memberships_contains_paywalled_content":false,"_jetpack_memberships_contains_paid_content":false,"footnotes":"","jetpack_publicize_message":"","jetpack_publicize_feature_enabled":true,"jetpack_social_post_already_shared":true,"jetpack_social_options":{"image_generator_settings":{"template":"highway","default_image_id":0,"font":"","enabled":false},"version":2}},"categories":[1],"tags":[],"class_list":["post-12262","post","type-post","status-publish","format-standard","hentry","category-non-classe"],"jetpack_publicize_connections":[],"jetpack_featured_media_url":"","jetpack_sharing_enabled":true,"jetpack_shortlink":"https:\/\/wp.me\/p2D6dI-3bM","jetpack_likes_enabled":true,"jetpack-related-posts":[{"id":10504,"url":"http:\/\/www.fabriceeulry-laboutique.com\/blog\/?p=10504","url_meta":{"origin":12262,"position":0},"title":"LES TROPH\u00c9ES DU BLUES","author":"Le Canard du pianiste","date":"20 mars 2018","format":false,"excerpt":"Dans le cadre du festival Blues en Aveyron 2018 dont voici le programme : \u00a0 l'association Blues en Aveyron organise et d'apr\u00e8s une id\u00e9e originale du chef d'orchestre Fred Bonnet, 6 MAI 2018 \u00e0\u00a0Saint C\u00f4med\u2019Olt \u2013 Salle des\u00a0f\u00eates partir de 16h00- : LES TROPH\u00c9ES DU BLUES 2018 16h \u2013 19h\u00a0:\u2026","rel":"","context":"Dans &quot;Non class\u00e9&quot;","block_context":{"text":"Non class\u00e9","link":"http:\/\/www.fabriceeulry-laboutique.com\/blog\/?cat=1"},"img":{"alt_text":"","src":"https:\/\/i0.wp.com\/www.fabriceeulry-laboutique.com\/blog\/wp-content\/uploads\/2018\/03\/BLUES-EN-AVEYRON-2018-affiche-verson.png?resize=350%2C200","width":350,"height":200},"classes":[]},{"id":9598,"url":"http:\/\/www.fabriceeulry-laboutique.com\/blog\/?p=9598","url_meta":{"origin":12262,"position":1},"title":"RICKY NORTON AU FESTIVAL BLUES EN AVEYRON 2018 !","author":"Le Canard du pianiste","date":"23 juillet 2017","format":false,"excerpt":"Chers amis du blues, le festival BLUES EN AVEYRON 2018 accueillera entre autres le chanteur RICKY NORTON ! L'association Blues en Aveyron a la joie de vous annoncer que cette t\u00eate d'affiche du rock'n roll (cliquez sur une image pour visionner la vid\u00e9o de son concert au casino de Bordeaux)\u2026","rel":"","context":"Dans &quot;Non class\u00e9&quot;","block_context":{"text":"Non class\u00e9","link":"http:\/\/www.fabriceeulry-laboutique.com\/blog\/?cat=1"},"img":{"alt_text":"Norton 1","src":"https:\/\/i0.wp.com\/www.fabriceeulry-laboutique.com\/blog\/wp-content\/uploads\/2017\/07\/Norton-1.jpg?resize=350%2C200","width":350,"height":200},"classes":[]},{"id":10625,"url":"http:\/\/www.fabriceeulry-laboutique.com\/blog\/?p=10625","url_meta":{"origin":12262,"position":2},"title":"LES TROPH\u00c9ES DU BLUES PR\u00c9SENTENT LEURS FORMATIONS","author":"Le Canard du pianiste","date":"29 avril 2018","format":false,"excerpt":"\u00a0 LES TROPH\u00c9ES DU BLUES 2018 METTRONT EN LICE : Le pianiste Kevin Luche en duo avec Louis Brassac (batterie) Ainsi que la chanteuse Natacha Luche (accompagn\u00e9e par son fr\u00e8re Kevin), le duo de Baptiste Canvel, et enfin le groupe TAXI ici en vid\u00e9o, emmen\u00e9 par Mathis Platon (guitare et\u2026","rel":"","context":"Dans &quot;Non class\u00e9&quot;","block_context":{"text":"Non class\u00e9","link":"http:\/\/www.fabriceeulry-laboutique.com\/blog\/?cat=1"},"img":{"alt_text":"BeAsimonkevin","src":"https:\/\/i0.wp.com\/www.fabriceeulry-laboutique.com\/blog\/wp-content\/uploads\/2017\/05\/BeAsimonkevin.png?resize=350%2C200","width":350,"height":200,"srcset":"https:\/\/i0.wp.com\/www.fabriceeulry-laboutique.com\/blog\/wp-content\/uploads\/2017\/05\/BeAsimonkevin.png?resize=350%2C200 1x, https:\/\/i0.wp.com\/www.fabriceeulry-laboutique.com\/blog\/wp-content\/uploads\/2017\/05\/BeAsimonkevin.png?resize=525%2C300 1.5x"},"classes":[]},{"id":10382,"url":"http:\/\/www.fabriceeulry-laboutique.com\/blog\/?p=10382","url_meta":{"origin":12262,"position":3},"title":"PROGRAMME DES R\u00c9JOUISSANCES MUSICALES 2018 EN AVEYRON !","author":"Le Canard du pianiste","date":"24 f\u00e9vrier 2018","format":false,"excerpt":"Dans une conf\u00e9rence de presse au conservatoire d'Espalion du 15 f\u00e9vrier, la petite \u00e9quipe ci-dessous constitu\u00e9e des \u00e9lus locaux et de Fabrice Eulry a annonc\u00e9 \u00e0 la presse le programme des r\u00e9jouissances musicales qu'il en Aveyron\u00a0notamment avec l'association BLUES EN AVEYRON : Tout le programme des prochains concerts dans cet\u2026","rel":"","context":"Dans &quot;Non class\u00e9&quot;","block_context":{"text":"Non class\u00e9","link":"http:\/\/www.fabriceeulry-laboutique.com\/blog\/?cat=1"},"img":{"alt_text":"","src":"https:\/\/i0.wp.com\/www.fabriceeulry-laboutique.com\/blog\/wp-content\/uploads\/2018\/02\/Article-du-bulletin-dEspalion.png?resize=350%2C200","width":350,"height":200},"classes":[]},{"id":9702,"url":"http:\/\/www.fabriceeulry-laboutique.com\/blog\/?p=9702","url_meta":{"origin":12262,"position":4},"title":"DANS L&rsquo;AUBRAC CONF\u00c9RENCE SUR LE SWING !","author":"Le Canard du pianiste","date":"14 septembre 2017","format":false,"excerpt":"La d\u00e9licieuse petite ville de Sainte Genevi\u00e8ve sur Argence recevait ce 13 septembre Fabrice Eulry qui, pour l'association BLUES en AVEYRON, donna une conf\u00e9rence sur le swing. Le swing captive la jeunesse aveyronnaise ! \u00a0 \u00c0 ce sujet Blues en Aveyron remercie le conseil municipal pour ses efforts en la\u2026","rel":"","context":"Dans &quot;Non class\u00e9&quot;","block_context":{"text":"Non class\u00e9","link":"http:\/\/www.fabriceeulry-laboutique.com\/blog\/?cat=1"},"img":{"alt_text":"","src":"https:\/\/i0.wp.com\/www.fabriceeulry-laboutique.com\/blog\/wp-content\/uploads\/2017\/09\/con1.png?resize=350%2C200","width":350,"height":200},"classes":[]},{"id":10169,"url":"http:\/\/www.fabriceeulry-laboutique.com\/blog\/?p=10169","url_meta":{"origin":12262,"position":5},"title":"LE PIANO DE RAY CHARLES REMIS EN ETAT","author":"Le Canard du pianiste","date":"31 janvier 2018","format":false,"excerpt":"Le piano \u00e9lectrique Wurlitzer comprend 64 touches. Les sons sont produits par des marteaux percutant des lames de m\u00e9tal et amplifi\u00e9s dans deux petits hautparleurs incorpor\u00e9s. Utilis\u00e9 de Ray Charles \u00e0 Supertramp, des Doors \u00e0 Daft punk, il n'a qu'un seul son mais celui-ci est inimitable. Pour cette raison, il\u2026","rel":"","context":"Dans &quot;Non class\u00e9&quot;","block_context":{"text":"Non class\u00e9","link":"http:\/\/www.fabriceeulry-laboutique.com\/blog\/?cat=1"},"img":{"alt_text":"Concfblues","src":"https:\/\/i0.wp.com\/www.fabriceeulry-laboutique.com\/blog\/wp-content\/uploads\/2017\/07\/Concfblues.jpg?resize=350%2C200","width":350,"height":200,"srcset":"https:\/\/i0.wp.com\/www.fabriceeulry-laboutique.com\/blog\/wp-content\/uploads\/2017\/07\/Concfblues.jpg?resize=350%2C200 1x, https:\/\/i0.wp.com\/www.fabriceeulry-laboutique.com\/blog\/wp-content\/uploads\/2017\/07\/Concfblues.jpg?resize=525%2C300 1.5x"},"classes":[]}],"_links":{"self":[{"href":"http:\/\/www.fabriceeulry-laboutique.com\/blog\/index.php?rest_route=\/wp\/v2\/posts\/12262","targetHints":{"allow":["GET"]}}],"collection":[{"href":"http:\/\/www.fabriceeulry-laboutique.com\/blog\/index.php?rest_route=\/wp\/v2\/posts"}],"about":[{"href":"http:\/\/www.fabriceeulry-laboutique.com\/blog\/index.php?rest_route=\/wp\/v2\/types\/post"}],"author":[{"embeddable":true,"href":"http:\/\/www.fabriceeulry-laboutique.com\/blog\/index.php?rest_route=\/wp\/v2\/users\/2"}],"replies":[{"embeddable":true,"href":"http:\/\/www.fabriceeulry-laboutique.com\/blog\/index.php?rest_route=%2Fwp%2Fv2%2Fcomments&post=12262"}],"version-history":[{"count":5,"href":"http:\/\/www.fabriceeulry-laboutique.com\/blog\/index.php?rest_route=\/wp\/v2\/posts\/12262\/revisions"}],"predecessor-version":[{"id":12281,"href":"http:\/\/www.fabriceeulry-laboutique.com\/blog\/index.php?rest_route=\/wp\/v2\/posts\/12262\/revisions\/12281"}],"wp:attachment":[{"href":"http:\/\/www.fabriceeulry-laboutique.com\/blog\/index.php?rest_route=%2Fwp%2Fv2%2Fmedia&parent=12262"}],"wp:term":[{"taxonomy":"category","embeddable":true,"href":"http:\/\/www.fabriceeulry-laboutique.com\/blog\/index.php?rest_route=%2Fwp%2Fv2%2Fcategories&post=12262"},{"taxonomy":"post_tag","embeddable":true,"href":"http:\/\/www.fabriceeulry-laboutique.com\/blog\/index.php?rest_route=%2Fwp%2Fv2%2Ftags&post=12262"}],"curies":[{"name":"wp","href":"https:\/\/api.w.org\/{rel}","templated":true}]}}