{"id":12518,"date":"2021-03-14T20:38:26","date_gmt":"2021-03-14T20:38:26","guid":{"rendered":"http:\/\/www.fabriceeulry-laboutique.com\/blog\/?p=12518"},"modified":"2021-03-14T20:38:33","modified_gmt":"2021-03-14T20:38:33","slug":"jouer-pour-les-anciens-malgre-tout","status":"publish","type":"post","link":"http:\/\/www.fabriceeulry-laboutique.com\/blog\/?p=12518","title":{"rendered":"JOUER POUR LES ANCIENS MALGR\u00c9 TOUT"},"content":{"rendered":"\n<p class=\"has-text-align-center\">R\u00e9sonnance France ne l\u00e2che rien ! Et continue malgr\u00e9 tout, ses concerts de solidarit\u00e9 en maison de retraite partout o\u00f9 cela est possible. Travailler sur le terrain des maisons de retraite et interroger le personnel permet de le constater : Les restrictions sanitaires sont des d\u00e9cisions politiques ou technocratiques qui ont tu\u00e9 d&rsquo;avantage les Anciens par l&rsquo;isolement et le d\u00e9sespoir, plus qu&rsquo;elle ne les a prot\u00e9g\u00e9 des virus comme elle le pr\u00e9tend. Dans 8 cas sur 10, c&rsquo;est l&rsquo;information qui ressort. <\/p>\n\n\n\n<figure class=\"wp-block-image size-large\"><img data-recalc-dims=\"1\" loading=\"lazy\" decoding=\"async\" width=\"640\" height=\"566\" src=\"https:\/\/i0.wp.com\/www.fabriceeulry-laboutique.com\/blog\/wp-content\/uploads\/2019\/06\/montsouris2.png?resize=640%2C566\" alt=\"\" class=\"wp-image-11987\" srcset=\"https:\/\/i0.wp.com\/www.fabriceeulry-laboutique.com\/blog\/wp-content\/uploads\/2019\/06\/montsouris2.png?w=679 679w, https:\/\/i0.wp.com\/www.fabriceeulry-laboutique.com\/blog\/wp-content\/uploads\/2019\/06\/montsouris2.png?resize=300%2C266 300w\" sizes=\"auto, (max-width: 640px) 100vw, 640px\" \/><figcaption>Ici \u00e0 Montsouris en 2019<\/figcaption><\/figure>\n\n\n\n<p class=\"has-text-align-center\">Et quoi d&rsquo;\u00e9tonnant d\u00e8s que l&rsquo;on fouille au del\u00e0 du discours des m\u00e9dia institutionnels, et surtout d\u00e8s que l&rsquo;on fait marcher son bon sens ?<\/p>\n\n\n\n<p class=\"has-text-align-center\">En effet, faites parler nos Anciens, pour eux, le seul sens \u00e0 la vie qu&rsquo;ils trouvent (et que vous trouverez dans cette ultime demeure quand vous aurez 87 ou 95 ans), c&rsquo;est bien de voir vos proches et d&rsquo;avoir un peu de sociabilit\u00e9 ; et non de vous faire isoler d&rsquo;avantage du monde, vu que c&rsquo;est la principale chose dont vous souffrez d\u00e9j\u00e0 d&rsquo;ordinaire dans ces \u00e9tablissements, quelque soit leur qualit\u00e9&#8230; <\/p>\n\n\n\n<figure class=\"wp-block-image size-large\"><img data-recalc-dims=\"1\" loading=\"lazy\" decoding=\"async\" width=\"640\" height=\"480\" src=\"https:\/\/i0.wp.com\/www.fabriceeulry-laboutique.com\/blog\/wp-content\/uploads\/2019\/09\/IMG_4315.jpg?resize=640%2C480\" alt=\"\" class=\"wp-image-12097\" srcset=\"https:\/\/i0.wp.com\/www.fabriceeulry-laboutique.com\/blog\/wp-content\/uploads\/2019\/09\/IMG_4315.jpg?resize=1024%2C768 1024w, https:\/\/i0.wp.com\/www.fabriceeulry-laboutique.com\/blog\/wp-content\/uploads\/2019\/09\/IMG_4315.jpg?resize=300%2C225 300w, https:\/\/i0.wp.com\/www.fabriceeulry-laboutique.com\/blog\/wp-content\/uploads\/2019\/09\/IMG_4315.jpg?resize=768%2C576 768w, https:\/\/i0.wp.com\/www.fabriceeulry-laboutique.com\/blog\/wp-content\/uploads\/2019\/09\/IMG_4315.jpg?w=2048 2048w, https:\/\/i0.wp.com\/www.fabriceeulry-laboutique.com\/blog\/wp-content\/uploads\/2019\/09\/IMG_4315.jpg?w=1280 1280w, https:\/\/i0.wp.com\/www.fabriceeulry-laboutique.com\/blog\/wp-content\/uploads\/2019\/09\/IMG_4315.jpg?w=1920 1920w\" sizes=\"auto, (max-width: 640px) 100vw, 640px\" \/><figcaption>Ici \u00e0 Teyrans en 2020<\/figcaption><\/figure>\n\n\n\n<p class=\"has-text-align-center\">Ne laissez pas tomber les Anciens ! Leur famille ne vient pas toujours les voir r\u00e9guli\u00e8rement et souvent nos concerts sont tout ce qu&rsquo;il leur reste ! En ce moment vous devez vous douter que c&rsquo;est pire que jamais. Alors R\u00e9sonnance France fait tout ce qu&rsquo;elle peut ; elle agit, mais a plus que jamais besoin de vos dons pour financer ses concerts. <\/p>\n\n\n\n<p class=\"has-text-align-center\">ENVOYEZ VOS CH\u00c8QUES \u00c0 :<\/p>\n\n\n\n<p class=\"has-text-align-center\">R\u00c9SONNANCE FRANCE<\/p>\n\n\n\n<p class=\"has-text-align-center\">150 chemin de la barri\u00e8re blanche <\/p>\n\n\n\n<p class=\"has-text-align-center\">38 470 T\u00caCHE <\/p>\n\n\n\n<p class=\"has-text-align-center\">(re\u00e7u fiscal sur demande)<\/p>\n\n\n\n<p><\/p>\n\n\n\n<p class=\"has-text-align-center\">En 2019 vos dons ont permis de donner plus de 100 concerts !<\/p>\n\n\n\n<figure class=\"wp-block-image size-large\"><img data-recalc-dims=\"1\" decoding=\"async\" src=\"https:\/\/i0.wp.com\/www.fabriceeulry-laboutique.com\/blog\/wp-content\/uploads\/2020\/06\/aman.png?w=640\" alt=\"\" class=\"wp-image-12356\"\/><figcaption>Ici \u00e0 Belleville tout r\u00e9cemment.<\/figcaption><\/figure>\n\n\n\n<figure class=\"wp-block-image size-large\"><img data-recalc-dims=\"1\" loading=\"lazy\" decoding=\"async\" width=\"640\" height=\"297\" src=\"https:\/\/i0.wp.com\/www.fabriceeulry-laboutique.com\/blog\/wp-content\/uploads\/2021\/03\/caselles2021.png?resize=640%2C297\" alt=\"\" class=\"wp-image-12520\" srcset=\"https:\/\/i0.wp.com\/www.fabriceeulry-laboutique.com\/blog\/wp-content\/uploads\/2021\/03\/caselles2021.png?w=991 991w, https:\/\/i0.wp.com\/www.fabriceeulry-laboutique.com\/blog\/wp-content\/uploads\/2021\/03\/caselles2021.png?resize=300%2C139 300w, https:\/\/i0.wp.com\/www.fabriceeulry-laboutique.com\/blog\/wp-content\/uploads\/2021\/03\/caselles2021.png?resize=768%2C356 768w\" sizes=\"auto, (max-width: 640px) 100vw, 640px\" \/><figcaption>&#8230;Et dans l&rsquo;Aveyron tout r\u00e9cemment<\/figcaption><\/figure>\n","protected":false},"excerpt":{"rendered":"<p>R\u00e9sonnance France ne l\u00e2che rien ! Et continue malgr\u00e9 tout, ses concerts de solidarit\u00e9 en maison de retraite partout o\u00f9 cela est possible. Travailler sur le terrain des maisons de retraite et interroger le personnel permet de le constater : &hellip; <a href=\"http:\/\/www.fabriceeulry-laboutique.com\/blog\/?p=12518\">Continuer la lecture <span class=\"meta-nav\">&rarr;<\/span><\/a><\/p>\n","protected":false},"author":2,"featured_media":0,"comment_status":"open","ping_status":"open","sticky":false,"template":"","format":"standard","meta":{"jetpack_post_was_ever_published":false,"_jetpack_newsletter_access":"","_jetpack_dont_email_post_to_subs":false,"_jetpack_newsletter_tier_id":0,"_jetpack_memberships_contains_paywalled_content":false,"_jetpack_memberships_contains_paid_content":false,"footnotes":"","jetpack_publicize_message":"","jetpack_publicize_feature_enabled":true,"jetpack_social_post_already_shared":true,"jetpack_social_options":{"image_generator_settings":{"template":"highway","default_image_id":0,"font":"","enabled":false},"version":2}},"categories":[1],"tags":[],"class_list":["post-12518","post","type-post","status-publish","format-standard","hentry","category-non-classe"],"jetpack_publicize_connections":[],"jetpack_featured_media_url":"","jetpack_sharing_enabled":true,"jetpack_shortlink":"https:\/\/wp.me\/p2D6dI-3fU","jetpack_likes_enabled":true,"jetpack-related-posts":[{"id":13294,"url":"http:\/\/www.fabriceeulry-laboutique.com\/blog\/?p=13294","url_meta":{"origin":12518,"position":0},"title":"CHANTEZ EN R\u00c9SONNANCE","author":"Le Canard du pianiste","date":"11 ao\u00fbt 2025","format":false,"excerpt":"Les concerts de solidarit\u00e9 de R\u00e9sonnance ont chant\u00e9 \u00e0 Moulins avec Houria Cheurfa accompagn\u00e9 de Fabrice Eulry au piano (et \u00e0 l'accord\u00e9on, car le piano de l'EHPAD est une nouvelle fois tr\u00e8s limit\u00e9 bien que gardant son \u00e2me comme tous les pianos acoustiques !) Notre excellent confr\u00e8re LA MONTAGNE a\u2026","rel":"","context":"Dans &quot;Non class\u00e9&quot;","block_context":{"text":"Non class\u00e9","link":"http:\/\/www.fabriceeulry-laboutique.com\/blog\/?cat=1"},"img":{"alt_text":"","src":"https:\/\/i0.wp.com\/www.fabriceeulry-laboutique.com\/blog\/wp-content\/uploads\/2025\/08\/Houria-Moulins.png?resize=350%2C200","width":350,"height":200,"srcset":"https:\/\/i0.wp.com\/www.fabriceeulry-laboutique.com\/blog\/wp-content\/uploads\/2025\/08\/Houria-Moulins.png?resize=350%2C200 1x, https:\/\/i0.wp.com\/www.fabriceeulry-laboutique.com\/blog\/wp-content\/uploads\/2025\/08\/Houria-Moulins.png?resize=525%2C300 1.5x, https:\/\/i0.wp.com\/www.fabriceeulry-laboutique.com\/blog\/wp-content\/uploads\/2025\/08\/Houria-Moulins.png?resize=700%2C400 2x, https:\/\/i0.wp.com\/www.fabriceeulry-laboutique.com\/blog\/wp-content\/uploads\/2025\/08\/Houria-Moulins.png?resize=1050%2C600 3x"},"classes":[]},{"id":5004,"url":"http:\/\/www.fabriceeulry-laboutique.com\/blog\/?p=5004","url_meta":{"origin":12518,"position":1},"title":"FABRICE EULRY A ROME POUR RESONNANCE","author":"Le Canard du pianiste","date":"15 juin 2014","format":false,"excerpt":"Grazie a Gianluca Colantoni per la fotografia ! \u00a0 Imaginez \u00e0 Rome, un orphelinat de gar\u00e7ons victimes de la guerre, ouvert \u00e0 l'\u00e9poque de la premi\u00e8re guerre mondiale, o\u00f9 les jeunes hommes sont associ\u00e9s \u00e0 l'autogestion et toutes les t\u00e2ches de la maison. Des gar\u00e7ons n\u00e9s en Irak en Ethiopie\u2026","rel":"","context":"Dans &quot;Non class\u00e9&quot;","block_context":{"text":"Non class\u00e9","link":"http:\/\/www.fabriceeulry-laboutique.com\/blog\/?cat=1"},"img":{"alt_text":"","src":"https:\/\/i0.wp.com\/www.fabriceeulry-laboutique.com\/blog\/wp-content\/uploads\/2014\/05\/Rome.png?resize=350%2C200","width":350,"height":200},"classes":[]},{"id":6833,"url":"http:\/\/www.fabriceeulry-laboutique.com\/blog\/?p=6833","url_meta":{"origin":12518,"position":2},"title":"CONCERT EN MAISON DE RETRAITE","author":"Le Canard du pianiste","date":"2 mai 2015","format":false,"excerpt":"...Avec les \u00e9l\u00e8ves de la mast\u00e8re classe : Apr\u00e8s des heures de travail, sur les accords, d'encha\u00eenement des harmonies, mais surtout de jeu concret, nous nous rendons dans une maison de retraite o\u00f9 nous sommes attendus pour donner un concert. Apr\u00e8s quelques oeuvres de Bach, quelques valses parisiennes, et un\u2026","rel":"","context":"Dans &quot;Non class\u00e9&quot;","block_context":{"text":"Non class\u00e9","link":"http:\/\/www.fabriceeulry-laboutique.com\/blog\/?cat=1"},"img":{"alt_text":"","src":"https:\/\/i0.wp.com\/www.fabriceeulry-laboutique.com\/blog\/wp-content\/uploads\/2015\/05\/mast-.jpg?resize=350%2C200","width":350,"height":200,"srcset":"https:\/\/i0.wp.com\/www.fabriceeulry-laboutique.com\/blog\/wp-content\/uploads\/2015\/05\/mast-.jpg?resize=350%2C200 1x, https:\/\/i0.wp.com\/www.fabriceeulry-laboutique.com\/blog\/wp-content\/uploads\/2015\/05\/mast-.jpg?resize=525%2C300 1.5x, https:\/\/i0.wp.com\/www.fabriceeulry-laboutique.com\/blog\/wp-content\/uploads\/2015\/05\/mast-.jpg?resize=700%2C400 2x"},"classes":[]},{"id":12091,"url":"http:\/\/www.fabriceeulry-laboutique.com\/blog\/?p=12091","url_meta":{"origin":12518,"position":3},"title":"CONCERTS EN SARDAIGNE","author":"Le Canard du pianiste","date":"15 septembre 2019","format":false,"excerpt":"La Fondation R\u00e9sonnance poss\u00e8de 7 filiales : France, Belgique, Roumanie, Liban, Espagne, Suisse et Italie. Elle a donc offert en Sardaigne cet \u00e9t\u00e9, une longue s\u00e9rie de concerts donn\u00e9s par Fabrice qui a cumul\u00e9 cette tourn\u00e9e avec le festival de Calagonome o\u00f9 il jouait en cl\u00f4ture. Dans une maison de\u2026","rel":"","context":"Dans &quot;Non class\u00e9&quot;","block_context":{"text":"Non class\u00e9","link":"http:\/\/www.fabriceeulry-laboutique.com\/blog\/?cat=1"},"img":{"alt_text":"","src":"https:\/\/i0.wp.com\/www.fabriceeulry-laboutique.com\/blog\/wp-content\/uploads\/2019\/09\/SARDAIGNE-AOUT-2019-2.jpg?resize=350%2C200","width":350,"height":200,"srcset":"https:\/\/i0.wp.com\/www.fabriceeulry-laboutique.com\/blog\/wp-content\/uploads\/2019\/09\/SARDAIGNE-AOUT-2019-2.jpg?resize=350%2C200 1x, https:\/\/i0.wp.com\/www.fabriceeulry-laboutique.com\/blog\/wp-content\/uploads\/2019\/09\/SARDAIGNE-AOUT-2019-2.jpg?resize=525%2C300 1.5x, https:\/\/i0.wp.com\/www.fabriceeulry-laboutique.com\/blog\/wp-content\/uploads\/2019\/09\/SARDAIGNE-AOUT-2019-2.jpg?resize=700%2C400 2x"},"classes":[]},{"id":3220,"url":"http:\/\/www.fabriceeulry-laboutique.com\/blog\/?p=3220","url_meta":{"origin":12518,"position":4},"title":"PHOTO ET INSPIRATION MUSICALE","author":"Le Canard du pianiste","date":"17 ao\u00fbt 2013","format":false,"excerpt":"N\u00e9 en 1942, fils et petit-fils de peintre, Jacques Perrodin est autodidacte. Il se rattache \u00e0 la tradition des paysagistes et portraitistes avec une pr\u00e9dilection pour ceux des origines de la peinture \u00e0 l'huile en occident. Mais il travaille aussi beaucoup sur le motif en plein air ou devant un\u2026","rel":"","context":"Dans &quot;Non class\u00e9&quot;","block_context":{"text":"Non class\u00e9","link":"http:\/\/www.fabriceeulry-laboutique.com\/blog\/?cat=1"},"img":{"alt_text":"","src":"","width":0,"height":0},"classes":[]}],"_links":{"self":[{"href":"http:\/\/www.fabriceeulry-laboutique.com\/blog\/index.php?rest_route=\/wp\/v2\/posts\/12518","targetHints":{"allow":["GET"]}}],"collection":[{"href":"http:\/\/www.fabriceeulry-laboutique.com\/blog\/index.php?rest_route=\/wp\/v2\/posts"}],"about":[{"href":"http:\/\/www.fabriceeulry-laboutique.com\/blog\/index.php?rest_route=\/wp\/v2\/types\/post"}],"author":[{"embeddable":true,"href":"http:\/\/www.fabriceeulry-laboutique.com\/blog\/index.php?rest_route=\/wp\/v2\/users\/2"}],"replies":[{"embeddable":true,"href":"http:\/\/www.fabriceeulry-laboutique.com\/blog\/index.php?rest_route=%2Fwp%2Fv2%2Fcomments&post=12518"}],"version-history":[{"count":3,"href":"http:\/\/www.fabriceeulry-laboutique.com\/blog\/index.php?rest_route=\/wp\/v2\/posts\/12518\/revisions"}],"predecessor-version":[{"id":12522,"href":"http:\/\/www.fabriceeulry-laboutique.com\/blog\/index.php?rest_route=\/wp\/v2\/posts\/12518\/revisions\/12522"}],"wp:attachment":[{"href":"http:\/\/www.fabriceeulry-laboutique.com\/blog\/index.php?rest_route=%2Fwp%2Fv2%2Fmedia&parent=12518"}],"wp:term":[{"taxonomy":"category","embeddable":true,"href":"http:\/\/www.fabriceeulry-laboutique.com\/blog\/index.php?rest_route=%2Fwp%2Fv2%2Fcategories&post=12518"},{"taxonomy":"post_tag","embeddable":true,"href":"http:\/\/www.fabriceeulry-laboutique.com\/blog\/index.php?rest_route=%2Fwp%2Fv2%2Ftags&post=12518"}],"curies":[{"name":"wp","href":"https:\/\/api.w.org\/{rel}","templated":true}]}}