{"id":12629,"date":"2022-09-09T21:40:36","date_gmt":"2022-09-09T21:40:36","guid":{"rendered":"http:\/\/www.fabriceeulry-laboutique.com\/blog\/?p=12629"},"modified":"2022-09-09T21:40:38","modified_gmt":"2022-09-09T21:40:38","slug":"defendre-les-personnes-pas-les-regimes","status":"publish","type":"post","link":"http:\/\/www.fabriceeulry-laboutique.com\/blog\/?p=12629","title":{"rendered":"D\u00c9FENDRE LES PERSONNES, PAS LES R\u00c9GIMES"},"content":{"rendered":"\n<p class=\"has-text-align-center\"><strong>\u00ab\u00a0C&rsquo;est ce que l&rsquo;Art propose. Lorsque je joue pour une cause, ce ne saurait \u00eatre celle d&rsquo;un r\u00e9gime ou d&rsquo;une doctrine politique, il s&rsquo;agit d&rsquo;aider des civils dans la d\u00e9tresse lors de catastrophes (guerre, famine, \u00e9pid\u00e9mie, tremblement de terre) de souffrances (isolement en maison de retraite, prison) et donner de l&rsquo;espoir et du sens<\/strong>.<\/p>\n\n\n\n<p class=\"has-text-align-center\"><strong>Aussi, si la r\u00e9cup\u00e9ration politique est parfois in\u00e9vitable, il ne s&rsquo;agit pas de fuir, mais d&rsquo;essayer de se prot\u00e9ger le plus possible de la r\u00e9cup\u00e9ration tant que la balance reste positive ; et c&rsquo;est tr\u00e8s dur \u00e0 \u00e9valuer tant que l&rsquo;\u00e9v\u00e8nement n&rsquo;est pas accompli, car les pi\u00e8ges du r\u00e9el sont souvent impr\u00e9visibles.<\/strong><\/p>\n\n\n\n<p class=\"has-text-align-center\"><strong>En 2022, la cause des civils ukrainiens fuyant la guerre et son cort\u00e8ge d&rsquo;horreurs est partout, et si elle me touche \u00e0 titre personnel parce que vous le savez, je joue et enregistre souvent avec le philharmonique de Kharkiv (Kharkov) qui est constitu\u00e9 de personnes en or actuellement diss\u00e9min\u00e9e et parfois en danger, je suis \u00e9galement confront\u00e9 au ph\u00e9nom\u00e8ne de mode et d&rsquo;hyst\u00e9rie qui l&rsquo;accompagne <\/strong>:<\/p>\n\n\n\n<div class=\"wp-block-image\"><figure class=\"aligncenter size-large\"><img data-recalc-dims=\"1\" loading=\"lazy\" decoding=\"async\" width=\"264\" height=\"260\" src=\"https:\/\/i0.wp.com\/www.fabriceeulry-laboutique.com\/blog\/wp-content\/uploads\/2017\/08\/KHA13.jpg?resize=264%2C260\" alt=\"\" class=\"wp-image-9647\"\/><\/figure><\/div>\n\n\n\n<p class=\"has-text-align-center\"><strong>Au lieu d&rsquo;\u00eatre trait\u00e9e avec simplicit\u00e9 puisqu&rsquo;il s&rsquo;agit seulement pour moi de jouer pour recueillir des fonds procurant nourriture, m\u00e9dicaments, moyens d&rsquo;\u00e9vacuation hors des zones de combat, h\u00e9bergement provisoire et subsistance, la cause des civils est parasit\u00e9e par des pathos multiples : <\/strong><\/p>\n\n\n\n<p class=\"has-text-align-center\"><strong>Tout comme on nous enjoignait d&rsquo;\u00eatre Charlie en 2015<\/strong>,<strong> il faudrait \u00eatre Ukraine, communier tous et obligatoirement d&rsquo;une m\u00eame ferveur, et voir ce conflit chaotique qui dure depuis 8 ans comme s&rsquo;il \u00e9tait n\u00e9 hier<\/strong> <strong>et n&rsquo;avait aucune complexit\u00e9, de mani\u00e8re binaire, comme un match de foot o\u00f9 il faudrait tenir pour une \u00e9quipe contre l&rsquo;autre (les m\u00e9chants).<\/strong> <\/p>\n\n\n\n<p class=\"has-text-align-center\"><strong>Il faudrait aussi le voir comme s&rsquo;il \u00e9tait le seul p\u00e9ril au monde, tout comme il en \u00e9tait du covid il y a encore quelques mois, alors qu&rsquo;il y a 24 autres conflits dans le monde au m\u00eame moment&#8230; Une famine au Liban depuis deux ans et demie, une autre qui se profile en Tunisie&#8230;<\/strong><\/p>\n\n\n\n<figure class=\"wp-block-image size-large\"><img data-recalc-dims=\"1\" loading=\"lazy\" decoding=\"async\" width=\"640\" height=\"372\" src=\"https:\/\/i0.wp.com\/www.fabriceeulry-laboutique.com\/blog\/wp-content\/uploads\/2018\/08\/trip11.png?resize=640%2C372\" alt=\"\" class=\"wp-image-10910\" srcset=\"https:\/\/i0.wp.com\/www.fabriceeulry-laboutique.com\/blog\/wp-content\/uploads\/2018\/08\/trip11.png?w=868 868w, https:\/\/i0.wp.com\/www.fabriceeulry-laboutique.com\/blog\/wp-content\/uploads\/2018\/08\/trip11.png?resize=300%2C174 300w, https:\/\/i0.wp.com\/www.fabriceeulry-laboutique.com\/blog\/wp-content\/uploads\/2018\/08\/trip11.png?resize=768%2C446 768w\" sizes=\"auto, (max-width: 640px) 100vw, 640px\" \/><\/figure>\n\n\n\n<p class=\"has-text-align-center\"><strong>Je suis oblig\u00e9, lors de ces concerts que je donne dans l&rsquo;unique but d&rsquo;att\u00e9nuer les peines des Ukrainiens, de prendre le micro et de pr\u00e9ciser que je ne m&rsquo;associe \u00e0 aucun message politique qui \u00e9manerait des autres acteurs de ces galas, ou qui semblerait \u00e9maner \u00e0 travers les codes dont ils sont parsem\u00e9s (drapeaux, hymnes, symboles, choix des termes dans la communication)<\/strong>. <\/p>\n\n\n\n<p class=\"has-text-align-center\"><strong>Mais cela va bien plus loin. Cette hyst\u00e9rie qui \u00e9videmment ne sert aucunement la cause des populations ukrainiennes en d\u00e9tresse, va jusqu&rsquo;au bout de sa logique (logique de guerre en fait !) en enjoignant m\u00eame les artistes russes de r\u00e9citer la doxa du moment, sous peine d&rsquo;\u00eatre d\u00e9programm\u00e9s. Outre que l&rsquo;hyst\u00e9rie fait fi de toute notion professionnelle (contrat, limites entre priv\u00e9 et public)<\/strong> <strong>elle accapare<\/strong> <strong>toute l&rsquo;\u00e9nergie que demande le travail artistique au seul profit de ses slogans et de son discours indigent et imbu de lui-m\u00eame.<\/strong><\/p>\n\n\n\n<p class=\"has-text-align-center\"><strong>Ici le refus du conservatoire Rachmaninoff de c\u00e9der :<\/strong><\/p>\n\n\n\n<figure class=\"wp-block-image size-large\"><img data-recalc-dims=\"1\" loading=\"lazy\" decoding=\"async\" width=\"624\" height=\"978\" src=\"https:\/\/i0.wp.com\/www.fabriceeulry-laboutique.com\/blog\/wp-content\/uploads\/2022\/09\/rach1.png?resize=624%2C978\" alt=\"\" class=\"wp-image-12639\" srcset=\"https:\/\/i0.wp.com\/www.fabriceeulry-laboutique.com\/blog\/wp-content\/uploads\/2022\/09\/rach1.png?w=624 624w, https:\/\/i0.wp.com\/www.fabriceeulry-laboutique.com\/blog\/wp-content\/uploads\/2022\/09\/rach1.png?resize=191%2C300 191w, https:\/\/i0.wp.com\/www.fabriceeulry-laboutique.com\/blog\/wp-content\/uploads\/2022\/09\/rach1.png?resize=300%2C470 300w\" sizes=\"auto, (max-width: 624px) 100vw, 624px\" \/><\/figure>\n\n\n\n<p class=\"has-text-align-center\"><strong>Bravo aux membres courageux de ce conservatoire. L&rsquo;art ne devrait pas subir les cons\u00e9quences de la folie de certains hommes. <\/strong><\/p>\n\n\n\n<p class=\"has-text-align-center\"><strong>La soprano Anna Netrebko, a d\u00fb se retirer de la sc\u00e8ne, comme d&rsquo;autres. Elle a d\u00e9clar\u00e9\u00a0: \u00ab\u00a0Il n&rsquo;est pas juste de forcer les artistes (..) \u00e0 exprimer leurs opinions politiques en public (..) Je ne suis pas une personne politique.. Je ne suis pas un expert en politique. Je suis une artiste et mon but est d&rsquo;unir au-del\u00e0 des clivages politiques.\u00a0\u00bb Certes mais j&rsquo;ai envie de r\u00e9pondre \u00e0 ma ch\u00e8re coll\u00e8gue, que le pouvoir politique n&rsquo;en a rien \u00e0 cirer de qui nous sommes et de ce que nous d\u00e9fendons, il nous a prouv\u00e9 que nous ne comptons que dans la mesure o\u00f9 il voit seulement en nous une possibilit\u00e9 d&rsquo;utiliser la tribune que nous donne la sc\u00e8ne, pour lui servir la soupe en reprenant ses th\u00e8mes.<\/strong><\/p>\n\n\n\n<p class=\"has-text-align-center\"><strong>En dehors de cela nous ne sommes rien pour lui, et il se m\u00e9fie de l&rsquo;Art comme de tout ce qui cr\u00e9e du lien entre les humains, qu&rsquo;il a besoin de diviser pour les dominer.<\/strong><\/p>\n\n\n\n<p class=\"has-text-align-center\"><strong>En conclusion, ces concerts de solidarit\u00e9 ne sont pas de tout repos, il faut beaucoup d&rsquo;\u00e9nergie pour d\u00e9fendre la musique et l&rsquo;efficacit\u00e9 de la d\u00e9marche contre le parasitage de la r\u00e9cup\u00e9ration<\/strong>.<\/p>\n\n\n\n<p class=\"has-text-align-center\"><strong>Mais il y d&rsquo;autres concerts, et nous esp\u00e9rons que vous aurez plaisir \u00e0 retrouver nos duos de piano dans le cadre du festival Blues en Aveyron<\/strong> <strong>(article \u00e0 para\u00eetre)<\/strong>.\u00a0\u00bb<\/p>\n\n\n\n<p class=\"has-text-align-center\"><strong>Fabrice Eulry<\/strong><\/p>\n\n\n\n<figure class=\"wp-block-image size-large\"><img data-recalc-dims=\"1\" loading=\"lazy\" decoding=\"async\" width=\"640\" height=\"678\" src=\"https:\/\/i0.wp.com\/www.fabriceeulry-laboutique.com\/blog\/wp-content\/uploads\/2020\/10\/duoannefab2.png?resize=640%2C678\" alt=\"\" class=\"wp-image-12449\" srcset=\"https:\/\/i0.wp.com\/www.fabriceeulry-laboutique.com\/blog\/wp-content\/uploads\/2020\/10\/duoannefab2.png?w=693 693w, https:\/\/i0.wp.com\/www.fabriceeulry-laboutique.com\/blog\/wp-content\/uploads\/2020\/10\/duoannefab2.png?resize=283%2C300 283w, https:\/\/i0.wp.com\/www.fabriceeulry-laboutique.com\/blog\/wp-content\/uploads\/2020\/10\/duoannefab2.png?resize=300%2C318 300w\" sizes=\"auto, (max-width: 640px) 100vw, 640px\" \/><figcaption>Anne Cadilhac et Fabrice Eulry au festival Blues en Aveyron 2020<\/figcaption><\/figure>\n","protected":false},"excerpt":{"rendered":"<p>\u00ab\u00a0C&rsquo;est ce que l&rsquo;Art propose. Lorsque je joue pour une cause, ce ne saurait \u00eatre celle d&rsquo;un r\u00e9gime ou d&rsquo;une doctrine politique, il s&rsquo;agit d&rsquo;aider des civils dans la d\u00e9tresse lors de catastrophes (guerre, famine, \u00e9pid\u00e9mie, tremblement de terre) de &hellip; <a href=\"http:\/\/www.fabriceeulry-laboutique.com\/blog\/?p=12629\">Continuer la lecture <span class=\"meta-nav\">&rarr;<\/span><\/a><\/p>\n","protected":false},"author":2,"featured_media":0,"comment_status":"open","ping_status":"open","sticky":false,"template":"","format":"standard","meta":{"jetpack_post_was_ever_published":false,"_jetpack_newsletter_access":"","_jetpack_dont_email_post_to_subs":false,"_jetpack_newsletter_tier_id":0,"_jetpack_memberships_contains_paywalled_content":false,"_jetpack_memberships_contains_paid_content":false,"footnotes":"","jetpack_publicize_message":"","jetpack_publicize_feature_enabled":true,"jetpack_social_post_already_shared":true,"jetpack_social_options":{"image_generator_settings":{"template":"highway","default_image_id":0,"font":"","enabled":false},"version":2}},"categories":[1],"tags":[],"class_list":["post-12629","post","type-post","status-publish","format-standard","hentry","category-non-classe"],"jetpack_publicize_connections":[],"jetpack_featured_media_url":"","jetpack_sharing_enabled":true,"jetpack_shortlink":"https:\/\/wp.me\/p2D6dI-3hH","jetpack_likes_enabled":true,"jetpack-related-posts":[{"id":6396,"url":"http:\/\/www.fabriceeulry-laboutique.com\/blog\/?p=6396","url_meta":{"origin":12629,"position":0},"title":"ANNIVERSAIRE : LES 70 ANS D&rsquo;UN CARNAGE DE FEU","author":"Le Canard du pianiste","date":"14 f\u00e9vrier 2015","format":false,"excerpt":"En f\u00e9vrier 1945, le r\u00e9gime nazi n\u2019 en a plus pour longtemps. Ce qui reste de la puissante Wehrmacht ne pourra pas contenir sur deux fronts les offensives sovi\u00e9tiques et anglo-am\u00e9ricaines. L\u2019US Air Force et la Royal Air Force d\u00e9ploient jour et nuit leurs nombreuses escadrilles de bombardiers, cens\u00e9s \u00e9craser\u2026","rel":"","context":"Dans &quot;Non class\u00e9&quot;","block_context":{"text":"Non class\u00e9","link":"http:\/\/www.fabriceeulry-laboutique.com\/blog\/?cat=1"},"img":{"alt_text":"","src":"https:\/\/i0.wp.com\/www.fabriceeulry-laboutique.com\/blog\/wp-content\/uploads\/2015\/02\/dresde-10-.jpg?resize=350%2C200","width":350,"height":200,"srcset":"https:\/\/i0.wp.com\/www.fabriceeulry-laboutique.com\/blog\/wp-content\/uploads\/2015\/02\/dresde-10-.jpg?resize=350%2C200 1x, https:\/\/i0.wp.com\/www.fabriceeulry-laboutique.com\/blog\/wp-content\/uploads\/2015\/02\/dresde-10-.jpg?resize=525%2C300 1.5x"},"classes":[]},{"id":299,"url":"http:\/\/www.fabriceeulry-laboutique.com\/blog\/?p=299","url_meta":{"origin":12629,"position":1},"title":"ENTREVUE AVEC RENAUD PATIGNY","author":"Le Canard du pianiste","date":"18 septembre 2009","format":false,"excerpt":"\u00a0\u00a0\u00a0Renaud Patigny est un des pianistes les plus populaires de Belgique ! \u00a0\u00a0 Depuis trente\u00a0ann\u00e9es, il joue partout o\u00f9 on l'appelle, \u00e0 Paris, aux Etats-unis, en Italie et bien s\u00fbr, dans la patrie d'Herg\u00e9. Admirateur des pionniers afro-am\u00e9ricains du blues et du boogie-woogie il a \u00e9galement compos\u00e9 une s\u00e9rie de\u2026","rel":"","context":"Dans &quot;Non class\u00e9&quot;","block_context":{"text":"Non class\u00e9","link":"http:\/\/www.fabriceeulry-laboutique.com\/blog\/?cat=1"},"img":{"alt_text":"tritonsdance.jpg","src":"https:\/\/i0.wp.com\/fabriceeulryunblogfr.unblog.fr\/files\/2010\/08\/tritonsdance.vignette.jpg?resize=350%2C200","width":350,"height":200},"classes":[]},{"id":8094,"url":"http:\/\/www.fabriceeulry-laboutique.com\/blog\/?p=8094","url_meta":{"origin":12629,"position":2},"title":"DITES NON (SUITE) DE LA MANIERE DONT LA BOETIE L&rsquo;EXPRIME","author":"Le Canard du pianiste","date":"6 f\u00e9vrier 2016","format":false,"excerpt":"Comme quoi, les fatalistes ont encore eu tort.\u00a0 Ce projet lamentable recule : (Lire l'article complet sur le site du Parisien) \"Pauvres gens mis\u00e9rables, peuples insens\u00e9s, nations opini\u00e2tres \u00e0 votre mal et aveugles \u00e0 votre bien ! Vous vous laissez enlever sous vos yeux le plus beau et le plus\u2026","rel":"","context":"Dans &quot;Non class\u00e9&quot;","block_context":{"text":"Non class\u00e9","link":"http:\/\/www.fabriceeulry-laboutique.com\/blog\/?cat=1"},"img":{"alt_text":"","src":"https:\/\/i0.wp.com\/www.fabriceeulry-laboutique.com\/blog\/wp-content\/uploads\/2016\/02\/pub-1.jpg?resize=350%2C200","width":350,"height":200,"srcset":"https:\/\/i0.wp.com\/www.fabriceeulry-laboutique.com\/blog\/wp-content\/uploads\/2016\/02\/pub-1.jpg?resize=350%2C200 1x, https:\/\/i0.wp.com\/www.fabriceeulry-laboutique.com\/blog\/wp-content\/uploads\/2016\/02\/pub-1.jpg?resize=525%2C300 1.5x"},"classes":[]},{"id":4335,"url":"http:\/\/www.fabriceeulry-laboutique.com\/blog\/?p=4335","url_meta":{"origin":12629,"position":3},"title":"LE XXI\u00e8me OU LA REVANCHE DE LA MUSIQUE TONALE","author":"Le Canard du pianiste","date":"20 janvier 2014","format":false,"excerpt":"Rien \u00e0 ajouter \u00e0 cette conf\u00e9rence qui d\u00e9monte avec humour tous les clich\u00e9s sur le modernisme en musique : Si l'on en juge par bataille de commentaires qu'elle occasionne entre les musiciens, elle d\u00e9range beaucoup les pr\u00e9bendes de certains, l'enjeu non avou\u00e9 \u00e9tant la captation de l'argent vos imp\u00f4ts pour\u2026","rel":"","context":"Dans &quot;Non class\u00e9&quot;","block_context":{"text":"Non class\u00e9","link":"http:\/\/www.fabriceeulry-laboutique.com\/blog\/?cat=1"},"img":{"alt_text":"","src":"https:\/\/i0.wp.com\/www.fabriceeulry-laboutique.com\/blog\/wp-content\/uploads\/2014\/01\/ducros.jpg?resize=350%2C200","width":350,"height":200,"srcset":"https:\/\/i0.wp.com\/www.fabriceeulry-laboutique.com\/blog\/wp-content\/uploads\/2014\/01\/ducros.jpg?resize=350%2C200 1x, https:\/\/i0.wp.com\/www.fabriceeulry-laboutique.com\/blog\/wp-content\/uploads\/2014\/01\/ducros.jpg?resize=525%2C300 1.5x, https:\/\/i0.wp.com\/www.fabriceeulry-laboutique.com\/blog\/wp-content\/uploads\/2014\/01\/ducros.jpg?resize=700%2C400 2x"},"classes":[]},{"id":5581,"url":"http:\/\/www.fabriceeulry-laboutique.com\/blog\/?p=5581","url_meta":{"origin":12629,"position":4},"title":"L&rsquo;AFFAIRE DE L&rsquo;HOPITAL DE GARCHES","author":"Le Canard du pianiste","date":"2 septembre 2014","format":false,"excerpt":"Une communication de Sant\u00e9 nature innovation : Tr\u00e8s important avant de franchir les portes d'un h\u00f4pital Ch\u00e8re lectrice, cher lecteur, Si vous suivez l'actualit\u00e9 m\u00e9dicale, vous \u00eates au courant de l'affaire du Dr Nicole Del\u00e9pine, de l'h\u00f4pital de Garches. Il s'agit d'une femme qui a soign\u00e9 toute sa vie des\u2026","rel":"","context":"Dans &quot;Non class\u00e9&quot;","block_context":{"text":"Non class\u00e9","link":"http:\/\/www.fabriceeulry-laboutique.com\/blog\/?cat=1"},"img":{"alt_text":"","src":"","width":0,"height":0},"classes":[]},{"id":12594,"url":"http:\/\/www.fabriceeulry-laboutique.com\/blog\/?p=12594","url_meta":{"origin":12629,"position":5},"title":"MINIMARE DE NO\u00cbL","author":"Le Canard du pianiste","date":"24 d\u00e9cembre 2021","format":false,"excerpt":"\"Chers amis m\u00e9lomanes, Pour vous remonter le moral et que vous passiez malgr\u00e9 tout un joyeux No\u00ebl, voici une petite anecdote : La ministre Am\u00e9lie de Montchalin, dont depuis 5 longues ann\u00e9es nous subissons la vacuit\u00e9 (mais aussi la violence dissimul\u00e9e sous ses airs douce\u00e2tres) s'\u00e9tant d\u00e9clarant sur RMC pour\u2026","rel":"","context":"Dans &quot;Non class\u00e9&quot;","block_context":{"text":"Non class\u00e9","link":"http:\/\/www.fabriceeulry-laboutique.com\/blog\/?cat=1"},"img":{"alt_text":"","src":"https:\/\/i0.wp.com\/www.fabriceeulry-laboutique.com\/blog\/wp-content\/uploads\/2021\/12\/Capture-de%CC%81cran-2021-12-24-a%CC%80-00.39.43.png?resize=350%2C200","width":350,"height":200},"classes":[]}],"_links":{"self":[{"href":"http:\/\/www.fabriceeulry-laboutique.com\/blog\/index.php?rest_route=\/wp\/v2\/posts\/12629","targetHints":{"allow":["GET"]}}],"collection":[{"href":"http:\/\/www.fabriceeulry-laboutique.com\/blog\/index.php?rest_route=\/wp\/v2\/posts"}],"about":[{"href":"http:\/\/www.fabriceeulry-laboutique.com\/blog\/index.php?rest_route=\/wp\/v2\/types\/post"}],"author":[{"embeddable":true,"href":"http:\/\/www.fabriceeulry-laboutique.com\/blog\/index.php?rest_route=\/wp\/v2\/users\/2"}],"replies":[{"embeddable":true,"href":"http:\/\/www.fabriceeulry-laboutique.com\/blog\/index.php?rest_route=%2Fwp%2Fv2%2Fcomments&post=12629"}],"version-history":[{"count":3,"href":"http:\/\/www.fabriceeulry-laboutique.com\/blog\/index.php?rest_route=\/wp\/v2\/posts\/12629\/revisions"}],"predecessor-version":[{"id":12640,"href":"http:\/\/www.fabriceeulry-laboutique.com\/blog\/index.php?rest_route=\/wp\/v2\/posts\/12629\/revisions\/12640"}],"wp:attachment":[{"href":"http:\/\/www.fabriceeulry-laboutique.com\/blog\/index.php?rest_route=%2Fwp%2Fv2%2Fmedia&parent=12629"}],"wp:term":[{"taxonomy":"category","embeddable":true,"href":"http:\/\/www.fabriceeulry-laboutique.com\/blog\/index.php?rest_route=%2Fwp%2Fv2%2Fcategories&post=12629"},{"taxonomy":"post_tag","embeddable":true,"href":"http:\/\/www.fabriceeulry-laboutique.com\/blog\/index.php?rest_route=%2Fwp%2Fv2%2Ftags&post=12629"}],"curies":[{"name":"wp","href":"https:\/\/api.w.org\/{rel}","templated":true}]}}