{"id":12669,"date":"2022-11-22T21:32:11","date_gmt":"2022-11-22T21:32:11","guid":{"rendered":"http:\/\/www.fabriceeulry-laboutique.com\/blog\/?p=12669"},"modified":"2022-11-23T20:16:54","modified_gmt":"2022-11-23T20:16:54","slug":"tournee-de-noel-2022","status":"publish","type":"post","link":"http:\/\/www.fabriceeulry-laboutique.com\/blog\/?p=12669","title":{"rendered":"TOURN\u00c9E DE NO\u00cbL 2022"},"content":{"rendered":"\n<p class=\"has-text-align-center\"><strong>Fabrice Eulry nous d\u00e9crit sa tourn\u00e9e de No\u00ebl qui commence dans quelques jours ! :<\/strong><\/p>\n\n\n\n<p class=\"has-text-align-center\">\u00ab\u00a0<strong>Je commence cette tourn\u00e9e de No\u00ebl en accompagnant la chorale des Anciens \u00e0 l&rsquo;EHPAD La Corette, de Mur de Barrez, le samedi 3 d\u00e9cembre. <\/strong><\/p>\n\n\n\n<p class=\"has-text-align-center\"><strong>Je donnerai un r\u00e9cital \u00ab\u00a0rockambolesque\u00a0\u00bb&nbsp;le 4 d\u00e9cembre \u00e0 17h30&nbsp;\u00e0 La Chapelle de La Commanderie (Cazouls d&rsquo;H\u00e9rault), sur un magnifique Stenway de concert, rendant hommage \u00e0 la l\u00e9gende du&nbsp;Rock&rsquo;n Roll &#8211; JERRY LEE LEWIS.<\/strong> <\/p>\n\n\n\n<p class=\"has-text-align-center\"><strong>R\u00e9servation obligatoire : 06 33 67 76 03<\/strong><\/p>\n\n\n\n<p class=\"has-text-align-center\"><strong>Le 6 d\u00e9cembre je donne un concert solidaire avec l&rsquo;association : \u00ab\u00a0Je m&rsquo;allie au Mali<\/strong>\u00a0\u00bb :<\/p>\n\n\n\n<figure class=\"wp-block-image size-large\"><img data-recalc-dims=\"1\" loading=\"lazy\" decoding=\"async\" width=\"640\" height=\"897\" src=\"https:\/\/i0.wp.com\/www.fabriceeulry-laboutique.com\/blog\/wp-content\/uploads\/2022\/11\/MALI-1.png?resize=640%2C897\" alt=\"\" class=\"wp-image-12671\" srcset=\"https:\/\/i0.wp.com\/www.fabriceeulry-laboutique.com\/blog\/wp-content\/uploads\/2022\/11\/MALI-1.png?resize=731%2C1024 731w, https:\/\/i0.wp.com\/www.fabriceeulry-laboutique.com\/blog\/wp-content\/uploads\/2022\/11\/MALI-1.png?resize=214%2C300 214w, https:\/\/i0.wp.com\/www.fabriceeulry-laboutique.com\/blog\/wp-content\/uploads\/2022\/11\/MALI-1.png?resize=768%2C1076 768w, https:\/\/i0.wp.com\/www.fabriceeulry-laboutique.com\/blog\/wp-content\/uploads\/2022\/11\/MALI-1.png?resize=1096%2C1536 1096w, https:\/\/i0.wp.com\/www.fabriceeulry-laboutique.com\/blog\/wp-content\/uploads\/2022\/11\/MALI-1.png?resize=300%2C420 300w, https:\/\/i0.wp.com\/www.fabriceeulry-laboutique.com\/blog\/wp-content\/uploads\/2022\/11\/MALI-1.png?w=1222 1222w\" sizes=\"auto, (max-width: 640px) 100vw, 640px\" \/><figcaption>L&rsquo;association \u00ab Je m&rsquo;allie au Mali&nbsp;\u00bb regroupe des lyc\u00e9ens et \u00e9tudiants scolaris\u00e9s pour la plupart dans les divers \u00e9tablissements de Rodez ainsi que des adultes souhaitant s\u2019investir dans des op\u00e9rations de solidarit\u00e9 avec le Mali.&nbsp;<br>Elle a \u00e9t\u00e9 cr\u00e9\u00e9e en mai 2006 \u00e0 l&rsquo;initiative d&rsquo;un groupe de jeunes (publication au Journal Officiel du 3 juin 2006) dans le but de :&nbsp;<br>-Promouvoir les \u00e9changes culturels et \u00e9ducatifs entre les populations maliennes et des jeunes lyc\u00e9ens et \u00e9tudiants r\u00e9sidents en France;<br>-D\u00e9velopper des liens d&rsquo;amiti\u00e9s entre les jeunes et les populations locales;<br>-Mener des actions de solidarit\u00e9 en lien avec d&rsquo;autres associations poursuivant des buts similaires;<br>-Poursuivre un but d&rsquo;apprentissage de la citoyennet\u00e9 en favorisant la prise de responsabilit\u00e9 de jeunes dans des instances dirigeantes.<br>\u200b<br>Notre objectif est de d\u00e9velopper un partenariat \u00e0 long terme avec le Mali pour essayer de conna\u00eetre un des pays les plus pauvres de la plan\u00e8te sur le plan \u00e9conomique mais si riche au plan social, familial et culturel.&nbsp;<br>Nous souhaitons partager la chaleur humaine et l\u2019accueil l\u00e9gendaires du peuple Malien.&nbsp;<\/figcaption><\/figure>\n\n\n\n<p class=\"has-text-align-center\"><strong>Je jouerai ensuite le 7 d\u00e9cembre pour L&rsquo;h\u00f4pital de St Geniez au bord du Lot, puis \u00e0 La Maison d&rsquo;Accueil Sp\u00e9cialis\u00e9e de St<\/strong> <strong>C\u00f4me d&rsquo;Olt le 8.<\/strong> <strong>Deux concerts offerts par la Fondation R\u00e9sonnance d&rsquo;Elizabeth Sombart<\/strong>.\u00a0\u00bb<\/p>\n\n\n\n<p class=\"has-text-align-center\"><strong>Le 9 vendredi d\u00e9cembre retour&nbsp;\u00e0 La Chapelle de La Commanderie (Cazouls d&rsquo;H\u00e9rault) pour jouer le r\u00e9pertoire de No\u00ebl<\/strong>.<\/p>\n\n\n\n<p class=\"has-text-align-center\"><strong>R\u00e9servation obligatoire : 06 33 67 76 03<\/strong><\/p>\n\n\n\n<p class=\"has-text-align-center\"><strong>Le 10 samedi d\u00e9cembre : r\u00e9cital au Th\u00e9\u00e2tre de municipal de Moulins (Allier) 20h30<\/strong><\/p>\n\n\n\n<div class=\"wp-block-image\"><figure class=\"aligncenter size-large\"><img data-recalc-dims=\"1\" loading=\"lazy\" decoding=\"async\" width=\"572\" height=\"469\" src=\"https:\/\/i0.wp.com\/www.fabriceeulry-laboutique.com\/blog\/wp-content\/uploads\/2021\/07\/Barcelone-terrassa-fab2021.png?resize=572%2C469\" alt=\"\" class=\"wp-image-12551\" srcset=\"https:\/\/i0.wp.com\/www.fabriceeulry-laboutique.com\/blog\/wp-content\/uploads\/2021\/07\/Barcelone-terrassa-fab2021.png?w=572 572w, https:\/\/i0.wp.com\/www.fabriceeulry-laboutique.com\/blog\/wp-content\/uploads\/2021\/07\/Barcelone-terrassa-fab2021.png?resize=300%2C246 300w\" sizes=\"auto, (max-width: 572px) 100vw, 572px\" \/><\/figure><\/div>\n\n\n\n<p class=\"has-text-align-center\"><strong>Dimanche 11 d\u00e9cembre apr\u00e8s-midi : r\u00e9cital de No\u00ebl \u00e0 l&rsquo;\u00e9glise de St Paul de Tartas (Haute-Loire)<\/strong><\/p>\n\n\n\n<p class=\"has-text-align-center\"><strong>jeudi 15 d\u00e9cembre : r\u00e9cital \u00e0 la maison de retraite les Rossignols d&rsquo;Onet le ch\u00e2teau (Aveyron)<\/strong><\/p>\n\n\n\n<p class=\"has-text-align-center\"><strong>vendredi 16 d\u00e9cembre : r\u00e9cital de No\u00ebl pour les enfants au Centre de D\u00e9ficiences Sensorielles<\/strong> <strong>de Rodez<\/strong><\/p>\n","protected":false},"excerpt":{"rendered":"<p>Fabrice Eulry nous d\u00e9crit sa tourn\u00e9e de No\u00ebl qui commence dans quelques jours ! : \u00ab\u00a0Je commence cette tourn\u00e9e de No\u00ebl en accompagnant la chorale des Anciens \u00e0 l&rsquo;EHPAD La Corette, de Mur de Barrez, le samedi 3 d\u00e9cembre. Je &hellip; <a href=\"http:\/\/www.fabriceeulry-laboutique.com\/blog\/?p=12669\">Continuer la lecture <span class=\"meta-nav\">&rarr;<\/span><\/a><\/p>\n","protected":false},"author":2,"featured_media":0,"comment_status":"open","ping_status":"open","sticky":false,"template":"","format":"standard","meta":{"jetpack_post_was_ever_published":false,"_jetpack_newsletter_access":"","_jetpack_dont_email_post_to_subs":false,"_jetpack_newsletter_tier_id":0,"_jetpack_memberships_contains_paywalled_content":false,"_jetpack_memberships_contains_paid_content":false,"footnotes":"","jetpack_publicize_message":"","jetpack_publicize_feature_enabled":true,"jetpack_social_post_already_shared":true,"jetpack_social_options":{"image_generator_settings":{"template":"highway","default_image_id":0,"font":"","enabled":false},"version":2}},"categories":[1],"tags":[],"class_list":["post-12669","post","type-post","status-publish","format-standard","hentry","category-non-classe"],"jetpack_publicize_connections":[],"jetpack_featured_media_url":"","jetpack_sharing_enabled":true,"jetpack_shortlink":"https:\/\/wp.me\/p2D6dI-3il","jetpack_likes_enabled":true,"jetpack-related-posts":[{"id":13087,"url":"http:\/\/www.fabriceeulry-laboutique.com\/blog\/?p=13087","url_meta":{"origin":12669,"position":0},"title":"TOURN\u00c9E DE NO\u00cbL \u00c0 PARTIR DU 1er D\u00c9CEMBRE !","author":"Le Canard du pianiste","date":"2 novembre 2024","format":false,"excerpt":"Et commen\u00e7ons par l'affiche du premier concert, sur le piano Steinway de la commanderie des Templiers que vous entendrez sonner en cliquant sur la vid\u00e9o tout en bas. Au programme : r\u00e9pertoire de No\u00ebl, gospels, et autres... https:\/\/www.youtube.com\/watch?v=RqIzXNbqlqQ","rel":"","context":"Dans &quot;Non class\u00e9&quot;","block_context":{"text":"Non class\u00e9","link":"http:\/\/www.fabriceeulry-laboutique.com\/blog\/?cat=1"},"img":{"alt_text":"","src":"https:\/\/i0.wp.com\/www.fabriceeulry-laboutique.com\/blog\/wp-content\/uploads\/2024\/11\/affiche-1er-dec-Cazouls.png-.png?resize=350%2C200","width":350,"height":200,"srcset":"https:\/\/i0.wp.com\/www.fabriceeulry-laboutique.com\/blog\/wp-content\/uploads\/2024\/11\/affiche-1er-dec-Cazouls.png-.png?resize=350%2C200 1x, https:\/\/i0.wp.com\/www.fabriceeulry-laboutique.com\/blog\/wp-content\/uploads\/2024\/11\/affiche-1er-dec-Cazouls.png-.png?resize=525%2C300 1.5x, https:\/\/i0.wp.com\/www.fabriceeulry-laboutique.com\/blog\/wp-content\/uploads\/2024\/11\/affiche-1er-dec-Cazouls.png-.png?resize=700%2C400 2x, https:\/\/i0.wp.com\/www.fabriceeulry-laboutique.com\/blog\/wp-content\/uploads\/2024\/11\/affiche-1er-dec-Cazouls.png-.png?resize=1050%2C600 3x"},"classes":[]},{"id":12684,"url":"http:\/\/www.fabriceeulry-laboutique.com\/blog\/?p=12684","url_meta":{"origin":12669,"position":1},"title":"CONCERT DE NO\u00cbL \u00c0 MOULINS","author":"Le Canard du pianiste","date":"26 d\u00e9cembre 2022","format":false,"excerpt":"Le th\u00e9\u00e2tre de Moulins vient d'\u00eatre restaur\u00e9 Un temps glac\u00e9 pour un r\u00e9cital givr\u00e9 ! Fabrice Eulry encore plus f\u00e9brile qu'\u00e0 l'accoutum\u00e9e, malgr\u00e9 le match France-Angleterre, s'est jur\u00e9 d'enchanter une salle comble et attentive, d\u00e9j\u00e0 chauff\u00e9e par la po\u00e9tique premi\u00e8re partie du trio de Nathan Mollet ; nous sommes le\u2026","rel":"","context":"Dans &quot;Non class\u00e9&quot;","block_context":{"text":"Non class\u00e9","link":"http:\/\/www.fabriceeulry-laboutique.com\/blog\/?cat=1"},"img":{"alt_text":"","src":"https:\/\/i0.wp.com\/www.fabriceeulry-laboutique.com\/blog\/wp-content\/uploads\/2022\/12\/moulins-theatrepng-scaled.jpg?resize=350%2C200","width":350,"height":200,"srcset":"https:\/\/i0.wp.com\/www.fabriceeulry-laboutique.com\/blog\/wp-content\/uploads\/2022\/12\/moulins-theatrepng-scaled.jpg?resize=350%2C200 1x, https:\/\/i0.wp.com\/www.fabriceeulry-laboutique.com\/blog\/wp-content\/uploads\/2022\/12\/moulins-theatrepng-scaled.jpg?resize=525%2C300 1.5x, https:\/\/i0.wp.com\/www.fabriceeulry-laboutique.com\/blog\/wp-content\/uploads\/2022\/12\/moulins-theatrepng-scaled.jpg?resize=700%2C400 2x, https:\/\/i0.wp.com\/www.fabriceeulry-laboutique.com\/blog\/wp-content\/uploads\/2022\/12\/moulins-theatrepng-scaled.jpg?resize=1050%2C600 3x, https:\/\/i0.wp.com\/www.fabriceeulry-laboutique.com\/blog\/wp-content\/uploads\/2022\/12\/moulins-theatrepng-scaled.jpg?resize=1400%2C800 4x"},"classes":[]},{"id":12233,"url":"http:\/\/www.fabriceeulry-laboutique.com\/blog\/?p=12233","url_meta":{"origin":12669,"position":2},"title":"TOURN\u00c9E DE NO\u00cbL POUR NOS ANCIENS","author":"Le Canard du pianiste","date":"21 d\u00e9cembre 2019","format":false,"excerpt":"La Fondation R\u00e9sonnance permet en ce moment \u00e0 Fabrice Eulry de donner une tourn\u00e9e de No\u00ebl de Paris au midi et du midi \u00e0 Paris. Apr\u00e8s l'Ile de France, l'Aveyron avec Rodez Ici \u00e0 Carmaux, annonc\u00e9 par les panneaux municipaux, L'artiste pr\u00e9sente son r\u00e9pertoire, :Bach (qui d\u00e9cid\u00e9ment s'adapte \u00e0 tout\u2026","rel":"","context":"Dans &quot;Non class\u00e9&quot;","block_context":{"text":"Non class\u00e9","link":"http:\/\/www.fabriceeulry-laboutique.com\/blog\/?cat=1"},"img":{"alt_text":"","src":"https:\/\/i0.wp.com\/www.fabriceeulry-laboutique.com\/blog\/wp-content\/uploads\/2019\/12\/Cramaux2.png?resize=350%2C200","width":350,"height":200,"srcset":"https:\/\/i0.wp.com\/www.fabriceeulry-laboutique.com\/blog\/wp-content\/uploads\/2019\/12\/Cramaux2.png?resize=350%2C200 1x, https:\/\/i0.wp.com\/www.fabriceeulry-laboutique.com\/blog\/wp-content\/uploads\/2019\/12\/Cramaux2.png?resize=525%2C300 1.5x, https:\/\/i0.wp.com\/www.fabriceeulry-laboutique.com\/blog\/wp-content\/uploads\/2019\/12\/Cramaux2.png?resize=700%2C400 2x"},"classes":[]},{"id":6410,"url":"http:\/\/www.fabriceeulry-laboutique.com\/blog\/?p=6410","url_meta":{"origin":12669,"position":3},"title":"COMMENT SAUVER LE PATRIMOINE EN PERIL :","author":"Le Canard du pianiste","date":"14 f\u00e9vrier 2015","format":false,"excerpt":"\u00a0 \u00a0Si vous d\u00e9fendez la culture, m\u00eame si vous n'\u00eates pas croyant, n'oubliez pas qu'une \u00e9glise est aussi un sanctuaire artistique \u00e0 d\u00e9fendre.\u00a0 \u00a0 Ce que vous pouvez faire : \u00a0 \u00a01\u00b0 Signer cette p\u00e9tition en cliquant sur l'image :\u00a0 \u00a0 \u00a02\u00b0 La relayer. \u00a0 \u00a03\u00b0 Relayer cet article. \u00a0\u2026","rel":"","context":"Dans &quot;Non class\u00e9&quot;","block_context":{"text":"Non class\u00e9","link":"http:\/\/www.fabriceeulry-laboutique.com\/blog\/?cat=1"},"img":{"alt_text":"","src":"https:\/\/i0.wp.com\/www.fabriceeulry-laboutique.com\/blog\/wp-content\/uploads\/2013\/05\/AB-300x221.png?resize=350%2C200","width":350,"height":200},"classes":[]},{"id":13401,"url":"http:\/\/www.fabriceeulry-laboutique.com\/blog\/?p=13401","url_meta":{"origin":12669,"position":4},"title":"LA MAISON DE LA PO\u00c9SIE","author":"Le Canard du pianiste","date":"18 novembre 2025","format":false,"excerpt":"Dans le cadre de la tourn\u00e9e de No\u00ebl un r\u00e9cital vous est propos\u00e9 le jeudi 11 dans un lieu insolite d'Avignon : Le pianiste sera ensuite le samedi 13 \u00e0 La Chapelle royale de Rodez...","rel":"","context":"Dans &quot;Non class\u00e9&quot;","block_context":{"text":"Non class\u00e9","link":"http:\/\/www.fabriceeulry-laboutique.com\/blog\/?cat=1"},"img":{"alt_text":"","src":"https:\/\/i0.wp.com\/www.fabriceeulry-laboutique.com\/blog\/wp-content\/uploads\/2025\/11\/Noel-en-Swing-11-dec-PNG.png?resize=350%2C200","width":350,"height":200,"srcset":"https:\/\/i0.wp.com\/www.fabriceeulry-laboutique.com\/blog\/wp-content\/uploads\/2025\/11\/Noel-en-Swing-11-dec-PNG.png?resize=350%2C200 1x, https:\/\/i0.wp.com\/www.fabriceeulry-laboutique.com\/blog\/wp-content\/uploads\/2025\/11\/Noel-en-Swing-11-dec-PNG.png?resize=525%2C300 1.5x, https:\/\/i0.wp.com\/www.fabriceeulry-laboutique.com\/blog\/wp-content\/uploads\/2025\/11\/Noel-en-Swing-11-dec-PNG.png?resize=700%2C400 2x, https:\/\/i0.wp.com\/www.fabriceeulry-laboutique.com\/blog\/wp-content\/uploads\/2025\/11\/Noel-en-Swing-11-dec-PNG.png?resize=1050%2C600 3x, https:\/\/i0.wp.com\/www.fabriceeulry-laboutique.com\/blog\/wp-content\/uploads\/2025\/11\/Noel-en-Swing-11-dec-PNG.png?resize=1400%2C800 4x"},"classes":[]},{"id":11164,"url":"http:\/\/www.fabriceeulry-laboutique.com\/blog\/?p=11164","url_meta":{"origin":12669,"position":5},"title":"DEUX MESSES DE NO\u00cbL GOSPEL 23 ET 24 D\u00c9CEMBRE \u00c0 LYON","author":"Le Canard du pianiste","date":"1 d\u00e9cembre 2018","format":false,"excerpt":"Propos\u00e9es par le choeur d'APOT SING et Fabrice Eulry. ---------------------------- \u00c9glise baptiste\u00a0 85 cours vitton Lyon 6\u00a0Pour le 23 d\u00e9cembre matin\u00a0 \u00a0Temple du change pour le 24 d\u00e9cembre soir\u00a0 2 place du change Lyon 5 \u00c0 droite, Apot chef de choeur. L'album le plus soul de Fabrice Eulry : Avec\u2026","rel":"","context":"Dans &quot;Non class\u00e9&quot;","block_context":{"text":"Non class\u00e9","link":"http:\/\/www.fabriceeulry-laboutique.com\/blog\/?cat=1"},"img":{"alt_text":"","src":"https:\/\/i0.wp.com\/www.fabriceeulry-laboutique.com\/blog\/wp-content\/uploads\/2018\/12\/temple-du-change.png?resize=350%2C200","width":350,"height":200},"classes":[]}],"_links":{"self":[{"href":"http:\/\/www.fabriceeulry-laboutique.com\/blog\/index.php?rest_route=\/wp\/v2\/posts\/12669","targetHints":{"allow":["GET"]}}],"collection":[{"href":"http:\/\/www.fabriceeulry-laboutique.com\/blog\/index.php?rest_route=\/wp\/v2\/posts"}],"about":[{"href":"http:\/\/www.fabriceeulry-laboutique.com\/blog\/index.php?rest_route=\/wp\/v2\/types\/post"}],"author":[{"embeddable":true,"href":"http:\/\/www.fabriceeulry-laboutique.com\/blog\/index.php?rest_route=\/wp\/v2\/users\/2"}],"replies":[{"embeddable":true,"href":"http:\/\/www.fabriceeulry-laboutique.com\/blog\/index.php?rest_route=%2Fwp%2Fv2%2Fcomments&post=12669"}],"version-history":[{"count":3,"href":"http:\/\/www.fabriceeulry-laboutique.com\/blog\/index.php?rest_route=\/wp\/v2\/posts\/12669\/revisions"}],"predecessor-version":[{"id":12674,"href":"http:\/\/www.fabriceeulry-laboutique.com\/blog\/index.php?rest_route=\/wp\/v2\/posts\/12669\/revisions\/12674"}],"wp:attachment":[{"href":"http:\/\/www.fabriceeulry-laboutique.com\/blog\/index.php?rest_route=%2Fwp%2Fv2%2Fmedia&parent=12669"}],"wp:term":[{"taxonomy":"category","embeddable":true,"href":"http:\/\/www.fabriceeulry-laboutique.com\/blog\/index.php?rest_route=%2Fwp%2Fv2%2Fcategories&post=12669"},{"taxonomy":"post_tag","embeddable":true,"href":"http:\/\/www.fabriceeulry-laboutique.com\/blog\/index.php?rest_route=%2Fwp%2Fv2%2Ftags&post=12669"}],"curies":[{"name":"wp","href":"https:\/\/api.w.org\/{rel}","templated":true}]}}