{"id":12684,"date":"2022-12-26T03:05:19","date_gmt":"2022-12-26T03:05:19","guid":{"rendered":"http:\/\/www.fabriceeulry-laboutique.com\/blog\/?p=12684"},"modified":"2022-12-26T03:12:07","modified_gmt":"2022-12-26T03:12:07","slug":"concert-de-noel-a-moulins","status":"publish","type":"post","link":"http:\/\/www.fabriceeulry-laboutique.com\/blog\/?p=12684","title":{"rendered":"CONCERT DE NO\u00cbL \u00c0 MOULINS"},"content":{"rendered":"\n<figure class=\"wp-block-image size-large\"><img data-recalc-dims=\"1\" loading=\"lazy\" decoding=\"async\" width=\"640\" height=\"480\" src=\"https:\/\/i0.wp.com\/www.fabriceeulry-laboutique.com\/blog\/wp-content\/uploads\/2022\/12\/moulins-theatrepng.jpg?resize=640%2C480\" alt=\"\" class=\"wp-image-12692\" srcset=\"https:\/\/i0.wp.com\/www.fabriceeulry-laboutique.com\/blog\/wp-content\/uploads\/2022\/12\/moulins-theatrepng-scaled.jpg?resize=1024%2C768 1024w, https:\/\/i0.wp.com\/www.fabriceeulry-laboutique.com\/blog\/wp-content\/uploads\/2022\/12\/moulins-theatrepng-scaled.jpg?resize=300%2C225 300w, https:\/\/i0.wp.com\/www.fabriceeulry-laboutique.com\/blog\/wp-content\/uploads\/2022\/12\/moulins-theatrepng-scaled.jpg?resize=768%2C576 768w, https:\/\/i0.wp.com\/www.fabriceeulry-laboutique.com\/blog\/wp-content\/uploads\/2022\/12\/moulins-theatrepng-scaled.jpg?resize=1536%2C1152 1536w, https:\/\/i0.wp.com\/www.fabriceeulry-laboutique.com\/blog\/wp-content\/uploads\/2022\/12\/moulins-theatrepng-scaled.jpg?resize=2048%2C1536 2048w, https:\/\/i0.wp.com\/www.fabriceeulry-laboutique.com\/blog\/wp-content\/uploads\/2022\/12\/moulins-theatrepng-scaled.jpg?w=1280 1280w, https:\/\/i0.wp.com\/www.fabriceeulry-laboutique.com\/blog\/wp-content\/uploads\/2022\/12\/moulins-theatrepng-scaled.jpg?w=1920 1920w\" sizes=\"auto, (max-width: 640px) 100vw, 640px\" \/><figcaption>Le th\u00e9\u00e2tre de Moulins vient d&rsquo;\u00eatre restaur\u00e9 <\/figcaption><\/figure>\n\n\n\n<p class=\"has-text-align-center\"><strong>Un temps glac\u00e9 pour un r\u00e9cital givr\u00e9 ! Fabrice Eulry encore plus f\u00e9brile qu&rsquo;\u00e0 l&rsquo;accoutum\u00e9e, malgr\u00e9 le match France-Angleterre, <strong>s&rsquo;est jur\u00e9 d&rsquo;enchanter une salle comble <\/strong>et attentive, d\u00e9j\u00e0 chauff\u00e9e par la po\u00e9tique premi\u00e8re partie du trio de Nathan<\/strong> <strong>Mollet<\/strong> ; <strong>nous sommes le 10 d\u00e9cembre<\/strong> <strong>2022<\/strong>.<\/p>\n\n\n\n<figure class=\"wp-block-image size-large\"><img data-recalc-dims=\"1\" loading=\"lazy\" decoding=\"async\" width=\"640\" height=\"480\" src=\"https:\/\/i0.wp.com\/www.fabriceeulry-laboutique.com\/blog\/wp-content\/uploads\/2022\/12\/moulinsC.jpg?resize=640%2C480\" alt=\"\" class=\"wp-image-12688\" srcset=\"https:\/\/i0.wp.com\/www.fabriceeulry-laboutique.com\/blog\/wp-content\/uploads\/2022\/12\/moulinsC-scaled.jpg?resize=1024%2C768 1024w, https:\/\/i0.wp.com\/www.fabriceeulry-laboutique.com\/blog\/wp-content\/uploads\/2022\/12\/moulinsC-scaled.jpg?resize=300%2C225 300w, https:\/\/i0.wp.com\/www.fabriceeulry-laboutique.com\/blog\/wp-content\/uploads\/2022\/12\/moulinsC-scaled.jpg?resize=768%2C576 768w, https:\/\/i0.wp.com\/www.fabriceeulry-laboutique.com\/blog\/wp-content\/uploads\/2022\/12\/moulinsC-scaled.jpg?resize=1536%2C1152 1536w, https:\/\/i0.wp.com\/www.fabriceeulry-laboutique.com\/blog\/wp-content\/uploads\/2022\/12\/moulinsC-scaled.jpg?resize=2048%2C1536 2048w, https:\/\/i0.wp.com\/www.fabriceeulry-laboutique.com\/blog\/wp-content\/uploads\/2022\/12\/moulinsC-scaled.jpg?w=1280 1280w, https:\/\/i0.wp.com\/www.fabriceeulry-laboutique.com\/blog\/wp-content\/uploads\/2022\/12\/moulinsC-scaled.jpg?w=1920 1920w\" sizes=\"auto, (max-width: 640px) 100vw, 640px\" \/><figcaption>Le public \u00e9coute la premi\u00e8re partie, c&rsquo;est le moment de poser devant le th\u00e9\u00e2tre de Moulins r\u00e9cemment restaur\u00e9 o\u00f9 Fabrice Eulry joua 20 ans auparavant avec son orchestre.<\/figcaption><\/figure>\n\n\n\n<figure class=\"wp-block-image size-large\"><img data-recalc-dims=\"1\" loading=\"lazy\" decoding=\"async\" width=\"640\" height=\"853\" src=\"https:\/\/i0.wp.com\/www.fabriceeulry-laboutique.com\/blog\/wp-content\/uploads\/2022\/12\/moulins2022.jpg?resize=640%2C853\" alt=\"\" class=\"wp-image-12685\" srcset=\"https:\/\/i0.wp.com\/www.fabriceeulry-laboutique.com\/blog\/wp-content\/uploads\/2022\/12\/moulins2022-scaled.jpg?resize=768%2C1024 768w, https:\/\/i0.wp.com\/www.fabriceeulry-laboutique.com\/blog\/wp-content\/uploads\/2022\/12\/moulins2022-scaled.jpg?resize=225%2C300 225w, https:\/\/i0.wp.com\/www.fabriceeulry-laboutique.com\/blog\/wp-content\/uploads\/2022\/12\/moulins2022-scaled.jpg?resize=1152%2C1536 1152w, https:\/\/i0.wp.com\/www.fabriceeulry-laboutique.com\/blog\/wp-content\/uploads\/2022\/12\/moulins2022-scaled.jpg?resize=1536%2C2048 1536w, https:\/\/i0.wp.com\/www.fabriceeulry-laboutique.com\/blog\/wp-content\/uploads\/2022\/12\/moulins2022-scaled.jpg?resize=300%2C400 300w, https:\/\/i0.wp.com\/www.fabriceeulry-laboutique.com\/blog\/wp-content\/uploads\/2022\/12\/moulins2022-scaled.jpg?w=1920 1920w, https:\/\/i0.wp.com\/www.fabriceeulry-laboutique.com\/blog\/wp-content\/uploads\/2022\/12\/moulins2022-scaled.jpg?w=1280 1280w\" sizes=\"auto, (max-width: 640px) 100vw, 640px\" \/><figcaption>Le concert est parfaitement organis\u00e9 par Le JC Moulinois qui depuis quarante ans programma la venue de tant d&rsquo;artistes&#8230;<\/figcaption><\/figure>\n\n\n\n<figure class=\"wp-block-image size-large is-style-default\"><img data-recalc-dims=\"1\" loading=\"lazy\" decoding=\"async\" width=\"640\" height=\"480\" src=\"https:\/\/i0.wp.com\/www.fabriceeulry-laboutique.com\/blog\/wp-content\/uploads\/2022\/12\/psy-moulins.jpg?resize=640%2C480\" alt=\"\" class=\"wp-image-12693\" srcset=\"https:\/\/i0.wp.com\/www.fabriceeulry-laboutique.com\/blog\/wp-content\/uploads\/2022\/12\/psy-moulins-scaled.jpg?resize=1024%2C768 1024w, https:\/\/i0.wp.com\/www.fabriceeulry-laboutique.com\/blog\/wp-content\/uploads\/2022\/12\/psy-moulins-scaled.jpg?resize=300%2C225 300w, https:\/\/i0.wp.com\/www.fabriceeulry-laboutique.com\/blog\/wp-content\/uploads\/2022\/12\/psy-moulins-scaled.jpg?resize=768%2C576 768w, https:\/\/i0.wp.com\/www.fabriceeulry-laboutique.com\/blog\/wp-content\/uploads\/2022\/12\/psy-moulins-scaled.jpg?resize=1536%2C1152 1536w, https:\/\/i0.wp.com\/www.fabriceeulry-laboutique.com\/blog\/wp-content\/uploads\/2022\/12\/psy-moulins-scaled.jpg?resize=2048%2C1536 2048w, https:\/\/i0.wp.com\/www.fabriceeulry-laboutique.com\/blog\/wp-content\/uploads\/2022\/12\/psy-moulins-scaled.jpg?w=1280 1280w, https:\/\/i0.wp.com\/www.fabriceeulry-laboutique.com\/blog\/wp-content\/uploads\/2022\/12\/psy-moulins-scaled.jpg?w=1920 1920w\" sizes=\"auto, (max-width: 640px) 100vw, 640px\" \/><figcaption>La premi\u00e8re partie et l&rsquo;entracte n&rsquo;en finissent pas, Fabrice Eulry envahi par le trac, trouve une parade en simulant une s\u00e9ance de psy bidon avec une des organisatrices, (elle est aussi artiste chanteuse) qui se pr\u00eate au jeu en rigolant et d\u00e9tend notre pianiste par son humour.<\/figcaption><\/figure>\n\n\n\n<figure class=\"wp-block-image size-large\"><img data-recalc-dims=\"1\" loading=\"lazy\" decoding=\"async\" width=\"640\" height=\"676\" src=\"https:\/\/i0.wp.com\/www.fabriceeulry-laboutique.com\/blog\/wp-content\/uploads\/2022\/12\/moulins2022B.jpg?resize=640%2C676\" alt=\"\" class=\"wp-image-12686\" srcset=\"https:\/\/i0.wp.com\/www.fabriceeulry-laboutique.com\/blog\/wp-content\/uploads\/2022\/12\/moulins2022B-scaled.jpg?resize=970%2C1024 970w, https:\/\/i0.wp.com\/www.fabriceeulry-laboutique.com\/blog\/wp-content\/uploads\/2022\/12\/moulins2022B-scaled.jpg?resize=284%2C300 284w, https:\/\/i0.wp.com\/www.fabriceeulry-laboutique.com\/blog\/wp-content\/uploads\/2022\/12\/moulins2022B-scaled.jpg?resize=768%2C811 768w, https:\/\/i0.wp.com\/www.fabriceeulry-laboutique.com\/blog\/wp-content\/uploads\/2022\/12\/moulins2022B-scaled.jpg?resize=1455%2C1536 1455w, https:\/\/i0.wp.com\/www.fabriceeulry-laboutique.com\/blog\/wp-content\/uploads\/2022\/12\/moulins2022B-scaled.jpg?resize=1940%2C2048 1940w, https:\/\/i0.wp.com\/www.fabriceeulry-laboutique.com\/blog\/wp-content\/uploads\/2022\/12\/moulins2022B-scaled.jpg?resize=300%2C317 300w, https:\/\/i0.wp.com\/www.fabriceeulry-laboutique.com\/blog\/wp-content\/uploads\/2022\/12\/moulins2022B-scaled.jpg?w=1280 1280w\" sizes=\"auto, (max-width: 640px) 100vw, 640px\" \/><figcaption>Le voici enfin en sc\u00e8ne, et apr\u00e8s la t\u00eate nue de chapeau dans le froid glacial, la voil\u00e0 couverte sous la chaleur des projecteurs ! &#8230;. Pour faire parler les bavards ?<\/figcaption><\/figure>\n\n\n\n<figure class=\"wp-block-image size-large is-resized\"><img data-recalc-dims=\"1\" loading=\"lazy\" decoding=\"async\" src=\"https:\/\/i0.wp.com\/www.fabriceeulry-laboutique.com\/blog\/wp-content\/uploads\/2022\/12\/moulins-baratin.png.jpg?resize=640%2C480\" alt=\"\" class=\"wp-image-12695\" width=\"640\" height=\"480\" srcset=\"https:\/\/i0.wp.com\/www.fabriceeulry-laboutique.com\/blog\/wp-content\/uploads\/2022\/12\/moulins-baratin.png-scaled.jpg?resize=1024%2C768 1024w, https:\/\/i0.wp.com\/www.fabriceeulry-laboutique.com\/blog\/wp-content\/uploads\/2022\/12\/moulins-baratin.png-scaled.jpg?resize=300%2C225 300w, https:\/\/i0.wp.com\/www.fabriceeulry-laboutique.com\/blog\/wp-content\/uploads\/2022\/12\/moulins-baratin.png-scaled.jpg?resize=768%2C576 768w, https:\/\/i0.wp.com\/www.fabriceeulry-laboutique.com\/blog\/wp-content\/uploads\/2022\/12\/moulins-baratin.png-scaled.jpg?resize=1536%2C1152 1536w, https:\/\/i0.wp.com\/www.fabriceeulry-laboutique.com\/blog\/wp-content\/uploads\/2022\/12\/moulins-baratin.png-scaled.jpg?resize=2048%2C1536 2048w, https:\/\/i0.wp.com\/www.fabriceeulry-laboutique.com\/blog\/wp-content\/uploads\/2022\/12\/moulins-baratin.png-scaled.jpg?w=1280 1280w, https:\/\/i0.wp.com\/www.fabriceeulry-laboutique.com\/blog\/wp-content\/uploads\/2022\/12\/moulins-baratin.png-scaled.jpg?w=1920 1920w\" sizes=\"auto, (max-width: 640px) 100vw, 640px\" \/><figcaption>Beaucoup d&rsquo;anecdotes \u00e0 propos de l&rsquo;histoire de chaque morceau&#8230;<\/figcaption><\/figure>\n\n\n\n<figure class=\"wp-block-image size-large\"><img data-recalc-dims=\"1\" loading=\"lazy\" decoding=\"async\" width=\"640\" height=\"881\" src=\"https:\/\/i0.wp.com\/www.fabriceeulry-laboutique.com\/blog\/wp-content\/uploads\/2022\/12\/moulins.jpg?resize=640%2C881\" alt=\"\" class=\"wp-image-12687\" srcset=\"https:\/\/i0.wp.com\/www.fabriceeulry-laboutique.com\/blog\/wp-content\/uploads\/2022\/12\/moulins-scaled.jpg?resize=744%2C1024 744w, https:\/\/i0.wp.com\/www.fabriceeulry-laboutique.com\/blog\/wp-content\/uploads\/2022\/12\/moulins-scaled.jpg?resize=218%2C300 218w, https:\/\/i0.wp.com\/www.fabriceeulry-laboutique.com\/blog\/wp-content\/uploads\/2022\/12\/moulins-scaled.jpg?resize=768%2C1057 768w, https:\/\/i0.wp.com\/www.fabriceeulry-laboutique.com\/blog\/wp-content\/uploads\/2022\/12\/moulins-scaled.jpg?resize=1116%2C1536 1116w, https:\/\/i0.wp.com\/www.fabriceeulry-laboutique.com\/blog\/wp-content\/uploads\/2022\/12\/moulins-scaled.jpg?resize=1488%2C2048 1488w, https:\/\/i0.wp.com\/www.fabriceeulry-laboutique.com\/blog\/wp-content\/uploads\/2022\/12\/moulins-scaled.jpg?resize=300%2C413 300w, https:\/\/i0.wp.com\/www.fabriceeulry-laboutique.com\/blog\/wp-content\/uploads\/2022\/12\/moulins-scaled.jpg?w=1860 1860w, https:\/\/i0.wp.com\/www.fabriceeulry-laboutique.com\/blog\/wp-content\/uploads\/2022\/12\/moulins-scaled.jpg?w=1280 1280w\" sizes=\"auto, (max-width: 640px) 100vw, 640px\" \/><figcaption>&#8230; mais aussi la mani\u00e8re personnelle d&rsquo;aborder le r\u00e9pertoire de No\u00ebl, mettent en joie le public qui partage un fou-rire impr\u00e9vu avec le pianiste <\/figcaption><\/figure>\n\n\n\n<figure class=\"wp-block-image size-large\"><img data-recalc-dims=\"1\" loading=\"lazy\" decoding=\"async\" width=\"640\" height=\"480\" src=\"https:\/\/i0.wp.com\/www.fabriceeulry-laboutique.com\/blog\/wp-content\/uploads\/2022\/12\/moulins-percus.jpg?resize=640%2C480\" alt=\"\" class=\"wp-image-12694\" srcset=\"https:\/\/i0.wp.com\/www.fabriceeulry-laboutique.com\/blog\/wp-content\/uploads\/2022\/12\/moulins-percus-scaled.jpg?resize=1024%2C768 1024w, https:\/\/i0.wp.com\/www.fabriceeulry-laboutique.com\/blog\/wp-content\/uploads\/2022\/12\/moulins-percus-scaled.jpg?resize=300%2C225 300w, https:\/\/i0.wp.com\/www.fabriceeulry-laboutique.com\/blog\/wp-content\/uploads\/2022\/12\/moulins-percus-scaled.jpg?resize=768%2C576 768w, https:\/\/i0.wp.com\/www.fabriceeulry-laboutique.com\/blog\/wp-content\/uploads\/2022\/12\/moulins-percus-scaled.jpg?resize=1536%2C1152 1536w, https:\/\/i0.wp.com\/www.fabriceeulry-laboutique.com\/blog\/wp-content\/uploads\/2022\/12\/moulins-percus-scaled.jpg?resize=2048%2C1536 2048w, https:\/\/i0.wp.com\/www.fabriceeulry-laboutique.com\/blog\/wp-content\/uploads\/2022\/12\/moulins-percus-scaled.jpg?w=1280 1280w, https:\/\/i0.wp.com\/www.fabriceeulry-laboutique.com\/blog\/wp-content\/uploads\/2022\/12\/moulins-percus-scaled.jpg?w=1920 1920w\" sizes=\"auto, (max-width: 640px) 100vw, 640px\" \/><figcaption>Concert de No\u00ebl ou non, si l&rsquo;envie de jouer des percussions sur le piano et sur tout ce qu&rsquo;il trouve dans la salle le prend, il lui est impossible d&rsquo;y r\u00e9sister.<\/figcaption><\/figure>\n\n\n\n<p class=\"has-text-align-center\">&#8230; <strong>Merci d&rsquo;avoir humect\u00e9 votre paupi\u00e8re d&rsquo;un petit flocon de cette tourn\u00e9e de No\u00ebl<\/strong>&#8230;<\/p>\n\n\n\n<p class=\"has-text-align-center\"><strong>JOYEUX NO\u00cbL \u00c0 TOUS<\/strong><\/p>\n","protected":false},"excerpt":{"rendered":"<p>Un temps glac\u00e9 pour un r\u00e9cital givr\u00e9 ! Fabrice Eulry encore plus f\u00e9brile qu&rsquo;\u00e0 l&rsquo;accoutum\u00e9e, malgr\u00e9 le match France-Angleterre, s&rsquo;est jur\u00e9 d&rsquo;enchanter une salle comble et attentive, d\u00e9j\u00e0 chauff\u00e9e par la po\u00e9tique premi\u00e8re partie du trio de Nathan Mollet ; &hellip; <a href=\"http:\/\/www.fabriceeulry-laboutique.com\/blog\/?p=12684\">Continuer la lecture <span class=\"meta-nav\">&rarr;<\/span><\/a><\/p>\n","protected":false},"author":2,"featured_media":0,"comment_status":"open","ping_status":"open","sticky":false,"template":"","format":"standard","meta":{"jetpack_post_was_ever_published":false,"_jetpack_newsletter_access":"","_jetpack_dont_email_post_to_subs":false,"_jetpack_newsletter_tier_id":0,"_jetpack_memberships_contains_paywalled_content":false,"_jetpack_memberships_contains_paid_content":false,"footnotes":"","jetpack_publicize_message":"","jetpack_publicize_feature_enabled":true,"jetpack_social_post_already_shared":true,"jetpack_social_options":{"image_generator_settings":{"template":"highway","default_image_id":0,"font":"","enabled":false},"version":2}},"categories":[1],"tags":[],"class_list":["post-12684","post","type-post","status-publish","format-standard","hentry","category-non-classe"],"jetpack_publicize_connections":[],"jetpack_featured_media_url":"","jetpack_sharing_enabled":true,"jetpack_shortlink":"https:\/\/wp.me\/p2D6dI-3iA","jetpack_likes_enabled":true,"jetpack-related-posts":[{"id":13294,"url":"http:\/\/www.fabriceeulry-laboutique.com\/blog\/?p=13294","url_meta":{"origin":12684,"position":0},"title":"CHANTEZ EN R\u00c9SONNANCE","author":"Le Canard du pianiste","date":"11 ao\u00fbt 2025","format":false,"excerpt":"Les concerts de solidarit\u00e9 de R\u00e9sonnance ont chant\u00e9 \u00e0 Moulins avec Houria Cheurfa accompagn\u00e9 de Fabrice Eulry au piano (et \u00e0 l'accord\u00e9on, car le piano de l'EHPAD est une nouvelle fois tr\u00e8s limit\u00e9 bien que gardant son \u00e2me comme tous les pianos acoustiques !) Notre excellent confr\u00e8re LA MONTAGNE a\u2026","rel":"","context":"Dans &quot;Non class\u00e9&quot;","block_context":{"text":"Non class\u00e9","link":"http:\/\/www.fabriceeulry-laboutique.com\/blog\/?cat=1"},"img":{"alt_text":"","src":"https:\/\/i0.wp.com\/www.fabriceeulry-laboutique.com\/blog\/wp-content\/uploads\/2025\/08\/Houria-Moulins.png?resize=350%2C200","width":350,"height":200,"srcset":"https:\/\/i0.wp.com\/www.fabriceeulry-laboutique.com\/blog\/wp-content\/uploads\/2025\/08\/Houria-Moulins.png?resize=350%2C200 1x, https:\/\/i0.wp.com\/www.fabriceeulry-laboutique.com\/blog\/wp-content\/uploads\/2025\/08\/Houria-Moulins.png?resize=525%2C300 1.5x, https:\/\/i0.wp.com\/www.fabriceeulry-laboutique.com\/blog\/wp-content\/uploads\/2025\/08\/Houria-Moulins.png?resize=700%2C400 2x, https:\/\/i0.wp.com\/www.fabriceeulry-laboutique.com\/blog\/wp-content\/uploads\/2025\/08\/Houria-Moulins.png?resize=1050%2C600 3x"},"classes":[]},{"id":12669,"url":"http:\/\/www.fabriceeulry-laboutique.com\/blog\/?p=12669","url_meta":{"origin":12684,"position":1},"title":"TOURN\u00c9E DE NO\u00cbL 2022","author":"Le Canard du pianiste","date":"22 novembre 2022","format":false,"excerpt":"Fabrice Eulry nous d\u00e9crit sa tourn\u00e9e de No\u00ebl qui commence dans quelques jours ! : \"Je commence cette tourn\u00e9e de No\u00ebl en accompagnant la chorale des Anciens \u00e0 l'EHPAD La Corette, de Mur de Barrez, le samedi 3 d\u00e9cembre. Je donnerai un r\u00e9cital \"rockambolesque\"\u00a0le 4 d\u00e9cembre \u00e0 17h30\u00a0\u00e0 La Chapelle\u2026","rel":"","context":"Dans &quot;Non class\u00e9&quot;","block_context":{"text":"Non class\u00e9","link":"http:\/\/www.fabriceeulry-laboutique.com\/blog\/?cat=1"},"img":{"alt_text":"","src":"https:\/\/i0.wp.com\/www.fabriceeulry-laboutique.com\/blog\/wp-content\/uploads\/2022\/11\/MALI-1.png?resize=350%2C200","width":350,"height":200,"srcset":"https:\/\/i0.wp.com\/www.fabriceeulry-laboutique.com\/blog\/wp-content\/uploads\/2022\/11\/MALI-1.png?resize=350%2C200 1x, https:\/\/i0.wp.com\/www.fabriceeulry-laboutique.com\/blog\/wp-content\/uploads\/2022\/11\/MALI-1.png?resize=525%2C300 1.5x, https:\/\/i0.wp.com\/www.fabriceeulry-laboutique.com\/blog\/wp-content\/uploads\/2022\/11\/MALI-1.png?resize=700%2C400 2x, https:\/\/i0.wp.com\/www.fabriceeulry-laboutique.com\/blog\/wp-content\/uploads\/2022\/11\/MALI-1.png?resize=1050%2C600 3x"},"classes":[]},{"id":9568,"url":"http:\/\/www.fabriceeulry-laboutique.com\/blog\/?p=9568","url_meta":{"origin":12684,"position":2},"title":"PREMI\u00c8RE DU NOUVEAU SPECTACLE DE FABRICE EULRY \u00c0 AVIGNON","author":"Le Canard du pianiste","date":"8 juillet 2017","format":false,"excerpt":"Le th\u00e9\u00e2tre des vents accueillait le nouveau spectacle pour une Premi\u00e8re qui pr\u00e9figure 24 repr\u00e9sentations ! Le public, tr\u00e8s au rendez-vous a pu entendre entre quelques boogie-woogie, un hommage \u00e0 Louis de Fun\u00e8s au piano ! Et une interpr\u00e9tation d'Amar Pelos Dios, le d\u00e9licieux morceau qui a valu Salvador Sobral\u2026","rel":"","context":"Dans &quot;Non class\u00e9&quot;","block_context":{"text":"Non class\u00e9","link":"http:\/\/www.fabriceeulry-laboutique.com\/blog\/?cat=1"},"img":{"alt_text":"","src":"https:\/\/i0.wp.com\/www.fabriceeulry-laboutique.com\/blog\/wp-content\/uploads\/2017\/07\/affluence.jpg?resize=350%2C200","width":350,"height":200,"srcset":"https:\/\/i0.wp.com\/www.fabriceeulry-laboutique.com\/blog\/wp-content\/uploads\/2017\/07\/affluence.jpg?resize=350%2C200 1x, https:\/\/i0.wp.com\/www.fabriceeulry-laboutique.com\/blog\/wp-content\/uploads\/2017\/07\/affluence.jpg?resize=525%2C300 1.5x, https:\/\/i0.wp.com\/www.fabriceeulry-laboutique.com\/blog\/wp-content\/uploads\/2017\/07\/affluence.jpg?resize=700%2C400 2x"},"classes":[]},{"id":6448,"url":"http:\/\/www.fabriceeulry-laboutique.com\/blog\/?p=6448","url_meta":{"origin":12684,"position":3},"title":"COMMENTAIRES A PROPOS DU MARATHON","author":"Le Canard du pianiste","date":"26 f\u00e9vrier 2015","format":false,"excerpt":"Merci tout particuli\u00e8rement \u00e0 ceux qui ont t\u00e9l\u00e9charg\u00e9 la premi\u00e8re heure du marathon. La deuxi\u00e8me sort d\u00e9j\u00e0 dans quelques jours. Voici quelques uns des commentaires que vous avez eu la bont\u00e9 de m'envoyer concernant cette premi\u00e8re heure : - \"Fabrice Eulry ! Merci beaucoup de ce film de ton Marathon\u2026","rel":"","context":"Dans &quot;Non class\u00e9&quot;","block_context":{"text":"Non class\u00e9","link":"http:\/\/www.fabriceeulry-laboutique.com\/blog\/?cat=1"},"img":{"alt_text":"","src":"https:\/\/i0.wp.com\/www.fabriceeulry-laboutique.com\/blog\/wp-content\/uploads\/2014\/12\/marathon--300x213.jpg?resize=350%2C200","width":350,"height":200},"classes":[]},{"id":6646,"url":"http:\/\/www.fabriceeulry-laboutique.com\/blog\/?p=6646","url_meta":{"origin":12684,"position":4},"title":"MA PREMIERE PARTIE A L&rsquo;OLYMPIA","author":"Le Canard du pianiste","date":"1 avril 2015","format":false,"excerpt":"Le choix fut difficile autant que la concurrence fut \u00e2pre, mais ce fut finalement sur... Alain Deloin\u00a0 que mon choix s'est port\u00e9 pour ma premi\u00e8re partie \u00e0 L'Olympia, tant il est comme \u00e9vident que son talent, son charisme, et son spectacle totalement diff\u00e9rent, sauront offrir aux spectateurs un moment... distrayant,\u2026","rel":"","context":"Dans &quot;Non class\u00e9&quot;","block_context":{"text":"Non class\u00e9","link":"http:\/\/www.fabriceeulry-laboutique.com\/blog\/?cat=1"},"img":{"alt_text":"","src":"https:\/\/i0.wp.com\/www.fabriceeulry-laboutique.com\/blog\/wp-content\/uploads\/2015\/04\/deloin-.jpg?resize=350%2C200","width":350,"height":200},"classes":[]},{"id":3025,"url":"http:\/\/www.fabriceeulry-laboutique.com\/blog\/?p=3025","url_meta":{"origin":12684,"position":5},"title":"FABRICE EULRY A PADEREWSKI","author":"Le Canard du pianiste","date":"8 novembre 2013","format":false,"excerpt":"Affiche de Jessica Scheurer Fabrice Eulry a affront\u00e9 le vendredi 8 novembre une premi\u00e8re fois, la salle Paderewski du casino de Montbenon de Lausanne en solo avant d'y donner des duos de pianos ce soir \u00e0 20h.30. et le samedi 9 novembre. \u00a0 Les spectateurs dont un tiers venaient de\u2026","rel":"","context":"Dans &quot;Non class\u00e9&quot;","block_context":{"text":"Non class\u00e9","link":"http:\/\/www.fabriceeulry-laboutique.com\/blog\/?cat=1"},"img":{"alt_text":"","src":"https:\/\/i0.wp.com\/www.fabriceeulry-laboutique.com\/blog\/wp-content\/uploads\/2013\/07\/PIANO-BLUES-BOOGIE-EN-ROMANDIE.png?resize=350%2C200","width":350,"height":200},"classes":[]}],"_links":{"self":[{"href":"http:\/\/www.fabriceeulry-laboutique.com\/blog\/index.php?rest_route=\/wp\/v2\/posts\/12684","targetHints":{"allow":["GET"]}}],"collection":[{"href":"http:\/\/www.fabriceeulry-laboutique.com\/blog\/index.php?rest_route=\/wp\/v2\/posts"}],"about":[{"href":"http:\/\/www.fabriceeulry-laboutique.com\/blog\/index.php?rest_route=\/wp\/v2\/types\/post"}],"author":[{"embeddable":true,"href":"http:\/\/www.fabriceeulry-laboutique.com\/blog\/index.php?rest_route=\/wp\/v2\/users\/2"}],"replies":[{"embeddable":true,"href":"http:\/\/www.fabriceeulry-laboutique.com\/blog\/index.php?rest_route=%2Fwp%2Fv2%2Fcomments&post=12684"}],"version-history":[{"count":5,"href":"http:\/\/www.fabriceeulry-laboutique.com\/blog\/index.php?rest_route=\/wp\/v2\/posts\/12684\/revisions"}],"predecessor-version":[{"id":12699,"href":"http:\/\/www.fabriceeulry-laboutique.com\/blog\/index.php?rest_route=\/wp\/v2\/posts\/12684\/revisions\/12699"}],"wp:attachment":[{"href":"http:\/\/www.fabriceeulry-laboutique.com\/blog\/index.php?rest_route=%2Fwp%2Fv2%2Fmedia&parent=12684"}],"wp:term":[{"taxonomy":"category","embeddable":true,"href":"http:\/\/www.fabriceeulry-laboutique.com\/blog\/index.php?rest_route=%2Fwp%2Fv2%2Fcategories&post=12684"},{"taxonomy":"post_tag","embeddable":true,"href":"http:\/\/www.fabriceeulry-laboutique.com\/blog\/index.php?rest_route=%2Fwp%2Fv2%2Ftags&post=12684"}],"curies":[{"name":"wp","href":"https:\/\/api.w.org\/{rel}","templated":true}]}}