{"id":12701,"date":"2023-01-26T20:52:06","date_gmt":"2023-01-26T20:52:06","guid":{"rendered":"http:\/\/www.fabriceeulry-laboutique.com\/blog\/?p=12701"},"modified":"2023-01-26T21:03:35","modified_gmt":"2023-01-26T21:03:35","slug":"fabrice-eulry-a-lolympia-2015-version-longue","status":"publish","type":"post","link":"http:\/\/www.fabriceeulry-laboutique.com\/blog\/?p=12701","title":{"rendered":"FABRICE EULRY \u00c0 L&rsquo;OLYMPIA (2015) VERSION LONGUE"},"content":{"rendered":"\n<p class=\"has-text-align-center\"><strong>Un r\u00e9sum\u00e9 du concert de Fabrice Eulry, \u00e0 l&rsquo;Olympia, le 10 septembre 2015&#8230; La r\u00e9p\u00e9tition, les coulisses, et des extraits du r\u00e9cital de piano devant une salle comble,  des rappels qui n&rsquo;ont du s&rsquo;arr\u00eater que du fait des horaires de l&rsquo;Olympia ! (avec \u00e9galement un clin d&rsquo;oeil \u00e0 la premi\u00e8re partie d&rsquo;Elizabeth Sombart accompagn\u00e9e par le formidable quatuor R\u00e9sonnance sur un concerto de Chopin).<\/strong><\/p>\n\n\n\n<p class=\"has-text-align-center\"><strong>Un envers du d\u00e9cor qui nous permet de d\u00e9couvrir la pr\u00e9paration, la loge, les moments de trac et d&rsquo;humour qui vont souvent de pair<\/strong>, <strong>et l&rsquo;\u00e9quipe qui derri\u00e8re le rideau, appuie l&rsquo;artiste : Jeff Monin ce jour-l\u00e0 r\u00e9gisseur g\u00e9n\u00e9ral, mais d&rsquo;ordinaire guitariste et compagnon de route du pianiste depuis 1985, le regrett\u00e9 Pierre Nicola\u00ebff \u00e0 la coordination g\u00e9n\u00e9rale, des images de Marc-Gilbert Lachin (tr\u00e8s brid\u00e9 par le temps limit\u00e9 autoris\u00e9 par l&rsquo;Olympia), et <strong>Jean-Ren\u00e9 Pouilly l&rsquo;agent qui veille \u00e0 tout en coulisse<\/strong>..<\/strong>.<\/p>\n\n\n\n<figure class=\"wp-block-embed-youtube wp-block-embed is-type-video is-provider-youtube wp-embed-aspect-16-9 wp-has-aspect-ratio\"><div class=\"wp-block-embed__wrapper\">\n<span class=\"embed-youtube\" style=\"text-align:center; display: block;\"><iframe loading=\"lazy\" class=\"youtube-player\" width=\"640\" height=\"360\" src=\"https:\/\/www.youtube.com\/embed\/Qt2eidOhCSY?version=3&#038;rel=1&#038;showsearch=0&#038;showinfo=1&#038;iv_load_policy=1&#038;fs=1&#038;hl=fr-FR&#038;autohide=2&#038;wmode=transparent\" allowfullscreen=\"true\" style=\"border:0;\" sandbox=\"allow-scripts allow-same-origin allow-popups allow-presentation allow-popups-to-escape-sandbox\"><\/iframe><\/span>\n<\/div><\/figure>\n","protected":false},"excerpt":{"rendered":"<p>Un r\u00e9sum\u00e9 du concert de Fabrice Eulry, \u00e0 l&rsquo;Olympia, le 10 septembre 2015&#8230; La r\u00e9p\u00e9tition, les coulisses, et des extraits du r\u00e9cital de piano devant une salle comble, des rappels qui n&rsquo;ont du s&rsquo;arr\u00eater que du fait des horaires de &hellip; <a href=\"http:\/\/www.fabriceeulry-laboutique.com\/blog\/?p=12701\">Continuer la lecture <span class=\"meta-nav\">&rarr;<\/span><\/a><\/p>\n","protected":false},"author":2,"featured_media":0,"comment_status":"open","ping_status":"open","sticky":false,"template":"","format":"standard","meta":{"jetpack_post_was_ever_published":false,"_jetpack_newsletter_access":"","_jetpack_dont_email_post_to_subs":false,"_jetpack_newsletter_tier_id":0,"_jetpack_memberships_contains_paywalled_content":false,"_jetpack_memberships_contains_paid_content":false,"footnotes":"","jetpack_publicize_message":"","jetpack_publicize_feature_enabled":true,"jetpack_social_post_already_shared":true,"jetpack_social_options":{"image_generator_settings":{"template":"highway","default_image_id":0,"font":"","enabled":false},"version":2}},"categories":[1],"tags":[],"class_list":["post-12701","post","type-post","status-publish","format-standard","hentry","category-non-classe"],"jetpack_publicize_connections":[],"jetpack_featured_media_url":"","jetpack_sharing_enabled":true,"jetpack_shortlink":"https:\/\/wp.me\/p2D6dI-3iR","jetpack_likes_enabled":true,"jetpack-related-posts":[{"id":6807,"url":"http:\/\/www.fabriceeulry-laboutique.com\/blog\/?p=6807","url_meta":{"origin":12701,"position":0},"title":"CONFERENCE-CONCERT SUR LE BLUES","author":"Le Canard du pianiste","date":"29 avril 2015","format":false,"excerpt":"Le mardi 28 avril 2015, la Fondation R\u00e9sonnance a pr\u00e9sent\u00e9 une conf\u00e9rence-concert-d\u00e9bat sur le blues donn\u00e9e par Jacky Milliet et Fabrice Eulry. Jacky Milliet \u00e9voque le bouillon de culture louisianais et quelques anecdotes sur les pionniers du blues de la Nouvelle Orl\u00e9ans.\u00a0 \u00a0 Le blues illustr\u00e9 en musique avec Tin\u2026","rel":"","context":"Dans &quot;Non class\u00e9&quot;","block_context":{"text":"Non class\u00e9","link":"http:\/\/www.fabriceeulry-laboutique.com\/blog\/?cat=1"},"img":{"alt_text":"","src":"https:\/\/i0.wp.com\/www.fabriceeulry-laboutique.com\/blog\/wp-content\/uploads\/2015\/04\/conf-5-.jpg?resize=350%2C200","width":350,"height":200},"classes":[]},{"id":12810,"url":"http:\/\/www.fabriceeulry-laboutique.com\/blog\/?p=12810","url_meta":{"origin":12701,"position":1},"title":"DEUX NOUVELLES VID\u00c9OS","author":"Le Canard du pianiste","date":"30 novembre 2023","format":false,"excerpt":"Pour ceux qui ne sont pas encore abonn\u00e9s aux vid\u00e9os de Fabrice Eulry, voici quelques nouvelles publications : Tout d'abord Fabrice Eulry & The Rolling twisters dans : C jam twist, au festival de Trivy 2022 : https:\/\/www.youtube.com\/watch?v=i4P-BZ892YI Ensuite la version courte de Fabrice Eulry \u00e0 l'Olympia (o\u00f9 figure des\u2026","rel":"","context":"Dans &quot;Non class\u00e9&quot;","block_context":{"text":"Non class\u00e9","link":"http:\/\/www.fabriceeulry-laboutique.com\/blog\/?cat=1"},"img":{"alt_text":"","src":"https:\/\/i0.wp.com\/img.youtube.com\/vi\/i4P-BZ892YI\/0.jpg?resize=350%2C200","width":350,"height":200},"classes":[]},{"id":6719,"url":"http:\/\/www.fabriceeulry-laboutique.com\/blog\/?p=6719","url_meta":{"origin":12701,"position":2},"title":"1\u00e8re Partie \u00e0 L&rsquo;OLYMPIA : LA  REPONSE :","author":"Le Canard du pianiste","date":"13 avril 2015","format":false,"excerpt":"ELIZABETH SOMBART (cliquez sur son portrait pour acc\u00e9der \u00e0 son site) L'heureux\u00a0gagnant du concours est : Alain C... (Templeuve) ! Et dans quelques heures en exclusivit\u00e9 sur Le Canard du pianiste, des pr\u00e9cisions sur la prestation d'Elizabeth Sombart \u00e0 L'Olympia... \u00a0LE 10 SEPTEMBRE 2015 D\u00e9p\u00eachez-vous \u00a0! La souscription est termin\u00e9e\u2026","rel":"","context":"Dans &quot;Non class\u00e9&quot;","block_context":{"text":"Non class\u00e9","link":"http:\/\/www.fabriceeulry-laboutique.com\/blog\/?cat=1"},"img":{"alt_text":"","src":"https:\/\/i0.wp.com\/www.fabriceeulry-laboutique.com\/blog\/wp-content\/uploads\/2015\/04\/elizabeth-portrait-.jpg?resize=350%2C200","width":350,"height":200,"srcset":"https:\/\/i0.wp.com\/www.fabriceeulry-laboutique.com\/blog\/wp-content\/uploads\/2015\/04\/elizabeth-portrait-.jpg?resize=350%2C200 1x, https:\/\/i0.wp.com\/www.fabriceeulry-laboutique.com\/blog\/wp-content\/uploads\/2015\/04\/elizabeth-portrait-.jpg?resize=525%2C300 1.5x"},"classes":[]},{"id":6511,"url":"http:\/\/www.fabriceeulry-laboutique.com\/blog\/?p=6511","url_meta":{"origin":12701,"position":3},"title":"FABRICE EULRY A L&rsquo;OLYMPIA J-190","author":"Le Canard du pianiste","date":"3 mars 2015","format":false,"excerpt":"J-190 \u00a0VOUS ETES DEJA 782 A AVOIR RESERVE ! FABRICE EULRY \u00e0 \u00a0LE 10 SEPTEMBRE 2015 Ou r\u00e9servez sur le site de l'Olympia :\u00a0http:\/\/www.olympiahall.com\/variete-francaise-disco\/fabrice-eulry.html \u00a0 Photo \u00a9Tiki Tim (Cincinatti Ohio Etats-unis) https:\/\/www.facebook.com\/tikitim1?fref=ts \u00a0 En attendant l'OLYMPIA, patientez avec le dvd de Fabrice Eulry \u00e0 BOBINO qui vient d'\u00eatre r\u00e9\u00e9dit\u00e9\u00a0(cliquez sur\u2026","rel":"","context":"Dans &quot;Non class\u00e9&quot;","block_context":{"text":"Non class\u00e9","link":"http:\/\/www.fabriceeulry-laboutique.com\/blog\/?cat=1"},"img":{"alt_text":"","src":"https:\/\/i0.wp.com\/www.fabriceeulry-laboutique.com\/blog\/wp-content\/uploads\/2014\/09\/ol-.jpg?resize=350%2C200","width":350,"height":200},"classes":[]},{"id":6646,"url":"http:\/\/www.fabriceeulry-laboutique.com\/blog\/?p=6646","url_meta":{"origin":12701,"position":4},"title":"MA PREMIERE PARTIE A L&rsquo;OLYMPIA","author":"Le Canard du pianiste","date":"1 avril 2015","format":false,"excerpt":"Le choix fut difficile autant que la concurrence fut \u00e2pre, mais ce fut finalement sur... Alain Deloin\u00a0 que mon choix s'est port\u00e9 pour ma premi\u00e8re partie \u00e0 L'Olympia, tant il est comme \u00e9vident que son talent, son charisme, et son spectacle totalement diff\u00e9rent, sauront offrir aux spectateurs un moment... distrayant,\u2026","rel":"","context":"Dans &quot;Non class\u00e9&quot;","block_context":{"text":"Non class\u00e9","link":"http:\/\/www.fabriceeulry-laboutique.com\/blog\/?cat=1"},"img":{"alt_text":"","src":"https:\/\/i0.wp.com\/www.fabriceeulry-laboutique.com\/blog\/wp-content\/uploads\/2015\/04\/deloin-.jpg?resize=350%2C200","width":350,"height":200},"classes":[]},{"id":6702,"url":"http:\/\/www.fabriceeulry-laboutique.com\/blog\/?p=6702","url_meta":{"origin":12701,"position":5},"title":"MA 1\u00e8re PARTIE A L&rsquo;OLYMPIA (jeu-concours)","author":"Le Canard du pianiste","date":"11 avril 2015","format":false,"excerpt":"Ce ne sera finalement pas Alain Deloin ... \u00a0\u00a0 ... qui assurera ma premi\u00e8re partie \u00e0 l'Olympia. Certes le poisson d'avril \u00e9tait un peu gros, mais en 2011, vous \u00e9tiez si nombreux \u00e0 croire que je donnais un concert sous la tour Eiffel avec Chantal Goya et que de surcro\u00eet\u2026","rel":"","context":"Dans &quot;Non class\u00e9&quot;","block_context":{"text":"Non class\u00e9","link":"http:\/\/www.fabriceeulry-laboutique.com\/blog\/?cat=1"},"img":{"alt_text":"","src":"https:\/\/i0.wp.com\/www.fabriceeulry-laboutique.com\/blog\/wp-content\/uploads\/2015\/04\/deloin-.jpg?resize=350%2C200","width":350,"height":200},"classes":[]}],"_links":{"self":[{"href":"http:\/\/www.fabriceeulry-laboutique.com\/blog\/index.php?rest_route=\/wp\/v2\/posts\/12701","targetHints":{"allow":["GET"]}}],"collection":[{"href":"http:\/\/www.fabriceeulry-laboutique.com\/blog\/index.php?rest_route=\/wp\/v2\/posts"}],"about":[{"href":"http:\/\/www.fabriceeulry-laboutique.com\/blog\/index.php?rest_route=\/wp\/v2\/types\/post"}],"author":[{"embeddable":true,"href":"http:\/\/www.fabriceeulry-laboutique.com\/blog\/index.php?rest_route=\/wp\/v2\/users\/2"}],"replies":[{"embeddable":true,"href":"http:\/\/www.fabriceeulry-laboutique.com\/blog\/index.php?rest_route=%2Fwp%2Fv2%2Fcomments&post=12701"}],"version-history":[{"count":2,"href":"http:\/\/www.fabriceeulry-laboutique.com\/blog\/index.php?rest_route=\/wp\/v2\/posts\/12701\/revisions"}],"predecessor-version":[{"id":12703,"href":"http:\/\/www.fabriceeulry-laboutique.com\/blog\/index.php?rest_route=\/wp\/v2\/posts\/12701\/revisions\/12703"}],"wp:attachment":[{"href":"http:\/\/www.fabriceeulry-laboutique.com\/blog\/index.php?rest_route=%2Fwp%2Fv2%2Fmedia&parent=12701"}],"wp:term":[{"taxonomy":"category","embeddable":true,"href":"http:\/\/www.fabriceeulry-laboutique.com\/blog\/index.php?rest_route=%2Fwp%2Fv2%2Fcategories&post=12701"},{"taxonomy":"post_tag","embeddable":true,"href":"http:\/\/www.fabriceeulry-laboutique.com\/blog\/index.php?rest_route=%2Fwp%2Fv2%2Ftags&post=12701"}],"curies":[{"name":"wp","href":"https:\/\/api.w.org\/{rel}","templated":true}]}}