{"id":12825,"date":"2023-12-27T17:54:53","date_gmt":"2023-12-27T17:54:53","guid":{"rendered":"http:\/\/www.fabriceeulry-laboutique.com\/blog\/?p=12825"},"modified":"2023-12-27T17:54:55","modified_gmt":"2023-12-27T17:54:55","slug":"concert-a-lecole","status":"publish","type":"post","link":"http:\/\/www.fabriceeulry-laboutique.com\/blog\/?p=12825","title":{"rendered":"CONCERT \u00c0 L&rsquo;\u00c9COLE"},"content":{"rendered":"\n<p class=\"has-text-align-center\"><strong>Des \u00e9l\u00e8ves \u00e0 la fois disciplin\u00e9s et survolt\u00e9s pour \u00e9couter une musique \u00e0 la fois entra\u00eenante et nourrie d&rsquo;influences diverses<\/strong>, <strong>c&rsquo;est le r\u00eave pour rendre un musicien<\/strong> <strong>heureux !<\/strong><\/p>\n\n\n\n<figure class=\"wp-block-embed-youtube wp-block-embed is-type-video is-provider-youtube wp-embed-aspect-16-9 wp-has-aspect-ratio\"><div class=\"wp-block-embed__wrapper\">\n<span class=\"embed-youtube\" style=\"text-align:center; display: block;\"><iframe loading=\"lazy\" class=\"youtube-player\" width=\"640\" height=\"360\" src=\"https:\/\/www.youtube.com\/embed\/U5Si-5jb5SQ?version=3&#038;rel=1&#038;showsearch=0&#038;showinfo=1&#038;iv_load_policy=1&#038;fs=1&#038;hl=fr-FR&#038;autohide=2&#038;wmode=transparent\" allowfullscreen=\"true\" style=\"border:0;\" sandbox=\"allow-scripts allow-same-origin allow-popups allow-presentation allow-popups-to-escape-sandbox\"><\/iframe><\/span>\n<\/div><\/figure>\n\n\n\n<p class=\"has-text-align-center\"><strong>Retrouvez Fabrice Eulry au Petit-journal Saint Michel les 28 et 31 d\u00e9cembre prochains<\/strong> :<\/p>\n\n\n\n<figure class=\"wp-block-embed-wordpress wp-block-embed is-type-wp-embed is-provider-le-canard-du-pianiste\"><div class=\"wp-block-embed__wrapper\">\nhttp:\/\/www.fabriceeulry-laboutique.com\/blog\/?p=12817\n<\/div><\/figure>\n","protected":false},"excerpt":{"rendered":"<p>Des \u00e9l\u00e8ves \u00e0 la fois disciplin\u00e9s et survolt\u00e9s pour \u00e9couter une musique \u00e0 la fois entra\u00eenante et nourrie d&rsquo;influences diverses, c&rsquo;est le r\u00eave pour rendre un musicien heureux ! Retrouvez Fabrice Eulry au Petit-journal Saint Michel les 28 et 31 &hellip; <a href=\"http:\/\/www.fabriceeulry-laboutique.com\/blog\/?p=12825\">Continuer la lecture <span class=\"meta-nav\">&rarr;<\/span><\/a><\/p>\n","protected":false},"author":2,"featured_media":0,"comment_status":"open","ping_status":"open","sticky":false,"template":"","format":"standard","meta":{"jetpack_post_was_ever_published":false,"_jetpack_newsletter_access":"","_jetpack_dont_email_post_to_subs":false,"_jetpack_newsletter_tier_id":0,"_jetpack_memberships_contains_paywalled_content":false,"_jetpack_memberships_contains_paid_content":false,"footnotes":"","jetpack_publicize_message":"","jetpack_publicize_feature_enabled":true,"jetpack_social_post_already_shared":true,"jetpack_social_options":{"image_generator_settings":{"template":"highway","default_image_id":0,"font":"","enabled":false},"version":2}},"categories":[1],"tags":[],"class_list":["post-12825","post","type-post","status-publish","format-standard","hentry","category-non-classe"],"jetpack_publicize_connections":[],"jetpack_featured_media_url":"","jetpack_sharing_enabled":true,"jetpack_shortlink":"https:\/\/wp.me\/p2D6dI-3kR","jetpack_likes_enabled":true,"jetpack-related-posts":[{"id":1874,"url":"http:\/\/www.fabriceeulry-laboutique.com\/blog\/?p=1874","url_meta":{"origin":12825,"position":0},"title":"FABRICE EULRY AUX PAYS-BAS SAMEDI 16 MARS DERNIER","author":"Le Canard du pianiste","date":"16 mars 2013","format":false,"excerpt":"En ce moment m\u00eame sur sc\u00e8ne dans la dixi\u00e8me \u00e9dition de ce festival (et pour la deuxi\u00e8me fois). Avec entre autres : Greta Holtrop \u00a0Cliquez sur l'image pour voir la vid\u00e9o et Martijn Schock \u00a0Cliquez sur l'image pour voir la vid\u00e9o Papa Don Washington, Franck Muschalle, Chris Conz.\u00a0 \u00a0 Fabrice\u2026","rel":"","context":"Dans &quot;Non class\u00e9&quot;","block_context":{"text":"Non class\u00e9","link":"http:\/\/www.fabriceeulry-laboutique.com\/blog\/?cat=1"},"img":{"alt_text":"","src":"https:\/\/i0.wp.com\/www.fabriceeulry-laboutique.com\/blog\/wp-content\/uploads\/2013\/01\/Martijn-schock.png?resize=350%2C200","width":350,"height":200},"classes":[]},{"id":7762,"url":"http:\/\/www.fabriceeulry-laboutique.com\/blog\/?p=7762","url_meta":{"origin":12825,"position":1},"title":"FABRICE EULRY JOUE EN BOURSE","author":"Le Canard du pianiste","date":"28 octobre 2015","format":false,"excerpt":"Un article de B\u00e9atrice Bonnamour dans l'Essor : Loire le 17 octobre 2015 - B\u00e9atrice Perrod-Bonnamour - Musique - article lu 73 fois \u00a9 Alice Eulry Pour la deuxi\u00e8me ann\u00e9e, le pianiste virtuose Fabrice Eulry s'est produit gracieusement \u00e0 Roanne, en faveur de la premi\u00e8re Bourse Guillaume-Perrot sur la recherche\u2026","rel":"","context":"Dans &quot;Non class\u00e9&quot;","block_context":{"text":"Non class\u00e9","link":"http:\/\/www.fabriceeulry-laboutique.com\/blog\/?cat=1"},"img":{"alt_text":"RO5","src":"https:\/\/i0.wp.com\/www.fabriceeulry-laboutique.com\/blog\/wp-content\/uploads\/2015\/09\/RO5-.png?resize=350%2C200","width":350,"height":200,"srcset":"https:\/\/i0.wp.com\/www.fabriceeulry-laboutique.com\/blog\/wp-content\/uploads\/2015\/09\/RO5-.png?resize=350%2C200 1x, https:\/\/i0.wp.com\/www.fabriceeulry-laboutique.com\/blog\/wp-content\/uploads\/2015\/09\/RO5-.png?resize=525%2C300 1.5x, https:\/\/i0.wp.com\/www.fabriceeulry-laboutique.com\/blog\/wp-content\/uploads\/2015\/09\/RO5-.png?resize=700%2C400 2x"},"classes":[]},{"id":9622,"url":"http:\/\/www.fabriceeulry-laboutique.com\/blog\/?p=9622","url_meta":{"origin":12825,"position":2},"title":"DERNI\u00c8RE DU FESTIVAL D&rsquo;AVIGNON CE SOIR","author":"Le Canard du pianiste","date":"29 juillet 2017","format":false,"excerpt":"C'est la derni\u00e8re du festival d'Avignon ce soir dimanche 30 juillet 2017 ! ET C'EST COMPLET !!! Sur-R\u00e9servez au 06 26 17 24 12 Th\u00e9\u00e2tre des vents 63 rue Guillaume Puy, AVIGNON \u00e0 18h30 Ce festival a cette ann\u00e9e rassembl\u00e9 plus de 1480 spectacles et dur\u00e9 trois semaines. Il faut\u2026","rel":"","context":"Dans &quot;Non class\u00e9&quot;","block_context":{"text":"Non class\u00e9","link":"http:\/\/www.fabriceeulry-laboutique.com\/blog\/?cat=1"},"img":{"alt_text":"Hanula1","src":"https:\/\/i0.wp.com\/www.fabriceeulry-laboutique.com\/blog\/wp-content\/uploads\/2017\/07\/Hanula1.jpg?resize=350%2C200","width":350,"height":200,"srcset":"https:\/\/i0.wp.com\/www.fabriceeulry-laboutique.com\/blog\/wp-content\/uploads\/2017\/07\/Hanula1.jpg?resize=350%2C200 1x, https:\/\/i0.wp.com\/www.fabriceeulry-laboutique.com\/blog\/wp-content\/uploads\/2017\/07\/Hanula1.jpg?resize=525%2C300 1.5x, https:\/\/i0.wp.com\/www.fabriceeulry-laboutique.com\/blog\/wp-content\/uploads\/2017\/07\/Hanula1.jpg?resize=700%2C400 2x"},"classes":[]},{"id":423,"url":"http:\/\/www.fabriceeulry-laboutique.com\/blog\/?p=423","url_meta":{"origin":12825,"position":3},"title":"ENCORE DU NOUVEAU POUR LES PIANISTES","author":"Le Canard du pianiste","date":"20 avril 2012","format":false,"excerpt":"Fabrice Eulry propose \u00e9galement une partition\u00a0gratuite\u00a0et \u00e9volutive : Toutes les trois semaines il vous en envoie une nouvelle version pdf en introduisant \u00e0 chaque fois une petite dose de difficult\u00e9 suppl\u00e9mentaire. Le morceau s'appelle \"Boogie facile\". Demandez-le :\u00a0fabriceeulry@yahoo.fr Voici ce qu'\u00e9crit une personne qui vient de le recevoir : \"Merci\u2026","rel":"","context":"Dans &quot;Non class\u00e9&quot;","block_context":{"text":"Non class\u00e9","link":"http:\/\/www.fabriceeulry-laboutique.com\/blog\/?cat=1"},"img":{"alt_text":"","src":"https:\/\/i0.wp.com\/fabriceeulryunblogfr.unblog.fr\/files\/2011\/06\/fabriceaupianoconcerto.jpg?resize=350%2C200","width":350,"height":200},"classes":[]},{"id":12931,"url":"http:\/\/www.fabriceeulry-laboutique.com\/blog\/?p=12931","url_meta":{"origin":12825,"position":4},"title":"UNE BELLE ANN\u00c9E POUR R\u00c9SONNANCE FRANCE","author":"Le Canard du pianiste","date":"27 juin 2024","format":false,"excerpt":"La filiale fran\u00e7aise de la fondation d'Elizabeth Sombart avait surmont\u00e9 courageusement l'ignoble \u00e9pisode covidiste, puis est remont\u00e9 lentement \u00e0 son ancien niveau d'activit\u00e9. Les dons repartent et permettent d'offrir \u00e0 nouveau des concerts de solidarit\u00e9. Voici le dernier en date en ce mois de juin 2024 dans la Dr\u00f4me. L'\u00e9tablissement\u2026","rel":"","context":"Dans &quot;Non class\u00e9&quot;","block_context":{"text":"Non class\u00e9","link":"http:\/\/www.fabriceeulry-laboutique.com\/blog\/?cat=1"},"img":{"alt_text":"","src":"https:\/\/i0.wp.com\/www.fabriceeulry-laboutique.com\/blog\/wp-content\/uploads\/2024\/06\/Bouchet.png?resize=350%2C200","width":350,"height":200,"srcset":"https:\/\/i0.wp.com\/www.fabriceeulry-laboutique.com\/blog\/wp-content\/uploads\/2024\/06\/Bouchet.png?resize=350%2C200 1x, https:\/\/i0.wp.com\/www.fabriceeulry-laboutique.com\/blog\/wp-content\/uploads\/2024\/06\/Bouchet.png?resize=525%2C300 1.5x, https:\/\/i0.wp.com\/www.fabriceeulry-laboutique.com\/blog\/wp-content\/uploads\/2024\/06\/Bouchet.png?resize=700%2C400 2x, https:\/\/i0.wp.com\/www.fabriceeulry-laboutique.com\/blog\/wp-content\/uploads\/2024\/06\/Bouchet.png?resize=1050%2C600 3x, https:\/\/i0.wp.com\/www.fabriceeulry-laboutique.com\/blog\/wp-content\/uploads\/2024\/06\/Bouchet.png?resize=1400%2C800 4x"},"classes":[]},{"id":10784,"url":"http:\/\/www.fabriceeulry-laboutique.com\/blog\/?p=10784","url_meta":{"origin":12825,"position":5},"title":"SOUVENIRS AVEC ALAN KELLY","author":"Le Canard du pianiste","date":"13 juin 2018","format":false,"excerpt":"\" Le guitariste banjo\u00efste et chanteur nous a quitt\u00e9 de mani\u00e8re pr\u00e9matur\u00e9e, si l'on en juge par les regrets unanimes et sinc\u00e8res de tous ses coll\u00e8gues. Alan Kelly semblait en effet hors du temps par sa courtoisie et sa discr\u00e9tion. Les relations que l'on\u00a0cultivait avec lui ne tournaient qu'autour de\u2026","rel":"","context":"Dans &quot;Non class\u00e9&quot;","block_context":{"text":"Non class\u00e9","link":"http:\/\/www.fabriceeulry-laboutique.com\/blog\/?cat=1"},"img":{"alt_text":"","src":"https:\/\/i0.wp.com\/www.fabriceeulry-laboutique.com\/blog\/wp-content\/uploads\/2018\/06\/Alan-Kelly.png?resize=350%2C200","width":350,"height":200},"classes":[]}],"_links":{"self":[{"href":"http:\/\/www.fabriceeulry-laboutique.com\/blog\/index.php?rest_route=\/wp\/v2\/posts\/12825","targetHints":{"allow":["GET"]}}],"collection":[{"href":"http:\/\/www.fabriceeulry-laboutique.com\/blog\/index.php?rest_route=\/wp\/v2\/posts"}],"about":[{"href":"http:\/\/www.fabriceeulry-laboutique.com\/blog\/index.php?rest_route=\/wp\/v2\/types\/post"}],"author":[{"embeddable":true,"href":"http:\/\/www.fabriceeulry-laboutique.com\/blog\/index.php?rest_route=\/wp\/v2\/users\/2"}],"replies":[{"embeddable":true,"href":"http:\/\/www.fabriceeulry-laboutique.com\/blog\/index.php?rest_route=%2Fwp%2Fv2%2Fcomments&post=12825"}],"version-history":[{"count":2,"href":"http:\/\/www.fabriceeulry-laboutique.com\/blog\/index.php?rest_route=\/wp\/v2\/posts\/12825\/revisions"}],"predecessor-version":[{"id":12827,"href":"http:\/\/www.fabriceeulry-laboutique.com\/blog\/index.php?rest_route=\/wp\/v2\/posts\/12825\/revisions\/12827"}],"wp:attachment":[{"href":"http:\/\/www.fabriceeulry-laboutique.com\/blog\/index.php?rest_route=%2Fwp%2Fv2%2Fmedia&parent=12825"}],"wp:term":[{"taxonomy":"category","embeddable":true,"href":"http:\/\/www.fabriceeulry-laboutique.com\/blog\/index.php?rest_route=%2Fwp%2Fv2%2Fcategories&post=12825"},{"taxonomy":"post_tag","embeddable":true,"href":"http:\/\/www.fabriceeulry-laboutique.com\/blog\/index.php?rest_route=%2Fwp%2Fv2%2Ftags&post=12825"}],"curies":[{"name":"wp","href":"https:\/\/api.w.org\/{rel}","templated":true}]}}