{"id":12848,"date":"2024-02-03T22:27:20","date_gmt":"2024-02-03T22:27:20","guid":{"rendered":"http:\/\/www.fabriceeulry-laboutique.com\/blog\/?p=12848"},"modified":"2024-02-06T01:36:16","modified_gmt":"2024-02-06T01:36:16","slug":"alice-eulry-dans-back-to-the-80s","status":"publish","type":"post","link":"http:\/\/www.fabriceeulry-laboutique.com\/blog\/?p=12848","title":{"rendered":"ALICE EULRY DANS \u00ab\u00a0BACK TO THE 80&rsquo;s\u00a0\u00bb"},"content":{"rendered":"\n<p class=\"has-text-align-center\"><strong>Back to the 80&rsquo;s est un spectacle qui retrace le r\u00e9pertoire international des ann\u00e9es 1980. Avec humour et l\u00e9g\u00e8ret\u00e9, Alice Eulry com\u00e9dienne et chanteuse, reprend aussi bien les tubes fran\u00e7ais de Balavoine ou France Gall que ceux de Diana Ross ou George Michael, accompagn\u00e9e par Fabrice Eulry au piano et parfois Octave Eulry \u00e0 la batterie. Ici quelques images de leur spectacle \u00e0 L&rsquo;Archipel \u00e0 Paris le 29 septembre 2023<\/strong><\/p>\n\n\n\n<figure class=\"wp-block-embed-youtube wp-block-embed is-type-video is-provider-youtube wp-embed-aspect-16-9 wp-has-aspect-ratio\"><div class=\"wp-block-embed__wrapper\">\n<span class=\"embed-youtube\" style=\"text-align:center; display: block;\"><iframe loading=\"lazy\" class=\"youtube-player\" width=\"640\" height=\"360\" src=\"https:\/\/www.youtube.com\/embed\/VchCmUe-3Hw?version=3&#038;rel=1&#038;showsearch=0&#038;showinfo=1&#038;iv_load_policy=1&#038;fs=1&#038;hl=fr-FR&#038;autohide=2&#038;wmode=transparent\" allowfullscreen=\"true\" style=\"border:0;\" sandbox=\"allow-scripts allow-same-origin allow-popups allow-presentation allow-popups-to-escape-sandbox\"><\/iframe><\/span>\n<\/div><\/figure>\n\n\n\n<figure class=\"wp-block-image size-large\"><img data-recalc-dims=\"1\" loading=\"lazy\" decoding=\"async\" width=\"640\" height=\"486\" src=\"https:\/\/i0.wp.com\/www.fabriceeulry-laboutique.com\/blog\/wp-content\/uploads\/2024\/02\/Capture-decran-2024-02-04-a-00.51.58.png?resize=640%2C486\" alt=\"\" class=\"wp-image-12853\" srcset=\"https:\/\/i0.wp.com\/www.fabriceeulry-laboutique.com\/blog\/wp-content\/uploads\/2024\/02\/Capture-decran-2024-02-04-a-00.51.58.png?resize=1024%2C778 1024w, https:\/\/i0.wp.com\/www.fabriceeulry-laboutique.com\/blog\/wp-content\/uploads\/2024\/02\/Capture-decran-2024-02-04-a-00.51.58.png?resize=300%2C228 300w, https:\/\/i0.wp.com\/www.fabriceeulry-laboutique.com\/blog\/wp-content\/uploads\/2024\/02\/Capture-decran-2024-02-04-a-00.51.58.png?resize=768%2C583 768w, https:\/\/i0.wp.com\/www.fabriceeulry-laboutique.com\/blog\/wp-content\/uploads\/2024\/02\/Capture-decran-2024-02-04-a-00.51.58.png?w=1356 1356w, https:\/\/i0.wp.com\/www.fabriceeulry-laboutique.com\/blog\/wp-content\/uploads\/2024\/02\/Capture-decran-2024-02-04-a-00.51.58.png?w=1280 1280w\" sizes=\"auto, (max-width: 640px) 100vw, 640px\" \/><\/figure>\n","protected":false},"excerpt":{"rendered":"<p>Back to the 80&rsquo;s est un spectacle qui retrace le r\u00e9pertoire international des ann\u00e9es 1980. Avec humour et l\u00e9g\u00e8ret\u00e9, Alice Eulry com\u00e9dienne et chanteuse, reprend aussi bien les tubes fran\u00e7ais de Balavoine ou France Gall que ceux de Diana Ross &hellip; <a href=\"http:\/\/www.fabriceeulry-laboutique.com\/blog\/?p=12848\">Continuer la lecture <span class=\"meta-nav\">&rarr;<\/span><\/a><\/p>\n","protected":false},"author":2,"featured_media":0,"comment_status":"open","ping_status":"open","sticky":false,"template":"","format":"standard","meta":{"jetpack_post_was_ever_published":false,"_jetpack_newsletter_access":"","_jetpack_dont_email_post_to_subs":false,"_jetpack_newsletter_tier_id":0,"_jetpack_memberships_contains_paywalled_content":false,"_jetpack_memberships_contains_paid_content":false,"footnotes":"","jetpack_publicize_message":"","jetpack_publicize_feature_enabled":true,"jetpack_social_post_already_shared":true,"jetpack_social_options":{"image_generator_settings":{"template":"highway","default_image_id":0,"font":"","enabled":false},"version":2}},"categories":[1],"tags":[],"class_list":["post-12848","post","type-post","status-publish","format-standard","hentry","category-non-classe"],"jetpack_publicize_connections":[],"jetpack_featured_media_url":"","jetpack_sharing_enabled":true,"jetpack_shortlink":"https:\/\/wp.me\/p2D6dI-3le","jetpack_likes_enabled":true,"jetpack-related-posts":[{"id":11186,"url":"http:\/\/www.fabriceeulry-laboutique.com\/blog\/?p=11186","url_meta":{"origin":12848,"position":0},"title":"FABRICE EULRY AU WHALLL DE BRUXELLES CE VENDREDI","author":"Le Canard du pianiste","date":"5 d\u00e9cembre 2018","format":false,"excerpt":"\u00a0 FABRICE EULRY nous pr\u00e9sentera un r\u00e9cital d'improvisations pianistiques sur le th\u00e8me \"\u00a0de BACH\u00a0\u00e0 HENDRIX \"\u00a0 \u00a0VENDREDI 7 DECEMBRE,\u00a0A 20h30\u00a0\u00a0 \u00a0\u00a0\u00a0au grand auditorium du\u00a0Whalll, \u00a0\u00a0\u00a0\u00a0\u00a0\u00a0\u00a0\u00a0\u00a0 (Centre Culturel de Woluwe St Pierre -\u00a093 Avenue Charles Thielemans) \u00a0 Invit\u00e9 chez Philippe Bouvard: https:\/\/youtu.be\/sehILXSTz9w Fabrice Eulry \u00e0\u00a0l'Olympia: https:\/\/youtu.be\/r_NEP7vYkxw Prix des places:\u00a020 \u20ac R\u00e9servations:\u2026","rel":"","context":"Dans &quot;Non class\u00e9&quot;","block_context":{"text":"Non class\u00e9","link":"http:\/\/www.fabriceeulry-laboutique.com\/blog\/?cat=1"},"img":{"alt_text":"bach_shades","src":"https:\/\/i0.wp.com\/www.fabriceeulry-laboutique.com\/blog\/wp-content\/uploads\/2012\/06\/bach_shades.jpg?resize=350%2C200","width":350,"height":200},"classes":[]},{"id":7745,"url":"http:\/\/www.fabriceeulry-laboutique.com\/blog\/?p=7745","url_meta":{"origin":12848,"position":1},"title":"FABRICE EULRY EN DIRECT SUR LA RADIO TELEVISION SUISSE","author":"Le Canard du pianiste","date":"20 octobre 2015","format":false,"excerpt":"Amis m\u00e9lomanes de Suisse, suivez Fabrice Eulry sur \u00a0le jeudi 22 octobre dans l'\u00e9mission de Delphine Garcia sur PARADISO (pr\u00e9cisions sur l'horaire tr\u00e8s bient\u00f4t - \u00e0 partir de 18h30). Fabrice Eulry jouera aussi un ou deux morceaux en direct entre deux causeries. Car il sera le dimanche 25 \u00e0 Lausanne\u2026","rel":"","context":"Dans &quot;Non class\u00e9&quot;","block_context":{"text":"Non class\u00e9","link":"http:\/\/www.fabriceeulry-laboutique.com\/blog\/?cat=1"},"img":{"alt_text":"rts","src":"https:\/\/i0.wp.com\/www.fabriceeulry-laboutique.com\/blog\/wp-content\/uploads\/2015\/10\/rts-.jpg?resize=350%2C200","width":350,"height":200},"classes":[]},{"id":9508,"url":"http:\/\/www.fabriceeulry-laboutique.com\/blog\/?p=9508","url_meta":{"origin":12848,"position":2},"title":"FABRICE EULRY AU FESTIVAL D&rsquo;AVIGNON 2017","author":"Le Canard du pianiste","date":"15 juin 2017","format":false,"excerpt":"Le Festival d'Avignon 2017 accueillera Fabrice Eulry dans son nouveau spectacle au th\u00e9\u00e2tre des vents tous les jours du 7 au 30 juillet \u00e0 18h30 (cliquez sur l'image pour acc\u00e9der au site du th\u00e9\u00e2tre et pour r\u00e9server) R\u00e9servations : 06 20 17 24 12 Voici pendant l'\u00e9dition 2016 d'Avignon un\u2026","rel":"","context":"Dans &quot;Non class\u00e9&quot;","block_context":{"text":"Non class\u00e9","link":"http:\/\/www.fabriceeulry-laboutique.com\/blog\/?cat=1"},"img":{"alt_text":"tv","src":"https:\/\/i0.wp.com\/www.fabriceeulry-laboutique.com\/blog\/wp-content\/uploads\/2017\/02\/tv.jpg?resize=350%2C200","width":350,"height":200},"classes":[]},{"id":2225,"url":"http:\/\/www.fabriceeulry-laboutique.com\/blog\/?p=2225","url_meta":{"origin":12848,"position":3},"title":"QUELQUES CRITIQUES DE F.E. ET SON PIANO FOU","author":"Le Canard du pianiste","date":"28 f\u00e9vrier 2013","format":false,"excerpt":"Artistes :\u00a0Fabrice Eulry Quelques critiques de spectateurs : Note des internautes : 9\/10 avec\u00a030\u00a0critiques 97% \u00a0Bien 3% \u00a0\u00a0Moyen 0% \u00a0\u00a0D\u00e9cu \u00bb \u00a0 fragar\u00a0Inscrit Il y a 10 ans14 critiques Utile: -Royal, Imp\u00e9rial !!! 10\/10 Dionxu rend un v\u00e9ritable hommage \u00e0 Fabrice Eulry, et comme je partage son opinion !! Fabrice\u2026","rel":"","context":"Dans &quot;Non class\u00e9&quot;","block_context":{"text":"Non class\u00e9","link":"http:\/\/www.fabriceeulry-laboutique.com\/blog\/?cat=1"},"img":{"alt_text":"","src":"","width":0,"height":0},"classes":[]},{"id":6353,"url":"http:\/\/www.fabriceeulry-laboutique.com\/blog\/?p=6353","url_meta":{"origin":12848,"position":4},"title":"LE DECONCERTO A MALAVILLE (SUITE)","author":"Le Canard du pianiste","date":"10 f\u00e9vrier 2015","format":false,"excerpt":"Nous compl\u00e9tons cet article par un nouveau compte-rendu (lien ci-dessous) http:\/\/gerardfauvin.blogs.charentelibre.fr\/archive\/2015\/01\/20\/fabrice-eulry-la-palene-mallaville-samedi-193663.html Le samedi 24 janvier 2015, a eu lieu \u00a0Hors les murs Salle des f\u00eates de Malaville ... pr\u00e8s d'Angoul\u00eame, le D\u00e9concerto pour un seul homme, qui a fait de nouveau \u00e9mules dans une salle comble et enthousiaste. Voici un\u2026","rel":"","context":"Dans &quot;Non class\u00e9&quot;","block_context":{"text":"Non class\u00e9","link":"http:\/\/www.fabriceeulry-laboutique.com\/blog\/?cat=1"},"img":{"alt_text":"","src":"https:\/\/i0.wp.com\/www.fabriceeulry-laboutique.com\/blog\/wp-content\/uploads\/2015\/01\/rom-4-.jpg?resize=350%2C200","width":350,"height":200,"srcset":"https:\/\/i0.wp.com\/www.fabriceeulry-laboutique.com\/blog\/wp-content\/uploads\/2015\/01\/rom-4-.jpg?resize=350%2C200 1x, https:\/\/i0.wp.com\/www.fabriceeulry-laboutique.com\/blog\/wp-content\/uploads\/2015\/01\/rom-4-.jpg?resize=525%2C300 1.5x, https:\/\/i0.wp.com\/www.fabriceeulry-laboutique.com\/blog\/wp-content\/uploads\/2015\/01\/rom-4-.jpg?resize=700%2C400 2x"},"classes":[]},{"id":9586,"url":"http:\/\/www.fabriceeulry-laboutique.com\/blog\/?p=9586","url_meta":{"origin":12848,"position":5},"title":"EULRY 24 HEURES AU PIANO, MAIS DE FUN\u00c8S PLUSIEURS FOIS 12 HEURES !","author":"Le Canard du pianiste","date":"20 juillet 2017","format":false,"excerpt":"C'est aussi en jouant r\u00e9guli\u00e8rement 12 heures d'affil\u00e9e que Fabrice Eulry eu l'id\u00e9e en 2005 de proposer en solo un\u00a0marathon pianistique de 24 heures\u00a0(cliquez sur le lien pour visionner la folle minute finale)\u00a0 \u00c0 la sortie de \"L'aile ou la cuisse\", Louis de Fun\u00e8s nous confie certains souvenirs dont ceux\u2026","rel":"","context":"Dans &quot;Non class\u00e9&quot;","block_context":{"text":"Non class\u00e9","link":"http:\/\/www.fabriceeulry-laboutique.com\/blog\/?cat=1"},"img":{"alt_text":"Hanula1","src":"https:\/\/i0.wp.com\/www.fabriceeulry-laboutique.com\/blog\/wp-content\/uploads\/2017\/07\/Hanula1.jpg?resize=350%2C200","width":350,"height":200,"srcset":"https:\/\/i0.wp.com\/www.fabriceeulry-laboutique.com\/blog\/wp-content\/uploads\/2017\/07\/Hanula1.jpg?resize=350%2C200 1x, https:\/\/i0.wp.com\/www.fabriceeulry-laboutique.com\/blog\/wp-content\/uploads\/2017\/07\/Hanula1.jpg?resize=525%2C300 1.5x, https:\/\/i0.wp.com\/www.fabriceeulry-laboutique.com\/blog\/wp-content\/uploads\/2017\/07\/Hanula1.jpg?resize=700%2C400 2x"},"classes":[]}],"_links":{"self":[{"href":"http:\/\/www.fabriceeulry-laboutique.com\/blog\/index.php?rest_route=\/wp\/v2\/posts\/12848","targetHints":{"allow":["GET"]}}],"collection":[{"href":"http:\/\/www.fabriceeulry-laboutique.com\/blog\/index.php?rest_route=\/wp\/v2\/posts"}],"about":[{"href":"http:\/\/www.fabriceeulry-laboutique.com\/blog\/index.php?rest_route=\/wp\/v2\/types\/post"}],"author":[{"embeddable":true,"href":"http:\/\/www.fabriceeulry-laboutique.com\/blog\/index.php?rest_route=\/wp\/v2\/users\/2"}],"replies":[{"embeddable":true,"href":"http:\/\/www.fabriceeulry-laboutique.com\/blog\/index.php?rest_route=%2Fwp%2Fv2%2Fcomments&post=12848"}],"version-history":[{"count":6,"href":"http:\/\/www.fabriceeulry-laboutique.com\/blog\/index.php?rest_route=\/wp\/v2\/posts\/12848\/revisions"}],"predecessor-version":[{"id":12859,"href":"http:\/\/www.fabriceeulry-laboutique.com\/blog\/index.php?rest_route=\/wp\/v2\/posts\/12848\/revisions\/12859"}],"wp:attachment":[{"href":"http:\/\/www.fabriceeulry-laboutique.com\/blog\/index.php?rest_route=%2Fwp%2Fv2%2Fmedia&parent=12848"}],"wp:term":[{"taxonomy":"category","embeddable":true,"href":"http:\/\/www.fabriceeulry-laboutique.com\/blog\/index.php?rest_route=%2Fwp%2Fv2%2Fcategories&post=12848"},{"taxonomy":"post_tag","embeddable":true,"href":"http:\/\/www.fabriceeulry-laboutique.com\/blog\/index.php?rest_route=%2Fwp%2Fv2%2Ftags&post=12848"}],"curies":[{"name":"wp","href":"https:\/\/api.w.org\/{rel}","templated":true}]}}