{"id":12911,"date":"2024-04-23T17:33:41","date_gmt":"2024-04-23T17:33:41","guid":{"rendered":"http:\/\/www.fabriceeulry-laboutique.com\/blog\/?p=12911"},"modified":"2024-04-23T17:33:43","modified_gmt":"2024-04-23T17:33:43","slug":"come-together-sortie-du-disque","status":"publish","type":"post","link":"http:\/\/www.fabriceeulry-laboutique.com\/blog\/?p=12911","title":{"rendered":"\u00ab\u00a0COME TOGETHER\u00a0\u00bb : SORTIE DU DISQUE."},"content":{"rendered":"\n<p class=\"has-text-align-center\"><strong>A L&rsquo;occasion du concert du dimanche 26 mai \u00e0\u00a0la Chapelle de la Commanderie Templi\u00e8re du ch\u00e2teau<\/strong> de <strong>Cazouls d&rsquo;H\u00e9rault \u00e0 17H, r\u00e9cital qui propose un floril\u00e8ge pianistique \u00e9nergique et expressif , Fabrice Eulry f\u00eatera la sortie de son nouveau disque : \u00ab\u00a0Come together\u00a0\u00bb. <\/strong><\/p>\n\n\n\n<p class=\"has-text-align-center\"><strong>Un hommage aux Beatles ?<\/strong> <strong>Oui et non,<\/strong> <strong>voici un extrait du livret :<\/strong> <\/p>\n\n\n\n<figure class=\"wp-block-image size-large\"><img data-recalc-dims=\"1\" loading=\"lazy\" decoding=\"async\" width=\"640\" height=\"639\" src=\"https:\/\/i0.wp.com\/www.fabriceeulry-laboutique.com\/blog\/wp-content\/uploads\/2024\/04\/Come-together-1.png?resize=640%2C639\" alt=\"\" class=\"wp-image-12914\" srcset=\"https:\/\/i0.wp.com\/www.fabriceeulry-laboutique.com\/blog\/wp-content\/uploads\/2024\/04\/Come-together-1.png?resize=1024%2C1022 1024w, https:\/\/i0.wp.com\/www.fabriceeulry-laboutique.com\/blog\/wp-content\/uploads\/2024\/04\/Come-together-1.png?resize=300%2C300 300w, https:\/\/i0.wp.com\/www.fabriceeulry-laboutique.com\/blog\/wp-content\/uploads\/2024\/04\/Come-together-1.png?resize=150%2C150 150w, https:\/\/i0.wp.com\/www.fabriceeulry-laboutique.com\/blog\/wp-content\/uploads\/2024\/04\/Come-together-1.png?resize=768%2C767 768w, https:\/\/i0.wp.com\/www.fabriceeulry-laboutique.com\/blog\/wp-content\/uploads\/2024\/04\/Come-together-1.png?w=1224 1224w\" sizes=\"auto, (max-width: 640px) 100vw, 640px\" \/><figcaption>Commandez-le en \u00e9crivant \u00e0 <a href=\"mailto:contact@fabriceeulry.com\">contact@fabriceeulry.com<\/a><\/figcaption><\/figure>\n\n\n\n<p>\u00ab\u00a0<strong>Come together\u00a0\u00bb\u00a0<\/strong>n\u2019est pas seulement sa transcription de la chanson des Beatles au piano mais aussi le titre de son album solo, parce que cette mani\u00e8re qu\u2019\u00e0\u00a0<strong>Fabrice Eulry\u00a0<\/strong>de jouer pour le public est comme une communion.<\/p>\n\n\n\n<p>S\u2019il est possible de restituer le lyrisme de&nbsp;L\u2019hymne \u00e0 l\u2019amour sans la voix&nbsp;de Piaf, ou celui de&nbsp;I can\u2019t stop lovin\u2019 you&nbsp;sans celle de Ray Charles,&nbsp;<strong>Fabrice Eulry&nbsp;<\/strong>souhaite le faire sans passer&nbsp;par les artitifices de la d\u00e9construction&nbsp;ou de la \u00abRe-visitation\u00bb mais par les&nbsp;ressources infinies du piano dont il&nbsp;explore les m\u00e9andres, tout en rendant hommage \u00e0 ses ic\u00f6nes.<\/p>\n\n\n\n<p>D\u00e8s l\u2019annonce de son passage au studio acoustique de Passavant, la salle a\u00a0affich\u00e9 complet : l\u2019occasion d\u2019assister \u00e0\u00a0l\u2019envers du d\u00e9cor d\u2019un enregistrement pour certains, ou de le voir de pr\u00e8s en transe sur un boogie pour d\u2019autres, ou encore de l\u2019entendre faire na\u00eetre ses improvisations qu\u2019il d\u00e9crit \u00e0 la fois comme sa force et sa faiblesse : d\u00e9s qu\u2019un fan s\u2019\u00e9tonne de sa facult\u00e9 \u00e0 livrer avec ma\u00eetrise moult variations spontan\u00e9es sur un th\u00e8me, il r\u00e9pond : \u00abje ne saurais pas les rejouer ainsi, ni de pr\u00e8s ni de loin\u00bb.<\/p>\n\n\n\n<p>L\u2019album\u00a0<strong>Come together\u00a0<\/strong>est bien nomm\u00e9 car il rassemble des pi\u00e8ces que le public r\u00e9clame en disque de mani\u00e8re r\u00e9currente \u00e0 Fabrice Eulry, depuis le temps qu\u2019elles ressortent comme les pi\u00e8ces de r\u00e9sistance de ses concerts\u00a0sans pourtant figurer sur aucun de ses\u00a0enregistrements : on pense bien s\u00fbr \u00e0\u00a0Georgia on my mind, ou certaines\u00a0musiques de films comme\u00a0Un homme et une femme.\u00a0Cela n\u2019a pas emp\u00each\u00e9 le pianiste d\u2019y ajouter quelques in\u00e9dits qu\u2019il n\u2019avait jamais jou\u00e9 sur sc\u00e8ne comme\u00a0My Bonnie\u00a0(en boogie-woogie rapide et sonore)\u00a0Ticket to ride\u00a0(transcription \u00e9tonnamment fid\u00e8le du morceau\u00a0des Beatles) ou les plus intimistes\u00a0Sentimental journey\u00a0et\u00a0Blue moon&#8230;<\/p>\n\n\n\n<figure class=\"wp-block-image size-large\"><img data-recalc-dims=\"1\" loading=\"lazy\" decoding=\"async\" width=\"640\" height=\"503\" src=\"https:\/\/i0.wp.com\/www.fabriceeulry-laboutique.com\/blog\/wp-content\/uploads\/2024\/04\/Come-together-2.png?resize=640%2C503\" alt=\"\" class=\"wp-image-12912\" srcset=\"https:\/\/i0.wp.com\/www.fabriceeulry-laboutique.com\/blog\/wp-content\/uploads\/2024\/04\/Come-together-2.png?resize=1024%2C805 1024w, https:\/\/i0.wp.com\/www.fabriceeulry-laboutique.com\/blog\/wp-content\/uploads\/2024\/04\/Come-together-2.png?resize=300%2C236 300w, https:\/\/i0.wp.com\/www.fabriceeulry-laboutique.com\/blog\/wp-content\/uploads\/2024\/04\/Come-together-2.png?resize=768%2C604 768w, https:\/\/i0.wp.com\/www.fabriceeulry-laboutique.com\/blog\/wp-content\/uploads\/2024\/04\/Come-together-2.png?resize=1536%2C1208 1536w, https:\/\/i0.wp.com\/www.fabriceeulry-laboutique.com\/blog\/wp-content\/uploads\/2024\/04\/Come-together-2.png?w=1600 1600w, https:\/\/i0.wp.com\/www.fabriceeulry-laboutique.com\/blog\/wp-content\/uploads\/2024\/04\/Come-together-2.png?w=1280 1280w\" sizes=\"auto, (max-width: 640px) 100vw, 640px\" \/><figcaption>Commandez-le en \u00e9crivant \u00e0 <a href=\"mailto:contact@fabriceeulry.com\">contact@fabriceeulry.com<\/a><\/figcaption><\/figure>\n\n\n\n<p><\/p>\n","protected":false},"excerpt":{"rendered":"<p>A L&rsquo;occasion du concert du dimanche 26 mai \u00e0\u00a0la Chapelle de la Commanderie Templi\u00e8re du ch\u00e2teau de Cazouls d&rsquo;H\u00e9rault \u00e0 17H, r\u00e9cital qui propose un floril\u00e8ge pianistique \u00e9nergique et expressif , Fabrice Eulry f\u00eatera la sortie de son nouveau disque &hellip; <a href=\"http:\/\/www.fabriceeulry-laboutique.com\/blog\/?p=12911\">Continuer la lecture <span class=\"meta-nav\">&rarr;<\/span><\/a><\/p>\n","protected":false},"author":2,"featured_media":0,"comment_status":"open","ping_status":"open","sticky":false,"template":"","format":"standard","meta":{"jetpack_post_was_ever_published":false,"_jetpack_newsletter_access":"","_jetpack_dont_email_post_to_subs":false,"_jetpack_newsletter_tier_id":0,"_jetpack_memberships_contains_paywalled_content":false,"_jetpack_memberships_contains_paid_content":false,"footnotes":"","jetpack_publicize_message":"","jetpack_publicize_feature_enabled":true,"jetpack_social_post_already_shared":true,"jetpack_social_options":{"image_generator_settings":{"template":"highway","default_image_id":0,"font":"","enabled":false},"version":2}},"categories":[1],"tags":[],"class_list":["post-12911","post","type-post","status-publish","format-standard","hentry","category-non-classe"],"jetpack_publicize_connections":[],"jetpack_featured_media_url":"","jetpack_sharing_enabled":true,"jetpack_shortlink":"https:\/\/wp.me\/p2D6dI-3mf","jetpack_likes_enabled":true,"jetpack-related-posts":[{"id":8563,"url":"http:\/\/www.fabriceeulry-laboutique.com\/blog\/?p=8563","url_meta":{"origin":12911,"position":0},"title":"LE NOUVEAU DISQUE !","author":"Le Canard du pianiste","date":"14 juin 2016","format":false,"excerpt":"en piano soloCliquez sur la pochette pour \u00e9couter des extraits Un cd de 14 titres enregistr\u00e9s au fil des tourn\u00e9es entre 2004 et 2008 dans cinq pays avec une riche palette d' atmosph\u00e8res, et en bouquet final, une version compl\u00e8tement folle du Boogie expiatoire \u00e0 Newport Kentucky, sp\u00e9cial d\u00e9calage horaire\u2026","rel":"","context":"Dans &quot;Non class\u00e9&quot;","block_context":{"text":"Non class\u00e9","link":"http:\/\/www.fabriceeulry-laboutique.com\/blog\/?cat=1"},"img":{"alt_text":"","src":"https:\/\/i0.wp.com\/www.fabriceeulry-laboutique.com\/blog\/wp-content\/uploads\/2016\/06\/on-tour.jpg?resize=350%2C200","width":350,"height":200},"classes":[]},{"id":12665,"url":"http:\/\/www.fabriceeulry-laboutique.com\/blog\/?p=12665","url_meta":{"origin":12911,"position":1},"title":"SORTIE DU DISQUE : \u00ab\u00a0EN TOURNEE\u00a0\u00bb","author":"Le Canard du pianiste","date":"19 novembre 2022","format":false,"excerpt":"Tout comme \"On tour\" il y quelques ann\u00e9es, \"En tourn\u00e9e\" fait entendre des morceaux choisis dans les r\u00e9citals de Fabrice Eulry, et enregistr\u00e9s dans diff\u00e9rents pays dont les petits drapeaux figurent ci-dessous. Cette fois la p\u00e9riode est plus r\u00e9cente, mais avec de nouveau, des horizons pianistiques, des rythmes des pianos,\u2026","rel":"","context":"Dans &quot;Non class\u00e9&quot;","block_context":{"text":"Non class\u00e9","link":"http:\/\/www.fabriceeulry-laboutique.com\/blog\/?cat=1"},"img":{"alt_text":"","src":"https:\/\/i0.wp.com\/www.fabriceeulry-laboutique.com\/blog\/wp-content\/uploads\/2022\/11\/EN-TOURNEE-cd-1-de-couv-scaled.jpg?resize=350%2C200","width":350,"height":200,"srcset":"https:\/\/i0.wp.com\/www.fabriceeulry-laboutique.com\/blog\/wp-content\/uploads\/2022\/11\/EN-TOURNEE-cd-1-de-couv-scaled.jpg?resize=350%2C200 1x, https:\/\/i0.wp.com\/www.fabriceeulry-laboutique.com\/blog\/wp-content\/uploads\/2022\/11\/EN-TOURNEE-cd-1-de-couv-scaled.jpg?resize=525%2C300 1.5x, https:\/\/i0.wp.com\/www.fabriceeulry-laboutique.com\/blog\/wp-content\/uploads\/2022\/11\/EN-TOURNEE-cd-1-de-couv-scaled.jpg?resize=700%2C400 2x, https:\/\/i0.wp.com\/www.fabriceeulry-laboutique.com\/blog\/wp-content\/uploads\/2022\/11\/EN-TOURNEE-cd-1-de-couv-scaled.jpg?resize=1050%2C600 3x, https:\/\/i0.wp.com\/www.fabriceeulry-laboutique.com\/blog\/wp-content\/uploads\/2022\/11\/EN-TOURNEE-cd-1-de-couv-scaled.jpg?resize=1400%2C800 4x"},"classes":[]},{"id":6728,"url":"http:\/\/www.fabriceeulry-laboutique.com\/blog\/?p=6728","url_meta":{"origin":12911,"position":2},"title":"LE PROGRAMME D&rsquo;ELIZABETH SOMBART","author":"Le Canard du pianiste","date":"15 avril 2015","format":false,"excerpt":"Amis m\u00e9lomanes, Comme annonc\u00e9 pr\u00e9c\u00e9demment, j'aurai la joie de compter Elizabeth Sombart \u00e0 : en premi\u00e8re partie de mon spectacle \u00a0LE 10 jeudi SEPTEMBRE 2015 Elle jouera pour nous, au piano, le concerto N\u00b01 en mi mineur de Fr\u00e9d\u00e9ric Chopin accompagn\u00e9e par le quatuor R\u00e9sonnance. Quatuor R\u00e9sonannce Christophe Beau, violoncelle\u2026","rel":"","context":"Dans &quot;Non class\u00e9&quot;","block_context":{"text":"Non class\u00e9","link":"http:\/\/www.fabriceeulry-laboutique.com\/blog\/?cat=1"},"img":{"alt_text":"","src":"https:\/\/i0.wp.com\/www.fabriceeulry-laboutique.com\/blog\/wp-content\/uploads\/2015\/04\/cadogan-.jpg?resize=350%2C200","width":350,"height":200,"srcset":"https:\/\/i0.wp.com\/www.fabriceeulry-laboutique.com\/blog\/wp-content\/uploads\/2015\/04\/cadogan-.jpg?resize=350%2C200 1x, https:\/\/i0.wp.com\/www.fabriceeulry-laboutique.com\/blog\/wp-content\/uploads\/2015\/04\/cadogan-.jpg?resize=525%2C300 1.5x, https:\/\/i0.wp.com\/www.fabriceeulry-laboutique.com\/blog\/wp-content\/uploads\/2015\/04\/cadogan-.jpg?resize=700%2C400 2x"},"classes":[]},{"id":6637,"url":"http:\/\/www.fabriceeulry-laboutique.com\/blog\/?p=6637","url_meta":{"origin":12911,"position":3},"title":"TONY KAZIMA ET FABRICE EULRY","author":"Le Canard du pianiste","date":"31 mars 2015","format":false,"excerpt":"Voici les deux comp\u00e8res en concert \u00e0 la maison de retraite des Diaconesses, dans le 12\u00e8me arrondissement de Paris pr\u00e8s de la place de la Nation. Avant d'essayer l'orgue qui est \u00e0 gauche de la photo, \u00a0ils improvisent ci-dessous un quatre mains sur un gospel... pour le plus grand bonheur\u2026","rel":"","context":"Dans &quot;Non class\u00e9&quot;","block_context":{"text":"Non class\u00e9","link":"http:\/\/www.fabriceeulry-laboutique.com\/blog\/?cat=1"},"img":{"alt_text":"","src":"https:\/\/i0.wp.com\/www.fabriceeulry-laboutique.com\/blog\/wp-content\/uploads\/2015\/03\/dia-.jpg?resize=350%2C200","width":350,"height":200},"classes":[]},{"id":6796,"url":"http:\/\/www.fabriceeulry-laboutique.com\/blog\/?p=6796","url_meta":{"origin":12911,"position":4},"title":"FABRICE EULRY ET JACKY MILLIET SUR LA RADIO SUISSE ROMANDE","author":"Le Canard du pianiste","date":"26 avril 2015","format":false,"excerpt":"Cliquez sur l'image du duo pour \u00e9couter l'\u00e9mission \u00a0CONNAITRE ET ECOUTER TOUTE LA DISCOGRAPHIE DE FABRICE EULRY ET JACKY MILLIET \u00a0\u00a0 \u00a0 \u00a0\u00a0\u00a0 \u00a0\u00a0\u00a0cliquez sur les pochettes de disque Sur le dernier disque les versions longues et compl\u00e8tes des deux morceaux jou\u00e9s sur la radio suisse : Si vous partez\u2026","rel":"","context":"Dans &quot;Non class\u00e9&quot;","block_context":{"text":"Non class\u00e9","link":"http:\/\/www.fabriceeulry-laboutique.com\/blog\/?cat=1"},"img":{"alt_text":"corbeil-1","src":"https:\/\/i0.wp.com\/www.on-mag.fr\/images\/stories\/2011\/07\/corbeil-1.jpg?resize=350%2C200","width":350,"height":200,"srcset":"https:\/\/i0.wp.com\/www.on-mag.fr\/images\/stories\/2011\/07\/corbeil-1.jpg?resize=350%2C200 1x, https:\/\/i0.wp.com\/www.on-mag.fr\/images\/stories\/2011\/07\/corbeil-1.jpg?resize=525%2C300 1.5x"},"classes":[]},{"id":5777,"url":"http:\/\/www.fabriceeulry-laboutique.com\/blog\/?p=5777","url_meta":{"origin":12911,"position":5},"title":"SOIREE A CINCINNATI","author":"Le Canard du pianiste","date":"24 octobre 2014","format":false,"excerpt":"Et voici comment Ricky Nye a pr\u00e9sent\u00e9 cette soir\u00e9e : TONIGHT: THURS. 23- appearing with vocalist Dottie Warner and very special guest from Burgundy, France: pianist extraordinaire\u00a0Fabrice Eulry\u00a0@Arnold's Bar and Grill- 210 E. 8th St., downtown Cincinnati, OH from 7:30-9:30 PM- Fabrice's last day in town after intensive studio work\u2026","rel":"","context":"Dans &quot;Non class\u00e9&quot;","block_context":{"text":"Non class\u00e9","link":"http:\/\/www.fabriceeulry-laboutique.com\/blog\/?cat=1"},"img":{"alt_text":"","src":"https:\/\/i0.wp.com\/www.fabriceeulry-laboutique.com\/blog\/wp-content\/uploads\/2014\/10\/ARNOLD-.jpg?resize=350%2C200","width":350,"height":200},"classes":[]}],"_links":{"self":[{"href":"http:\/\/www.fabriceeulry-laboutique.com\/blog\/index.php?rest_route=\/wp\/v2\/posts\/12911","targetHints":{"allow":["GET"]}}],"collection":[{"href":"http:\/\/www.fabriceeulry-laboutique.com\/blog\/index.php?rest_route=\/wp\/v2\/posts"}],"about":[{"href":"http:\/\/www.fabriceeulry-laboutique.com\/blog\/index.php?rest_route=\/wp\/v2\/types\/post"}],"author":[{"embeddable":true,"href":"http:\/\/www.fabriceeulry-laboutique.com\/blog\/index.php?rest_route=\/wp\/v2\/users\/2"}],"replies":[{"embeddable":true,"href":"http:\/\/www.fabriceeulry-laboutique.com\/blog\/index.php?rest_route=%2Fwp%2Fv2%2Fcomments&post=12911"}],"version-history":[{"count":2,"href":"http:\/\/www.fabriceeulry-laboutique.com\/blog\/index.php?rest_route=\/wp\/v2\/posts\/12911\/revisions"}],"predecessor-version":[{"id":12916,"href":"http:\/\/www.fabriceeulry-laboutique.com\/blog\/index.php?rest_route=\/wp\/v2\/posts\/12911\/revisions\/12916"}],"wp:attachment":[{"href":"http:\/\/www.fabriceeulry-laboutique.com\/blog\/index.php?rest_route=%2Fwp%2Fv2%2Fmedia&parent=12911"}],"wp:term":[{"taxonomy":"category","embeddable":true,"href":"http:\/\/www.fabriceeulry-laboutique.com\/blog\/index.php?rest_route=%2Fwp%2Fv2%2Fcategories&post=12911"},{"taxonomy":"post_tag","embeddable":true,"href":"http:\/\/www.fabriceeulry-laboutique.com\/blog\/index.php?rest_route=%2Fwp%2Fv2%2Ftags&post=12911"}],"curies":[{"name":"wp","href":"https:\/\/api.w.org\/{rel}","templated":true}]}}