{"id":12947,"date":"2024-07-06T20:01:54","date_gmt":"2024-07-06T20:01:54","guid":{"rendered":"http:\/\/www.fabriceeulry-laboutique.com\/blog\/?p=12947"},"modified":"2024-07-06T20:01:56","modified_gmt":"2024-07-06T20:01:56","slug":"fabrice-eulry-et-pierre-yves-plat-au-festival-de-sintra","status":"publish","type":"post","link":"http:\/\/www.fabriceeulry-laboutique.com\/blog\/?p=12947","title":{"rendered":"FABRICE EULRY ET PIERRE-YVES PLAT AU FESTIVAL DE SINTRA"},"content":{"rendered":"\n<p class=\"has-text-align-center\"><strong>Voici d&rsquo;abord quelques vues qui retracent ces deux jours :<\/strong><\/p>\n\n\n\n<p class=\"has-text-align-center\"><strong>Tout d&rsquo;abord, d\u00e8s l&rsquo;accueil impeccable du festival, un clip d&rsquo;archivage propos\u00e9 aux deux artistes, est tourn\u00e9 l&rsquo;apr\u00e8s-midi de leur arriv\u00e9e et sera mont\u00e9 avec des extraits du concert du lendemain, clip que nous vous proposons en bas de l&rsquo;article, mais revenons au premier soir : en cette veill\u00e9e d&rsquo;armes, la salle vide du somptueux palais gard\u00e9 est mise \u00e0 disposition des deux artistes pour \u00ab\u00a0r\u00e9p\u00e9ter\u00a0\u00bb ou plut\u00f4t essayer des choses pour voir comment se faire plaisir<\/strong> !<\/p>\n\n\n\n<figure class=\"wp-block-image size-large\"><img data-recalc-dims=\"1\" loading=\"lazy\" decoding=\"async\" width=\"640\" height=\"366\" src=\"https:\/\/i0.wp.com\/www.fabriceeulry-laboutique.com\/blog\/wp-content\/uploads\/2024\/07\/sintra-bpng.png?resize=640%2C366\" alt=\"\" class=\"wp-image-12949\" srcset=\"https:\/\/i0.wp.com\/www.fabriceeulry-laboutique.com\/blog\/wp-content\/uploads\/2024\/07\/sintra-bpng.png?resize=1024%2C586 1024w, https:\/\/i0.wp.com\/www.fabriceeulry-laboutique.com\/blog\/wp-content\/uploads\/2024\/07\/sintra-bpng.png?resize=300%2C172 300w, https:\/\/i0.wp.com\/www.fabriceeulry-laboutique.com\/blog\/wp-content\/uploads\/2024\/07\/sintra-bpng.png?resize=768%2C440 768w, https:\/\/i0.wp.com\/www.fabriceeulry-laboutique.com\/blog\/wp-content\/uploads\/2024\/07\/sintra-bpng.png?resize=1536%2C880 1536w, https:\/\/i0.wp.com\/www.fabriceeulry-laboutique.com\/blog\/wp-content\/uploads\/2024\/07\/sintra-bpng.png?w=1568 1568w, https:\/\/i0.wp.com\/www.fabriceeulry-laboutique.com\/blog\/wp-content\/uploads\/2024\/07\/sintra-bpng.png?w=1280 1280w\" sizes=\"auto, (max-width: 640px) 100vw, 640px\" \/><figcaption>Fabrice int\u00e8gre une id\u00e9e propos\u00e9e par Pierre-Yves avant de se jeter sur le clavier<\/figcaption><\/figure>\n\n\n\n<figure class=\"wp-block-image size-large\"><img data-recalc-dims=\"1\" loading=\"lazy\" decoding=\"async\" width=\"640\" height=\"363\" src=\"https:\/\/i0.wp.com\/www.fabriceeulry-laboutique.com\/blog\/wp-content\/uploads\/2024\/07\/sintra-a.png?resize=640%2C363\" alt=\"\" class=\"wp-image-12948\" srcset=\"https:\/\/i0.wp.com\/www.fabriceeulry-laboutique.com\/blog\/wp-content\/uploads\/2024\/07\/sintra-a.png?resize=1024%2C581 1024w, https:\/\/i0.wp.com\/www.fabriceeulry-laboutique.com\/blog\/wp-content\/uploads\/2024\/07\/sintra-a.png?resize=300%2C170 300w, https:\/\/i0.wp.com\/www.fabriceeulry-laboutique.com\/blog\/wp-content\/uploads\/2024\/07\/sintra-a.png?resize=768%2C435 768w, https:\/\/i0.wp.com\/www.fabriceeulry-laboutique.com\/blog\/wp-content\/uploads\/2024\/07\/sintra-a.png?resize=1536%2C871 1536w, https:\/\/i0.wp.com\/www.fabriceeulry-laboutique.com\/blog\/wp-content\/uploads\/2024\/07\/sintra-a.png?w=1898 1898w, https:\/\/i0.wp.com\/www.fabriceeulry-laboutique.com\/blog\/wp-content\/uploads\/2024\/07\/sintra-a.png?w=1280 1280w\" sizes=\"auto, (max-width: 640px) 100vw, 640px\" \/><figcaption>Concentr\u00e9s !<\/figcaption><\/figure>\n\n\n\n<figure class=\"wp-block-image size-large\"><img data-recalc-dims=\"1\" loading=\"lazy\" decoding=\"async\" width=\"640\" height=\"360\" src=\"https:\/\/i0.wp.com\/www.fabriceeulry-laboutique.com\/blog\/wp-content\/uploads\/2024\/07\/sintra-c.png?resize=640%2C360\" alt=\"\" class=\"wp-image-12950\" srcset=\"https:\/\/i0.wp.com\/www.fabriceeulry-laboutique.com\/blog\/wp-content\/uploads\/2024\/07\/sintra-c.png?resize=1024%2C576 1024w, https:\/\/i0.wp.com\/www.fabriceeulry-laboutique.com\/blog\/wp-content\/uploads\/2024\/07\/sintra-c.png?resize=300%2C169 300w, https:\/\/i0.wp.com\/www.fabriceeulry-laboutique.com\/blog\/wp-content\/uploads\/2024\/07\/sintra-c.png?resize=768%2C432 768w, https:\/\/i0.wp.com\/www.fabriceeulry-laboutique.com\/blog\/wp-content\/uploads\/2024\/07\/sintra-c.png?w=1408 1408w, https:\/\/i0.wp.com\/www.fabriceeulry-laboutique.com\/blog\/wp-content\/uploads\/2024\/07\/sintra-c.png?w=1280 1280w\" sizes=\"auto, (max-width: 640px) 100vw, 640px\" \/><figcaption>Des quatre-mains pour soi, jusque 2h30 du matin<\/figcaption><\/figure>\n\n\n\n<p class=\"has-text-align-center\"><strong>Et enfin le lendemain le jour du concert, les deux complices jouent devant un public portugais \u00e0 la fois connaisseur et d\u00e9sireux de se laisser surprendre par la folie des deux comp\u00e8res<\/strong> :<\/p>\n\n\n\n<figure class=\"wp-block-image size-large\"><img data-recalc-dims=\"1\" loading=\"lazy\" decoding=\"async\" width=\"640\" height=\"358\" src=\"https:\/\/i0.wp.com\/www.fabriceeulry-laboutique.com\/blog\/wp-content\/uploads\/2024\/07\/sintra-d-.png?resize=640%2C358\" alt=\"\" class=\"wp-image-12951\" srcset=\"https:\/\/i0.wp.com\/www.fabriceeulry-laboutique.com\/blog\/wp-content\/uploads\/2024\/07\/sintra-d-.png?resize=1024%2C573 1024w, https:\/\/i0.wp.com\/www.fabriceeulry-laboutique.com\/blog\/wp-content\/uploads\/2024\/07\/sintra-d-.png?resize=300%2C168 300w, https:\/\/i0.wp.com\/www.fabriceeulry-laboutique.com\/blog\/wp-content\/uploads\/2024\/07\/sintra-d-.png?resize=768%2C430 768w, https:\/\/i0.wp.com\/www.fabriceeulry-laboutique.com\/blog\/wp-content\/uploads\/2024\/07\/sintra-d-.png?resize=1536%2C860 1536w, https:\/\/i0.wp.com\/www.fabriceeulry-laboutique.com\/blog\/wp-content\/uploads\/2024\/07\/sintra-d-.png?w=1676 1676w, https:\/\/i0.wp.com\/www.fabriceeulry-laboutique.com\/blog\/wp-content\/uploads\/2024\/07\/sintra-d-.png?w=1280 1280w\" sizes=\"auto, (max-width: 640px) 100vw, 640px\" \/><\/figure>\n\n\n\n<figure class=\"wp-block-embed-youtube wp-block-embed is-type-video is-provider-youtube wp-embed-aspect-4-3 wp-has-aspect-ratio\"><div class=\"wp-block-embed__wrapper\">\n<span class=\"embed-youtube\" style=\"text-align:center; display: block;\"><iframe loading=\"lazy\" class=\"youtube-player\" width=\"640\" height=\"360\" src=\"https:\/\/www.youtube.com\/embed\/HCmjmgsdyXw?version=3&#038;rel=1&#038;showsearch=0&#038;showinfo=1&#038;iv_load_policy=1&#038;fs=1&#038;hl=fr-FR&#038;autohide=2&#038;wmode=transparent\" allowfullscreen=\"true\" style=\"border:0;\" sandbox=\"allow-scripts allow-same-origin allow-popups allow-presentation allow-popups-to-escape-sandbox\"><\/iframe><\/span>\n<\/div><\/figure>\n","protected":false},"excerpt":{"rendered":"<p>Voici d&rsquo;abord quelques vues qui retracent ces deux jours : Tout d&rsquo;abord, d\u00e8s l&rsquo;accueil impeccable du festival, un clip d&rsquo;archivage propos\u00e9 aux deux artistes, est tourn\u00e9 l&rsquo;apr\u00e8s-midi de leur arriv\u00e9e et sera mont\u00e9 avec des extraits du concert du lendemain, &hellip; <a href=\"http:\/\/www.fabriceeulry-laboutique.com\/blog\/?p=12947\">Continuer la lecture <span class=\"meta-nav\">&rarr;<\/span><\/a><\/p>\n","protected":false},"author":2,"featured_media":0,"comment_status":"open","ping_status":"open","sticky":false,"template":"","format":"standard","meta":{"jetpack_post_was_ever_published":false,"_jetpack_newsletter_access":"","_jetpack_dont_email_post_to_subs":false,"_jetpack_newsletter_tier_id":0,"_jetpack_memberships_contains_paywalled_content":false,"_jetpack_memberships_contains_paid_content":false,"footnotes":"","jetpack_publicize_message":"","jetpack_publicize_feature_enabled":true,"jetpack_social_post_already_shared":true,"jetpack_social_options":{"image_generator_settings":{"template":"highway","default_image_id":0,"font":"","enabled":false},"version":2}},"categories":[1],"tags":[],"class_list":["post-12947","post","type-post","status-publish","format-standard","hentry","category-non-classe"],"jetpack_publicize_connections":[],"jetpack_featured_media_url":"","jetpack_sharing_enabled":true,"jetpack_shortlink":"https:\/\/wp.me\/p2D6dI-3mP","jetpack_likes_enabled":true,"jetpack-related-posts":[{"id":2835,"url":"http:\/\/www.fabriceeulry-laboutique.com\/blog\/?p=2835","url_meta":{"origin":12947,"position":0},"title":"COMPTE-RENDU DU FESTIVAL DE BERGERAC","author":"Le Canard du pianiste","date":"8 juin 2013","format":false,"excerpt":"Ce que Sud-ouest annon\u00e7ait : Pianiste autodidacte, Fabrice Eulry est une r\u00e9f\u00e9rence mondiale en mati\u00e8re de stride, boogie-woogie, ragtime et autres formes de swing. D\u00e9crit comme un acrobate du clavier, il sera accompagn\u00e9 par son ancien \u00e9l\u00e8ve Pierre-Yves Plat. On dit de lui qu\u2019il a un sens inn\u00e9 du rythme.\u2026","rel":"","context":"Dans &quot;Non class\u00e9&quot;","block_context":{"text":"Non class\u00e9","link":"http:\/\/www.fabriceeulry-laboutique.com\/blog\/?cat=1"},"img":{"alt_text":"","src":"https:\/\/i0.wp.com\/www.fabriceeulry-laboutique.com\/img\/c\/12-medium.jpg?resize=350%2C200","width":350,"height":200},"classes":[]},{"id":10588,"url":"http:\/\/www.fabriceeulry-laboutique.com\/blog\/?p=10588","url_meta":{"origin":12947,"position":1},"title":"ENCORE DES PLACES POUR CE SOIR \u00c0 L&rsquo;ARCHIPEL","author":"Le Canard du pianiste","date":"12 avril 2018","format":false,"excerpt":"Mais une poign\u00e9e ! Mercredi 11 avril le concert carte blanche de Fabrice Eulry \u00e9tait quasi-complet, et plusieurs personnes ont manifest\u00e9 le d\u00e9sir de revenir aux deux concerts suivants ! En effet : jeudi 12 et Samedi 14 avril (et du mercredi 28 novembre au Samedi 1er d\u00e9cembre) Fabrice Eulry\u2026","rel":"","context":"Dans &quot;Non class\u00e9&quot;","block_context":{"text":"Non class\u00e9","link":"http:\/\/www.fabriceeulry-laboutique.com\/blog\/?cat=1"},"img":{"alt_text":"archi","src":"https:\/\/i0.wp.com\/www.fabriceeulry-laboutique.com\/blog\/wp-content\/uploads\/2018\/02\/archi.png?resize=350%2C200","width":350,"height":200,"srcset":"https:\/\/i0.wp.com\/www.fabriceeulry-laboutique.com\/blog\/wp-content\/uploads\/2018\/02\/archi.png?resize=350%2C200 1x, https:\/\/i0.wp.com\/www.fabriceeulry-laboutique.com\/blog\/wp-content\/uploads\/2018\/02\/archi.png?resize=525%2C300 1.5x, https:\/\/i0.wp.com\/www.fabriceeulry-laboutique.com\/blog\/wp-content\/uploads\/2018\/02\/archi.png?resize=700%2C400 2x"},"classes":[]},{"id":10772,"url":"http:\/\/www.fabriceeulry-laboutique.com\/blog\/?p=10772","url_meta":{"origin":12947,"position":2},"title":"FABRICE EULRY \u00c0 L&rsquo;ARCHIPEL EN JUILLET (SOLO ET TRIO)","author":"Le Canard du pianiste","date":"5 juin 2018","format":false,"excerpt":"16 bld de Strasbourg 75 010 Paris Mercredi 3 et jeudi 4 juillet : \u00a0deux r\u00e9citals carte blanche de Fabrice Eulry. Vendredi 6 et samedi 7 juillet deux concerts en trio avec Lionel Stievenard au saxo (ici en vid\u00e9o au festival Blues en Aveyron accompagn\u00e9 par Fabrice Eulry (piano) Enzo\u2026","rel":"","context":"Dans &quot;Non class\u00e9&quot;","block_context":{"text":"Non class\u00e9","link":"http:\/\/www.fabriceeulry-laboutique.com\/blog\/?cat=1"},"img":{"alt_text":"BeAstiev2","src":"https:\/\/i0.wp.com\/www.fabriceeulry-laboutique.com\/blog\/wp-content\/uploads\/2017\/05\/BeAstiev2.png?resize=350%2C200","width":350,"height":200,"srcset":"https:\/\/i0.wp.com\/www.fabriceeulry-laboutique.com\/blog\/wp-content\/uploads\/2017\/05\/BeAstiev2.png?resize=350%2C200 1x, https:\/\/i0.wp.com\/www.fabriceeulry-laboutique.com\/blog\/wp-content\/uploads\/2017\/05\/BeAstiev2.png?resize=525%2C300 1.5x"},"classes":[]},{"id":1669,"url":"http:\/\/www.fabriceeulry-laboutique.com\/blog\/?p=1669","url_meta":{"origin":12947,"position":3},"title":"UN BON VIEUX ROCKER ALCOOLIQUE EN BOURGOGNE (CHRONIQUE)","author":"Le Canard du pianiste","date":"5 janvier 2013","format":false,"excerpt":"C'\u00e9tait le 5 d\u00e9cembre 2012 \u00e0 Beaune. Juste apr\u00e8s le glissando qui termine le premier mouvement du boogie-expiatoire. Il s'agissait pour Philippe L\u00e9glise que nous remercions au passage pour la photo, d'\u00eatre sur le qui-vive : en effet, cette s\u00e9quence dure le temps d'un demi-soupir, contrairement \u00e0 ce que sugg\u00e8re\u2026","rel":"","context":"Dans &quot;Non class\u00e9&quot;","block_context":{"text":"Non class\u00e9","link":"http:\/\/www.fabriceeulry-laboutique.com\/blog\/?cat=1"},"img":{"alt_text":"","src":"https:\/\/i0.wp.com\/www.fabriceeulry-laboutique.com\/blog\/wp-content\/uploads\/2013\/01\/rocker-alcoolique-DSC_1570-1024x678.jpg?resize=350%2C200","width":350,"height":200,"srcset":"https:\/\/i0.wp.com\/www.fabriceeulry-laboutique.com\/blog\/wp-content\/uploads\/2013\/01\/rocker-alcoolique-DSC_1570-1024x678.jpg?resize=350%2C200 1x, https:\/\/i0.wp.com\/www.fabriceeulry-laboutique.com\/blog\/wp-content\/uploads\/2013\/01\/rocker-alcoolique-DSC_1570-1024x678.jpg?resize=525%2C300 1.5x"},"classes":[]},{"id":12857,"url":"http:\/\/www.fabriceeulry-laboutique.com\/blog\/?p=12857","url_meta":{"origin":12947,"position":4},"title":"BOOGIE SUR DEUX PIANOS DE CONCERT","author":"Le Canard du pianiste","date":"5 f\u00e9vrier 2024","format":false,"excerpt":"Si le boogie-woogie permet d'improviser sur des bastringues, sur deux pianos en m\u00eame temps, ou \u00e0 deux pianistes sur un seul piano, il permet aussi plus simplement d'improviser sur deux bons pianos de concert... ? Si si ! Cela sonne tr\u00e8s bien aussi ! Ici des extraits de deux concerts\u2026","rel":"","context":"Dans &quot;Non class\u00e9&quot;","block_context":{"text":"Non class\u00e9","link":"http:\/\/www.fabriceeulry-laboutique.com\/blog\/?cat=1"},"img":{"alt_text":"","src":"https:\/\/i0.wp.com\/img.youtube.com\/vi\/Fu4CX8l-BxI\/0.jpg?resize=350%2C200","width":350,"height":200},"classes":[]},{"id":5414,"url":"http:\/\/www.fabriceeulry-laboutique.com\/blog\/?p=5414","url_meta":{"origin":12947,"position":5},"title":"TOURNEE ITALIENNE","author":"Le Canard du pianiste","date":"21 juillet 2014","format":false,"excerpt":"Fabrice Eulry ici en action \u00e0 Rome pour R\u00e9sonnance, dans un concert qui s'est prolong\u00e9 \u00e0 tel point que les rappels en ont doubl\u00e9 la dur\u00e9e. \u00a0 \u00a0Quant au concert en Toscane du 20 juillet d'Elizabeth Sombart et Fabrice Eulry, il sensibilisait sur la violence faite aux femmes en faisant\u2026","rel":"","context":"Dans &quot;Non class\u00e9&quot;","block_context":{"text":"Non class\u00e9","link":"http:\/\/www.fabriceeulry-laboutique.com\/blog\/?cat=1"},"img":{"alt_text":"","src":"https:\/\/i0.wp.com\/www.fabriceeulry-laboutique.com\/blog\/wp-content\/uploads\/2014\/07\/co-1.jpg?resize=350%2C200","width":350,"height":200,"srcset":"https:\/\/i0.wp.com\/www.fabriceeulry-laboutique.com\/blog\/wp-content\/uploads\/2014\/07\/co-1.jpg?resize=350%2C200 1x, https:\/\/i0.wp.com\/www.fabriceeulry-laboutique.com\/blog\/wp-content\/uploads\/2014\/07\/co-1.jpg?resize=525%2C300 1.5x"},"classes":[]}],"_links":{"self":[{"href":"http:\/\/www.fabriceeulry-laboutique.com\/blog\/index.php?rest_route=\/wp\/v2\/posts\/12947","targetHints":{"allow":["GET"]}}],"collection":[{"href":"http:\/\/www.fabriceeulry-laboutique.com\/blog\/index.php?rest_route=\/wp\/v2\/posts"}],"about":[{"href":"http:\/\/www.fabriceeulry-laboutique.com\/blog\/index.php?rest_route=\/wp\/v2\/types\/post"}],"author":[{"embeddable":true,"href":"http:\/\/www.fabriceeulry-laboutique.com\/blog\/index.php?rest_route=\/wp\/v2\/users\/2"}],"replies":[{"embeddable":true,"href":"http:\/\/www.fabriceeulry-laboutique.com\/blog\/index.php?rest_route=%2Fwp%2Fv2%2Fcomments&post=12947"}],"version-history":[{"count":2,"href":"http:\/\/www.fabriceeulry-laboutique.com\/blog\/index.php?rest_route=\/wp\/v2\/posts\/12947\/revisions"}],"predecessor-version":[{"id":12953,"href":"http:\/\/www.fabriceeulry-laboutique.com\/blog\/index.php?rest_route=\/wp\/v2\/posts\/12947\/revisions\/12953"}],"wp:attachment":[{"href":"http:\/\/www.fabriceeulry-laboutique.com\/blog\/index.php?rest_route=%2Fwp%2Fv2%2Fmedia&parent=12947"}],"wp:term":[{"taxonomy":"category","embeddable":true,"href":"http:\/\/www.fabriceeulry-laboutique.com\/blog\/index.php?rest_route=%2Fwp%2Fv2%2Fcategories&post=12947"},{"taxonomy":"post_tag","embeddable":true,"href":"http:\/\/www.fabriceeulry-laboutique.com\/blog\/index.php?rest_route=%2Fwp%2Fv2%2Ftags&post=12947"}],"curies":[{"name":"wp","href":"https:\/\/api.w.org\/{rel}","templated":true}]}}