{"id":12969,"date":"2024-07-20T17:59:22","date_gmt":"2024-07-20T17:59:22","guid":{"rendered":"http:\/\/www.fabriceeulry-laboutique.com\/blog\/?p=12969"},"modified":"2024-07-20T17:59:25","modified_gmt":"2024-07-20T17:59:25","slug":"festival-davignon-sur-leau","status":"publish","type":"post","link":"http:\/\/www.fabriceeulry-laboutique.com\/blog\/?p=12969","title":{"rendered":"FESTIVAL D&rsquo;AVIGNON SUR L&rsquo;EAU"},"content":{"rendered":"\n<p class=\"has-text-align-center\"><strong>Cette \u00e9dition 2024 du festival d&rsquo;Avignon a vu une formule tr\u00e8s originale : le festival d\u00e9borde des remparts et embarque sur le Rh\u00f4ne pour une croisi\u00e8re de quelques heures qui enjambe le cr\u00e9puscule et permet de retrouver l&rsquo;autre <em>Ville \u00e9ternelle<\/em> sous ses illuminations nocturnes.<\/strong><\/p>\n\n\n\n<figure class=\"wp-block-image size-large\"><img data-recalc-dims=\"1\" loading=\"lazy\" decoding=\"async\" width=\"640\" height=\"480\" src=\"https:\/\/i0.wp.com\/www.fabriceeulry-laboutique.com\/blog\/wp-content\/uploads\/2024\/07\/1000002220.jpg?resize=640%2C480\" alt=\"\" class=\"wp-image-12975\" srcset=\"https:\/\/i0.wp.com\/www.fabriceeulry-laboutique.com\/blog\/wp-content\/uploads\/2024\/07\/1000002220-scaled.jpg?resize=1024%2C768 1024w, https:\/\/i0.wp.com\/www.fabriceeulry-laboutique.com\/blog\/wp-content\/uploads\/2024\/07\/1000002220-scaled.jpg?resize=300%2C225 300w, https:\/\/i0.wp.com\/www.fabriceeulry-laboutique.com\/blog\/wp-content\/uploads\/2024\/07\/1000002220-scaled.jpg?resize=768%2C576 768w, https:\/\/i0.wp.com\/www.fabriceeulry-laboutique.com\/blog\/wp-content\/uploads\/2024\/07\/1000002220-scaled.jpg?resize=1536%2C1152 1536w, https:\/\/i0.wp.com\/www.fabriceeulry-laboutique.com\/blog\/wp-content\/uploads\/2024\/07\/1000002220-scaled.jpg?resize=2048%2C1536 2048w, https:\/\/i0.wp.com\/www.fabriceeulry-laboutique.com\/blog\/wp-content\/uploads\/2024\/07\/1000002220-scaled.jpg?w=1280 1280w, https:\/\/i0.wp.com\/www.fabriceeulry-laboutique.com\/blog\/wp-content\/uploads\/2024\/07\/1000002220-scaled.jpg?w=1920 1920w\" sizes=\"auto, (max-width: 640px) 100vw, 640px\" \/><figcaption>La p\u00e9niche LE MIRIEO vous donne rendez-vous devant la grande roue<\/figcaption><\/figure>\n\n\n\n<p class=\"has-text-align-center\"><strong>Loin de la foule et des salles qui encha\u00eenent jusqu&rsquo;\u00e0 sept spectacles par jour, le bateau propose un spectacle unique journalier : Pour \u00ab\u00a0Fabrice Eulry et son piano fou\u00a0\u00bb, ce fut les 12 et 13 juillet. L&rsquo;horaire fixe (20h) a permis aux autres artistes de \u00ab\u00a0cumuler\u00a0\u00bb avec un autre spectacle qu&rsquo;il jouent intra-muros quotidiennement le matin ou l&rsquo;apr\u00e8s-midi.<\/strong><\/p>\n\n\n\n<figure class=\"wp-block-image size-large\"><img data-recalc-dims=\"1\" loading=\"lazy\" decoding=\"async\" width=\"640\" height=\"853\" src=\"https:\/\/i0.wp.com\/www.fabriceeulry-laboutique.com\/blog\/wp-content\/uploads\/2024\/07\/1000002205.jpg?resize=640%2C853\" alt=\"\" class=\"wp-image-12970\" srcset=\"https:\/\/i0.wp.com\/www.fabriceeulry-laboutique.com\/blog\/wp-content\/uploads\/2024\/07\/1000002205-scaled.jpg?resize=768%2C1024 768w, https:\/\/i0.wp.com\/www.fabriceeulry-laboutique.com\/blog\/wp-content\/uploads\/2024\/07\/1000002205-scaled.jpg?resize=225%2C300 225w, https:\/\/i0.wp.com\/www.fabriceeulry-laboutique.com\/blog\/wp-content\/uploads\/2024\/07\/1000002205-scaled.jpg?resize=1152%2C1536 1152w, https:\/\/i0.wp.com\/www.fabriceeulry-laboutique.com\/blog\/wp-content\/uploads\/2024\/07\/1000002205-scaled.jpg?resize=1536%2C2048 1536w, https:\/\/i0.wp.com\/www.fabriceeulry-laboutique.com\/blog\/wp-content\/uploads\/2024\/07\/1000002205-scaled.jpg?resize=300%2C400 300w, https:\/\/i0.wp.com\/www.fabriceeulry-laboutique.com\/blog\/wp-content\/uploads\/2024\/07\/1000002205-scaled.jpg?w=1920 1920w, https:\/\/i0.wp.com\/www.fabriceeulry-laboutique.com\/blog\/wp-content\/uploads\/2024\/07\/1000002205-scaled.jpg?w=1280 1280w\" sizes=\"auto, (max-width: 640px) 100vw, 640px\" \/><\/figure>\n\n\n\n<p class=\"has-text-align-center\"><strong>Le personnel haut de gamme du Mireio arrive \u00e0 vous consacrer un peu de temps pour quelques poses pendant la pr\u00e9paration des kirs royaux (merci \u00e0 Sabine).<\/strong><\/p>\n\n\n\n<figure class=\"wp-block-image size-large\"><img data-recalc-dims=\"1\" loading=\"lazy\" decoding=\"async\" width=\"640\" height=\"531\" src=\"https:\/\/i0.wp.com\/www.fabriceeulry-laboutique.com\/blog\/wp-content\/uploads\/2024\/07\/1000002211.jpg?resize=640%2C531\" alt=\"\" class=\"wp-image-12971\" srcset=\"https:\/\/i0.wp.com\/www.fabriceeulry-laboutique.com\/blog\/wp-content\/uploads\/2024\/07\/1000002211-scaled.jpg?resize=1024%2C849 1024w, https:\/\/i0.wp.com\/www.fabriceeulry-laboutique.com\/blog\/wp-content\/uploads\/2024\/07\/1000002211-scaled.jpg?resize=300%2C249 300w, https:\/\/i0.wp.com\/www.fabriceeulry-laboutique.com\/blog\/wp-content\/uploads\/2024\/07\/1000002211-scaled.jpg?resize=768%2C637 768w, https:\/\/i0.wp.com\/www.fabriceeulry-laboutique.com\/blog\/wp-content\/uploads\/2024\/07\/1000002211-scaled.jpg?resize=1536%2C1273 1536w, https:\/\/i0.wp.com\/www.fabriceeulry-laboutique.com\/blog\/wp-content\/uploads\/2024\/07\/1000002211-scaled.jpg?resize=2048%2C1698 2048w, https:\/\/i0.wp.com\/www.fabriceeulry-laboutique.com\/blog\/wp-content\/uploads\/2024\/07\/1000002211-scaled.jpg?w=1280 1280w, https:\/\/i0.wp.com\/www.fabriceeulry-laboutique.com\/blog\/wp-content\/uploads\/2024\/07\/1000002211-scaled.jpg?w=1920 1920w\" sizes=\"auto, (max-width: 640px) 100vw, 640px\" \/><\/figure>\n\n\n\n<figure class=\"wp-block-image size-large\"><img data-recalc-dims=\"1\" loading=\"lazy\" decoding=\"async\" width=\"640\" height=\"681\" src=\"https:\/\/i0.wp.com\/www.fabriceeulry-laboutique.com\/blog\/wp-content\/uploads\/2024\/07\/1000002213.jpg?resize=640%2C681\" alt=\"\" class=\"wp-image-12972\" srcset=\"https:\/\/i0.wp.com\/www.fabriceeulry-laboutique.com\/blog\/wp-content\/uploads\/2024\/07\/1000002213-scaled.jpg?resize=963%2C1024 963w, https:\/\/i0.wp.com\/www.fabriceeulry-laboutique.com\/blog\/wp-content\/uploads\/2024\/07\/1000002213-scaled.jpg?resize=282%2C300 282w, https:\/\/i0.wp.com\/www.fabriceeulry-laboutique.com\/blog\/wp-content\/uploads\/2024\/07\/1000002213-scaled.jpg?resize=768%2C817 768w, https:\/\/i0.wp.com\/www.fabriceeulry-laboutique.com\/blog\/wp-content\/uploads\/2024\/07\/1000002213-scaled.jpg?resize=1445%2C1536 1445w, https:\/\/i0.wp.com\/www.fabriceeulry-laboutique.com\/blog\/wp-content\/uploads\/2024\/07\/1000002213-scaled.jpg?resize=1926%2C2048 1926w, https:\/\/i0.wp.com\/www.fabriceeulry-laboutique.com\/blog\/wp-content\/uploads\/2024\/07\/1000002213-scaled.jpg?resize=300%2C319 300w, https:\/\/i0.wp.com\/www.fabriceeulry-laboutique.com\/blog\/wp-content\/uploads\/2024\/07\/1000002213-scaled.jpg?w=1280 1280w\" sizes=\"auto, (max-width: 640px) 100vw, 640px\" \/><\/figure>\n\n\n\n<p class=\"has-text-align-center\"><strong>Alors que le bateau largue les amarres et que les passagers prennent l&rsquo;ap\u00e9ritif sur le pont &#8230;<\/strong><\/p>\n\n\n\n<figure class=\"wp-block-image size-large\"><img data-recalc-dims=\"1\" loading=\"lazy\" decoding=\"async\" width=\"640\" height=\"480\" src=\"https:\/\/i0.wp.com\/www.fabriceeulry-laboutique.com\/blog\/wp-content\/uploads\/2024\/07\/1000002221.jpg?resize=640%2C480\" alt=\"\" class=\"wp-image-12976\" srcset=\"https:\/\/i0.wp.com\/www.fabriceeulry-laboutique.com\/blog\/wp-content\/uploads\/2024\/07\/1000002221-scaled.jpg?resize=1024%2C768 1024w, https:\/\/i0.wp.com\/www.fabriceeulry-laboutique.com\/blog\/wp-content\/uploads\/2024\/07\/1000002221-scaled.jpg?resize=300%2C225 300w, https:\/\/i0.wp.com\/www.fabriceeulry-laboutique.com\/blog\/wp-content\/uploads\/2024\/07\/1000002221-scaled.jpg?resize=768%2C576 768w, https:\/\/i0.wp.com\/www.fabriceeulry-laboutique.com\/blog\/wp-content\/uploads\/2024\/07\/1000002221-scaled.jpg?resize=1536%2C1152 1536w, https:\/\/i0.wp.com\/www.fabriceeulry-laboutique.com\/blog\/wp-content\/uploads\/2024\/07\/1000002221-scaled.jpg?resize=2048%2C1536 2048w, https:\/\/i0.wp.com\/www.fabriceeulry-laboutique.com\/blog\/wp-content\/uploads\/2024\/07\/1000002221-scaled.jpg?w=1280 1280w, https:\/\/i0.wp.com\/www.fabriceeulry-laboutique.com\/blog\/wp-content\/uploads\/2024\/07\/1000002221-scaled.jpg?w=1920 1920w\" sizes=\"auto, (max-width: 640px) 100vw, 640px\" \/><\/figure>\n\n\n\n<p class=\"has-text-align-center\"><strong>&#8230; le restaurant les attend sagement, alors que le pianiste fait ses gammes au m\u00eame niveau dans la salle de spectacle<\/strong>.<\/p>\n\n\n\n<figure class=\"wp-block-image size-large\"><img data-recalc-dims=\"1\" loading=\"lazy\" decoding=\"async\" width=\"640\" height=\"480\" src=\"https:\/\/i0.wp.com\/www.fabriceeulry-laboutique.com\/blog\/wp-content\/uploads\/2024\/07\/1000002219.jpg?resize=640%2C480\" alt=\"\" class=\"wp-image-12974\" srcset=\"https:\/\/i0.wp.com\/www.fabriceeulry-laboutique.com\/blog\/wp-content\/uploads\/2024\/07\/1000002219-scaled.jpg?resize=1024%2C768 1024w, https:\/\/i0.wp.com\/www.fabriceeulry-laboutique.com\/blog\/wp-content\/uploads\/2024\/07\/1000002219-scaled.jpg?resize=300%2C225 300w, https:\/\/i0.wp.com\/www.fabriceeulry-laboutique.com\/blog\/wp-content\/uploads\/2024\/07\/1000002219-scaled.jpg?resize=768%2C576 768w, https:\/\/i0.wp.com\/www.fabriceeulry-laboutique.com\/blog\/wp-content\/uploads\/2024\/07\/1000002219-scaled.jpg?resize=1536%2C1152 1536w, https:\/\/i0.wp.com\/www.fabriceeulry-laboutique.com\/blog\/wp-content\/uploads\/2024\/07\/1000002219-scaled.jpg?resize=2048%2C1536 2048w, https:\/\/i0.wp.com\/www.fabriceeulry-laboutique.com\/blog\/wp-content\/uploads\/2024\/07\/1000002219-scaled.jpg?w=1280 1280w, https:\/\/i0.wp.com\/www.fabriceeulry-laboutique.com\/blog\/wp-content\/uploads\/2024\/07\/1000002219-scaled.jpg?w=1920 1920w\" sizes=\"auto, (max-width: 640px) 100vw, 640px\" \/><\/figure>\n\n\n\n<p class=\"has-text-align-center\"><strong>Le Mireio d\u00e9marre en remontant le cours du Rh\u00f4ne (ou le cours du temps ?)<\/strong><\/p>\n\n\n\n<figure class=\"wp-block-image size-large\"><img data-recalc-dims=\"1\" loading=\"lazy\" decoding=\"async\" width=\"640\" height=\"480\" src=\"https:\/\/i0.wp.com\/www.fabriceeulry-laboutique.com\/blog\/wp-content\/uploads\/2024\/07\/1000002222.jpg?resize=640%2C480\" alt=\"\" class=\"wp-image-12977\" srcset=\"https:\/\/i0.wp.com\/www.fabriceeulry-laboutique.com\/blog\/wp-content\/uploads\/2024\/07\/1000002222-scaled.jpg?resize=1024%2C768 1024w, https:\/\/i0.wp.com\/www.fabriceeulry-laboutique.com\/blog\/wp-content\/uploads\/2024\/07\/1000002222-scaled.jpg?resize=300%2C225 300w, https:\/\/i0.wp.com\/www.fabriceeulry-laboutique.com\/blog\/wp-content\/uploads\/2024\/07\/1000002222-scaled.jpg?resize=768%2C576 768w, https:\/\/i0.wp.com\/www.fabriceeulry-laboutique.com\/blog\/wp-content\/uploads\/2024\/07\/1000002222-scaled.jpg?resize=1536%2C1152 1536w, https:\/\/i0.wp.com\/www.fabriceeulry-laboutique.com\/blog\/wp-content\/uploads\/2024\/07\/1000002222-scaled.jpg?resize=2048%2C1536 2048w, https:\/\/i0.wp.com\/www.fabriceeulry-laboutique.com\/blog\/wp-content\/uploads\/2024\/07\/1000002222-scaled.jpg?w=1280 1280w, https:\/\/i0.wp.com\/www.fabriceeulry-laboutique.com\/blog\/wp-content\/uploads\/2024\/07\/1000002222-scaled.jpg?w=1920 1920w\" sizes=\"auto, (max-width: 640px) 100vw, 640px\" \/><figcaption>Le palais des papes, dans la cit\u00e9 du m\u00eame nom.<\/figcaption><\/figure>\n\n\n\n<p class=\"has-text-align-center\"><strong>Et voici sous un angle inhabituel, le pont St B\u00e9n\u00e9zet, le fameux pont d&rsquo;Avignon, probablement non pas <em>\u00ab\u00a0sur\u00a0\u00bb<\/em> mais <em>\u00ab\u00a0sous\u00a0\u00bb<\/em> lequel on dansait autrefois, car avant qu&rsquo;il ne soit au trois-quarts emport\u00e9 par une crue il enjambait l&rsquo;\u00eele et allait jusqu&rsquo;\u00e0 Villeneuve les Avignon ! C&rsquo;est en dessous des arches que se tenaient les guinguettes sous lesquelles avaient lieu les bals.<\/strong><\/p>\n\n\n\n<figure class=\"wp-block-image size-large\"><img data-recalc-dims=\"1\" loading=\"lazy\" decoding=\"async\" width=\"640\" height=\"480\" src=\"https:\/\/i0.wp.com\/www.fabriceeulry-laboutique.com\/blog\/wp-content\/uploads\/2024\/07\/1000002225.jpg?resize=640%2C480\" alt=\"\" class=\"wp-image-12978\" srcset=\"https:\/\/i0.wp.com\/www.fabriceeulry-laboutique.com\/blog\/wp-content\/uploads\/2024\/07\/1000002225-scaled.jpg?resize=1024%2C768 1024w, https:\/\/i0.wp.com\/www.fabriceeulry-laboutique.com\/blog\/wp-content\/uploads\/2024\/07\/1000002225-scaled.jpg?resize=300%2C225 300w, https:\/\/i0.wp.com\/www.fabriceeulry-laboutique.com\/blog\/wp-content\/uploads\/2024\/07\/1000002225-scaled.jpg?resize=768%2C576 768w, https:\/\/i0.wp.com\/www.fabriceeulry-laboutique.com\/blog\/wp-content\/uploads\/2024\/07\/1000002225-scaled.jpg?resize=1536%2C1152 1536w, https:\/\/i0.wp.com\/www.fabriceeulry-laboutique.com\/blog\/wp-content\/uploads\/2024\/07\/1000002225-scaled.jpg?resize=2048%2C1536 2048w, https:\/\/i0.wp.com\/www.fabriceeulry-laboutique.com\/blog\/wp-content\/uploads\/2024\/07\/1000002225-scaled.jpg?w=1280 1280w, https:\/\/i0.wp.com\/www.fabriceeulry-laboutique.com\/blog\/wp-content\/uploads\/2024\/07\/1000002225-scaled.jpg?w=1920 1920w\" sizes=\"auto, (max-width: 640px) 100vw, 640px\" \/><figcaption>Plus que quatre arches au lieu d&rsquo;une vingtaine au Moyen-\u00e2ge : les crues du Rh\u00f4ne ont d\u00e9courag\u00e9 les restaurations continuelles au XVII \u00e8me si\u00e8cle ! La pont d&rsquo;Avignon n&rsquo;\u00e9tait plus le seul entre Lyon et la M\u00e9diterran\u00e9e.<\/figcaption><\/figure>\n\n\n\n<figure class=\"wp-block-image size-large\"><img data-recalc-dims=\"1\" loading=\"lazy\" decoding=\"async\" width=\"640\" height=\"480\" src=\"https:\/\/i0.wp.com\/www.fabriceeulry-laboutique.com\/blog\/wp-content\/uploads\/2024\/07\/1000002227.jpg?resize=640%2C480\" alt=\"\" class=\"wp-image-12979\" srcset=\"https:\/\/i0.wp.com\/www.fabriceeulry-laboutique.com\/blog\/wp-content\/uploads\/2024\/07\/1000002227-scaled.jpg?resize=1024%2C768 1024w, https:\/\/i0.wp.com\/www.fabriceeulry-laboutique.com\/blog\/wp-content\/uploads\/2024\/07\/1000002227-scaled.jpg?resize=300%2C225 300w, https:\/\/i0.wp.com\/www.fabriceeulry-laboutique.com\/blog\/wp-content\/uploads\/2024\/07\/1000002227-scaled.jpg?resize=768%2C576 768w, https:\/\/i0.wp.com\/www.fabriceeulry-laboutique.com\/blog\/wp-content\/uploads\/2024\/07\/1000002227-scaled.jpg?resize=1536%2C1152 1536w, https:\/\/i0.wp.com\/www.fabriceeulry-laboutique.com\/blog\/wp-content\/uploads\/2024\/07\/1000002227-scaled.jpg?resize=2048%2C1536 2048w, https:\/\/i0.wp.com\/www.fabriceeulry-laboutique.com\/blog\/wp-content\/uploads\/2024\/07\/1000002227-scaled.jpg?w=1280 1280w, https:\/\/i0.wp.com\/www.fabriceeulry-laboutique.com\/blog\/wp-content\/uploads\/2024\/07\/1000002227-scaled.jpg?w=1920 1920w\" sizes=\"auto, (max-width: 640px) 100vw, 640px\" \/><\/figure>\n\n\n\n<figure class=\"wp-block-image size-large\"><img data-recalc-dims=\"1\" loading=\"lazy\" decoding=\"async\" width=\"640\" height=\"480\" src=\"https:\/\/i0.wp.com\/www.fabriceeulry-laboutique.com\/blog\/wp-content\/uploads\/2024\/07\/1000002229.jpg?resize=640%2C480\" alt=\"\" class=\"wp-image-12980\" srcset=\"https:\/\/i0.wp.com\/www.fabriceeulry-laboutique.com\/blog\/wp-content\/uploads\/2024\/07\/1000002229-scaled.jpg?resize=1024%2C768 1024w, https:\/\/i0.wp.com\/www.fabriceeulry-laboutique.com\/blog\/wp-content\/uploads\/2024\/07\/1000002229-scaled.jpg?resize=300%2C225 300w, https:\/\/i0.wp.com\/www.fabriceeulry-laboutique.com\/blog\/wp-content\/uploads\/2024\/07\/1000002229-scaled.jpg?resize=768%2C576 768w, https:\/\/i0.wp.com\/www.fabriceeulry-laboutique.com\/blog\/wp-content\/uploads\/2024\/07\/1000002229-scaled.jpg?resize=1536%2C1152 1536w, https:\/\/i0.wp.com\/www.fabriceeulry-laboutique.com\/blog\/wp-content\/uploads\/2024\/07\/1000002229-scaled.jpg?resize=2048%2C1536 2048w, https:\/\/i0.wp.com\/www.fabriceeulry-laboutique.com\/blog\/wp-content\/uploads\/2024\/07\/1000002229-scaled.jpg?w=1280 1280w, https:\/\/i0.wp.com\/www.fabriceeulry-laboutique.com\/blog\/wp-content\/uploads\/2024\/07\/1000002229-scaled.jpg?w=1920 1920w\" sizes=\"auto, (max-width: 640px) 100vw, 640px\" \/><\/figure>\n\n\n\n<figure class=\"wp-block-image size-large\"><img data-recalc-dims=\"1\" loading=\"lazy\" decoding=\"async\" width=\"640\" height=\"480\" src=\"https:\/\/i0.wp.com\/www.fabriceeulry-laboutique.com\/blog\/wp-content\/uploads\/2024\/07\/1000002230.jpg?resize=640%2C480\" alt=\"\" class=\"wp-image-12982\" srcset=\"https:\/\/i0.wp.com\/www.fabriceeulry-laboutique.com\/blog\/wp-content\/uploads\/2024\/07\/1000002230-scaled.jpg?resize=1024%2C768 1024w, https:\/\/i0.wp.com\/www.fabriceeulry-laboutique.com\/blog\/wp-content\/uploads\/2024\/07\/1000002230-scaled.jpg?resize=300%2C225 300w, https:\/\/i0.wp.com\/www.fabriceeulry-laboutique.com\/blog\/wp-content\/uploads\/2024\/07\/1000002230-scaled.jpg?resize=768%2C576 768w, https:\/\/i0.wp.com\/www.fabriceeulry-laboutique.com\/blog\/wp-content\/uploads\/2024\/07\/1000002230-scaled.jpg?resize=1536%2C1152 1536w, https:\/\/i0.wp.com\/www.fabriceeulry-laboutique.com\/blog\/wp-content\/uploads\/2024\/07\/1000002230-scaled.jpg?resize=2048%2C1536 2048w, https:\/\/i0.wp.com\/www.fabriceeulry-laboutique.com\/blog\/wp-content\/uploads\/2024\/07\/1000002230-scaled.jpg?w=1280 1280w, https:\/\/i0.wp.com\/www.fabriceeulry-laboutique.com\/blog\/wp-content\/uploads\/2024\/07\/1000002230-scaled.jpg?w=1920 1920w\" sizes=\"auto, (max-width: 640px) 100vw, 640px\" \/><figcaption>Le navire n\u00e9gocie le contournement de la pile extr\u00eame du pont ; le pont St B\u00e9n\u00e9zet est class\u00e9 patrimoine mondial par l&rsquo;UNESCO.<\/figcaption><\/figure>\n\n\n\n<figure class=\"wp-block-image size-large\"><img data-recalc-dims=\"1\" loading=\"lazy\" decoding=\"async\" width=\"640\" height=\"480\" src=\"https:\/\/i0.wp.com\/www.fabriceeulry-laboutique.com\/blog\/wp-content\/uploads\/2024\/07\/1000002232.jpg?resize=640%2C480\" alt=\"\" class=\"wp-image-12983\" srcset=\"https:\/\/i0.wp.com\/www.fabriceeulry-laboutique.com\/blog\/wp-content\/uploads\/2024\/07\/1000002232-scaled.jpg?resize=1024%2C768 1024w, https:\/\/i0.wp.com\/www.fabriceeulry-laboutique.com\/blog\/wp-content\/uploads\/2024\/07\/1000002232-scaled.jpg?resize=300%2C225 300w, https:\/\/i0.wp.com\/www.fabriceeulry-laboutique.com\/blog\/wp-content\/uploads\/2024\/07\/1000002232-scaled.jpg?resize=768%2C576 768w, https:\/\/i0.wp.com\/www.fabriceeulry-laboutique.com\/blog\/wp-content\/uploads\/2024\/07\/1000002232-scaled.jpg?resize=1536%2C1152 1536w, https:\/\/i0.wp.com\/www.fabriceeulry-laboutique.com\/blog\/wp-content\/uploads\/2024\/07\/1000002232-scaled.jpg?resize=2048%2C1536 2048w, https:\/\/i0.wp.com\/www.fabriceeulry-laboutique.com\/blog\/wp-content\/uploads\/2024\/07\/1000002232-scaled.jpg?w=1280 1280w, https:\/\/i0.wp.com\/www.fabriceeulry-laboutique.com\/blog\/wp-content\/uploads\/2024\/07\/1000002232-scaled.jpg?w=1920 1920w\" sizes=\"auto, (max-width: 640px) 100vw, 640px\" \/><\/figure>\n\n\n\n<figure class=\"wp-block-image size-large\"><img data-recalc-dims=\"1\" loading=\"lazy\" decoding=\"async\" width=\"640\" height=\"853\" src=\"https:\/\/i0.wp.com\/www.fabriceeulry-laboutique.com\/blog\/wp-content\/uploads\/2024\/07\/1000002237.jpg?resize=640%2C853\" alt=\"\" class=\"wp-image-12984\" srcset=\"https:\/\/i0.wp.com\/www.fabriceeulry-laboutique.com\/blog\/wp-content\/uploads\/2024\/07\/1000002237-scaled.jpg?resize=768%2C1024 768w, https:\/\/i0.wp.com\/www.fabriceeulry-laboutique.com\/blog\/wp-content\/uploads\/2024\/07\/1000002237-scaled.jpg?resize=225%2C300 225w, https:\/\/i0.wp.com\/www.fabriceeulry-laboutique.com\/blog\/wp-content\/uploads\/2024\/07\/1000002237-scaled.jpg?resize=1152%2C1536 1152w, https:\/\/i0.wp.com\/www.fabriceeulry-laboutique.com\/blog\/wp-content\/uploads\/2024\/07\/1000002237-scaled.jpg?resize=1536%2C2048 1536w, https:\/\/i0.wp.com\/www.fabriceeulry-laboutique.com\/blog\/wp-content\/uploads\/2024\/07\/1000002237-scaled.jpg?resize=300%2C400 300w, https:\/\/i0.wp.com\/www.fabriceeulry-laboutique.com\/blog\/wp-content\/uploads\/2024\/07\/1000002237-scaled.jpg?w=1920 1920w, https:\/\/i0.wp.com\/www.fabriceeulry-laboutique.com\/blog\/wp-content\/uploads\/2024\/07\/1000002237-scaled.jpg?w=1280 1280w\" sizes=\"auto, (max-width: 640px) 100vw, 640px\" \/><figcaption>Et c&rsquo;est le spectacle, avant le d\u00eener nocturne.<\/figcaption><\/figure>\n\n\n\n<p class=\"has-text-align-center\"><strong>Le capitaine du Mireio, en bon m\u00e9lomane a pu entendre le concert depuis son poste de pilotage gr\u00e2ce \u00e0 un retour que lui a install\u00e9 Joris l&rsquo;ing\u00e9nieur du son ; un \u00e9quipage en or d\u00e9cid\u00e9ment !<\/strong><\/p>\n\n\n\n<figure class=\"wp-block-image size-large\"><img data-recalc-dims=\"1\" loading=\"lazy\" decoding=\"async\" width=\"640\" height=\"853\" src=\"https:\/\/i0.wp.com\/www.fabriceeulry-laboutique.com\/blog\/wp-content\/uploads\/2024\/07\/1000002247.jpg?resize=640%2C853\" alt=\"\" class=\"wp-image-12985\" srcset=\"https:\/\/i0.wp.com\/www.fabriceeulry-laboutique.com\/blog\/wp-content\/uploads\/2024\/07\/1000002247-scaled.jpg?resize=768%2C1024 768w, https:\/\/i0.wp.com\/www.fabriceeulry-laboutique.com\/blog\/wp-content\/uploads\/2024\/07\/1000002247-scaled.jpg?resize=225%2C300 225w, https:\/\/i0.wp.com\/www.fabriceeulry-laboutique.com\/blog\/wp-content\/uploads\/2024\/07\/1000002247-scaled.jpg?resize=1152%2C1536 1152w, https:\/\/i0.wp.com\/www.fabriceeulry-laboutique.com\/blog\/wp-content\/uploads\/2024\/07\/1000002247-scaled.jpg?resize=1536%2C2048 1536w, https:\/\/i0.wp.com\/www.fabriceeulry-laboutique.com\/blog\/wp-content\/uploads\/2024\/07\/1000002247-scaled.jpg?resize=300%2C400 300w, https:\/\/i0.wp.com\/www.fabriceeulry-laboutique.com\/blog\/wp-content\/uploads\/2024\/07\/1000002247-scaled.jpg?w=1920 1920w, https:\/\/i0.wp.com\/www.fabriceeulry-laboutique.com\/blog\/wp-content\/uploads\/2024\/07\/1000002247-scaled.jpg?w=1280 1280w\" sizes=\"auto, (max-width: 640px) 100vw, 640px\" \/><figcaption>Fabrice Eulry pose fi\u00e8rement avec le capitaine, <\/figcaption><\/figure>\n","protected":false},"excerpt":{"rendered":"<p>Cette \u00e9dition 2024 du festival d&rsquo;Avignon a vu une formule tr\u00e8s originale : le festival d\u00e9borde des remparts et embarque sur le Rh\u00f4ne pour une croisi\u00e8re de quelques heures qui enjambe le cr\u00e9puscule et permet de retrouver l&rsquo;autre Ville \u00e9ternelle &hellip; <a href=\"http:\/\/www.fabriceeulry-laboutique.com\/blog\/?p=12969\">Continuer la lecture <span class=\"meta-nav\">&rarr;<\/span><\/a><\/p>\n","protected":false},"author":2,"featured_media":0,"comment_status":"open","ping_status":"open","sticky":false,"template":"","format":"standard","meta":{"jetpack_post_was_ever_published":false,"_jetpack_newsletter_access":"","_jetpack_dont_email_post_to_subs":false,"_jetpack_newsletter_tier_id":0,"_jetpack_memberships_contains_paywalled_content":false,"_jetpack_memberships_contains_paid_content":false,"footnotes":"","jetpack_publicize_message":"","jetpack_publicize_feature_enabled":true,"jetpack_social_post_already_shared":true,"jetpack_social_options":{"image_generator_settings":{"template":"highway","default_image_id":0,"font":"","enabled":false},"version":2}},"categories":[1],"tags":[],"class_list":["post-12969","post","type-post","status-publish","format-standard","hentry","category-non-classe"],"jetpack_publicize_connections":[],"jetpack_featured_media_url":"","jetpack_sharing_enabled":true,"jetpack_shortlink":"https:\/\/wp.me\/p2D6dI-3nb","jetpack_likes_enabled":true,"jetpack-related-posts":[{"id":9617,"url":"http:\/\/www.fabriceeulry-laboutique.com\/blog\/?p=9617","url_meta":{"origin":12969,"position":0},"title":"SUR LE PONT (du festival) D&rsquo;AVIGNON","author":"Le Canard du pianiste","date":"28 juillet 2017","format":false,"excerpt":"Le pont Saint-B\u00e9n\u00e9zet dit Pont d'Avignon, reconstitu\u00e9 en 3D tel qu'il \u00e9tait au Moyen-\u00e2ge (vous savez cette \u00e9poque obscurantiste) sous Philippe-Auguste au XIII \u00e8me si\u00e8cle avant que les crues du Rh\u00f4ne du XVII\u00e8me si\u00e8cle ne l'emportassent sous le r\u00e8gne de Louis XVI, en ne laissant que les quatre premi\u00e8res arches\u2026","rel":"","context":"Dans &quot;Non class\u00e9&quot;","block_context":{"text":"Non class\u00e9","link":"http:\/\/www.fabriceeulry-laboutique.com\/blog\/?cat=1"},"img":{"alt_text":"fabvents","src":"https:\/\/i0.wp.com\/www.fabriceeulry-laboutique.com\/blog\/wp-content\/uploads\/2017\/07\/fabvents.jpg?resize=350%2C200","width":350,"height":200,"srcset":"https:\/\/i0.wp.com\/www.fabriceeulry-laboutique.com\/blog\/wp-content\/uploads\/2017\/07\/fabvents.jpg?resize=350%2C200 1x, https:\/\/i0.wp.com\/www.fabriceeulry-laboutique.com\/blog\/wp-content\/uploads\/2017\/07\/fabvents.jpg?resize=525%2C300 1.5x"},"classes":[]},{"id":9588,"url":"http:\/\/www.fabriceeulry-laboutique.com\/blog\/?p=9588","url_meta":{"origin":12969,"position":1},"title":"AVIGNON : LE TH\u00c9\u00c2TRE DES VENTS PLEIN DEPUIS LE 14 JUILLET","author":"Le Canard du pianiste","date":"19 juillet 2017","format":false,"excerpt":"Apr\u00e8s une progression r\u00e9guli\u00e8re, \u00a0depuis le 14 juillet le Th\u00e9\u00e2tre des vents est complet pour accueillir le nouveau spectacle de Fabrice Eulry. Les r\u00e9servations ne font encore que les trois-quarts de la salle chaque matin mais les spectateurs arriv\u00e9s au dernier moment cr\u00e9ent une salle bond\u00e9e \u00e0 18h30. Vous avez\u2026","rel":"","context":"Dans &quot;Non class\u00e9&quot;","block_context":{"text":"Non class\u00e9","link":"http:\/\/www.fabriceeulry-laboutique.com\/blog\/?cat=1"},"img":{"alt_text":"","src":"https:\/\/i0.wp.com\/www.fabriceeulry-laboutique.com\/blog\/wp-content\/uploads\/2017\/07\/Hanula1.jpg?resize=350%2C200","width":350,"height":200,"srcset":"https:\/\/i0.wp.com\/www.fabriceeulry-laboutique.com\/blog\/wp-content\/uploads\/2017\/07\/Hanula1.jpg?resize=350%2C200 1x, https:\/\/i0.wp.com\/www.fabriceeulry-laboutique.com\/blog\/wp-content\/uploads\/2017\/07\/Hanula1.jpg?resize=525%2C300 1.5x, https:\/\/i0.wp.com\/www.fabriceeulry-laboutique.com\/blog\/wp-content\/uploads\/2017\/07\/Hanula1.jpg?resize=700%2C400 2x"},"classes":[]},{"id":9622,"url":"http:\/\/www.fabriceeulry-laboutique.com\/blog\/?p=9622","url_meta":{"origin":12969,"position":2},"title":"DERNI\u00c8RE DU FESTIVAL D&rsquo;AVIGNON CE SOIR","author":"Le Canard du pianiste","date":"29 juillet 2017","format":false,"excerpt":"C'est la derni\u00e8re du festival d'Avignon ce soir dimanche 30 juillet 2017 ! ET C'EST COMPLET !!! Sur-R\u00e9servez au 06 26 17 24 12 Th\u00e9\u00e2tre des vents 63 rue Guillaume Puy, AVIGNON \u00e0 18h30 Ce festival a cette ann\u00e9e rassembl\u00e9 plus de 1480 spectacles et dur\u00e9 trois semaines. Il faut\u2026","rel":"","context":"Dans &quot;Non class\u00e9&quot;","block_context":{"text":"Non class\u00e9","link":"http:\/\/www.fabriceeulry-laboutique.com\/blog\/?cat=1"},"img":{"alt_text":"Hanula1","src":"https:\/\/i0.wp.com\/www.fabriceeulry-laboutique.com\/blog\/wp-content\/uploads\/2017\/07\/Hanula1.jpg?resize=350%2C200","width":350,"height":200,"srcset":"https:\/\/i0.wp.com\/www.fabriceeulry-laboutique.com\/blog\/wp-content\/uploads\/2017\/07\/Hanula1.jpg?resize=350%2C200 1x, https:\/\/i0.wp.com\/www.fabriceeulry-laboutique.com\/blog\/wp-content\/uploads\/2017\/07\/Hanula1.jpg?resize=525%2C300 1.5x, https:\/\/i0.wp.com\/www.fabriceeulry-laboutique.com\/blog\/wp-content\/uploads\/2017\/07\/Hanula1.jpg?resize=700%2C400 2x"},"classes":[]},{"id":3175,"url":"http:\/\/www.fabriceeulry-laboutique.com\/blog\/?p=3175","url_meta":{"origin":12969,"position":3},"title":"VUS AU FESTIVAL D\u2019AVIGNON 2013 :","author":"Le Canard du pianiste","date":"4 ao\u00fbt 2013","format":false,"excerpt":"Tout d'abord le d\u00e9sopilant 2000 ans de mensonges : \u00ab Pour \u00eatre d'accord, il faut \u00eatre au minimum deux. Pour faire l'amour aussi.. pour faire la guerre \u00e9galement. \u00bb Cliquez sur l'image pour voir la vid\u00e9o de pr\u00e9sentation En exclusivit\u00e9 mondiale, d\u00e9couvrez la v\u00e9ritable histoire de J\u00e9sus et de Marie-Madeleine\u2026","rel":"","context":"Dans &quot;Non class\u00e9&quot;","block_context":{"text":"Non class\u00e9","link":"http:\/\/www.fabriceeulry-laboutique.com\/blog\/?cat=1"},"img":{"alt_text":"","src":"https:\/\/i0.wp.com\/www.fabriceeulry-laboutique.com\/blog\/wp-content\/uploads\/2013\/08\/2000-ans-de-mensonge.jpg?resize=350%2C200","width":350,"height":200,"srcset":"https:\/\/i0.wp.com\/www.fabriceeulry-laboutique.com\/blog\/wp-content\/uploads\/2013\/08\/2000-ans-de-mensonge.jpg?resize=350%2C200 1x, https:\/\/i0.wp.com\/www.fabriceeulry-laboutique.com\/blog\/wp-content\/uploads\/2013\/08\/2000-ans-de-mensonge.jpg?resize=525%2C300 1.5x, https:\/\/i0.wp.com\/www.fabriceeulry-laboutique.com\/blog\/wp-content\/uploads\/2013\/08\/2000-ans-de-mensonge.jpg?resize=700%2C400 2x"},"classes":[]},{"id":9580,"url":"http:\/\/www.fabriceeulry-laboutique.com\/blog\/?p=9580","url_meta":{"origin":12969,"position":4},"title":"FESTIVAL D&rsquo;AVIGNON : 14 JUILLET COMPLET POUR FABRICE EULRY","author":"Le Canard du pianiste","date":"15 juillet 2017","format":false,"excerpt":"Pour ce 14 juillet le th\u00e9\u00e2tre des vents \u00e9tait COMPLET pour accueillir la huiti\u00e8me repr\u00e9sentation du nouveau spectacle de Fabrice Eulry. Le succ\u00e8s du spectacle s'est concr\u00e9tis\u00e9 par une fr\u00e9quentation croissante qui augure un affichage COMPLET pour les derniers jours. R\u00e9servez vite sur le site du festival d'Avignon ! Le\u2026","rel":"","context":"Dans &quot;Non class\u00e9&quot;","block_context":{"text":"Non class\u00e9","link":"http:\/\/www.fabriceeulry-laboutique.com\/blog\/?cat=1"},"img":{"alt_text":"affiche Avignon 2017","src":"https:\/\/i0.wp.com\/www.fabriceeulry-laboutique.com\/blog\/wp-content\/uploads\/2017\/07\/affiche-Avignon-2017.jpg?resize=350%2C200","width":350,"height":200},"classes":[]},{"id":9611,"url":"http:\/\/www.fabriceeulry-laboutique.com\/blog\/?p=9611","url_meta":{"origin":12969,"position":5},"title":"CHRONIQUE DU PROVEN\u00c7AL (EULRY AU FESTIVAL D&rsquo;AVIGNON)","author":"Le Canard du pianiste","date":"26 juillet 2017","format":false,"excerpt":"Le journal La Provence a fourni un gros effort pour couvrir une partie importante du festival (pr\u00e8s de 1500 spectacles). Parmi eux Fabrice Eulry et son piano (lequel est le plus fou ?) a \u00e9t\u00e9 comment\u00e9 ci-dessous :\u00a0 \u00a0 (Cliquer sur l'image pour acc\u00e9der \u00e0 la totalit\u00e9 de l'article) Une\u2026","rel":"","context":"Dans &quot;Non class\u00e9&quot;","block_context":{"text":"Non class\u00e9","link":"http:\/\/www.fabriceeulry-laboutique.com\/blog\/?cat=1"},"img":{"alt_text":"","src":"https:\/\/i0.wp.com\/www.fabriceeulry-laboutique.com\/blog\/wp-content\/uploads\/2017\/07\/prov.jpg?resize=350%2C200","width":350,"height":200,"srcset":"https:\/\/i0.wp.com\/www.fabriceeulry-laboutique.com\/blog\/wp-content\/uploads\/2017\/07\/prov.jpg?resize=350%2C200 1x, https:\/\/i0.wp.com\/www.fabriceeulry-laboutique.com\/blog\/wp-content\/uploads\/2017\/07\/prov.jpg?resize=525%2C300 1.5x"},"classes":[]}],"_links":{"self":[{"href":"http:\/\/www.fabriceeulry-laboutique.com\/blog\/index.php?rest_route=\/wp\/v2\/posts\/12969","targetHints":{"allow":["GET"]}}],"collection":[{"href":"http:\/\/www.fabriceeulry-laboutique.com\/blog\/index.php?rest_route=\/wp\/v2\/posts"}],"about":[{"href":"http:\/\/www.fabriceeulry-laboutique.com\/blog\/index.php?rest_route=\/wp\/v2\/types\/post"}],"author":[{"embeddable":true,"href":"http:\/\/www.fabriceeulry-laboutique.com\/blog\/index.php?rest_route=\/wp\/v2\/users\/2"}],"replies":[{"embeddable":true,"href":"http:\/\/www.fabriceeulry-laboutique.com\/blog\/index.php?rest_route=%2Fwp%2Fv2%2Fcomments&post=12969"}],"version-history":[{"count":2,"href":"http:\/\/www.fabriceeulry-laboutique.com\/blog\/index.php?rest_route=\/wp\/v2\/posts\/12969\/revisions"}],"predecessor-version":[{"id":12987,"href":"http:\/\/www.fabriceeulry-laboutique.com\/blog\/index.php?rest_route=\/wp\/v2\/posts\/12969\/revisions\/12987"}],"wp:attachment":[{"href":"http:\/\/www.fabriceeulry-laboutique.com\/blog\/index.php?rest_route=%2Fwp%2Fv2%2Fmedia&parent=12969"}],"wp:term":[{"taxonomy":"category","embeddable":true,"href":"http:\/\/www.fabriceeulry-laboutique.com\/blog\/index.php?rest_route=%2Fwp%2Fv2%2Fcategories&post=12969"},{"taxonomy":"post_tag","embeddable":true,"href":"http:\/\/www.fabriceeulry-laboutique.com\/blog\/index.php?rest_route=%2Fwp%2Fv2%2Ftags&post=12969"}],"curies":[{"name":"wp","href":"https:\/\/api.w.org\/{rel}","templated":true}]}}