{"id":13036,"date":"2024-08-24T01:18:10","date_gmt":"2024-08-24T01:18:10","guid":{"rendered":"http:\/\/www.fabriceeulry-laboutique.com\/blog\/?p=13036"},"modified":"2024-09-06T23:07:10","modified_gmt":"2024-09-06T23:07:10","slug":"duels-de-piano-boogie","status":"publish","type":"post","link":"http:\/\/www.fabriceeulry-laboutique.com\/blog\/?p=13036","title":{"rendered":"DUELS DE PIANO-BOOGIE"},"content":{"rendered":"\n<div class=\"wp-block-image\"><figure class=\"aligncenter size-large\"><img data-recalc-dims=\"1\" loading=\"lazy\" decoding=\"async\" width=\"261\" height=\"248\" src=\"https:\/\/i0.wp.com\/www.fabriceeulry-laboutique.com\/blog\/wp-content\/uploads\/2019\/01\/Logo-Blues-en-Aveyron.png?resize=261%2C248\" alt=\"\" class=\"wp-image-11508\"\/><figcaption><strong>8 \u00e8me \u00e9dition !<\/strong><\/figcaption><\/figure><\/div>\n\n\n\n<figure class=\"wp-block-image size-large\"><img data-recalc-dims=\"1\" loading=\"lazy\" decoding=\"async\" width=\"640\" height=\"905\" src=\"https:\/\/i0.wp.com\/www.fabriceeulry-laboutique.com\/blog\/wp-content\/uploads\/2024\/09\/BenA-2024-6.png?resize=640%2C905\" alt=\"\" class=\"wp-image-13058\" srcset=\"https:\/\/i0.wp.com\/www.fabriceeulry-laboutique.com\/blog\/wp-content\/uploads\/2024\/09\/BenA-2024-6.png?resize=724%2C1024 724w, https:\/\/i0.wp.com\/www.fabriceeulry-laboutique.com\/blog\/wp-content\/uploads\/2024\/09\/BenA-2024-6.png?resize=212%2C300 212w, https:\/\/i0.wp.com\/www.fabriceeulry-laboutique.com\/blog\/wp-content\/uploads\/2024\/09\/BenA-2024-6.png?resize=768%2C1086 768w, https:\/\/i0.wp.com\/www.fabriceeulry-laboutique.com\/blog\/wp-content\/uploads\/2024\/09\/BenA-2024-6.png?resize=1086%2C1536 1086w, https:\/\/i0.wp.com\/www.fabriceeulry-laboutique.com\/blog\/wp-content\/uploads\/2024\/09\/BenA-2024-6.png?resize=1448%2C2048 1448w, https:\/\/i0.wp.com\/www.fabriceeulry-laboutique.com\/blog\/wp-content\/uploads\/2024\/09\/BenA-2024-6.png?resize=300%2C424 300w, https:\/\/i0.wp.com\/www.fabriceeulry-laboutique.com\/blog\/wp-content\/uploads\/2024\/09\/BenA-2024-6.png?w=1587 1587w, https:\/\/i0.wp.com\/www.fabriceeulry-laboutique.com\/blog\/wp-content\/uploads\/2024\/09\/BenA-2024-6.png?w=1280 1280w\" sizes=\"auto, (max-width: 640px) 100vw, 640px\" \/><\/figure>\n\n\n\n<p class=\"has-text-align-center\"><strong>Le 28 septembre 2024 vous assisterez \u00e0 des DUELS de PIANO-BOOGIE avec Michel Crosio, Anne Cadilhac, et Fabrice Eulry, au Prieur\u00e9 du Sauvage (Druelle, Balsac pr\u00e8s de l&rsquo;a\u00e9roport de Rodez) &#8211; site \u00e9blouissant class\u00e9 et restaur\u00e9 gr\u00e2ce aux efforts titanesques de l&rsquo;association Les Amis du Prieur\u00e9 de Sauvage (partenaire officiel d&rsquo;\u00e9v\u00e9nement) \u00e0 qui nous pr\u00e9sentons nos remerciements.<\/strong><\/p>\n\n\n\n<p class=\"has-text-align-center\"><strong>Le lien et le QR code pour r\u00e9server<\/strong> <strong>sur Weezevent<\/strong> :<\/p>\n\n\n\n<p class=\"has-text-align-center\"><a href=\"https:\/\/my.weezevent.com\/blues-en-aveyron-2024?_gl=1*2ohivv*_gcl_au*MTg2MzIzNjkwOC4xNzI0MzE3NjgwLjI5MDY4ODAzNS4xNzI0MzE3Njg3LjE3MjQzMTc2ODY.*_ga*MTUxODk5NjEyMy4xNzI0MzE3Njgx*_ga_39H9VBFX7G*MTcyNDMxNzY4MC4xLjEuMTcyNDMxODc5MC41OS4wLjA\">https:\/\/my.weezevent.com\/blues-en-aveyron-2024?_gl=1*2ohivv*_gcl_au*MTg2MzIzNjkwOC4xNzI0MzE3NjgwLjI5MDY4ODAzNS4xNzI0MzE3Njg3LjE3MjQzMTc2ODY.*_ga*MTUxODk5NjEyMy4xNzI0MzE3Njgx*_ga_39H9VBFX7G*MTcyNDMxNzY4MC4xLjEuMTcyNDMxODc5MC41OS4wLjA<\/a><\/p>\n\n\n\n<div class=\"wp-block-image\"><figure class=\"aligncenter size-large\"><img data-recalc-dims=\"1\" loading=\"lazy\" decoding=\"async\" width=\"156\" height=\"182\" src=\"https:\/\/i0.wp.com\/www.fabriceeulry-laboutique.com\/blog\/wp-content\/uploads\/2024\/09\/QR-code-BenA-2024.png?resize=156%2C182\" alt=\"\" class=\"wp-image-13051\"\/><\/figure><\/div>\n\n\n\n<figure class=\"wp-block-image size-large\"><img data-recalc-dims=\"1\" loading=\"lazy\" decoding=\"async\" width=\"640\" height=\"678\" src=\"https:\/\/i0.wp.com\/www.fabriceeulry-laboutique.com\/blog\/wp-content\/uploads\/2020\/10\/duoannefab2.png?resize=640%2C678\" alt=\"\" class=\"wp-image-12449\" srcset=\"https:\/\/i0.wp.com\/www.fabriceeulry-laboutique.com\/blog\/wp-content\/uploads\/2020\/10\/duoannefab2.png?w=693 693w, https:\/\/i0.wp.com\/www.fabriceeulry-laboutique.com\/blog\/wp-content\/uploads\/2020\/10\/duoannefab2.png?resize=283%2C300 283w, https:\/\/i0.wp.com\/www.fabriceeulry-laboutique.com\/blog\/wp-content\/uploads\/2020\/10\/duoannefab2.png?resize=300%2C318 300w\" sizes=\"auto, (max-width: 640px) 100vw, 640px\" \/><figcaption>Anne Cadilhac et Fabrice en duo lors de l&rsquo;\u00e9dition 2020 de Blues en Aveyron<\/figcaption><\/figure>\n\n\n\n<figure class=\"wp-block-image size-large\"><img data-recalc-dims=\"1\" loading=\"lazy\" decoding=\"async\" width=\"640\" height=\"496\" src=\"https:\/\/i0.wp.com\/www.fabriceeulry-laboutique.com\/blog\/wp-content\/uploads\/2024\/08\/SAUvage2.png?resize=640%2C496\" alt=\"\" class=\"wp-image-13012\" srcset=\"https:\/\/i0.wp.com\/www.fabriceeulry-laboutique.com\/blog\/wp-content\/uploads\/2024\/08\/SAUvage2.png?resize=1024%2C793 1024w, https:\/\/i0.wp.com\/www.fabriceeulry-laboutique.com\/blog\/wp-content\/uploads\/2024\/08\/SAUvage2.png?resize=300%2C232 300w, https:\/\/i0.wp.com\/www.fabriceeulry-laboutique.com\/blog\/wp-content\/uploads\/2024\/08\/SAUvage2.png?resize=768%2C594 768w, https:\/\/i0.wp.com\/www.fabriceeulry-laboutique.com\/blog\/wp-content\/uploads\/2024\/08\/SAUvage2.png?resize=1536%2C1189 1536w, https:\/\/i0.wp.com\/www.fabriceeulry-laboutique.com\/blog\/wp-content\/uploads\/2024\/08\/SAUvage2.png?resize=2048%2C1585 2048w, https:\/\/i0.wp.com\/www.fabriceeulry-laboutique.com\/blog\/wp-content\/uploads\/2024\/08\/SAUvage2.png?w=1280 1280w, https:\/\/i0.wp.com\/www.fabriceeulry-laboutique.com\/blog\/wp-content\/uploads\/2024\/08\/SAUvage2.png?w=1920 1920w\" sizes=\"auto, (max-width: 640px) 100vw, 640px\" \/><figcaption>J.P. Bertrand V.Demange F.Eulry : Blues en Aveyron lors de l&rsquo;\u00e9dition 2023<\/figcaption><\/figure>\n","protected":false},"excerpt":{"rendered":"<p>Le 28 septembre 2024 vous assisterez \u00e0 des DUELS de PIANO-BOOGIE avec Michel Crosio, Anne Cadilhac, et Fabrice Eulry, au Prieur\u00e9 du Sauvage (Druelle, Balsac pr\u00e8s de l&rsquo;a\u00e9roport de Rodez) &#8211; site \u00e9blouissant class\u00e9 et restaur\u00e9 gr\u00e2ce aux efforts titanesques &hellip; <a href=\"http:\/\/www.fabriceeulry-laboutique.com\/blog\/?p=13036\">Continuer la lecture <span class=\"meta-nav\">&rarr;<\/span><\/a><\/p>\n","protected":false},"author":2,"featured_media":0,"comment_status":"open","ping_status":"open","sticky":false,"template":"","format":"standard","meta":{"jetpack_post_was_ever_published":false,"_jetpack_newsletter_access":"","_jetpack_dont_email_post_to_subs":false,"_jetpack_newsletter_tier_id":0,"_jetpack_memberships_contains_paywalled_content":false,"_jetpack_memberships_contains_paid_content":false,"footnotes":"","jetpack_publicize_message":"","jetpack_publicize_feature_enabled":true,"jetpack_social_post_already_shared":true,"jetpack_social_options":{"image_generator_settings":{"template":"highway","default_image_id":0,"font":"","enabled":false},"version":2}},"categories":[1],"tags":[],"class_list":["post-13036","post","type-post","status-publish","format-standard","hentry","category-non-classe"],"jetpack_publicize_connections":[],"jetpack_featured_media_url":"","jetpack_sharing_enabled":true,"jetpack_shortlink":"https:\/\/wp.me\/p2D6dI-3og","jetpack_likes_enabled":true,"jetpack-related-posts":[{"id":13298,"url":"http:\/\/www.fabriceeulry-laboutique.com\/blog\/?p=13298","url_meta":{"origin":13036,"position":0},"title":"LE RETOUR DES DUELS DE BOOGIE POUR BLUES EN AVEYRON 2025","author":"Le Canard du pianiste","date":"18 ao\u00fbt 2025","format":false,"excerpt":"Vous les avez demand\u00e9s ? ils reviennent ! Le samedi 27 septembre 2025 au Prieur\u00e9 du sauvage : 2 PIANOS BOOGIE 3 PIANISTES les voici dans il y a un an dans une improvisation pleine d'humour et de spontan\u00e9it\u00e9 : Anne Cadilhac, Michel Crosio, Fabrice Eulry. Vous les avez demand\u00e9s\u2026","rel":"","context":"Dans &quot;Non class\u00e9&quot;","block_context":{"text":"Non class\u00e9","link":"http:\/\/www.fabriceeulry-laboutique.com\/blog\/?cat=1"},"img":{"alt_text":"","src":"https:\/\/i0.wp.com\/img.youtube.com\/vi\/vJm8Asvs-u4\/0.jpg?resize=350%2C200","width":350,"height":200},"classes":[]},{"id":12761,"url":"http:\/\/www.fabriceeulry-laboutique.com\/blog\/?p=12761","url_meta":{"origin":13036,"position":1},"title":"3 PIANISTES POUR 2 PIANOS","author":"Le Canard du pianiste","date":"31 ao\u00fbt 2023","format":false,"excerpt":"Le samedi 7 octobre 2023 au Prieur\u00e9 du sauvage \u00e0 Balsac, pr\u00e8s de l'a\u00e9roport de Rodez, Blues en Aveyron et l'association Musiques d'\u00e9t\u00e9 pr\u00e9sentent les incontournables duels de piano-boogie qui ponctuent d\u00e9sormais le festival Blues en Aveyron. Pour cette 7\u00e8me \u00e9dition, les pianistes Jean-Pierre Bertrand et Victor Demange ont \u00e9t\u00e9\u2026","rel":"","context":"Dans &quot;Non class\u00e9&quot;","block_context":{"text":"Non class\u00e9","link":"http:\/\/www.fabriceeulry-laboutique.com\/blog\/?cat=1"},"img":{"alt_text":"","src":"https:\/\/i0.wp.com\/www.fabriceeulry-laboutique.com\/blog\/wp-content\/uploads\/2023\/08\/jpb.png?resize=350%2C200","width":350,"height":200,"srcset":"https:\/\/i0.wp.com\/www.fabriceeulry-laboutique.com\/blog\/wp-content\/uploads\/2023\/08\/jpb.png?resize=350%2C200 1x, https:\/\/i0.wp.com\/www.fabriceeulry-laboutique.com\/blog\/wp-content\/uploads\/2023\/08\/jpb.png?resize=525%2C300 1.5x, https:\/\/i0.wp.com\/www.fabriceeulry-laboutique.com\/blog\/wp-content\/uploads\/2023\/08\/jpb.png?resize=700%2C400 2x, https:\/\/i0.wp.com\/www.fabriceeulry-laboutique.com\/blog\/wp-content\/uploads\/2023\/08\/jpb.png?resize=1050%2C600 3x, https:\/\/i0.wp.com\/www.fabriceeulry-laboutique.com\/blog\/wp-content\/uploads\/2023\/08\/jpb.png?resize=1400%2C800 4x"},"classes":[]},{"id":13062,"url":"http:\/\/www.fabriceeulry-laboutique.com\/blog\/?p=13062","url_meta":{"origin":13036,"position":2},"title":"D&rsquo;AUTRES PRECISIONS SUR BLUES EN AVEYRON","author":"Le Canard du pianiste","date":"7 septembre 2024","format":false,"excerpt":"Le 28 septembre au Prieur\u00e9 du sauvage, les duels de pianistes mettront \u00e0 l'honneur, outre les classiques du boogie et des reprises de Ray Charles, des blues et boogie issus d'improvisations et de compositions personnelles qui donnent lieu \u00e0 des 2, 4, ou 6 mains accompagn\u00e9s parfois \u00e0 la batterie,\u2026","rel":"","context":"Dans &quot;Non class\u00e9&quot;","block_context":{"text":"Non class\u00e9","link":"http:\/\/www.fabriceeulry-laboutique.com\/blog\/?cat=1"},"img":{"alt_text":"","src":"https:\/\/i0.wp.com\/www.fabriceeulry-laboutique.com\/blog\/wp-content\/uploads\/2024\/09\/Anne-Cadilhac.jpg?resize=350%2C200","width":350,"height":200,"srcset":"https:\/\/i0.wp.com\/www.fabriceeulry-laboutique.com\/blog\/wp-content\/uploads\/2024\/09\/Anne-Cadilhac.jpg?resize=350%2C200 1x, https:\/\/i0.wp.com\/www.fabriceeulry-laboutique.com\/blog\/wp-content\/uploads\/2024\/09\/Anne-Cadilhac.jpg?resize=525%2C300 1.5x, https:\/\/i0.wp.com\/www.fabriceeulry-laboutique.com\/blog\/wp-content\/uploads\/2024\/09\/Anne-Cadilhac.jpg?resize=700%2C400 2x"},"classes":[]},{"id":13010,"url":"http:\/\/www.fabriceeulry-laboutique.com\/blog\/?p=13010","url_meta":{"origin":13036,"position":3},"title":"FESTIVAL BLUES EN AVEYRON 2024","author":"Le Canard du pianiste","date":"6 ao\u00fbt 2024","format":false,"excerpt":"Le 28 septembre 2024 vous assisterez \u00e0 des DUELS de PIANO-BOOGIE avec Michel Crosio, Anne Cadilhac, et Fabrice Eulry, au Prieur\u00e9 du Sauvage (Druelle, Balsac pr\u00e8s de l'a\u00e9roport de Rodez) - site \u00e9blouissant class\u00e9 et restaur\u00e9 gr\u00e2ce aux efforts titanesques de l'association Les Amis du Prieur\u00e9 de Sauvage (partenaire officiel\u2026","rel":"","context":"Dans &quot;Non class\u00e9&quot;","block_context":{"text":"Non class\u00e9","link":"http:\/\/www.fabriceeulry-laboutique.com\/blog\/?cat=1"},"img":{"alt_text":"","src":"https:\/\/i0.wp.com\/www.fabriceeulry-laboutique.com\/blog\/wp-content\/uploads\/2024\/09\/BenA-2024-6-1.png?resize=350%2C200","width":350,"height":200,"srcset":"https:\/\/i0.wp.com\/www.fabriceeulry-laboutique.com\/blog\/wp-content\/uploads\/2024\/09\/BenA-2024-6-1.png?resize=350%2C200 1x, https:\/\/i0.wp.com\/www.fabriceeulry-laboutique.com\/blog\/wp-content\/uploads\/2024\/09\/BenA-2024-6-1.png?resize=525%2C300 1.5x, https:\/\/i0.wp.com\/www.fabriceeulry-laboutique.com\/blog\/wp-content\/uploads\/2024\/09\/BenA-2024-6-1.png?resize=700%2C400 2x, https:\/\/i0.wp.com\/www.fabriceeulry-laboutique.com\/blog\/wp-content\/uploads\/2024\/09\/BenA-2024-6-1.png?resize=1050%2C600 3x, https:\/\/i0.wp.com\/www.fabriceeulry-laboutique.com\/blog\/wp-content\/uploads\/2024\/09\/BenA-2024-6-1.png?resize=1400%2C800 4x"},"classes":[]},{"id":12643,"url":"http:\/\/www.fabriceeulry-laboutique.com\/blog\/?p=12643","url_meta":{"origin":13036,"position":4},"title":"BLUES EN AVEYRON F\u00caTE SES 5 ANS","author":"Le Canard du pianiste","date":"17 septembre 2022","format":false,"excerpt":"Voici la billetterie en ligne : https:\/\/my.weezevent.com\/blues-en-aveyron-2022 Les billets seront \u00e9galement disponibles \u00e0 la librairie du Pont-virgule d'Espalion \u00e0 partir du samedi 24 septembre Du 20 au 23 octobre 2022, la sixi\u00e8me \u00e9dition du festival vous propose : Emilie Hedou et Fabrice Eulry : \"Emilie Hedou et Fabrice Eulry :\u2026","rel":"","context":"Dans &quot;Non class\u00e9&quot;","block_context":{"text":"Non class\u00e9","link":"http:\/\/www.fabriceeulry-laboutique.com\/blog\/?cat=1"},"img":{"alt_text":"","src":"https:\/\/i0.wp.com\/www.fabriceeulry-laboutique.com\/blog\/wp-content\/uploads\/2022\/09\/Emilie-Fab.png?resize=350%2C200","width":350,"height":200,"srcset":"https:\/\/i0.wp.com\/www.fabriceeulry-laboutique.com\/blog\/wp-content\/uploads\/2022\/09\/Emilie-Fab.png?resize=350%2C200 1x, https:\/\/i0.wp.com\/www.fabriceeulry-laboutique.com\/blog\/wp-content\/uploads\/2022\/09\/Emilie-Fab.png?resize=525%2C300 1.5x, https:\/\/i0.wp.com\/www.fabriceeulry-laboutique.com\/blog\/wp-content\/uploads\/2022\/09\/Emilie-Fab.png?resize=700%2C400 2x, https:\/\/i0.wp.com\/www.fabriceeulry-laboutique.com\/blog\/wp-content\/uploads\/2022\/09\/Emilie-Fab.png?resize=1050%2C600 3x, https:\/\/i0.wp.com\/www.fabriceeulry-laboutique.com\/blog\/wp-content\/uploads\/2022\/09\/Emilie-Fab.png?resize=1400%2C800 4x"},"classes":[]},{"id":13079,"url":"http:\/\/www.fabriceeulry-laboutique.com\/blog\/?p=13079","url_meta":{"origin":13036,"position":5},"title":"2 PIANOS BOOGIE 3 PIANISTES","author":"Le Canard du pianiste","date":"11 octobre 2024","format":false,"excerpt":"Voici un souvenir du festival Blues en Aveyron 2024 : Le 28 septembre 2024 au Prieur\u00e9 du sauvage : 2 PIANOS BOOGIE 3 PIANISTES (festival Blues en Aveyron 2024) une improvisation pleine d'humour et de spontan\u00e9it\u00e9 avec Anne Cadilhac, Michel Crosio, Fabrice Eulry. https:\/\/www.youtube.com\/watch?v=vJm8Asvs-u4 N'h\u00e9sitez pas \u00e0 partager cette petite\u2026","rel":"","context":"Dans &quot;Non class\u00e9&quot;","block_context":{"text":"Non class\u00e9","link":"http:\/\/www.fabriceeulry-laboutique.com\/blog\/?cat=1"},"img":{"alt_text":"","src":"https:\/\/i0.wp.com\/img.youtube.com\/vi\/vJm8Asvs-u4\/0.jpg?resize=350%2C200","width":350,"height":200},"classes":[]}],"_links":{"self":[{"href":"http:\/\/www.fabriceeulry-laboutique.com\/blog\/index.php?rest_route=\/wp\/v2\/posts\/13036","targetHints":{"allow":["GET"]}}],"collection":[{"href":"http:\/\/www.fabriceeulry-laboutique.com\/blog\/index.php?rest_route=\/wp\/v2\/posts"}],"about":[{"href":"http:\/\/www.fabriceeulry-laboutique.com\/blog\/index.php?rest_route=\/wp\/v2\/types\/post"}],"author":[{"embeddable":true,"href":"http:\/\/www.fabriceeulry-laboutique.com\/blog\/index.php?rest_route=\/wp\/v2\/users\/2"}],"replies":[{"embeddable":true,"href":"http:\/\/www.fabriceeulry-laboutique.com\/blog\/index.php?rest_route=%2Fwp%2Fv2%2Fcomments&post=13036"}],"version-history":[{"count":4,"href":"http:\/\/www.fabriceeulry-laboutique.com\/blog\/index.php?rest_route=\/wp\/v2\/posts\/13036\/revisions"}],"predecessor-version":[{"id":13059,"href":"http:\/\/www.fabriceeulry-laboutique.com\/blog\/index.php?rest_route=\/wp\/v2\/posts\/13036\/revisions\/13059"}],"wp:attachment":[{"href":"http:\/\/www.fabriceeulry-laboutique.com\/blog\/index.php?rest_route=%2Fwp%2Fv2%2Fmedia&parent=13036"}],"wp:term":[{"taxonomy":"category","embeddable":true,"href":"http:\/\/www.fabriceeulry-laboutique.com\/blog\/index.php?rest_route=%2Fwp%2Fv2%2Fcategories&post=13036"},{"taxonomy":"post_tag","embeddable":true,"href":"http:\/\/www.fabriceeulry-laboutique.com\/blog\/index.php?rest_route=%2Fwp%2Fv2%2Ftags&post=13036"}],"curies":[{"name":"wp","href":"https:\/\/api.w.org\/{rel}","templated":true}]}}