{"id":13079,"date":"2024-10-11T20:37:59","date_gmt":"2024-10-11T20:37:59","guid":{"rendered":"http:\/\/www.fabriceeulry-laboutique.com\/blog\/?p=13079"},"modified":"2024-10-11T20:38:01","modified_gmt":"2024-10-11T20:38:01","slug":"2-pianos-boogie-3-pianistes","status":"publish","type":"post","link":"http:\/\/www.fabriceeulry-laboutique.com\/blog\/?p=13079","title":{"rendered":"2 PIANOS BOOGIE 3 PIANISTES"},"content":{"rendered":"\n<p class=\"has-text-align-center\"><strong>Voici un souvenir du festival Blues en Aveyron 2024<\/strong> : <\/p>\n\n\n\n<p class=\"has-text-align-center\"><strong>Le 28 septembre 2024 au Prieur\u00e9 du sauvage : 2 PIANOS BOOGIE 3 PIANISTES <\/strong><\/p>\n\n\n\n<p class=\"has-text-align-center\"><strong>(festival Blues en Aveyron 2024) une improvisation pleine d&rsquo;humour et de spontan\u00e9it\u00e9 avec Anne Cadilhac, Michel Crosio, Fabrice Eulry. <\/strong><\/p>\n\n\n\n<figure class=\"wp-block-embed-youtube wp-block-embed is-type-video is-provider-youtube wp-embed-aspect-16-9 wp-has-aspect-ratio\"><div class=\"wp-block-embed__wrapper\">\n<span class=\"embed-youtube\" style=\"text-align:center; display: block;\"><iframe loading=\"lazy\" class=\"youtube-player\" width=\"640\" height=\"360\" src=\"https:\/\/www.youtube.com\/embed\/vJm8Asvs-u4?version=3&#038;rel=1&#038;showsearch=0&#038;showinfo=1&#038;iv_load_policy=1&#038;fs=1&#038;hl=fr-FR&#038;autohide=2&#038;wmode=transparent\" allowfullscreen=\"true\" style=\"border:0;\" sandbox=\"allow-scripts allow-same-origin allow-popups allow-presentation allow-popups-to-escape-sandbox\"><\/iframe><\/span>\n<\/div><\/figure>\n\n\n\n<p class=\"has-text-align-center\"><strong>N&rsquo;h\u00e9sitez pas \u00e0 partager cette petite vid\u00e9o !<\/strong><\/p>\n\n\n\n<p class=\"has-text-align-center\"><strong>Blues en Aveyron vous donne rendez-vous en 2025 !<\/strong><\/p>\n\n\n\n<p><strong>Le final du Vol du bourdon en boogie-woogie :<\/strong> <strong>(lors d&rsquo;un de ses spectacles \u00e0 en Bobino 2003) morceau que Fabrice Eulry a repris pour Blues en Aveyron 2024<\/strong> :<\/p>\n\n\n\n<figure class=\"wp-block-embed-youtube wp-block-embed is-type-video is-provider-youtube wp-embed-aspect-4-3 wp-has-aspect-ratio\"><div class=\"wp-block-embed__wrapper\">\n<span class=\"embed-youtube\" style=\"text-align:center; display: block;\"><iframe loading=\"lazy\" class=\"youtube-player\" width=\"640\" height=\"360\" src=\"https:\/\/www.youtube.com\/embed\/6uQdsuZZVvE?version=3&#038;rel=1&#038;showsearch=0&#038;showinfo=1&#038;iv_load_policy=1&#038;fs=1&#038;hl=fr-FR&#038;autohide=2&#038;wmode=transparent\" allowfullscreen=\"true\" style=\"border:0;\" sandbox=\"allow-scripts allow-same-origin allow-popups allow-presentation allow-popups-to-escape-sandbox\"><\/iframe><\/span>\n<\/div><\/figure>\n\n\n\n<p><\/p>\n","protected":false},"excerpt":{"rendered":"<p>Voici un souvenir du festival Blues en Aveyron 2024 : Le 28 septembre 2024 au Prieur\u00e9 du sauvage : 2 PIANOS BOOGIE 3 PIANISTES (festival Blues en Aveyron 2024) une improvisation pleine d&rsquo;humour et de spontan\u00e9it\u00e9 avec Anne Cadilhac, Michel &hellip; <a href=\"http:\/\/www.fabriceeulry-laboutique.com\/blog\/?p=13079\">Continuer la lecture <span class=\"meta-nav\">&rarr;<\/span><\/a><\/p>\n","protected":false},"author":2,"featured_media":0,"comment_status":"open","ping_status":"open","sticky":false,"template":"","format":"standard","meta":{"jetpack_post_was_ever_published":false,"_jetpack_newsletter_access":"","_jetpack_dont_email_post_to_subs":false,"_jetpack_newsletter_tier_id":0,"_jetpack_memberships_contains_paywalled_content":false,"_jetpack_memberships_contains_paid_content":false,"footnotes":"","jetpack_publicize_message":"","jetpack_publicize_feature_enabled":true,"jetpack_social_post_already_shared":true,"jetpack_social_options":{"image_generator_settings":{"template":"highway","default_image_id":0,"font":"","enabled":false},"version":2}},"categories":[1],"tags":[],"class_list":["post-13079","post","type-post","status-publish","format-standard","hentry","category-non-classe"],"jetpack_publicize_connections":[],"jetpack_featured_media_url":"","jetpack_sharing_enabled":true,"jetpack_shortlink":"https:\/\/wp.me\/p2D6dI-3oX","jetpack_likes_enabled":true,"jetpack-related-posts":[{"id":12761,"url":"http:\/\/www.fabriceeulry-laboutique.com\/blog\/?p=12761","url_meta":{"origin":13079,"position":0},"title":"3 PIANISTES POUR 2 PIANOS","author":"Le Canard du pianiste","date":"31 ao\u00fbt 2023","format":false,"excerpt":"Le samedi 7 octobre 2023 au Prieur\u00e9 du sauvage \u00e0 Balsac, pr\u00e8s de l'a\u00e9roport de Rodez, Blues en Aveyron et l'association Musiques d'\u00e9t\u00e9 pr\u00e9sentent les incontournables duels de piano-boogie qui ponctuent d\u00e9sormais le festival Blues en Aveyron. Pour cette 7\u00e8me \u00e9dition, les pianistes Jean-Pierre Bertrand et Victor Demange ont \u00e9t\u00e9\u2026","rel":"","context":"Dans &quot;Non class\u00e9&quot;","block_context":{"text":"Non class\u00e9","link":"http:\/\/www.fabriceeulry-laboutique.com\/blog\/?cat=1"},"img":{"alt_text":"","src":"https:\/\/i0.wp.com\/www.fabriceeulry-laboutique.com\/blog\/wp-content\/uploads\/2023\/08\/jpb.png?resize=350%2C200","width":350,"height":200,"srcset":"https:\/\/i0.wp.com\/www.fabriceeulry-laboutique.com\/blog\/wp-content\/uploads\/2023\/08\/jpb.png?resize=350%2C200 1x, https:\/\/i0.wp.com\/www.fabriceeulry-laboutique.com\/blog\/wp-content\/uploads\/2023\/08\/jpb.png?resize=525%2C300 1.5x, https:\/\/i0.wp.com\/www.fabriceeulry-laboutique.com\/blog\/wp-content\/uploads\/2023\/08\/jpb.png?resize=700%2C400 2x, https:\/\/i0.wp.com\/www.fabriceeulry-laboutique.com\/blog\/wp-content\/uploads\/2023\/08\/jpb.png?resize=1050%2C600 3x, https:\/\/i0.wp.com\/www.fabriceeulry-laboutique.com\/blog\/wp-content\/uploads\/2023\/08\/jpb.png?resize=1400%2C800 4x"},"classes":[]},{"id":13298,"url":"http:\/\/www.fabriceeulry-laboutique.com\/blog\/?p=13298","url_meta":{"origin":13079,"position":1},"title":"LE RETOUR DES DUELS DE BOOGIE POUR BLUES EN AVEYRON 2025","author":"Le Canard du pianiste","date":"18 ao\u00fbt 2025","format":false,"excerpt":"Vous les avez demand\u00e9s ? ils reviennent ! Le samedi 27 septembre 2025 au Prieur\u00e9 du sauvage : 2 PIANOS BOOGIE 3 PIANISTES les voici dans il y a un an dans une improvisation pleine d'humour et de spontan\u00e9it\u00e9 : Anne Cadilhac, Michel Crosio, Fabrice Eulry. Vous les avez demand\u00e9s\u2026","rel":"","context":"Dans &quot;Non class\u00e9&quot;","block_context":{"text":"Non class\u00e9","link":"http:\/\/www.fabriceeulry-laboutique.com\/blog\/?cat=1"},"img":{"alt_text":"","src":"https:\/\/i0.wp.com\/img.youtube.com\/vi\/vJm8Asvs-u4\/0.jpg?resize=350%2C200","width":350,"height":200},"classes":[]},{"id":13062,"url":"http:\/\/www.fabriceeulry-laboutique.com\/blog\/?p=13062","url_meta":{"origin":13079,"position":2},"title":"D&rsquo;AUTRES PRECISIONS SUR BLUES EN AVEYRON","author":"Le Canard du pianiste","date":"7 septembre 2024","format":false,"excerpt":"Le 28 septembre au Prieur\u00e9 du sauvage, les duels de pianistes mettront \u00e0 l'honneur, outre les classiques du boogie et des reprises de Ray Charles, des blues et boogie issus d'improvisations et de compositions personnelles qui donnent lieu \u00e0 des 2, 4, ou 6 mains accompagn\u00e9s parfois \u00e0 la batterie,\u2026","rel":"","context":"Dans &quot;Non class\u00e9&quot;","block_context":{"text":"Non class\u00e9","link":"http:\/\/www.fabriceeulry-laboutique.com\/blog\/?cat=1"},"img":{"alt_text":"","src":"https:\/\/i0.wp.com\/www.fabriceeulry-laboutique.com\/blog\/wp-content\/uploads\/2024\/09\/Anne-Cadilhac.jpg?resize=350%2C200","width":350,"height":200,"srcset":"https:\/\/i0.wp.com\/www.fabriceeulry-laboutique.com\/blog\/wp-content\/uploads\/2024\/09\/Anne-Cadilhac.jpg?resize=350%2C200 1x, https:\/\/i0.wp.com\/www.fabriceeulry-laboutique.com\/blog\/wp-content\/uploads\/2024\/09\/Anne-Cadilhac.jpg?resize=525%2C300 1.5x, https:\/\/i0.wp.com\/www.fabriceeulry-laboutique.com\/blog\/wp-content\/uploads\/2024\/09\/Anne-Cadilhac.jpg?resize=700%2C400 2x"},"classes":[]},{"id":12643,"url":"http:\/\/www.fabriceeulry-laboutique.com\/blog\/?p=12643","url_meta":{"origin":13079,"position":3},"title":"BLUES EN AVEYRON F\u00caTE SES 5 ANS","author":"Le Canard du pianiste","date":"17 septembre 2022","format":false,"excerpt":"Voici la billetterie en ligne : https:\/\/my.weezevent.com\/blues-en-aveyron-2022 Les billets seront \u00e9galement disponibles \u00e0 la librairie du Pont-virgule d'Espalion \u00e0 partir du samedi 24 septembre Du 20 au 23 octobre 2022, la sixi\u00e8me \u00e9dition du festival vous propose : Emilie Hedou et Fabrice Eulry : \"Emilie Hedou et Fabrice Eulry :\u2026","rel":"","context":"Dans &quot;Non class\u00e9&quot;","block_context":{"text":"Non class\u00e9","link":"http:\/\/www.fabriceeulry-laboutique.com\/blog\/?cat=1"},"img":{"alt_text":"","src":"https:\/\/i0.wp.com\/www.fabriceeulry-laboutique.com\/blog\/wp-content\/uploads\/2022\/09\/Emilie-Fab.png?resize=350%2C200","width":350,"height":200,"srcset":"https:\/\/i0.wp.com\/www.fabriceeulry-laboutique.com\/blog\/wp-content\/uploads\/2022\/09\/Emilie-Fab.png?resize=350%2C200 1x, https:\/\/i0.wp.com\/www.fabriceeulry-laboutique.com\/blog\/wp-content\/uploads\/2022\/09\/Emilie-Fab.png?resize=525%2C300 1.5x, https:\/\/i0.wp.com\/www.fabriceeulry-laboutique.com\/blog\/wp-content\/uploads\/2022\/09\/Emilie-Fab.png?resize=700%2C400 2x, https:\/\/i0.wp.com\/www.fabriceeulry-laboutique.com\/blog\/wp-content\/uploads\/2022\/09\/Emilie-Fab.png?resize=1050%2C600 3x, https:\/\/i0.wp.com\/www.fabriceeulry-laboutique.com\/blog\/wp-content\/uploads\/2022\/09\/Emilie-Fab.png?resize=1400%2C800 4x"},"classes":[]},{"id":12147,"url":"http:\/\/www.fabriceeulry-laboutique.com\/blog\/?p=12147","url_meta":{"origin":13079,"position":4},"title":"BOOGIE \u00c0 TRIVY","author":"Le Canard du pianiste","date":"19 octobre 2019","format":false,"excerpt":"Lluis Coloma Ricky Nye et Fabrice Eulry essayaient ici les pianos en arrivant l'apr\u00e8s-midi du concert (Merci \u00e0 Jean Lech\u00e8re pour les photos). Ils d\u00e9cid\u00e8rent ensuite de changer leur disposition et l'\u00e9clairage en fonction de ce qu'ils projetaient de jouer et de leur mani\u00e8re d'articuler leur spectacle. Les trois comp\u00e8res\u2026","rel":"","context":"Dans &quot;Non class\u00e9&quot;","block_context":{"text":"Non class\u00e9","link":"http:\/\/www.fabriceeulry-laboutique.com\/blog\/?cat=1"},"img":{"alt_text":"","src":"https:\/\/i0.wp.com\/www.fabriceeulry-laboutique.com\/blog\/wp-content\/uploads\/2019\/10\/tr2.png?resize=350%2C200","width":350,"height":200,"srcset":"https:\/\/i0.wp.com\/www.fabriceeulry-laboutique.com\/blog\/wp-content\/uploads\/2019\/10\/tr2.png?resize=350%2C200 1x, https:\/\/i0.wp.com\/www.fabriceeulry-laboutique.com\/blog\/wp-content\/uploads\/2019\/10\/tr2.png?resize=525%2C300 1.5x"},"classes":[]},{"id":12857,"url":"http:\/\/www.fabriceeulry-laboutique.com\/blog\/?p=12857","url_meta":{"origin":13079,"position":5},"title":"BOOGIE SUR DEUX PIANOS DE CONCERT","author":"Le Canard du pianiste","date":"5 f\u00e9vrier 2024","format":false,"excerpt":"Si le boogie-woogie permet d'improviser sur des bastringues, sur deux pianos en m\u00eame temps, ou \u00e0 deux pianistes sur un seul piano, il permet aussi plus simplement d'improviser sur deux bons pianos de concert... ? Si si ! Cela sonne tr\u00e8s bien aussi ! Ici des extraits de deux concerts\u2026","rel":"","context":"Dans &quot;Non class\u00e9&quot;","block_context":{"text":"Non class\u00e9","link":"http:\/\/www.fabriceeulry-laboutique.com\/blog\/?cat=1"},"img":{"alt_text":"","src":"https:\/\/i0.wp.com\/img.youtube.com\/vi\/Fu4CX8l-BxI\/0.jpg?resize=350%2C200","width":350,"height":200},"classes":[]}],"_links":{"self":[{"href":"http:\/\/www.fabriceeulry-laboutique.com\/blog\/index.php?rest_route=\/wp\/v2\/posts\/13079","targetHints":{"allow":["GET"]}}],"collection":[{"href":"http:\/\/www.fabriceeulry-laboutique.com\/blog\/index.php?rest_route=\/wp\/v2\/posts"}],"about":[{"href":"http:\/\/www.fabriceeulry-laboutique.com\/blog\/index.php?rest_route=\/wp\/v2\/types\/post"}],"author":[{"embeddable":true,"href":"http:\/\/www.fabriceeulry-laboutique.com\/blog\/index.php?rest_route=\/wp\/v2\/users\/2"}],"replies":[{"embeddable":true,"href":"http:\/\/www.fabriceeulry-laboutique.com\/blog\/index.php?rest_route=%2Fwp%2Fv2%2Fcomments&post=13079"}],"version-history":[{"count":1,"href":"http:\/\/www.fabriceeulry-laboutique.com\/blog\/index.php?rest_route=\/wp\/v2\/posts\/13079\/revisions"}],"predecessor-version":[{"id":13080,"href":"http:\/\/www.fabriceeulry-laboutique.com\/blog\/index.php?rest_route=\/wp\/v2\/posts\/13079\/revisions\/13080"}],"wp:attachment":[{"href":"http:\/\/www.fabriceeulry-laboutique.com\/blog\/index.php?rest_route=%2Fwp%2Fv2%2Fmedia&parent=13079"}],"wp:term":[{"taxonomy":"category","embeddable":true,"href":"http:\/\/www.fabriceeulry-laboutique.com\/blog\/index.php?rest_route=%2Fwp%2Fv2%2Fcategories&post=13079"},{"taxonomy":"post_tag","embeddable":true,"href":"http:\/\/www.fabriceeulry-laboutique.com\/blog\/index.php?rest_route=%2Fwp%2Fv2%2Ftags&post=13079"}],"curies":[{"name":"wp","href":"https:\/\/api.w.org\/{rel}","templated":true}]}}