{"id":13087,"date":"2024-11-02T17:15:39","date_gmt":"2024-11-02T17:15:39","guid":{"rendered":"http:\/\/www.fabriceeulry-laboutique.com\/blog\/?p=13087"},"modified":"2024-11-02T17:15:41","modified_gmt":"2024-11-02T17:15:41","slug":"tournee-de-noel-a-partir-du-1er-decembre","status":"publish","type":"post","link":"http:\/\/www.fabriceeulry-laboutique.com\/blog\/?p=13087","title":{"rendered":"TOURN\u00c9E DE NO\u00cbL \u00c0 PARTIR DU 1er D\u00c9CEMBRE !"},"content":{"rendered":"\n<p class=\"has-text-align-center\"><strong>Et commen\u00e7ons par l&rsquo;affiche du premier concert, sur le piano Steinway de la commanderie des Templiers que vous entendrez sonner en cliquant sur la vid\u00e9o tout en bas.<\/strong><\/p>\n\n\n\n<figure class=\"wp-block-image size-large\"><img data-recalc-dims=\"1\" loading=\"lazy\" decoding=\"async\" width=\"640\" height=\"903\" src=\"https:\/\/i0.wp.com\/www.fabriceeulry-laboutique.com\/blog\/wp-content\/uploads\/2024\/11\/affiche-1er-dec-Cazouls.png-.png?resize=640%2C903\" alt=\"\" class=\"wp-image-13088\" srcset=\"https:\/\/i0.wp.com\/www.fabriceeulry-laboutique.com\/blog\/wp-content\/uploads\/2024\/11\/affiche-1er-dec-Cazouls.png-.png?resize=726%2C1024 726w, https:\/\/i0.wp.com\/www.fabriceeulry-laboutique.com\/blog\/wp-content\/uploads\/2024\/11\/affiche-1er-dec-Cazouls.png-.png?resize=213%2C300 213w, https:\/\/i0.wp.com\/www.fabriceeulry-laboutique.com\/blog\/wp-content\/uploads\/2024\/11\/affiche-1er-dec-Cazouls.png-.png?resize=768%2C1084 768w, https:\/\/i0.wp.com\/www.fabriceeulry-laboutique.com\/blog\/wp-content\/uploads\/2024\/11\/affiche-1er-dec-Cazouls.png-.png?resize=1088%2C1536 1088w, https:\/\/i0.wp.com\/www.fabriceeulry-laboutique.com\/blog\/wp-content\/uploads\/2024\/11\/affiche-1er-dec-Cazouls.png-.png?resize=300%2C423 300w, https:\/\/i0.wp.com\/www.fabriceeulry-laboutique.com\/blog\/wp-content\/uploads\/2024\/11\/affiche-1er-dec-Cazouls.png-.png?w=1240 1240w\" sizes=\"auto, (max-width: 640px) 100vw, 640px\" \/><figcaption>Au programme : r\u00e9pertoire de No\u00ebl, gospels, et autres&#8230;<\/figcaption><\/figure>\n\n\n\n<figure class=\"wp-block-embed-youtube wp-block-embed is-type-video is-provider-youtube wp-embed-aspect-16-9 wp-has-aspect-ratio\"><div class=\"wp-block-embed__wrapper\">\n<span class=\"embed-youtube\" style=\"text-align:center; display: block;\"><iframe loading=\"lazy\" class=\"youtube-player\" width=\"640\" height=\"360\" src=\"https:\/\/www.youtube.com\/embed\/RqIzXNbqlqQ?version=3&#038;rel=1&#038;showsearch=0&#038;showinfo=1&#038;iv_load_policy=1&#038;fs=1&#038;hl=fr-FR&#038;autohide=2&#038;wmode=transparent\" allowfullscreen=\"true\" style=\"border:0;\" sandbox=\"allow-scripts allow-same-origin allow-popups allow-presentation allow-popups-to-escape-sandbox\"><\/iframe><\/span>\n<\/div><\/figure>\n","protected":false},"excerpt":{"rendered":"<p>Et commen\u00e7ons par l&rsquo;affiche du premier concert, sur le piano Steinway de la commanderie des Templiers que vous entendrez sonner en cliquant sur la vid\u00e9o tout en bas.<\/p>\n","protected":false},"author":2,"featured_media":0,"comment_status":"open","ping_status":"open","sticky":false,"template":"","format":"standard","meta":{"jetpack_post_was_ever_published":false,"_jetpack_newsletter_access":"","_jetpack_dont_email_post_to_subs":false,"_jetpack_newsletter_tier_id":0,"_jetpack_memberships_contains_paywalled_content":false,"_jetpack_memberships_contains_paid_content":false,"footnotes":"","jetpack_publicize_message":"","jetpack_publicize_feature_enabled":true,"jetpack_social_post_already_shared":true,"jetpack_social_options":{"image_generator_settings":{"template":"highway","default_image_id":0,"font":"","enabled":false},"version":2}},"categories":[1],"tags":[],"class_list":["post-13087","post","type-post","status-publish","format-standard","hentry","category-non-classe"],"jetpack_publicize_connections":[],"jetpack_featured_media_url":"","jetpack_sharing_enabled":true,"jetpack_shortlink":"https:\/\/wp.me\/p2D6dI-3p5","jetpack_likes_enabled":true,"jetpack-related-posts":[{"id":7956,"url":"http:\/\/www.fabriceeulry-laboutique.com\/blog\/?p=7956","url_meta":{"origin":13087,"position":0},"title":"LE GRAND NOEL DE LA PERLE DE L&rsquo;ANTIQUITE","author":"Le Canard du pianiste","date":"24 d\u00e9cembre 2015","format":false,"excerpt":"L'Ermitage pr\u00e9pare le restauration des monuments de Palmyre : Le Canard du pianiste a\u00a0alert\u00e9 plusieurs fois sur les destructions de cette merveilleuse capitale antique mais aussi de la tentative de destruction de ce qu'elle repr\u00e9sente. La fondation R\u00e9sonnance Rome est heureuse de compter son bienfaiteur comme partie prenante des projets\u2026","rel":"","context":"Dans &quot;Non class\u00e9&quot;","block_context":{"text":"Non class\u00e9","link":"http:\/\/www.fabriceeulry-laboutique.com\/blog\/?cat=1"},"img":{"alt_text":"bel","src":"https:\/\/i0.wp.com\/www.fabriceeulry-laboutique.com\/blog\/wp-content\/uploads\/2015\/08\/bel-.jpg?resize=350%2C200","width":350,"height":200,"srcset":"https:\/\/i0.wp.com\/www.fabriceeulry-laboutique.com\/blog\/wp-content\/uploads\/2015\/08\/bel-.jpg?resize=350%2C200 1x, https:\/\/i0.wp.com\/www.fabriceeulry-laboutique.com\/blog\/wp-content\/uploads\/2015\/08\/bel-.jpg?resize=525%2C300 1.5x, https:\/\/i0.wp.com\/www.fabriceeulry-laboutique.com\/blog\/wp-content\/uploads\/2015\/08\/bel-.jpg?resize=700%2C400 2x"},"classes":[]},{"id":12669,"url":"http:\/\/www.fabriceeulry-laboutique.com\/blog\/?p=12669","url_meta":{"origin":13087,"position":1},"title":"TOURN\u00c9E DE NO\u00cbL 2022","author":"Le Canard du pianiste","date":"22 novembre 2022","format":false,"excerpt":"Fabrice Eulry nous d\u00e9crit sa tourn\u00e9e de No\u00ebl qui commence dans quelques jours ! : \"Je commence cette tourn\u00e9e de No\u00ebl en accompagnant la chorale des Anciens \u00e0 l'EHPAD La Corette, de Mur de Barrez, le samedi 3 d\u00e9cembre. Je donnerai un r\u00e9cital \"rockambolesque\"\u00a0le 4 d\u00e9cembre \u00e0 17h30\u00a0\u00e0 La Chapelle\u2026","rel":"","context":"Dans &quot;Non class\u00e9&quot;","block_context":{"text":"Non class\u00e9","link":"http:\/\/www.fabriceeulry-laboutique.com\/blog\/?cat=1"},"img":{"alt_text":"","src":"https:\/\/i0.wp.com\/www.fabriceeulry-laboutique.com\/blog\/wp-content\/uploads\/2022\/11\/MALI-1.png?resize=350%2C200","width":350,"height":200,"srcset":"https:\/\/i0.wp.com\/www.fabriceeulry-laboutique.com\/blog\/wp-content\/uploads\/2022\/11\/MALI-1.png?resize=350%2C200 1x, https:\/\/i0.wp.com\/www.fabriceeulry-laboutique.com\/blog\/wp-content\/uploads\/2022\/11\/MALI-1.png?resize=525%2C300 1.5x, https:\/\/i0.wp.com\/www.fabriceeulry-laboutique.com\/blog\/wp-content\/uploads\/2022\/11\/MALI-1.png?resize=700%2C400 2x, https:\/\/i0.wp.com\/www.fabriceeulry-laboutique.com\/blog\/wp-content\/uploads\/2022\/11\/MALI-1.png?resize=1050%2C600 3x"},"classes":[]},{"id":12684,"url":"http:\/\/www.fabriceeulry-laboutique.com\/blog\/?p=12684","url_meta":{"origin":13087,"position":2},"title":"CONCERT DE NO\u00cbL \u00c0 MOULINS","author":"Le Canard du pianiste","date":"26 d\u00e9cembre 2022","format":false,"excerpt":"Le th\u00e9\u00e2tre de Moulins vient d'\u00eatre restaur\u00e9 Un temps glac\u00e9 pour un r\u00e9cital givr\u00e9 ! Fabrice Eulry encore plus f\u00e9brile qu'\u00e0 l'accoutum\u00e9e, malgr\u00e9 le match France-Angleterre, s'est jur\u00e9 d'enchanter une salle comble et attentive, d\u00e9j\u00e0 chauff\u00e9e par la po\u00e9tique premi\u00e8re partie du trio de Nathan Mollet ; nous sommes le\u2026","rel":"","context":"Dans &quot;Non class\u00e9&quot;","block_context":{"text":"Non class\u00e9","link":"http:\/\/www.fabriceeulry-laboutique.com\/blog\/?cat=1"},"img":{"alt_text":"","src":"https:\/\/i0.wp.com\/www.fabriceeulry-laboutique.com\/blog\/wp-content\/uploads\/2022\/12\/moulins-theatrepng-scaled.jpg?resize=350%2C200","width":350,"height":200,"srcset":"https:\/\/i0.wp.com\/www.fabriceeulry-laboutique.com\/blog\/wp-content\/uploads\/2022\/12\/moulins-theatrepng-scaled.jpg?resize=350%2C200 1x, https:\/\/i0.wp.com\/www.fabriceeulry-laboutique.com\/blog\/wp-content\/uploads\/2022\/12\/moulins-theatrepng-scaled.jpg?resize=525%2C300 1.5x, https:\/\/i0.wp.com\/www.fabriceeulry-laboutique.com\/blog\/wp-content\/uploads\/2022\/12\/moulins-theatrepng-scaled.jpg?resize=700%2C400 2x, https:\/\/i0.wp.com\/www.fabriceeulry-laboutique.com\/blog\/wp-content\/uploads\/2022\/12\/moulins-theatrepng-scaled.jpg?resize=1050%2C600 3x, https:\/\/i0.wp.com\/www.fabriceeulry-laboutique.com\/blog\/wp-content\/uploads\/2022\/12\/moulins-theatrepng-scaled.jpg?resize=1400%2C800 4x"},"classes":[]},{"id":12233,"url":"http:\/\/www.fabriceeulry-laboutique.com\/blog\/?p=12233","url_meta":{"origin":13087,"position":3},"title":"TOURN\u00c9E DE NO\u00cbL POUR NOS ANCIENS","author":"Le Canard du pianiste","date":"21 d\u00e9cembre 2019","format":false,"excerpt":"La Fondation R\u00e9sonnance permet en ce moment \u00e0 Fabrice Eulry de donner une tourn\u00e9e de No\u00ebl de Paris au midi et du midi \u00e0 Paris. Apr\u00e8s l'Ile de France, l'Aveyron avec Rodez Ici \u00e0 Carmaux, annonc\u00e9 par les panneaux municipaux, L'artiste pr\u00e9sente son r\u00e9pertoire, :Bach (qui d\u00e9cid\u00e9ment s'adapte \u00e0 tout\u2026","rel":"","context":"Dans &quot;Non class\u00e9&quot;","block_context":{"text":"Non class\u00e9","link":"http:\/\/www.fabriceeulry-laboutique.com\/blog\/?cat=1"},"img":{"alt_text":"","src":"https:\/\/i0.wp.com\/www.fabriceeulry-laboutique.com\/blog\/wp-content\/uploads\/2019\/12\/Cramaux2.png?resize=350%2C200","width":350,"height":200,"srcset":"https:\/\/i0.wp.com\/www.fabriceeulry-laboutique.com\/blog\/wp-content\/uploads\/2019\/12\/Cramaux2.png?resize=350%2C200 1x, https:\/\/i0.wp.com\/www.fabriceeulry-laboutique.com\/blog\/wp-content\/uploads\/2019\/12\/Cramaux2.png?resize=525%2C300 1.5x, https:\/\/i0.wp.com\/www.fabriceeulry-laboutique.com\/blog\/wp-content\/uploads\/2019\/12\/Cramaux2.png?resize=700%2C400 2x"},"classes":[]},{"id":4528,"url":"http:\/\/www.fabriceeulry-laboutique.com\/blog\/?p=4528","url_meta":{"origin":13087,"position":4},"title":"UN ECHO DU RECENT CONCERT DE NOEL","author":"Le Canard du pianiste","date":"22 f\u00e9vrier 2014","format":false,"excerpt":"Un \u00e9cho du concert de No\u00ebl dernier donn\u00e9 en soutien \u00e0 : \u00a0 Entrer sur le site en cliquant sur l'image si vous voulez conna\u00eetre la vie de cette \u00e9glise.","rel":"","context":"Dans &quot;Non class\u00e9&quot;","block_context":{"text":"Non class\u00e9","link":"http:\/\/www.fabriceeulry-laboutique.com\/blog\/?cat=1"},"img":{"alt_text":"","src":"https:\/\/i0.wp.com\/www.fabriceeulry-laboutique.com\/blog\/wp-content\/uploads\/2014\/02\/noel.jpg?resize=350%2C200","width":350,"height":200,"srcset":"https:\/\/i0.wp.com\/www.fabriceeulry-laboutique.com\/blog\/wp-content\/uploads\/2014\/02\/noel.jpg?resize=350%2C200 1x, https:\/\/i0.wp.com\/www.fabriceeulry-laboutique.com\/blog\/wp-content\/uploads\/2014\/02\/noel.jpg?resize=525%2C300 1.5x"},"classes":[]},{"id":7940,"url":"http:\/\/www.fabriceeulry-laboutique.com\/blog\/?p=7940","url_meta":{"origin":13087,"position":5},"title":"CREEZ DES EMPLOIS","author":"Le Canard du pianiste","date":"22 d\u00e9cembre 2015","format":false,"excerpt":"\u00a0 Un cadeau fabriqu\u00e9 en France g\u00e9n\u00e8re 3 fois plus d'emplois en France qu'import\u00e9. Cliquez sur la carte pour lire l'article : Il n'y a pas donc de fatalit\u00e9. Il y a surtout une poubelle qui tend les bras \u00e0 notre r\u00e9signation et les bonnes raisons que nous nous donnons\u2026","rel":"","context":"Dans &quot;Non class\u00e9&quot;","block_context":{"text":"Non class\u00e9","link":"http:\/\/www.fabriceeulry-laboutique.com\/blog\/?cat=1"},"img":{"alt_text":"","src":"https:\/\/i0.wp.com\/www.fabriceeulry-laboutique.com\/blog\/wp-content\/uploads\/2015\/12\/made.jpg?resize=350%2C200","width":350,"height":200,"srcset":"https:\/\/i0.wp.com\/www.fabriceeulry-laboutique.com\/blog\/wp-content\/uploads\/2015\/12\/made.jpg?resize=350%2C200 1x, https:\/\/i0.wp.com\/www.fabriceeulry-laboutique.com\/blog\/wp-content\/uploads\/2015\/12\/made.jpg?resize=525%2C300 1.5x"},"classes":[]}],"_links":{"self":[{"href":"http:\/\/www.fabriceeulry-laboutique.com\/blog\/index.php?rest_route=\/wp\/v2\/posts\/13087","targetHints":{"allow":["GET"]}}],"collection":[{"href":"http:\/\/www.fabriceeulry-laboutique.com\/blog\/index.php?rest_route=\/wp\/v2\/posts"}],"about":[{"href":"http:\/\/www.fabriceeulry-laboutique.com\/blog\/index.php?rest_route=\/wp\/v2\/types\/post"}],"author":[{"embeddable":true,"href":"http:\/\/www.fabriceeulry-laboutique.com\/blog\/index.php?rest_route=\/wp\/v2\/users\/2"}],"replies":[{"embeddable":true,"href":"http:\/\/www.fabriceeulry-laboutique.com\/blog\/index.php?rest_route=%2Fwp%2Fv2%2Fcomments&post=13087"}],"version-history":[{"count":1,"href":"http:\/\/www.fabriceeulry-laboutique.com\/blog\/index.php?rest_route=\/wp\/v2\/posts\/13087\/revisions"}],"predecessor-version":[{"id":13089,"href":"http:\/\/www.fabriceeulry-laboutique.com\/blog\/index.php?rest_route=\/wp\/v2\/posts\/13087\/revisions\/13089"}],"wp:attachment":[{"href":"http:\/\/www.fabriceeulry-laboutique.com\/blog\/index.php?rest_route=%2Fwp%2Fv2%2Fmedia&parent=13087"}],"wp:term":[{"taxonomy":"category","embeddable":true,"href":"http:\/\/www.fabriceeulry-laboutique.com\/blog\/index.php?rest_route=%2Fwp%2Fv2%2Fcategories&post=13087"},{"taxonomy":"post_tag","embeddable":true,"href":"http:\/\/www.fabriceeulry-laboutique.com\/blog\/index.php?rest_route=%2Fwp%2Fv2%2Ftags&post=13087"}],"curies":[{"name":"wp","href":"https:\/\/api.w.org\/{rel}","templated":true}]}}