{"id":13093,"date":"2024-11-16T03:10:00","date_gmt":"2024-11-16T03:10:00","guid":{"rendered":"http:\/\/www.fabriceeulry-laboutique.com\/blog\/?p=13093"},"modified":"2024-12-06T14:21:43","modified_gmt":"2024-12-06T14:21:43","slug":"jacky-milliet-a-joue-jusqua-92-ans","status":"publish","type":"post","link":"http:\/\/www.fabriceeulry-laboutique.com\/blog\/?p=13093","title":{"rendered":"JACKY MILLIET A JOU\u00c9 JUSQU&rsquo;\u00c0 92 ANS"},"content":{"rendered":"\n<p><strong>Un t\u00e9moignage de Fabrice Eulry :<\/strong><\/p>\n\n\n\n<p class=\"has-text-align-center\"><strong>Le clarinettiste suisse, parfois mon chef d&rsquo;orchestre, parfois mon compagnon de route en duo, et toujours mon ami, vient de tirer sa r\u00e9v\u00e9rence apr\u00e8s une carri\u00e8re incroyable. Songez que j&rsquo;\u00e9cris cela en 2024 alors qu&rsquo;il a jou\u00e9 et enregistr\u00e9 avec les fondateurs de la musique Nouvelle-Orl\u00e9ans<\/strong> :<\/p>\n\n\n\n<p class=\"has-text-align-center\"><strong>Bill Coleman,<\/strong> <strong>Mezz Mezzrow ou Albert Nicholas, en passant par Barney Bigard, Ed Hubbles et Benny Waters (lui-m\u00eame musicien de King Oliver : King Oliver c&rsquo;\u00e9tait avant Louis Armstrong !) tous ces pionniers&#8230; dont Jacky Milliet connaissait tr\u00e8s bien la musique. <\/strong><\/p>\n\n\n\n<figure class=\"wp-block-image size-large is-resized\"><img data-recalc-dims=\"1\" loading=\"lazy\" decoding=\"async\" src=\"https:\/\/i0.wp.com\/www.fabriceeulry-laboutique.com\/blog\/wp-content\/uploads\/2024\/11\/MilEul2006-11-11-014.jpg?resize=398%2C600\" alt=\"\" class=\"wp-image-13094\" width=\"398\" height=\"600\" srcset=\"https:\/\/i0.wp.com\/www.fabriceeulry-laboutique.com\/blog\/wp-content\/uploads\/2024\/11\/MilEul2006-11-11-014.jpg?w=398 398w, https:\/\/i0.wp.com\/www.fabriceeulry-laboutique.com\/blog\/wp-content\/uploads\/2024\/11\/MilEul2006-11-11-014.jpg?resize=199%2C300 199w, https:\/\/i0.wp.com\/www.fabriceeulry-laboutique.com\/blog\/wp-content\/uploads\/2024\/11\/MilEul2006-11-11-014.jpg?resize=300%2C452 300w\" sizes=\"auto, (max-width: 398px) 100vw, 398px\" \/><figcaption>Ici \u00e0 Fayence sur la C\u00f4te d&rsquo;Azur en 2010. cr\u00e9dit : G\u00e9rard Demonchy<\/figcaption><\/figure>\n\n\n\n<p class=\"has-text-align-center\"><strong>Tr\u00e8s influenc\u00e9 par Georges Lewis, Jacky Milliet jouait sans partition (bien qu&rsquo;ayant appris le solf\u00e8ge dans ses jeunes ann\u00e9es comme tous les Suisses et les Germains dans des harmonies municipales, lien social de bourgs) mais surtout, c&rsquo;est un des derniers musiciens qui jouait le Nouvelle-Orl\u00e9ans \u00e0 l&rsquo;ancienne, c&rsquo;est \u00e0 dire sans m\u00eame prendre connaissance des grilles d&rsquo;harmonie. Le \u00ab\u00a0tout \u00e0 la feuille\u00a0\u00bb qui frotte parfois, mais devient g\u00e9nial de spontan\u00e9it\u00e9 quand \u00e7a passe.<\/strong><\/p>\n\n\n\n<div class=\"wp-block-image\"><figure class=\"aligncenter size-large\"><img data-recalc-dims=\"1\" loading=\"lazy\" decoding=\"async\" width=\"398\" height=\"600\" src=\"https:\/\/i0.wp.com\/www.fabriceeulry-laboutique.com\/blog\/wp-content\/uploads\/2024\/12\/MilEul2006-11-11-012.jpg?resize=398%2C600\" alt=\"\" class=\"wp-image-13160\" srcset=\"https:\/\/i0.wp.com\/www.fabriceeulry-laboutique.com\/blog\/wp-content\/uploads\/2024\/12\/MilEul2006-11-11-012.jpg?w=398 398w, https:\/\/i0.wp.com\/www.fabriceeulry-laboutique.com\/blog\/wp-content\/uploads\/2024\/12\/MilEul2006-11-11-012.jpg?resize=199%2C300 199w, https:\/\/i0.wp.com\/www.fabriceeulry-laboutique.com\/blog\/wp-content\/uploads\/2024\/12\/MilEul2006-11-11-012.jpg?resize=300%2C452 300w\" sizes=\"auto, (max-width: 398px) 100vw, 398px\" \/><\/figure><\/div>\n\n\n\n<p class=\"has-text-align-center\"><strong>Tout a \u00e9t\u00e9 \u00e9crit sur son \u00e9pop\u00e9e musicale avec les pionniers, et je vous renvoie aux nombreux entretiens qu&rsquo;il a patiemment accord\u00e9s \u00e0 ce sujet. Mais moi dans le fond, je sais que m\u00eame s&rsquo;il n&rsquo;a jamais rien r\u00e9clam\u00e9 pour lui-m\u00eame, il aurait aim\u00e9 qu&rsquo;on l&rsquo;interroge un peu plus sur ses projets musicaux personnels au lieu de se focaliser uniquement sur la l\u00e9gende de cette musique dont il fut \u00e0 la fois t\u00e9moin, acteur, et relais.<\/strong> <strong>C&rsquo;est pourquoi je vous livrerai quelques anecdotes plus personnelles sur sa propre carri\u00e8re.<\/strong><\/p>\n\n\n\n<figure class=\"wp-block-image size-large\"><img data-recalc-dims=\"1\" loading=\"lazy\" decoding=\"async\" width=\"600\" height=\"421\" src=\"https:\/\/i0.wp.com\/www.fabriceeulry-laboutique.com\/blog\/wp-content\/uploads\/2024\/12\/MilEul2006-11-11-024-1.jpg?resize=600%2C421\" alt=\"\" class=\"wp-image-13155\" srcset=\"https:\/\/i0.wp.com\/www.fabriceeulry-laboutique.com\/blog\/wp-content\/uploads\/2024\/12\/MilEul2006-11-11-024-1.jpg?w=600 600w, https:\/\/i0.wp.com\/www.fabriceeulry-laboutique.com\/blog\/wp-content\/uploads\/2024\/12\/MilEul2006-11-11-024-1.jpg?resize=300%2C211 300w\" sizes=\"auto, (max-width: 600px) 100vw, 600px\" \/><figcaption>\u00ab\u00a0Inutile de vous dire quel plaisir nous avons \u00e0 jouer pour vous ce soir\u00a0\u00bb \u00e9tait la phrase rituelle mais \u00e0 chaque fois bien ressentie, qui d\u00e9marrait sa pr\u00e9sentation. <\/figcaption><\/figure>\n\n\n\n<p class=\"has-text-align-center\"><strong>En 1995 Jacky Milliet vint \u00e0 Paris jouer au fameux Slow-club, dancing de la Rue de Rivoli, dans lequel je jouais aussi r\u00e9guli\u00e8rement sous mon nom ou comme accompagnateur. \u00c0 cette \u00e9poque, Jacky avait une formation sans pianiste. Gr\u00e2ce \u00e0 Enzo Mucci qui \u00e9tait son bassiste et nous pr\u00e9senta, Jacky eut l&rsquo;id\u00e9e d&rsquo;en int\u00e9grer \u00e0 nouveau un apr\u00e8s que j&rsquo;eus improvis\u00e9 avec eux.<\/strong><\/p>\n\n\n\n<p class=\"has-text-align-center\"><strong>\u00c0 partir de l\u00e0, nous jou\u00e2mes r\u00e9guli\u00e8rement 25 ans ensemble<\/strong><\/p>\n\n\n\n<p class=\"has-text-align-center\"><strong>Notable tr\u00e8s en vue (il tenait une pharmacie de famille d&rsquo;une grande r\u00e9putation) Jacky Milliet n&rsquo;a jamais v\u00e9cu de sa musique : pour autant plus d&rsquo;un musicien professionnel et plus d&rsquo;un chef d&rsquo;orchestre pouvait apprendre de sa rigueur, de son sens de l&rsquo;organisation, et de son humanit\u00e9. Malgr\u00e9 cette notabilit\u00e9 qui aurait pu l&#8217;embourgeoiser, il sortait constamment de la zone de confort qu&rsquo;elle lui procurait, et bien que p\u00e9tri de trac, il n&rsquo;h\u00e9sitait ni \u00e0 risquer sa r\u00e9putation devant sa classe sociale, ni \u00e0 accepter d&rsquo;aller porter la bonne parole musicale au fin fond de lieux improbables lorsque je le lui proposais !<\/strong> <\/p>\n\n\n\n<figure class=\"wp-block-image size-large\"><img data-recalc-dims=\"1\" loading=\"lazy\" decoding=\"async\" width=\"600\" height=\"423\" src=\"https:\/\/i0.wp.com\/www.fabriceeulry-laboutique.com\/blog\/wp-content\/uploads\/2024\/12\/MilEul2006-11-11-022.jpg?resize=600%2C423\" alt=\"\" class=\"wp-image-13157\" srcset=\"https:\/\/i0.wp.com\/www.fabriceeulry-laboutique.com\/blog\/wp-content\/uploads\/2024\/12\/MilEul2006-11-11-022.jpg?w=600 600w, https:\/\/i0.wp.com\/www.fabriceeulry-laboutique.com\/blog\/wp-content\/uploads\/2024\/12\/MilEul2006-11-11-022.jpg?resize=300%2C212 300w\" sizes=\"auto, (max-width: 600px) 100vw, 600px\" \/><figcaption>Jacky Milliet en 2010 \u00e0 Fayence avec Fabrice Eulry et Gabriel Equerre.<\/figcaption><\/figure>\n\n\n\n<p class=\"has-text-align-center\"><strong>Au milieu de ces g\u00e9nies de la Nouvelle-Orl\u00e9ans et de tant d&rsquo;orchestres europ\u00e9ens qui tentaient de suivre leur voie avec passion, comment trouver la sienne ? En bon chef d&rsquo;orchestre dandy, Jacky Milliet eut l&rsquo;intelligence de bien s&rsquo;entourer et de trouver sa voie dans un style tr\u00e8s musicalement esth\u00e9tique, inspir\u00e9 par la d\u00e9marche d&rsquo;autres solistes et chefs du vieux continent comme les Anglais Chris Barber et Monty Sunshine, ou les Fran\u00e7ais Claude Luther, Marc Laferri\u00e8re ou Maxime Saury, avec des compositions personnelles tr\u00e8s m\u00e9lodiques, ou des reprises de chansons fran\u00e7aises qu&rsquo;il faisait swinguer.<\/strong> <\/p>\n\n\n\n<div class=\"wp-block-image\"><figure class=\"aligncenter size-large\"><img data-recalc-dims=\"1\" loading=\"lazy\" decoding=\"async\" width=\"398\" height=\"600\" src=\"https:\/\/i0.wp.com\/www.fabriceeulry-laboutique.com\/blog\/wp-content\/uploads\/2024\/12\/MilEul2006-11-11-013.jpg?resize=398%2C600\" alt=\"\" class=\"wp-image-13159\" srcset=\"https:\/\/i0.wp.com\/www.fabriceeulry-laboutique.com\/blog\/wp-content\/uploads\/2024\/12\/MilEul2006-11-11-013.jpg?w=398 398w, https:\/\/i0.wp.com\/www.fabriceeulry-laboutique.com\/blog\/wp-content\/uploads\/2024\/12\/MilEul2006-11-11-013.jpg?resize=199%2C300 199w, https:\/\/i0.wp.com\/www.fabriceeulry-laboutique.com\/blog\/wp-content\/uploads\/2024\/12\/MilEul2006-11-11-013.jpg?resize=300%2C452 300w\" sizes=\"auto, (max-width: 398px) 100vw, 398px\" \/><\/figure><\/div>\n\n\n\n<p class=\"has-text-align-center\"><strong>Je me fis un plaisir d&rsquo;en orchestrer sur nos albums&#8230;<\/strong> <strong>Pratiquant moi-m\u00eame la clarinette, et en connaissant un peu les ressources, nos nombreuses heures de duo finirent (parfois) par me donner d&rsquo;anticiper son phras\u00e9 de mani\u00e8re \u00e0 en trouver spontan\u00e9ment le contrepoint ; un jeu auquel je me pr\u00eatais avec malice et qui le faisait rire ! Un stade de complicit\u00e9 qui pouvait parfois faire croire au public que tout \u00e9tait r\u00e9p\u00e9t\u00e9<\/strong>.<\/p>\n\n\n\n<p class=\"has-text-align-center\"><strong>Jacky avait une classe \u00e0 la Roger Moore. De passage \u00e0 Paris pour jouer au Caveau de La Huchette avec son orchestre, il vint jouer quelques morceaux avec moi alors que j&rsquo;officiais au George V : la direction me demanda tout de suite de l&rsquo;engager en me disant que \u00ab\u00a0lui et sa musique collent parfaitement avec le d\u00e9cor\u00a0\u00bb !<\/strong><\/p>\n\n\n\n<div class=\"wp-block-image\"><figure class=\"aligncenter size-large\"><img data-recalc-dims=\"1\" loading=\"lazy\" decoding=\"async\" width=\"398\" height=\"600\" src=\"https:\/\/i0.wp.com\/www.fabriceeulry-laboutique.com\/blog\/wp-content\/uploads\/2024\/12\/MilEul2006-11-11-014.jpg?resize=398%2C600\" alt=\"\" class=\"wp-image-13153\" srcset=\"https:\/\/i0.wp.com\/www.fabriceeulry-laboutique.com\/blog\/wp-content\/uploads\/2024\/12\/MilEul2006-11-11-014.jpg?w=398 398w, https:\/\/i0.wp.com\/www.fabriceeulry-laboutique.com\/blog\/wp-content\/uploads\/2024\/12\/MilEul2006-11-11-014.jpg?resize=199%2C300 199w, https:\/\/i0.wp.com\/www.fabriceeulry-laboutique.com\/blog\/wp-content\/uploads\/2024\/12\/MilEul2006-11-11-014.jpg?resize=300%2C452 300w\" sizes=\"auto, (max-width: 398px) 100vw, 398px\" \/><\/figure><\/div>\n\n\n\n<p class=\"has-text-align-center\"><strong>En 2012 -nous avions d\u00e9j\u00e0 4 ou 5 albums en commun, je lui proposais de produire un nouveau disque : \u00ab\u00a0Je vais avoir 80 ans, est-ce que cela a encore du sens ?\u00a0\u00bb me r\u00e9pliqua-t-il, toujours \u00e9l\u00e9gamment en retrait. <\/strong><\/p>\n\n\n\n<div class=\"wp-block-image\"><figure class=\"aligncenter size-large\"><img data-recalc-dims=\"1\" loading=\"lazy\" decoding=\"async\" width=\"398\" height=\"600\" src=\"https:\/\/i0.wp.com\/www.fabriceeulry-laboutique.com\/blog\/wp-content\/uploads\/2024\/12\/MilEul2006-11-11-019.jpg?resize=398%2C600\" alt=\"\" class=\"wp-image-13158\" srcset=\"https:\/\/i0.wp.com\/www.fabriceeulry-laboutique.com\/blog\/wp-content\/uploads\/2024\/12\/MilEul2006-11-11-019.jpg?w=398 398w, https:\/\/i0.wp.com\/www.fabriceeulry-laboutique.com\/blog\/wp-content\/uploads\/2024\/12\/MilEul2006-11-11-019.jpg?resize=199%2C300 199w, https:\/\/i0.wp.com\/www.fabriceeulry-laboutique.com\/blog\/wp-content\/uploads\/2024\/12\/MilEul2006-11-11-019.jpg?resize=300%2C452 300w\" sizes=\"auto, (max-width: 398px) 100vw, 398px\" \/><\/figure><\/div>\n\n\n\n<p class=\"has-text-align-center\"><strong>J&rsquo;insistais et cela donna l&rsquo;album : Escapade symphonique. M\u00eame si nos concerts s&rsquo;espac\u00e8rent un peu dans les ann\u00e9es 2010, nous jou\u00e2mes r\u00e9guli\u00e8rement jusqu&rsquo;\u00e0 l&rsquo;\u00e8re covidique. Suite \u00e0 quoi ses apparitions sur sc\u00e8ne se sont rar\u00e9fi\u00e9es, mais il m&rsquo;\u00e9crivit lors de notre \u00e9change de voeux d\u00e9but 2023 qu&rsquo;il avait jou\u00e9 pr\u00e8s de chez lui pour No\u00ebl.<\/strong><\/p>\n\n\n\n<div class=\"wp-block-image\"><figure class=\"aligncenter size-large\"><img data-recalc-dims=\"1\" loading=\"lazy\" decoding=\"async\" width=\"407\" height=\"666\" src=\"https:\/\/i0.wp.com\/www.fabriceeulry-laboutique.com\/blog\/wp-content\/uploads\/2015\/04\/conf-5-.jpg?resize=407%2C666\" alt=\"\" class=\"wp-image-6814\" srcset=\"https:\/\/i0.wp.com\/www.fabriceeulry-laboutique.com\/blog\/wp-content\/uploads\/2015\/04\/conf-5-.jpg?w=407 407w, https:\/\/i0.wp.com\/www.fabriceeulry-laboutique.com\/blog\/wp-content\/uploads\/2015\/04\/conf-5-.jpg?resize=183%2C300 183w\" sizes=\"auto, (max-width: 407px) 100vw, 407px\" \/><figcaption>Ici \u00e0 Morges en conf\u00e9rence sur le swing, avec Fabrice Eulry<\/figcaption><\/figure><\/div>\n","protected":false},"excerpt":{"rendered":"<p>Un t\u00e9moignage de Fabrice Eulry : Le clarinettiste suisse, parfois mon chef d&rsquo;orchestre, parfois mon compagnon de route en duo, et toujours mon ami, vient de tirer sa r\u00e9v\u00e9rence apr\u00e8s une carri\u00e8re incroyable. Songez que j&rsquo;\u00e9cris cela en 2024 alors &hellip; <a href=\"http:\/\/www.fabriceeulry-laboutique.com\/blog\/?p=13093\">Continuer la lecture <span class=\"meta-nav\">&rarr;<\/span><\/a><\/p>\n","protected":false},"author":2,"featured_media":0,"comment_status":"open","ping_status":"open","sticky":false,"template":"","format":"standard","meta":{"jetpack_post_was_ever_published":false,"_jetpack_newsletter_access":"","_jetpack_dont_email_post_to_subs":false,"_jetpack_newsletter_tier_id":0,"_jetpack_memberships_contains_paywalled_content":false,"_jetpack_memberships_contains_paid_content":false,"footnotes":"","jetpack_publicize_message":"","jetpack_publicize_feature_enabled":true,"jetpack_social_post_already_shared":true,"jetpack_social_options":{"image_generator_settings":{"template":"highway","default_image_id":0,"font":"","enabled":false},"version":2}},"categories":[1],"tags":[],"class_list":["post-13093","post","type-post","status-publish","format-standard","hentry","category-non-classe"],"jetpack_publicize_connections":[],"jetpack_featured_media_url":"","jetpack_sharing_enabled":true,"jetpack_shortlink":"https:\/\/wp.me\/p2D6dI-3pb","jetpack_likes_enabled":true,"jetpack-related-posts":[{"id":7917,"url":"http:\/\/www.fabriceeulry-laboutique.com\/blog\/?p=7917","url_meta":{"origin":13093,"position":0},"title":"CONFERENCE-CONCERT","author":"Le Canard du pianiste","date":"11 d\u00e9cembre 2015","format":false,"excerpt":"Une conf\u00e9rence-concert sera donn\u00e9e gracieusement \u00e0 la Fondation R\u00e9sonnance de Morges : Le dimanche 13 d\u00e9cembre 2015 \u00e0 18h00 la Fondation R\u00e9sonnance\u00a0pr\u00e9sente une conf\u00e9rence-concert sur le swing anim\u00e9e par Jacky Milliet et Fabrice Eulry. Ils \u00e9voqueront en musique et par un expos\u00e9, l'histoire du swing, et sa nature rythmique, le\u2026","rel":"","context":"Dans &quot;Non class\u00e9&quot;","block_context":{"text":"Non class\u00e9","link":"http:\/\/www.fabriceeulry-laboutique.com\/blog\/?cat=1"},"img":{"alt_text":"","src":"https:\/\/i0.wp.com\/www.fabriceeulry-laboutique.com\/blog\/wp-content\/uploads\/2015\/04\/conf-5-.jpg?resize=350%2C200","width":350,"height":200},"classes":[]},{"id":8893,"url":"http:\/\/www.fabriceeulry-laboutique.com\/blog\/?p=8893","url_meta":{"origin":13093,"position":1},"title":"CONFERENCE CONCERT SUR LE SWING","author":"Le Canard du pianiste","date":"15 octobre 2016","format":false,"excerpt":"Le dimanche 13 d\u00e9cembre 2015 \u00e0 18h00 la Fondation R\u00e9sonnance\u00a0a pr\u00e9sent\u00e9 une conf\u00e9rence-concert sur le swing anim\u00e9e par Fabrice Eulry et Jacky Milliet. https:\/\/www.youtube.com\/watch?v=I_QVYaSTAdA Fabrice Eulry commence en donnant un descriptif du swing en temps que forme \u00a0rythmique, puis en temps que courant musical dans ses aspects historiques, \u00e9conomiques, et\u2026","rel":"","context":"Dans &quot;Non class\u00e9&quot;","block_context":{"text":"Non class\u00e9","link":"http:\/\/www.fabriceeulry-laboutique.com\/blog\/?cat=1"},"img":{"alt_text":"","src":"https:\/\/i0.wp.com\/fabriceeulryunblogfr.unblog.fr\/files\/2010\/09\/millietenfinesse.jpg?resize=350%2C200","width":350,"height":200,"srcset":"https:\/\/i0.wp.com\/fabriceeulryunblogfr.unblog.fr\/files\/2010\/09\/millietenfinesse.jpg?resize=350%2C200 1x, https:\/\/i0.wp.com\/fabriceeulryunblogfr.unblog.fr\/files\/2010\/09\/millietenfinesse.jpg?resize=525%2C300 1.5x"},"classes":[]},{"id":6807,"url":"http:\/\/www.fabriceeulry-laboutique.com\/blog\/?p=6807","url_meta":{"origin":13093,"position":2},"title":"CONFERENCE-CONCERT SUR LE BLUES","author":"Le Canard du pianiste","date":"29 avril 2015","format":false,"excerpt":"Le mardi 28 avril 2015, la Fondation R\u00e9sonnance a pr\u00e9sent\u00e9 une conf\u00e9rence-concert-d\u00e9bat sur le blues donn\u00e9e par Jacky Milliet et Fabrice Eulry. Jacky Milliet \u00e9voque le bouillon de culture louisianais et quelques anecdotes sur les pionniers du blues de la Nouvelle Orl\u00e9ans.\u00a0 \u00a0 Le blues illustr\u00e9 en musique avec Tin\u2026","rel":"","context":"Dans &quot;Non class\u00e9&quot;","block_context":{"text":"Non class\u00e9","link":"http:\/\/www.fabriceeulry-laboutique.com\/blog\/?cat=1"},"img":{"alt_text":"","src":"https:\/\/i0.wp.com\/www.fabriceeulry-laboutique.com\/blog\/wp-content\/uploads\/2015\/04\/conf-5-.jpg?resize=350%2C200","width":350,"height":200},"classes":[]},{"id":8881,"url":"http:\/\/www.fabriceeulry-laboutique.com\/blog\/?p=8881","url_meta":{"origin":13093,"position":3},"title":"CONF\u00c9RENCE-CONCERT SUR LE RAGTIME","author":"Le Canard du pianiste","date":"11 octobre 2016","format":false,"excerpt":"Tr\u00e8s prochainement le Canard du pianiste publiera la vid\u00e9o d'une conf\u00e9rence-concert qui a \u00e9t\u00e9 donn\u00e9e gracieusement \u00e0 la Fondation R\u00e9sonnance de Morges : Le 25 mai 2016 la Fondation R\u00e9sonnance\u00a0a pr\u00e9sent\u00e9 une conf\u00e9rence-concert sur le Ragtime anim\u00e9e par Jacky Milliet et Fabrice Eulry. Ils ont \u00e9voqu\u00e9 en musique et par\u2026","rel":"","context":"Dans &quot;Non class\u00e9&quot;","block_context":{"text":"Non class\u00e9","link":"http:\/\/www.fabriceeulry-laboutique.com\/blog\/?cat=1"},"img":{"alt_text":"","src":"https:\/\/i0.wp.com\/www.fabriceeulry-laboutique.com\/blog\/wp-content\/uploads\/2015\/04\/conf-.3-1.jpg?resize=350%2C200","width":350,"height":200,"srcset":"https:\/\/i0.wp.com\/www.fabriceeulry-laboutique.com\/blog\/wp-content\/uploads\/2015\/04\/conf-.3-1.jpg?resize=350%2C200 1x, https:\/\/i0.wp.com\/www.fabriceeulry-laboutique.com\/blog\/wp-content\/uploads\/2015\/04\/conf-.3-1.jpg?resize=525%2C300 1.5x, https:\/\/i0.wp.com\/www.fabriceeulry-laboutique.com\/blog\/wp-content\/uploads\/2015\/04\/conf-.3-1.jpg?resize=700%2C400 2x, https:\/\/i0.wp.com\/www.fabriceeulry-laboutique.com\/blog\/wp-content\/uploads\/2015\/04\/conf-.3-1.jpg?resize=1050%2C600 3x"},"classes":[]},{"id":2279,"url":"http:\/\/www.fabriceeulry-laboutique.com\/blog\/?p=2279","url_meta":{"origin":13093,"position":4},"title":"JACKY MILLIET ET FABRICE EULRY : CLARINETTE ET PIANO EN PLEIN AIR","author":"Le Canard du pianiste","date":"6 mars 2013","format":false,"excerpt":"Un article de Michel Bedin que nous remercions pour ses photos. Samedi 25 juin 2011 Le festival des Couleurs du jazz, \u00e0 Corbeil-Essonnes, qui se d\u00e9roule du 11 juin au 3 juillet (www.corbeilessonnesjazzfestival.com) est ... Reprise apr\u00e8s le repas (je vous conseille la pastilla du Ouarzazate, deux rues \u00e0 c\u00f4t\u00e9)\u2026","rel":"","context":"Dans &quot;Non class\u00e9&quot;","block_context":{"text":"Non class\u00e9","link":"http:\/\/www.fabriceeulry-laboutique.com\/blog\/?cat=1"},"img":{"alt_text":"corbeil-1","src":"https:\/\/i0.wp.com\/www.on-mag.fr\/images\/stories\/2011\/07\/corbeil-1.jpg?resize=350%2C200","width":350,"height":200,"srcset":"https:\/\/i0.wp.com\/www.on-mag.fr\/images\/stories\/2011\/07\/corbeil-1.jpg?resize=350%2C200 1x, https:\/\/i0.wp.com\/www.on-mag.fr\/images\/stories\/2011\/07\/corbeil-1.jpg?resize=525%2C300 1.5x"},"classes":[]},{"id":4962,"url":"http:\/\/www.fabriceeulry-laboutique.com\/blog\/?p=4962","url_meta":{"origin":13093,"position":5},"title":"FESTIVAL DE DECAZEVILLE (COMPTE-RENDU)","author":"Le Canard du pianiste","date":"28 juin 2014","format":false,"excerpt":"\u00a0\"Je jouais \u00e0 DECAZEVILLE pour la dixi\u00e8me fois depuis 1994 ! Mais quand on aime... Et voici le programme ! \u00a0Jacky Milliet souffrant a d\u00e9clar\u00e9 forfait (rassurez-vous rien de grave les nouvelles sont bonnes). Je me retrouvai donc seul \u00e0 occuper la sc\u00e8ne apr\u00e8s les deux premiers groupes. \u00a0700 personnes\u2026","rel":"","context":"Dans &quot;Non class\u00e9&quot;","block_context":{"text":"Non class\u00e9","link":"http:\/\/www.fabriceeulry-laboutique.com\/blog\/?cat=1"},"img":{"alt_text":"","src":"https:\/\/i0.wp.com\/www.fabriceeulry-laboutique.com\/blog\/wp-content\/uploads\/2014\/05\/Deca-2.jpg?resize=350%2C200","width":350,"height":200,"srcset":"https:\/\/i0.wp.com\/www.fabriceeulry-laboutique.com\/blog\/wp-content\/uploads\/2014\/05\/Deca-2.jpg?resize=350%2C200 1x, https:\/\/i0.wp.com\/www.fabriceeulry-laboutique.com\/blog\/wp-content\/uploads\/2014\/05\/Deca-2.jpg?resize=525%2C300 1.5x, https:\/\/i0.wp.com\/www.fabriceeulry-laboutique.com\/blog\/wp-content\/uploads\/2014\/05\/Deca-2.jpg?resize=700%2C400 2x, https:\/\/i0.wp.com\/www.fabriceeulry-laboutique.com\/blog\/wp-content\/uploads\/2014\/05\/Deca-2.jpg?resize=1050%2C600 3x"},"classes":[]}],"_links":{"self":[{"href":"http:\/\/www.fabriceeulry-laboutique.com\/blog\/index.php?rest_route=\/wp\/v2\/posts\/13093","targetHints":{"allow":["GET"]}}],"collection":[{"href":"http:\/\/www.fabriceeulry-laboutique.com\/blog\/index.php?rest_route=\/wp\/v2\/posts"}],"about":[{"href":"http:\/\/www.fabriceeulry-laboutique.com\/blog\/index.php?rest_route=\/wp\/v2\/types\/post"}],"author":[{"embeddable":true,"href":"http:\/\/www.fabriceeulry-laboutique.com\/blog\/index.php?rest_route=\/wp\/v2\/users\/2"}],"replies":[{"embeddable":true,"href":"http:\/\/www.fabriceeulry-laboutique.com\/blog\/index.php?rest_route=%2Fwp%2Fv2%2Fcomments&post=13093"}],"version-history":[{"count":5,"href":"http:\/\/www.fabriceeulry-laboutique.com\/blog\/index.php?rest_route=\/wp\/v2\/posts\/13093\/revisions"}],"predecessor-version":[{"id":13161,"href":"http:\/\/www.fabriceeulry-laboutique.com\/blog\/index.php?rest_route=\/wp\/v2\/posts\/13093\/revisions\/13161"}],"wp:attachment":[{"href":"http:\/\/www.fabriceeulry-laboutique.com\/blog\/index.php?rest_route=%2Fwp%2Fv2%2Fmedia&parent=13093"}],"wp:term":[{"taxonomy":"category","embeddable":true,"href":"http:\/\/www.fabriceeulry-laboutique.com\/blog\/index.php?rest_route=%2Fwp%2Fv2%2Fcategories&post=13093"},{"taxonomy":"post_tag","embeddable":true,"href":"http:\/\/www.fabriceeulry-laboutique.com\/blog\/index.php?rest_route=%2Fwp%2Fv2%2Ftags&post=13093"}],"curies":[{"name":"wp","href":"https:\/\/api.w.org\/{rel}","templated":true}]}}