{"id":13169,"date":"2025-01-22T19:20:43","date_gmt":"2025-01-22T19:20:43","guid":{"rendered":"http:\/\/www.fabriceeulry-laboutique.com\/blog\/?p=13169"},"modified":"2025-01-23T16:02:51","modified_gmt":"2025-01-23T16:02:51","slug":"video-concert-a-moscou-2018","status":"publish","type":"post","link":"http:\/\/www.fabriceeulry-laboutique.com\/blog\/?p=13169","title":{"rendered":"VID\u00c9O : CONCERT \u00c0 MOSCOU (2018)"},"content":{"rendered":"\n<figure class=\"wp-block-embed is-type-video is-provider-youtube wp-block-embed-youtube wp-embed-aspect-16-9 wp-has-aspect-ratio\"><div class=\"wp-block-embed__wrapper\">\n<span class=\"embed-youtube\" style=\"text-align:center; display: block;\"><iframe loading=\"lazy\" class=\"youtube-player\" width=\"640\" height=\"360\" src=\"https:\/\/www.youtube.com\/embed\/MLAwEb_XLOQ?version=3&#038;rel=1&#038;showsearch=0&#038;showinfo=1&#038;iv_load_policy=1&#038;fs=1&#038;hl=fr-FR&#038;autohide=2&#038;wmode=transparent\" allowfullscreen=\"true\" style=\"border:0;\" sandbox=\"allow-scripts allow-same-origin allow-popups allow-presentation allow-popups-to-escape-sandbox\"><\/iframe><\/span>\n<\/div><\/figure>\n\n\n\n<figure class=\"wp-block-image size-full\"><a href=\"https:\/\/i0.wp.com\/www.fabriceeulry-laboutique.com\/blog\/wp-content\/uploads\/2018\/05\/Conservatoire-3png.png\"><img data-recalc-dims=\"1\" loading=\"lazy\" decoding=\"async\" width=\"640\" height=\"477\" src=\"https:\/\/i0.wp.com\/www.fabriceeulry-laboutique.com\/blog\/wp-content\/uploads\/2018\/05\/Conservatoire-3png.png?resize=640%2C477\" alt=\"\" class=\"wp-image-10689\" srcset=\"https:\/\/i0.wp.com\/www.fabriceeulry-laboutique.com\/blog\/wp-content\/uploads\/2018\/05\/Conservatoire-3png.png?w=971 971w, https:\/\/i0.wp.com\/www.fabriceeulry-laboutique.com\/blog\/wp-content\/uploads\/2018\/05\/Conservatoire-3png.png?resize=300%2C224 300w, https:\/\/i0.wp.com\/www.fabriceeulry-laboutique.com\/blog\/wp-content\/uploads\/2018\/05\/Conservatoire-3png.png?resize=768%2C573 768w\" sizes=\"auto, (max-width: 640px) 100vw, 640px\" \/><\/a><\/figure>\n\n\n\n<p><strong>Remerciements de Fabrice EULRY dans l&rsquo;ordre de la galerie de photos ci-dessous : <\/strong><\/p>\n\n\n\n<ul class=\"wp-block-list\">\n<li><strong>\u00c0 Victoria Kimenko, ma m\u00e9c\u00e8ne sur cet \u00e9v\u00e8nement plein d&rsquo;\u00e9motions.<\/strong><\/li>\n\n\n\n<li><strong>\u00c0 Milana Volodtchenko coordonnatrice du projet<\/strong>&#8230; <strong>dossiers, traductions et un mois de n\u00e9gociation<\/strong>.<\/li>\n\n\n\n<li><strong>Au saxophoniste Igor Butman<\/strong> <strong>(et son public)<\/strong>, <strong>premier initiateur<\/strong> <strong>et d\u00e9cisionnaire final.<\/strong><\/li>\n\n\n\n<li><strong>Au violoncelliste<\/strong> <strong>Arseniy Chubachin<\/strong> <strong>proposant un r\u00e9pertoire de Chostakovitch ou de Piazolla avec un ensemble de cordes<\/strong>, <strong>et intercesseur aupr\u00e8s de M.Butman.<\/strong><\/li>\n\n\n\n<li><strong>\u00c0 Francis Hachem pour la photo ci-dessus et \u00e0 Emil Matveev pour les photos ci-dessous<\/strong>.<\/li>\n<\/ul>\n\n\n\n<figure class=\"wp-block-gallery has-nested-images columns-default is-cropped wp-block-gallery-1 is-layout-flex wp-block-gallery-is-layout-flex\">\n<figure class=\"wp-block-image size-large\"><a href=\"https:\/\/i0.wp.com\/www.fabriceeulry-laboutique.com\/blog\/wp-content\/uploads\/2018\/05\/Moscou16.png\"><img data-recalc-dims=\"1\" loading=\"lazy\" decoding=\"async\" width=\"640\" height=\"429\" data-id=\"10705\" src=\"https:\/\/i0.wp.com\/www.fabriceeulry-laboutique.com\/blog\/wp-content\/uploads\/2018\/05\/Moscou16.png?resize=640%2C429\" alt=\"\" class=\"wp-image-10705\" srcset=\"https:\/\/i0.wp.com\/www.fabriceeulry-laboutique.com\/blog\/wp-content\/uploads\/2018\/05\/Moscou16.png?w=964 964w, https:\/\/i0.wp.com\/www.fabriceeulry-laboutique.com\/blog\/wp-content\/uploads\/2018\/05\/Moscou16.png?resize=300%2C201 300w, https:\/\/i0.wp.com\/www.fabriceeulry-laboutique.com\/blog\/wp-content\/uploads\/2018\/05\/Moscou16.png?resize=768%2C515 768w\" sizes=\"auto, (max-width: 640px) 100vw, 640px\" \/><\/a><\/figure>\n\n\n\n<figure class=\"wp-block-image size-large\"><a href=\"https:\/\/i0.wp.com\/www.fabriceeulry-laboutique.com\/blog\/wp-content\/uploads\/2018\/05\/Moscou34-1.png\"><img data-recalc-dims=\"1\" loading=\"lazy\" decoding=\"async\" width=\"640\" height=\"563\" data-id=\"10703\" src=\"https:\/\/i0.wp.com\/www.fabriceeulry-laboutique.com\/blog\/wp-content\/uploads\/2018\/05\/Moscou34-1.png?resize=640%2C563\" alt=\"\" class=\"wp-image-10703\" srcset=\"https:\/\/i0.wp.com\/www.fabriceeulry-laboutique.com\/blog\/wp-content\/uploads\/2018\/05\/Moscou34-1.png?w=731 731w, https:\/\/i0.wp.com\/www.fabriceeulry-laboutique.com\/blog\/wp-content\/uploads\/2018\/05\/Moscou34-1.png?resize=300%2C264 300w\" sizes=\"auto, (max-width: 640px) 100vw, 640px\" \/><\/a><\/figure>\n\n\n\n<figure class=\"wp-block-image size-large is-style-default\"><a href=\"https:\/\/i0.wp.com\/www.fabriceeulry-laboutique.com\/blog\/wp-content\/uploads\/2018\/05\/Moscou30.png\"><img data-recalc-dims=\"1\" loading=\"lazy\" decoding=\"async\" width=\"640\" height=\"426\" data-id=\"10704\" src=\"https:\/\/i0.wp.com\/www.fabriceeulry-laboutique.com\/blog\/wp-content\/uploads\/2018\/05\/Moscou30.png?resize=640%2C426\" alt=\"\" class=\"wp-image-10704\" srcset=\"https:\/\/i0.wp.com\/www.fabriceeulry-laboutique.com\/blog\/wp-content\/uploads\/2018\/05\/Moscou30.png?w=967 967w, https:\/\/i0.wp.com\/www.fabriceeulry-laboutique.com\/blog\/wp-content\/uploads\/2018\/05\/Moscou30.png?resize=300%2C200 300w, https:\/\/i0.wp.com\/www.fabriceeulry-laboutique.com\/blog\/wp-content\/uploads\/2018\/05\/Moscou30.png?resize=768%2C511 768w\" sizes=\"auto, (max-width: 640px) 100vw, 640px\" \/><\/a><\/figure>\n\n\n\n<figure class=\"wp-block-image size-large\"><a href=\"https:\/\/i0.wp.com\/www.fabriceeulry-laboutique.com\/blog\/wp-content\/uploads\/2018\/05\/Moscou35.png\"><img data-recalc-dims=\"1\" loading=\"lazy\" decoding=\"async\" width=\"640\" height=\"420\" data-id=\"10727\" src=\"https:\/\/i0.wp.com\/www.fabriceeulry-laboutique.com\/blog\/wp-content\/uploads\/2018\/05\/Moscou35.png?resize=640%2C420\" alt=\"\" class=\"wp-image-10727\" srcset=\"https:\/\/i0.wp.com\/www.fabriceeulry-laboutique.com\/blog\/wp-content\/uploads\/2018\/05\/Moscou35.png?w=963 963w, https:\/\/i0.wp.com\/www.fabriceeulry-laboutique.com\/blog\/wp-content\/uploads\/2018\/05\/Moscou35.png?resize=300%2C197 300w, https:\/\/i0.wp.com\/www.fabriceeulry-laboutique.com\/blog\/wp-content\/uploads\/2018\/05\/Moscou35.png?resize=768%2C504 768w\" sizes=\"auto, (max-width: 640px) 100vw, 640px\" \/><\/a><\/figure>\n\n\n\n<figure class=\"wp-block-image size-large\"><a href=\"https:\/\/i0.wp.com\/www.fabriceeulry-laboutique.com\/blog\/wp-content\/uploads\/2018\/05\/Moscou21-1.png\"><img data-recalc-dims=\"1\" loading=\"lazy\" decoding=\"async\" width=\"640\" height=\"347\" data-id=\"10724\" src=\"https:\/\/i0.wp.com\/www.fabriceeulry-laboutique.com\/blog\/wp-content\/uploads\/2018\/05\/Moscou21-1.png?resize=640%2C347\" alt=\"\" class=\"wp-image-10724\" srcset=\"https:\/\/i0.wp.com\/www.fabriceeulry-laboutique.com\/blog\/wp-content\/uploads\/2018\/05\/Moscou21-1.png?w=972 972w, https:\/\/i0.wp.com\/www.fabriceeulry-laboutique.com\/blog\/wp-content\/uploads\/2018\/05\/Moscou21-1.png?resize=300%2C163 300w, https:\/\/i0.wp.com\/www.fabriceeulry-laboutique.com\/blog\/wp-content\/uploads\/2018\/05\/Moscou21-1.png?resize=768%2C416 768w\" sizes=\"auto, (max-width: 640px) 100vw, 640px\" \/><\/a><\/figure>\n\n\n\n<figure class=\"wp-block-image size-large\"><a href=\"https:\/\/i0.wp.com\/www.fabriceeulry-laboutique.com\/blog\/wp-content\/uploads\/2018\/05\/Moscou5-1.png\"><img data-recalc-dims=\"1\" loading=\"lazy\" decoding=\"async\" width=\"640\" height=\"423\" data-id=\"10728\" src=\"https:\/\/i0.wp.com\/www.fabriceeulry-laboutique.com\/blog\/wp-content\/uploads\/2018\/05\/Moscou5-1.png?resize=640%2C423\" alt=\"\" class=\"wp-image-10728\" srcset=\"https:\/\/i0.wp.com\/www.fabriceeulry-laboutique.com\/blog\/wp-content\/uploads\/2018\/05\/Moscou5-1.png?w=974 974w, https:\/\/i0.wp.com\/www.fabriceeulry-laboutique.com\/blog\/wp-content\/uploads\/2018\/05\/Moscou5-1.png?resize=300%2C198 300w, https:\/\/i0.wp.com\/www.fabriceeulry-laboutique.com\/blog\/wp-content\/uploads\/2018\/05\/Moscou5-1.png?resize=768%2C508 768w\" sizes=\"auto, (max-width: 640px) 100vw, 640px\" \/><\/a><\/figure>\n\n\n\n<figure class=\"wp-block-image size-large\"><a href=\"https:\/\/i0.wp.com\/www.fabriceeulry-laboutique.com\/blog\/wp-content\/uploads\/2018\/05\/moscou1.png\"><img data-recalc-dims=\"1\" loading=\"lazy\" decoding=\"async\" width=\"640\" height=\"424\" data-id=\"10720\" src=\"https:\/\/i0.wp.com\/www.fabriceeulry-laboutique.com\/blog\/wp-content\/uploads\/2018\/05\/moscou1.png?resize=640%2C424\" alt=\"\" class=\"wp-image-10720\" srcset=\"https:\/\/i0.wp.com\/www.fabriceeulry-laboutique.com\/blog\/wp-content\/uploads\/2018\/05\/moscou1.png?w=971 971w, https:\/\/i0.wp.com\/www.fabriceeulry-laboutique.com\/blog\/wp-content\/uploads\/2018\/05\/moscou1.png?resize=300%2C199 300w, https:\/\/i0.wp.com\/www.fabriceeulry-laboutique.com\/blog\/wp-content\/uploads\/2018\/05\/moscou1.png?resize=768%2C509 768w\" sizes=\"auto, (max-width: 640px) 100vw, 640px\" \/><\/a><\/figure>\n\n\n\n<figure class=\"wp-block-image size-large\"><a href=\"https:\/\/i0.wp.com\/www.fabriceeulry-laboutique.com\/blog\/wp-content\/uploads\/2018\/05\/Moscou13.png\"><img data-recalc-dims=\"1\" loading=\"lazy\" decoding=\"async\" width=\"640\" height=\"428\" data-id=\"10729\" src=\"https:\/\/i0.wp.com\/www.fabriceeulry-laboutique.com\/blog\/wp-content\/uploads\/2018\/05\/Moscou13.png?resize=640%2C428\" alt=\"\" class=\"wp-image-10729\" srcset=\"https:\/\/i0.wp.com\/www.fabriceeulry-laboutique.com\/blog\/wp-content\/uploads\/2018\/05\/Moscou13.png?w=966 966w, https:\/\/i0.wp.com\/www.fabriceeulry-laboutique.com\/blog\/wp-content\/uploads\/2018\/05\/Moscou13.png?resize=300%2C201 300w, https:\/\/i0.wp.com\/www.fabriceeulry-laboutique.com\/blog\/wp-content\/uploads\/2018\/05\/Moscou13.png?resize=768%2C514 768w\" sizes=\"auto, (max-width: 640px) 100vw, 640px\" \/><\/a><\/figure>\n\n\n\n<figure class=\"wp-block-image size-large\"><a href=\"https:\/\/i0.wp.com\/www.fabriceeulry-laboutique.com\/blog\/wp-content\/uploads\/2018\/05\/Moscou4.png\"><img data-recalc-dims=\"1\" loading=\"lazy\" decoding=\"async\" width=\"640\" height=\"477\" data-id=\"10710\" src=\"https:\/\/i0.wp.com\/www.fabriceeulry-laboutique.com\/blog\/wp-content\/uploads\/2018\/05\/Moscou4.png?resize=640%2C477\" alt=\"\" class=\"wp-image-10710\" srcset=\"https:\/\/i0.wp.com\/www.fabriceeulry-laboutique.com\/blog\/wp-content\/uploads\/2018\/05\/Moscou4.png?w=867 867w, https:\/\/i0.wp.com\/www.fabriceeulry-laboutique.com\/blog\/wp-content\/uploads\/2018\/05\/Moscou4.png?resize=300%2C224 300w, https:\/\/i0.wp.com\/www.fabriceeulry-laboutique.com\/blog\/wp-content\/uploads\/2018\/05\/Moscou4.png?resize=768%2C572 768w\" sizes=\"auto, (max-width: 640px) 100vw, 640px\" \/><\/a><\/figure>\n\n\n\n<figure class=\"wp-block-image size-large\"><a href=\"https:\/\/i0.wp.com\/www.fabriceeulry-laboutique.com\/blog\/wp-content\/uploads\/2018\/05\/Moscou15-1.png\"><img data-recalc-dims=\"1\" loading=\"lazy\" decoding=\"async\" width=\"431\" height=\"645\" data-id=\"10731\" src=\"https:\/\/i0.wp.com\/www.fabriceeulry-laboutique.com\/blog\/wp-content\/uploads\/2018\/05\/Moscou15-1.png?resize=431%2C645\" alt=\"\" class=\"wp-image-10731\" srcset=\"https:\/\/i0.wp.com\/www.fabriceeulry-laboutique.com\/blog\/wp-content\/uploads\/2018\/05\/Moscou15-1.png?w=431 431w, https:\/\/i0.wp.com\/www.fabriceeulry-laboutique.com\/blog\/wp-content\/uploads\/2018\/05\/Moscou15-1.png?resize=200%2C300 200w, https:\/\/i0.wp.com\/www.fabriceeulry-laboutique.com\/blog\/wp-content\/uploads\/2018\/05\/Moscou15-1.png?resize=300%2C449 300w\" sizes=\"auto, (max-width: 431px) 100vw, 431px\" \/><\/a><\/figure>\n<\/figure>\n\n\n\n<p class=\"has-text-align-center\"><strong>La salle \u00e9tait pleine pour accueillir le pianiste qui jouait pourtant pour la premi\u00e8re fois en Russie.<\/strong><\/p>\n\n\n\n<p class=\"has-text-align-center\"><strong>\u00c0 cela plusieurs explications : La curiosit\u00e9 du public qui avait d\u00e9couvert l\u2019artiste sur Internet, mais \u00e9galement l\u2019id\u00e9e de Victoria Klimenko, (ci-dessous supervisant le concert avec bienveillance depuis sa loge)<\/strong><\/p>\n\n\n\n<figure class=\"wp-block-gallery has-nested-images columns-default is-cropped wp-block-gallery-2 is-layout-flex wp-block-gallery-is-layout-flex\">\n<figure class=\"wp-block-image size-large\"><a href=\"https:\/\/i0.wp.com\/www.fabriceeulry-laboutique.com\/blog\/wp-content\/uploads\/2018\/05\/victoria-mmecene.png\"><img data-recalc-dims=\"1\" loading=\"lazy\" decoding=\"async\" width=\"640\" height=\"422\" data-id=\"10707\" src=\"https:\/\/i0.wp.com\/www.fabriceeulry-laboutique.com\/blog\/wp-content\/uploads\/2018\/05\/victoria-mmecene.png?resize=640%2C422\" alt=\"\" class=\"wp-image-10707\" srcset=\"https:\/\/i0.wp.com\/www.fabriceeulry-laboutique.com\/blog\/wp-content\/uploads\/2018\/05\/victoria-mmecene.png?w=971 971w, https:\/\/i0.wp.com\/www.fabriceeulry-laboutique.com\/blog\/wp-content\/uploads\/2018\/05\/victoria-mmecene.png?resize=300%2C198 300w, https:\/\/i0.wp.com\/www.fabriceeulry-laboutique.com\/blog\/wp-content\/uploads\/2018\/05\/victoria-mmecene.png?resize=768%2C507 768w\" sizes=\"auto, (max-width: 640px) 100vw, 640px\" \/><\/a><\/figure>\n<\/figure>\n\n\n\n<p class=\"has-text-align-center\"><strong>Un choc de trois r\u00e9pertoires tr\u00e8s \u00e9loign\u00e9s qui n\u2019est possible qu\u2019avec des publics comme celui du conservatoire de&nbsp;Moscou&nbsp;qui cumule ouverture d\u2019esprit, simplicit\u00e9 et \u00e9rudition ; ce qui fait de cette salle \u00e0 l\u2019acoustique exceptionnelle, une des plus pris\u00e9es au monde par les musiciens.<\/strong><\/p>\n\n\n\n<h2 class=\"wp-block-heading has-text-align-center\"><strong>Au programme de Fabrice Eulry, il y avaient deux morceaux russes, deux morceaux fran\u00e7ais, un allemand et un&nbsp;am\u00e9ricain&nbsp;:<\/strong><\/h2>\n\n\n\n<h2 class=\"wp-block-heading has-text-align-center\" id=\"yiv1862633734yui_3_16_0_ym19_1_1523031674767_27954\">Les yeux noirs<\/h2>\n\n\n\n<h2 class=\"wp-block-heading has-text-align-center\" id=\"yiv1862633734yui_3_16_0_ym19_1_1523031674767_27954\">Fabrispecial<\/h2>\n\n\n\n<h2 class=\"wp-block-heading has-text-align-center\" id=\"yiv1862633734yui_3_16_0_ym19_1_1523031674767_27954\">Boogie Expiatoire<\/h2>\n\n\n\n<h2 class=\"wp-block-heading has-text-align-center\" id=\"yiv1862633734yui_3_16_0_ym19_1_1523031674767_27954\">Pr\u00e9lude de Bach n\u00b0II<\/h2>\n\n\n\n<h2 class=\"wp-block-heading has-text-align-center\" id=\"yiv1862633734yui_3_16_0_ym19_1_1523031674767_27894\">Georgia on my mind<\/h2>\n\n\n\n<h2 class=\"wp-block-heading has-text-align-center\" id=\"yiv1862633734yui_3_16_0_ym19_1_1523031674767_27894\">Le vol du bourdon<\/h2>\n\n\n\n<h2 class=\"wp-block-heading has-text-align-center\"><strong>Concerto N\u00b0 1 en DO# mineur &#8211; Fabrice Eulry<\/strong><\/h2>\n\n\n\n<figure class=\"wp-block-image\"><a href=\"http:\/\/www.fabriceeulry.com\/discographie.html\"><img data-recalc-dims=\"1\" decoding=\"async\" src=\"https:\/\/i0.wp.com\/fabriceeulryunblogfr.unblog.fr\/files\/2010\/12\/pochetteconcerto.jpg?w=640\" alt=\"\"\/><\/a><\/figure>\n\n\n\n<p class=\"has-text-align-center\"><em>(commandez-le sur fabriceeulry.fr)<\/em><\/p>\n\n\n\n<h2 class=\"wp-block-heading has-text-align-center\"><strong>Et le concerto N\u00b0 2  en sol majeur (expiatoire) :<\/strong><\/h2>\n\n\n<div class=\"wp-block-image\">\n<figure class=\"aligncenter\"><a href=\"https:\/\/i0.wp.com\/www.fabriceeulry-laboutique.com\/blog\/wp-content\/uploads\/2018\/03\/photo-pochette-CONCERTO-N%C2%B02.png\"><img data-recalc-dims=\"1\" loading=\"lazy\" decoding=\"async\" width=\"354\" height=\"441\" src=\"https:\/\/i0.wp.com\/www.fabriceeulry-laboutique.com\/blog\/wp-content\/uploads\/2018\/03\/photo-pochette-CONCERTO-N%C2%B02.png?resize=354%2C441\" alt=\"photo pochette CONCERTO N\u00b02\" class=\"wp-image-10454\" srcset=\"https:\/\/i0.wp.com\/www.fabriceeulry-laboutique.com\/blog\/wp-content\/uploads\/2018\/03\/photo-pochette-CONCERTO-N%C2%B02.png?w=354 354w, https:\/\/i0.wp.com\/www.fabriceeulry-laboutique.com\/blog\/wp-content\/uploads\/2018\/03\/photo-pochette-CONCERTO-N%C2%B02.png?resize=241%2C300 241w, https:\/\/i0.wp.com\/www.fabriceeulry-laboutique.com\/blog\/wp-content\/uploads\/2018\/03\/photo-pochette-CONCERTO-N%C2%B02.png?resize=300%2C374 300w\" sizes=\"auto, (max-width: 354px) 100vw, 354px\" \/><\/a><\/figure>\n<\/div>\n\n\n<p class=\"has-text-align-center\"><em>(commandez-le sur fabriceeulry.fr)<\/em><\/p>\n\n\n\n<p><\/p>\n","protected":false},"excerpt":{"rendered":"<p>Remerciements de Fabrice EULRY dans l&rsquo;ordre de la galerie de photos ci-dessous : La salle \u00e9tait pleine pour accueillir le pianiste qui jouait pourtant pour la premi\u00e8re fois en Russie. \u00c0 cela plusieurs explications : La curiosit\u00e9 du public qui &hellip; <a href=\"http:\/\/www.fabriceeulry-laboutique.com\/blog\/?p=13169\">Continuer la lecture <span class=\"meta-nav\">&rarr;<\/span><\/a><\/p>\n","protected":false},"author":2,"featured_media":0,"comment_status":"open","ping_status":"open","sticky":false,"template":"","format":"standard","meta":{"jetpack_post_was_ever_published":false,"_jetpack_newsletter_access":"","_jetpack_dont_email_post_to_subs":false,"_jetpack_newsletter_tier_id":0,"_jetpack_memberships_contains_paywalled_content":false,"_jetpack_memberships_contains_paid_content":false,"footnotes":"","jetpack_publicize_message":"","jetpack_publicize_feature_enabled":true,"jetpack_social_post_already_shared":true,"jetpack_social_options":{"image_generator_settings":{"template":"highway","default_image_id":0,"font":"","enabled":false},"version":2}},"categories":[1],"tags":[],"class_list":["post-13169","post","type-post","status-publish","format-standard","hentry","category-non-classe"],"jetpack_publicize_connections":[],"jetpack_featured_media_url":"","jetpack_sharing_enabled":true,"jetpack_shortlink":"https:\/\/wp.me\/p2D6dI-3qp","jetpack_likes_enabled":true,"jetpack-related-posts":[],"_links":{"self":[{"href":"http:\/\/www.fabriceeulry-laboutique.com\/blog\/index.php?rest_route=\/wp\/v2\/posts\/13169","targetHints":{"allow":["GET"]}}],"collection":[{"href":"http:\/\/www.fabriceeulry-laboutique.com\/blog\/index.php?rest_route=\/wp\/v2\/posts"}],"about":[{"href":"http:\/\/www.fabriceeulry-laboutique.com\/blog\/index.php?rest_route=\/wp\/v2\/types\/post"}],"author":[{"embeddable":true,"href":"http:\/\/www.fabriceeulry-laboutique.com\/blog\/index.php?rest_route=\/wp\/v2\/users\/2"}],"replies":[{"embeddable":true,"href":"http:\/\/www.fabriceeulry-laboutique.com\/blog\/index.php?rest_route=%2Fwp%2Fv2%2Fcomments&post=13169"}],"version-history":[{"count":3,"href":"http:\/\/www.fabriceeulry-laboutique.com\/blog\/index.php?rest_route=\/wp\/v2\/posts\/13169\/revisions"}],"predecessor-version":[{"id":13177,"href":"http:\/\/www.fabriceeulry-laboutique.com\/blog\/index.php?rest_route=\/wp\/v2\/posts\/13169\/revisions\/13177"}],"wp:attachment":[{"href":"http:\/\/www.fabriceeulry-laboutique.com\/blog\/index.php?rest_route=%2Fwp%2Fv2%2Fmedia&parent=13169"}],"wp:term":[{"taxonomy":"category","embeddable":true,"href":"http:\/\/www.fabriceeulry-laboutique.com\/blog\/index.php?rest_route=%2Fwp%2Fv2%2Fcategories&post=13169"},{"taxonomy":"post_tag","embeddable":true,"href":"http:\/\/www.fabriceeulry-laboutique.com\/blog\/index.php?rest_route=%2Fwp%2Fv2%2Ftags&post=13169"}],"curies":[{"name":"wp","href":"https:\/\/api.w.org\/{rel}","templated":true}]}}