{"id":13197,"date":"2025-03-12T02:45:53","date_gmt":"2025-03-12T02:45:53","guid":{"rendered":"http:\/\/www.fabriceeulry-laboutique.com\/blog\/?p=13197"},"modified":"2025-03-12T03:05:28","modified_gmt":"2025-03-12T03:05:28","slug":"recital-a-montelimar","status":"publish","type":"post","link":"http:\/\/www.fabriceeulry-laboutique.com\/blog\/?p=13197","title":{"rendered":"R\u00c9CITAL \u00c0 MONT\u00c9LIMAR"},"content":{"rendered":"\n<figure class=\"wp-block-image size-full\"><a href=\"https:\/\/i0.wp.com\/www.fabriceeulry-laboutique.com\/blog\/wp-content\/uploads\/2025\/03\/Montelimar.png\"><img data-recalc-dims=\"1\" loading=\"lazy\" decoding=\"async\" width=\"640\" height=\"635\" src=\"https:\/\/i0.wp.com\/www.fabriceeulry-laboutique.com\/blog\/wp-content\/uploads\/2025\/03\/Montelimar.png?resize=640%2C635\" alt=\"\" class=\"wp-image-13198\" srcset=\"https:\/\/i0.wp.com\/www.fabriceeulry-laboutique.com\/blog\/wp-content\/uploads\/2025\/03\/Montelimar.png?w=794 794w, https:\/\/i0.wp.com\/www.fabriceeulry-laboutique.com\/blog\/wp-content\/uploads\/2025\/03\/Montelimar.png?resize=300%2C298 300w, https:\/\/i0.wp.com\/www.fabriceeulry-laboutique.com\/blog\/wp-content\/uploads\/2025\/03\/Montelimar.png?resize=150%2C150 150w, https:\/\/i0.wp.com\/www.fabriceeulry-laboutique.com\/blog\/wp-content\/uploads\/2025\/03\/Montelimar.png?resize=768%2C762 768w\" sizes=\"auto, (max-width: 640px) 100vw, 640px\" \/><\/a><\/figure>\n\n\n\n<p class=\"has-text-align-center\"><strong>Au th\u00e9\u00e2tre municipal de Mont\u00e9limar <\/strong><\/p>\n\n\n\n<figure class=\"wp-block-image size-full\"><a href=\"https:\/\/i0.wp.com\/www.fabriceeulry-laboutique.com\/blog\/wp-content\/uploads\/2025\/03\/nougat.png\"><img data-recalc-dims=\"1\" loading=\"lazy\" decoding=\"async\" width=\"640\" height=\"511\" src=\"https:\/\/i0.wp.com\/www.fabriceeulry-laboutique.com\/blog\/wp-content\/uploads\/2025\/03\/nougat.png?resize=640%2C511\" alt=\"\" class=\"wp-image-13199\" srcset=\"https:\/\/i0.wp.com\/www.fabriceeulry-laboutique.com\/blog\/wp-content\/uploads\/2025\/03\/nougat.png?w=764 764w, https:\/\/i0.wp.com\/www.fabriceeulry-laboutique.com\/blog\/wp-content\/uploads\/2025\/03\/nougat.png?resize=300%2C240 300w\" sizes=\"auto, (max-width: 640px) 100vw, 640px\" \/><\/a><\/figure>\n\n\n\n<p class=\"has-text-align-center\"><strong>la ville aux portes de la Provence&#8230;<\/strong><\/p>\n\n\n\n<figure class=\"wp-block-image size-full\"><a href=\"https:\/\/i0.wp.com\/www.fabriceeulry-laboutique.com\/blog\/wp-content\/uploads\/2025\/03\/nougat1.png\"><img data-recalc-dims=\"1\" loading=\"lazy\" decoding=\"async\" width=\"640\" height=\"357\" src=\"https:\/\/i0.wp.com\/www.fabriceeulry-laboutique.com\/blog\/wp-content\/uploads\/2025\/03\/nougat1.png?resize=640%2C357\" alt=\"\" class=\"wp-image-13201\" srcset=\"https:\/\/i0.wp.com\/www.fabriceeulry-laboutique.com\/blog\/wp-content\/uploads\/2025\/03\/nougat1.png?w=800 800w, https:\/\/i0.wp.com\/www.fabriceeulry-laboutique.com\/blog\/wp-content\/uploads\/2025\/03\/nougat1.png?resize=300%2C167 300w, https:\/\/i0.wp.com\/www.fabriceeulry-laboutique.com\/blog\/wp-content\/uploads\/2025\/03\/nougat1.png?resize=768%2C428 768w\" sizes=\"auto, (max-width: 640px) 100vw, 640px\" \/><\/a><\/figure>\n\n\n\n<p class=\"has-text-align-center\">&#8230; <strong>o\u00f9 l&rsquo;on ne peut s&#8217;emp\u00eacher de s&rsquo;arr\u00eater lorsque l&rsquo;on pr\u00e9f\u00e8re la Nationale 7 \u00e0 l&rsquo;autoroute (vous savez pourquoi&#8230;)<\/strong><\/p>\n\n\n\n<figure class=\"wp-block-image size-large\"><a href=\"https:\/\/i0.wp.com\/www.fabriceeulry-laboutique.com\/blog\/wp-content\/uploads\/2025\/03\/nougat2.png\"><img data-recalc-dims=\"1\" loading=\"lazy\" decoding=\"async\" width=\"640\" height=\"385\" src=\"https:\/\/i0.wp.com\/www.fabriceeulry-laboutique.com\/blog\/wp-content\/uploads\/2025\/03\/nougat2.png?resize=640%2C385\" alt=\"\" class=\"wp-image-13202\" srcset=\"https:\/\/i0.wp.com\/www.fabriceeulry-laboutique.com\/blog\/wp-content\/uploads\/2025\/03\/nougat2.png?resize=1024%2C616 1024w, https:\/\/i0.wp.com\/www.fabriceeulry-laboutique.com\/blog\/wp-content\/uploads\/2025\/03\/nougat2.png?resize=300%2C181 300w, https:\/\/i0.wp.com\/www.fabriceeulry-laboutique.com\/blog\/wp-content\/uploads\/2025\/03\/nougat2.png?resize=768%2C462 768w, https:\/\/i0.wp.com\/www.fabriceeulry-laboutique.com\/blog\/wp-content\/uploads\/2025\/03\/nougat2.png?w=1060 1060w\" sizes=\"auto, (max-width: 640px) 100vw, 640px\" \/><\/a><\/figure>\n\n\n\n<p class=\"has-text-align-center\"><strong>Au programme : de Bach \u00e0 Ray Charles, beaucoup de blues de swing et de boogie-woogie<\/strong> !<\/p>\n","protected":false},"excerpt":{"rendered":"<p>Au th\u00e9\u00e2tre municipal de Mont\u00e9limar la ville aux portes de la Provence&#8230; &#8230; o\u00f9 l&rsquo;on ne peut s&#8217;emp\u00eacher de s&rsquo;arr\u00eater lorsque l&rsquo;on pr\u00e9f\u00e8re la Nationale 7 \u00e0 l&rsquo;autoroute (vous savez pourquoi&#8230;) Au programme : de Bach \u00e0 Ray Charles, beaucoup &hellip; <a href=\"http:\/\/www.fabriceeulry-laboutique.com\/blog\/?p=13197\">Continuer la lecture <span class=\"meta-nav\">&rarr;<\/span><\/a><\/p>\n","protected":false},"author":2,"featured_media":0,"comment_status":"open","ping_status":"open","sticky":false,"template":"","format":"standard","meta":{"jetpack_post_was_ever_published":false,"_jetpack_newsletter_access":"","_jetpack_dont_email_post_to_subs":false,"_jetpack_newsletter_tier_id":0,"_jetpack_memberships_contains_paywalled_content":false,"_jetpack_memberships_contains_paid_content":false,"footnotes":"","jetpack_publicize_message":"","jetpack_publicize_feature_enabled":true,"jetpack_social_post_already_shared":true,"jetpack_social_options":{"image_generator_settings":{"template":"highway","default_image_id":0,"font":"","enabled":false},"version":2}},"categories":[1],"tags":[],"class_list":["post-13197","post","type-post","status-publish","format-standard","hentry","category-non-classe"],"jetpack_publicize_connections":[],"jetpack_featured_media_url":"","jetpack_sharing_enabled":true,"jetpack_shortlink":"https:\/\/wp.me\/p2D6dI-3qR","jetpack_likes_enabled":true,"jetpack-related-posts":[{"id":9927,"url":"http:\/\/www.fabriceeulry-laboutique.com\/blog\/?p=9927","url_meta":{"origin":13197,"position":0},"title":"ELIZABETH SOMBART ET FABRICE EULRY EN CONCERT (T\u00c9L\u00c9VISION TUNISIENNE)","author":"Le Canard du pianiste","date":"7 d\u00e9cembre 2017","format":false,"excerpt":"Ce reportage de la deuxi\u00e8me cha\u00eene de la t\u00e9l\u00e9vision tunisienne (en bas et \u00e0 partir 21'40) relate le\u00a0double r\u00e9cital que les deux pianistes ont donn\u00e9 au th\u00e9\u00e2tre municipal de Tunis le 23 novembre 2017... https:\/\/www.youtube.com\/watch?v=sNHEruYswTI&feature=youtu.be","rel":"","context":"Dans &quot;Non class\u00e9&quot;","block_context":{"text":"Non class\u00e9","link":"http:\/\/www.fabriceeulry-laboutique.com\/blog\/?cat=1"},"img":{"alt_text":"","src":"https:\/\/i0.wp.com\/img.youtube.com\/vi\/sNHEruYswTI\/0.jpg?resize=350%2C200","width":350,"height":200},"classes":[]},{"id":9876,"url":"http:\/\/www.fabriceeulry-laboutique.com\/blog\/?p=9876","url_meta":{"origin":13197,"position":1},"title":"ELIZABETH SOMBART ET FABRICE EULRY \u00c0 TUNIS","author":"Le Canard du pianiste","date":"23 novembre 2017","format":false,"excerpt":"Invit\u00e9s par l'association de Rachid Ben Othman (\u00e0 gauche sur la photo), les deux pianistes donneront un double r\u00e9cital ce jeudi 23 novembre \u00e0 19h30, au magnifique th\u00e9\u00e2tre municipal de Tunis... ... Devant lequel ils posent ci-dessous pour Le Canard du pianiste : Le th\u00e9\u00e2tre municipal de Tunis inaugur\u00e9 en\u2026","rel":"","context":"Dans &quot;Non class\u00e9&quot;","block_context":{"text":"Non class\u00e9","link":"http:\/\/www.fabriceeulry-laboutique.com\/blog\/?cat=1"},"img":{"alt_text":"","src":"https:\/\/i0.wp.com\/www.fabriceeulry-laboutique.com\/blog\/wp-content\/uploads\/2017\/11\/TUNIS9.png?resize=350%2C200","width":350,"height":200},"classes":[]},{"id":12669,"url":"http:\/\/www.fabriceeulry-laboutique.com\/blog\/?p=12669","url_meta":{"origin":13197,"position":2},"title":"TOURN\u00c9E DE NO\u00cbL 2022","author":"Le Canard du pianiste","date":"22 novembre 2022","format":false,"excerpt":"Fabrice Eulry nous d\u00e9crit sa tourn\u00e9e de No\u00ebl qui commence dans quelques jours ! : \"Je commence cette tourn\u00e9e de No\u00ebl en accompagnant la chorale des Anciens \u00e0 l'EHPAD La Corette, de Mur de Barrez, le samedi 3 d\u00e9cembre. Je donnerai un r\u00e9cital \"rockambolesque\"\u00a0le 4 d\u00e9cembre \u00e0 17h30\u00a0\u00e0 La Chapelle\u2026","rel":"","context":"Dans &quot;Non class\u00e9&quot;","block_context":{"text":"Non class\u00e9","link":"http:\/\/www.fabriceeulry-laboutique.com\/blog\/?cat=1"},"img":{"alt_text":"","src":"https:\/\/i0.wp.com\/www.fabriceeulry-laboutique.com\/blog\/wp-content\/uploads\/2022\/11\/MALI-1.png?resize=350%2C200","width":350,"height":200,"srcset":"https:\/\/i0.wp.com\/www.fabriceeulry-laboutique.com\/blog\/wp-content\/uploads\/2022\/11\/MALI-1.png?resize=350%2C200 1x, https:\/\/i0.wp.com\/www.fabriceeulry-laboutique.com\/blog\/wp-content\/uploads\/2022\/11\/MALI-1.png?resize=525%2C300 1.5x, https:\/\/i0.wp.com\/www.fabriceeulry-laboutique.com\/blog\/wp-content\/uploads\/2022\/11\/MALI-1.png?resize=700%2C400 2x, https:\/\/i0.wp.com\/www.fabriceeulry-laboutique.com\/blog\/wp-content\/uploads\/2022\/11\/MALI-1.png?resize=1050%2C600 3x"},"classes":[]},{"id":12402,"url":"http:\/\/www.fabriceeulry-laboutique.com\/blog\/?p=12402","url_meta":{"origin":13197,"position":3},"title":"RECITAL DANS UNE BASTIDE","author":"Le Canard du pianiste","date":"6 septembre 2020","format":false,"excerpt":"Sauveterre de Rouergue, centre commercial du Moyen-\u00e2ge, ville nouvelle cr\u00e9\u00e9e par Le Roy Philippe III le Hardi en 1281 fut capitale des couteliers du Rouergue, elle comptait alors deux fois plus d'habitants. C'est le d\u00e9part progressif des couteliers (cette industrie a mut\u00e9 apr\u00e8s le Moyen \u00e2ge Sauveterre \u00e9tait trop \u00e9loign\u00e9e\u2026","rel":"","context":"Dans &quot;Non class\u00e9&quot;","block_context":{"text":"Non class\u00e9","link":"http:\/\/www.fabriceeulry-laboutique.com\/blog\/?cat=1"},"img":{"alt_text":"","src":"https:\/\/i0.wp.com\/www.fabriceeulry-laboutique.com\/blog\/wp-content\/uploads\/2020\/09\/prog.png?resize=350%2C200","width":350,"height":200,"srcset":"https:\/\/i0.wp.com\/www.fabriceeulry-laboutique.com\/blog\/wp-content\/uploads\/2020\/09\/prog.png?resize=350%2C200 1x, https:\/\/i0.wp.com\/www.fabriceeulry-laboutique.com\/blog\/wp-content\/uploads\/2020\/09\/prog.png?resize=525%2C300 1.5x"},"classes":[]},{"id":5915,"url":"http:\/\/www.fabriceeulry-laboutique.com\/blog\/?p=5915","url_meta":{"origin":13197,"position":4},"title":"CONCERT HOMMAGE A GUILLAUME PERROT (SUITE) ET NOUVELLES DU DVD","author":"Le Canard du pianiste","date":"10 novembre 2014","format":false,"excerpt":"Voici le texte de l'article sur le pays.fr\u00a0: C\u2019est une histoire \u00e0 la fois belle et tragique qui est \u00e0 l\u2019origine du concert qu\u2019accueillera le th\u00e9\u00e2tre dimanche. Guillaume Perrot, Roannais, jeune pianiste du conservatoire de Saint-Etienne, disparaissait \u00e0 l'\u00e2ge de 26 ans, atteint d'un ost\u00e9osarcome. N\u00e9 \u00e0 S\u00e9oul en 1987,\u2026","rel":"","context":"Dans &quot;Non class\u00e9&quot;","block_context":{"text":"Non class\u00e9","link":"http:\/\/www.fabriceeulry-laboutique.com\/blog\/?cat=1"},"img":{"alt_text":"","src":"https:\/\/i0.wp.com\/www.fabriceeulry-laboutique.com\/blog\/wp-content\/uploads\/2014\/11\/st-.jpg?resize=350%2C200","width":350,"height":200,"srcset":"https:\/\/i0.wp.com\/www.fabriceeulry-laboutique.com\/blog\/wp-content\/uploads\/2014\/11\/st-.jpg?resize=350%2C200 1x, https:\/\/i0.wp.com\/www.fabriceeulry-laboutique.com\/blog\/wp-content\/uploads\/2014\/11\/st-.jpg?resize=525%2C300 1.5x, https:\/\/i0.wp.com\/www.fabriceeulry-laboutique.com\/blog\/wp-content\/uploads\/2014\/11\/st-.jpg?resize=700%2C400 2x"},"classes":[]},{"id":9268,"url":"http:\/\/www.fabriceeulry-laboutique.com\/blog\/?p=9268","url_meta":{"origin":13197,"position":5},"title":"ELIZABETH SOMBART JOUE POUR LES FEMMES AUX AILES BRIS\u00c9ES","author":"Le Canard du pianiste","date":"21 f\u00e9vrier 2017","format":false,"excerpt":"Dans le cadre de la Journ\u00e9e mondiale de la femme, la Fondation des Femmes aux Ailes Bris\u00e9es et sa Pr\u00e9sidente, Mme Elizabeth Sombart, en collaboration avec la\u00a0Maison de la femme ont le plaisir de vous inviter \u00a0\u00e0\u00a0 un r\u00e9cital de piano et \u00a0une exposition\u00a0de tableaux en pr\u00e9sence des artistes le\u2026","rel":"","context":"Dans &quot;Non class\u00e9&quot;","block_context":{"text":"Non class\u00e9","link":"http:\/\/www.fabriceeulry-laboutique.com\/blog\/?cat=1"},"img":{"alt_text":"","src":"https:\/\/i0.wp.com\/www.fabriceeulry-laboutique.com\/blog\/wp-content\/uploads\/2017\/02\/femmes2.jpg?resize=350%2C200","width":350,"height":200},"classes":[]}],"_links":{"self":[{"href":"http:\/\/www.fabriceeulry-laboutique.com\/blog\/index.php?rest_route=\/wp\/v2\/posts\/13197","targetHints":{"allow":["GET"]}}],"collection":[{"href":"http:\/\/www.fabriceeulry-laboutique.com\/blog\/index.php?rest_route=\/wp\/v2\/posts"}],"about":[{"href":"http:\/\/www.fabriceeulry-laboutique.com\/blog\/index.php?rest_route=\/wp\/v2\/types\/post"}],"author":[{"embeddable":true,"href":"http:\/\/www.fabriceeulry-laboutique.com\/blog\/index.php?rest_route=\/wp\/v2\/users\/2"}],"replies":[{"embeddable":true,"href":"http:\/\/www.fabriceeulry-laboutique.com\/blog\/index.php?rest_route=%2Fwp%2Fv2%2Fcomments&post=13197"}],"version-history":[{"count":1,"href":"http:\/\/www.fabriceeulry-laboutique.com\/blog\/index.php?rest_route=\/wp\/v2\/posts\/13197\/revisions"}],"predecessor-version":[{"id":13203,"href":"http:\/\/www.fabriceeulry-laboutique.com\/blog\/index.php?rest_route=\/wp\/v2\/posts\/13197\/revisions\/13203"}],"wp:attachment":[{"href":"http:\/\/www.fabriceeulry-laboutique.com\/blog\/index.php?rest_route=%2Fwp%2Fv2%2Fmedia&parent=13197"}],"wp:term":[{"taxonomy":"category","embeddable":true,"href":"http:\/\/www.fabriceeulry-laboutique.com\/blog\/index.php?rest_route=%2Fwp%2Fv2%2Fcategories&post=13197"},{"taxonomy":"post_tag","embeddable":true,"href":"http:\/\/www.fabriceeulry-laboutique.com\/blog\/index.php?rest_route=%2Fwp%2Fv2%2Ftags&post=13197"}],"curies":[{"name":"wp","href":"https:\/\/api.w.org\/{rel}","templated":true}]}}